{"id":461189,"date":"2021-11-17T12:49:31","date_gmt":"2021-11-17T11:49:31","guid":{"rendered":"https:\/\/hudo.com\/si\/?p=461189"},"modified":"2021-11-17T12:49:31","modified_gmt":"2021-11-17T11:49:31","slug":"na-hrvaskem-nov-crn-mejnik-2","status":"publish","type":"post","link":"https:\/\/hudo.com\/si\/aktualno\/svet\/na-hrvaskem-nov-crn-mejnik-2\/","title":{"rendered":"Na Hrva\u0161kem nov \u010drn mejnik"},"content":{"rendered":"<p>Na Hrva\u0161kem so v zadnjem dnevu ob 15.519 testih zabele\u017eili 6670 novih oku\u017eb z novim koronavirusom, je danes v Zagrebu potrdil nacionalni \u0161tab civilne za\u0161\u010dite. Umrlo je \u0161e 64 covidnih bolnikov, kar pomeni, da je \u0161tevilo ljudi, ki so na Hrva\u0161kem od za\u010detka epidemije umrli v povezavi s covidom-19, preseglo 10.000. Doslej je umrlo 10.050 ljudi.<\/p>\n<p>Hrva\u0161ki premier Andrej Plenkovi\u0107 je na dana\u0161nji seji vlade izrazil ob\u017ealovanje zaradi \u0161tevilnih umrlih covidnih bolnikov. V preteklem tednu jih je namre\u010d umrlo kar 390. Po mnenju Plenkovi\u0107a je ve\u010d kot 10.000 umrlih tudi zadostno opozorilo prebivalcem, naj se cepijo, ker je velika velika ve\u010dina umrlih v zadnjem \u010dasu necepljenih.<\/p>\n<p>Plenkovi\u0107 je potrdil, da je ministrom za notranje zadeve, pravosodje in zdravje nalo\u017eil, naj pripravijo zakonska dolo\u010dila, na podlagi katerih bi kaznovali tiste, ki ne spo\u0161tujejo odlo\u010ditev nacionalnega \u0161taba civilne za\u0161\u010dite o obveznem testiranju za vse zaposlene v javnem sektorju in uporabnike njihovih storitev, \u010de niso cepljeni ali preboleli covid-19.<\/p>\n<p>Ponovil je, da uvajanje pogoja PCT v javnem in dr\u017eavnem sektorju ne pomeni tudi obveznega cepljenja.<\/p>\n<p>Uvajanje pogoja PCT v javnem sektorju so na obmo\u010djih svoje lokalne samouprave zavrnili nekateri \u017eupani iz vrst opozicije. Proti obveznim covidnim potrdilom se je izrekel tudi hrva\u0161ki predsednik Zoran Milanovi\u0107, ki pa je obenem v torek znova pozval prebivalce, naj se cepijo. Milanovi\u0107 je dejal, da covidnega potrdila v svojem uradu na Pantov\u010daku ne bo uveljavil.<\/p>\n<p>Medtem je opozicijska konservativna stranka Most na dana\u0161nji novinarski konferenci v Zagrebu napovedala, da bodo spro\u017eili referendumsko pobudo proti uvedbi covidnih potrdil kot pogoja za prihod na delovno mesto.<\/p>\n<p>Proti uvajanju pogoja PCT sicer \u017ee od prej\u0161njega tedna potekajo manj\u0161i protesti v ve\u010d hrva\u0161kih mestih.<\/p>\n<p>Plenkovi\u0107 je kot pozitivno novico v \u010dasu \u010detrtega vala epidemije izpostavil, da je v zadnjem tednu prvi odmerek cepiva proti covidu prejelo \u0161e 104.000 ljudi. Medtem je pribli\u017eno 100.000 Hrvatov \u017ee prejelo tudi po\u017eivitveni odmerek cepiva.<\/p>\n<p>Po podatkih hrva\u0161kega \u0161taba civilne za\u0161\u010dite je bilo do torka zve\u010der polno cepljenih 55,36 odstotka odraslih. Z enim odmerkom je bilo cepljenih nekaj ve\u010d kot 61 odstotkov odraslih.<\/p>\n","protected":false},"excerpt":{"rendered":"<p>Na Hrva\u0161kem \u0161tevilo umrlih s covidom-19 preseglo 10.000.<\/p>\n","protected":false},"author":5,"featured_media":426194,"comment_status":"closed","ping_status":"closed","sticky":false,"template":"","format":"standard","meta":{"footnotes":""},"categories":[18202],"tags":[1810,15632],"source":[4511],"supertag":[],"acf":[],"yoast_head":"<!-- This site is optimized with the Yoast SEO plugin v21.3 - https:\/\/yoast.com\/wordpress\/plugins\/seo\/ -->\n<title>Na Hrva\u0161kem nov \u010drn mejnik - Hudo Slovenija<\/title>\n<meta name=\"robots\" content=\"index, follow, max-snippet:-1, max-image-preview:large, max-video-preview:-1\" \/>\n<link rel=\"canonical\" href=\"https:\/\/hudo.com\/si\/aktualno\/svet\/na-hrvaskem-nov-crn-mejnik-2\/\" \/>\n<meta property=\"og:locale\" content=\"sl_SI\" \/>\n<meta property=\"og:type\" content=\"article\" \/>\n<meta property=\"og:title\" content=\"Na Hrva\u0161kem nov \u010drn mejnik - Hudo Slovenija\" \/>\n<meta property=\"og:description\" content=\"Na Hrva\u0161kem \u0161tevilo umrlih s covidom-19 preseglo 10.000.\" \/>\n<meta property=\"og:url\" content=\"https:\/\/hudo.com\/si\/aktualno\/svet\/na-hrvaskem-nov-crn-mejnik-2\/\" \/>\n<meta property=\"og:site_name\" content=\"Hudo Slovenija\" \/>\n<meta property=\"article:publisher\" content=\"https:\/\/www.facebook.com\/hudo.si\" \/>\n<meta property=\"article:published_time\" content=\"2021-11-17T11:49:31+00:00\" \/>\n<meta property=\"og:image\" content=\"https:\/\/hudo.com\/si\/wp-content\/uploads\/sites\/2\/2020\/06\/profimedia-0520495063.jpg\" \/>\n\t<meta property=\"og:image:width\" content=\"1250\" \/>\n\t<meta property=\"og:image:height\" content=\"749\" \/>\n\t<meta property=\"og:image:type\" content=\"image\/jpeg\" \/>\n<meta name=\"author\" content=\"A. G., STA\" \/>\n<meta name=\"twitter:card\" content=\"summary_large_image\" \/>\n<meta name=\"twitter:creator\" content=\"@hudo_si\" \/>\n<meta name=\"twitter:site\" content=\"@hudo_si\" \/>\n<meta name=\"twitter:label1\" content=\"Written by\" \/>\n\t<meta name=\"twitter:data1\" content=\"A. G., STA\" \/>\n\t<meta name=\"twitter:label2\" content=\"Est. reading time\" \/>\n\t<meta name=\"twitter:data2\" content=\"2 minuti\" \/>\n<script type=\"application\/ld+json\" class=\"yoast-schema-graph\">{\"@context\":\"https:\/\/schema.org\",\"@graph\":[{\"@type\":\"Article\",\"@id\":\"https:\/\/hudo.com\/si\/aktualno\/svet\/na-hrvaskem-nov-crn-mejnik-2\/#article\",\"isPartOf\":{\"@id\":\"https:\/\/hudo.com\/si\/aktualno\/svet\/na-hrvaskem-nov-crn-mejnik-2\/\"},\"author\":{\"name\":\"A. G., STA\",\"@id\":\"https:\/\/hudo.com\/si\/#\/schema\/person\/2391667a63ea075ba94f2f2dc6b77537\"},\"headline\":\"Na Hrva\u0161kem nov \u010drn mejnik\",\"datePublished\":\"2021-11-17T11:49:31+00:00\",\"dateModified\":\"2021-11-17T11:49:31+00:00\",\"mainEntityOfPage\":{\"@id\":\"https:\/\/hudo.com\/si\/aktualno\/svet\/na-hrvaskem-nov-crn-mejnik-2\/\"},\"wordCount\":362,\"publisher\":{\"@id\":\"https:\/\/hudo.com\/si\/#organization\"},\"keywords\":[\"hrva\u0161ka\",\"koronavirus\"],\"articleSection\":[\"Svet\"],\"inLanguage\":\"sl-SI\"},{\"@type\":\"WebPage\",\"@id\":\"https:\/\/hudo.com\/si\/aktualno\/svet\/na-hrvaskem-nov-crn-mejnik-2\/\",\"url\":\"https:\/\/hudo.com\/si\/aktualno\/svet\/na-hrvaskem-nov-crn-mejnik-2\/\",\"name\":\"Na Hrva\u0161kem nov \u010drn mejnik - Hudo Slovenija\",\"isPartOf\":{\"@id\":\"https:\/\/hudo.com\/si\/#website\"},\"datePublished\":\"2021-11-17T11:49:31+00:00\",\"dateModified\":\"2021-11-17T11:49:31+00:00\",\"breadcrumb\":{\"@id\":\"https:\/\/hudo.com\/si\/aktualno\/svet\/na-hrvaskem-nov-crn-mejnik-2\/#breadcrumb\"},\"inLanguage\":\"sl-SI\",\"potentialAction\":[{\"@type\":\"ReadAction\",\"target\":[\"https:\/\/hudo.com\/si\/aktualno\/svet\/na-hrvaskem-nov-crn-mejnik-2\/\"]}]},{\"@type\":\"BreadcrumbList\",\"@id\":\"https:\/\/hudo.com\/si\/aktualno\/svet\/na-hrvaskem-nov-crn-mejnik-2\/#breadcrumb\",\"itemListElement\":[{\"@type\":\"ListItem\",\"position\":1,\"name\":\"Home\",\"item\":\"https:\/\/hudo.com\/si\/\"},{\"@type\":\"ListItem\",\"position\":2,\"name\":\"Na Hrva\u0161kem nov \u010drn mejnik\"}]},{\"@type\":\"WebSite\",\"@id\":\"https:\/\/hudo.com\/si\/#website\",\"url\":\"https:\/\/hudo.com\/si\/\",\"name\":\"Hudo Slovenija\",\"description\":\"Vse novice iz Slovenije in sveta\",\"publisher\":{\"@id\":\"https:\/\/hudo.com\/si\/#organization\"},\"potentialAction\":[{\"@type\":\"SearchAction\",\"target\":{\"@type\":\"EntryPoint\",\"urlTemplate\":\"https:\/\/hudo.com\/si\/?s={search_term_string}\"},\"query-input\":\"required name=search_term_string\"}],\"inLanguage\":\"sl-SI\"},{\"@type\":\"Organization\",\"@id\":\"https:\/\/hudo.com\/si\/#organization\",\"name\":\"VSN Media\",\"url\":\"https:\/\/hudo.com\/si\/\",\"logo\":{\"@type\":\"ImageObject\",\"inLanguage\":\"sl-SI\",\"@id\":\"https:\/\/hudo.com\/si\/#\/schema\/logo\/image\/\",\"url\":\"https:\/\/hudo.com\/si\/wp-content\/uploads\/sites\/2\/2021\/03\/hudo-app-2.png\",\"contentUrl\":\"https:\/\/hudo.com\/si\/wp-content\/uploads\/sites\/2\/2021\/03\/hudo-app-2.png\",\"width\":2185,\"height\":2167,\"caption\":\"VSN Media\"},\"image\":{\"@id\":\"https:\/\/hudo.com\/si\/#\/schema\/logo\/image\/\"},\"sameAs\":[\"https:\/\/www.facebook.com\/hudo.si\",\"https:\/\/twitter.com\/hudo_si\"]},{\"@type\":\"Person\",\"@id\":\"https:\/\/hudo.com\/si\/#\/schema\/person\/2391667a63ea075ba94f2f2dc6b77537\",\"name\":\"A. G., STA\",\"image\":{\"@type\":\"ImageObject\",\"inLanguage\":\"sl-SI\",\"@id\":\"https:\/\/hudo.com\/si\/#\/schema\/person\/image\/\",\"url\":\"https:\/\/secure.gravatar.com\/avatar\/e13d22ac3e442658d5025fbbe6238a79?s=96&d=mm&r=g\",\"contentUrl\":\"https:\/\/secure.gravatar.com\/avatar\/e13d22ac3e442658d5025fbbe6238a79?s=96&d=mm&r=g\",\"caption\":\"A. G., STA\"},\"url\":\"https:\/\/hudo.com\/si\/author\/alenka\/\"}]}<\/script>\n<!-- \/ Yoast SEO plugin. -->","yoast_head_json":{"title":"Na Hrva\u0161kem nov \u010drn mejnik - Hudo Slovenija","robots":{"index":"index","follow":"follow","max-snippet":"max-snippet:-1","max-image-preview":"max-image-preview:large","max-video-preview":"max-video-preview:-1"},"canonical":"https:\/\/hudo.com\/si\/aktualno\/svet\/na-hrvaskem-nov-crn-mejnik-2\/","og_locale":"sl_SI","og_type":"article","og_title":"Na Hrva\u0161kem nov \u010drn mejnik - Hudo Slovenija","og_description":"Na Hrva\u0161kem \u0161tevilo umrlih s covidom-19 preseglo 10.000.","og_url":"https:\/\/hudo.com\/si\/aktualno\/svet\/na-hrvaskem-nov-crn-mejnik-2\/","og_site_name":"Hudo Slovenija","article_publisher":"https:\/\/www.facebook.com\/hudo.si","article_published_time":"2021-11-17T11:49:31+00:00","og_image":[{"width":1250,"height":749,"url":"https:\/\/hudo.com\/si\/wp-content\/uploads\/sites\/2\/2020\/06\/profimedia-0520495063.jpg","type":"image\/jpeg"}],"author":"A. G., STA","twitter_card":"summary_large_image","twitter_creator":"@hudo_si","twitter_site":"@hudo_si","twitter_misc":{"Written by":"A. G., STA","Est. reading time":"2 minuti"},"schema":{"@context":"https:\/\/schema.org","@graph":[{"@type":"Article","@id":"https:\/\/hudo.com\/si\/aktualno\/svet\/na-hrvaskem-nov-crn-mejnik-2\/#article","isPartOf":{"@id":"https:\/\/hudo.com\/si\/aktualno\/svet\/na-hrvaskem-nov-crn-mejnik-2\/"},"author":{"name":"A. G., STA","@id":"https:\/\/hudo.com\/si\/#\/schema\/person\/2391667a63ea075ba94f2f2dc6b77537"},"headline":"Na Hrva\u0161kem nov \u010drn mejnik","datePublished":"2021-11-17T11:49:31+00:00","dateModified":"2021-11-17T11:49:31+00:00","mainEntityOfPage":{"@id":"https:\/\/hudo.com\/si\/aktualno\/svet\/na-hrvaskem-nov-crn-mejnik-2\/"},"wordCount":362,"publisher":{"@id":"https:\/\/hudo.com\/si\/#organization"},"keywords":["hrva\u0161ka","koronavirus"],"articleSection":["Svet"],"inLanguage":"sl-SI"},{"@type":"WebPage","@id":"https:\/\/hudo.com\/si\/aktualno\/svet\/na-hrvaskem-nov-crn-mejnik-2\/","url":"https:\/\/hudo.com\/si\/aktualno\/svet\/na-hrvaskem-nov-crn-mejnik-2\/","name":"Na Hrva\u0161kem nov \u010drn mejnik - Hudo Slovenija","isPartOf":{"@id":"https:\/\/hudo.com\/si\/#website"},"datePublished":"2021-11-17T11:49:31+00:00","dateModified":"2021-11-17T11:49:31+00:00","breadcrumb":{"@id":"https:\/\/hudo.com\/si\/aktualno\/svet\/na-hrvaskem-nov-crn-mejnik-2\/#breadcrumb"},"inLanguage":"sl-SI","potentialAction":[{"@type":"ReadAction","target":["https:\/\/hudo.com\/si\/aktualno\/svet\/na-hrvaskem-nov-crn-mejnik-2\/"]}]},{"@type":"BreadcrumbList","@id":"https:\/\/hudo.com\/si\/aktualno\/svet\/na-hrvaskem-nov-crn-mejnik-2\/#breadcrumb","itemListElement":[{"@type":"ListItem","position":1,"name":"Home","item":"https:\/\/hudo.com\/si\/"},{"@type":"ListItem","position":2,"name":"Na Hrva\u0161kem nov \u010drn mejnik"}]},{"@type":"WebSite","@id":"https:\/\/hudo.com\/si\/#website","url":"https:\/\/hudo.com\/si\/","name":"Hudo Slovenija","description":"Vse novice iz Slovenije in sveta","publisher":{"@id":"https:\/\/hudo.com\/si\/#organization"},"potentialAction":[{"@type":"SearchAction","target":{"@type":"EntryPoint","urlTemplate":"https:\/\/hudo.com\/si\/?s={search_term_string}"},"query-input":"required name=search_term_string"}],"inLanguage":"sl-SI"},{"@type":"Organization","@id":"https:\/\/hudo.com\/si\/#organization","name":"VSN Media","url":"https:\/\/hudo.com\/si\/","logo":{"@type":"ImageObject","inLanguage":"sl-SI","@id":"https:\/\/hudo.com\/si\/#\/schema\/logo\/image\/","url":"https:\/\/hudo.com\/si\/wp-content\/uploads\/sites\/2\/2021\/03\/hudo-app-2.png","contentUrl":"https:\/\/hudo.com\/si\/wp-content\/uploads\/sites\/2\/2021\/03\/hudo-app-2.png","width":2185,"height":2167,"caption":"VSN Media"},"image":{"@id":"https:\/\/hudo.com\/si\/#\/schema\/logo\/image\/"},"sameAs":["https:\/\/www.facebook.com\/hudo.si","https:\/\/twitter.com\/hudo_si"]},{"@type":"Person","@id":"https:\/\/hudo.com\/si\/#\/schema\/person\/2391667a63ea075ba94f2f2dc6b77537","name":"A. G., STA","image":{"@type":"ImageObject","inLanguage":"sl-SI","@id":"https:\/\/hudo.com\/si\/#\/schema\/person\/image\/","url":"https:\/\/secure.gravatar.com\/avatar\/e13d22ac3e442658d5025fbbe6238a79?s=96&d=mm&r=g","contentUrl":"https:\/\/secure.gravatar.com\/avatar\/e13d22ac3e442658d5025fbbe6238a79?s=96&d=mm&r=g","caption":"A. G., STA"},"url":"https:\/\/hudo.com\/si\/author\/alenka\/"}]}},"amp_enabled":true,"_links":{"self":[{"href":"https:\/\/hudo.com\/si\/wp-json\/wp\/v2\/posts\/461189"}],"collection":[{"href":"https:\/\/hudo.com\/si\/wp-json\/wp\/v2\/posts"}],"about":[{"href":"https:\/\/hudo.com\/si\/wp-json\/wp\/v2\/types\/post"}],"author":[{"embeddable":true,"href":"https:\/\/hudo.com\/si\/wp-json\/wp\/v2\/users\/5"}],"replies":[{"embeddable":true,"href":"https:\/\/hudo.com\/si\/wp-json\/wp\/v2\/comments?post=461189"}],"version-history":[{"count":1,"href":"https:\/\/hudo.com\/si\/wp-json\/wp\/v2\/posts\/461189\/revisions"}],"predecessor-version":[{"id":461190,"href":"https:\/\/hudo.com\/si\/wp-json\/wp\/v2\/posts\/461189\/revisions\/461190"}],"wp:featuredmedia":[{"embeddable":true,"href":"https:\/\/hudo.com\/si\/wp-json\/wp\/v2\/media\/426194"}],"wp:attachment":[{"href":"https:\/\/hudo.com\/si\/wp-json\/wp\/v2\/media?parent=461189"}],"wp:term":[{"taxonomy":"category","embeddable":true,"href":"https:\/\/hudo.com\/si\/wp-json\/wp\/v2\/categories?post=461189"},{"taxonomy":"post_tag","embeddable":true,"href":"https:\/\/hudo.com\/si\/wp-json\/wp\/v2\/tags?post=461189"},{"taxonomy":"source","embeddable":true,"href":"https:\/\/hudo.com\/si\/wp-json\/wp\/v2\/source?post=461189"},{"taxonomy":"supertag","embeddable":true,"href":"https:\/\/hudo.com\/si\/wp-json\/wp\/v2\/supertag?post=461189"}],"curies":[{"name":"wp","href":"https:\/\/api.w.org\/{rel}","templated":true}]}}