{"id":461193,"date":"2021-11-17T13:13:46","date_gmt":"2021-11-17T12:13:46","guid":{"rendered":"https:\/\/hudo.com\/si\/?p=461193"},"modified":"2021-11-17T13:13:46","modified_gmt":"2021-11-17T12:13:46","slug":"crne-stevilke-se-nadaljujejo-v-avstriji-nov-rekord-v-stevilu-okuzb-z-novim-koronavirusom","status":"publish","type":"post","link":"https:\/\/hudo.com\/si\/aktualno\/svet\/crne-stevilke-se-nadaljujejo-v-avstriji-nov-rekord-v-stevilu-okuzb-z-novim-koronavirusom\/","title":{"rendered":"\u010crne \u0161tevilke se nadaljujejo: V Avstriji nov rekord v \u0161tevilu oku\u017eb z novim koronavirusom"},"content":{"rendered":"<p>Sedemdnevna incidenca oku\u017eb na 100.000 prebivalcev se je mo\u010dno povzpela na 953,2, medtem ko je pred enim dnevom zna\u0161ala \u0161e 919,4, poro\u010da avstrijska tiskovna agencija APA.<\/p>\n<p>Najve\u010d novih oku\u017eb, 4423, so znova zabele\u017eili v zvezni de\u017eeli Zgornja Avstrija, kjer je dele\u017e cepljenih proti covidu-19 \u0161e posebej nizek. Sledi ji Spodnja Avstrija z 2294 novimi oku\u017ebami v zadnjih 24 urah.<\/p>\n<p>Nara\u0161\u010da tudi \u0161tevilo oku\u017eenih, ki potrebujejo bolni\u0161ni\u010dno zdravljenje. V avstrijskih bolni\u0161nicah je trenutno 2723 covidnih bolnikov, 155 ve\u010d kot dan prej. Intenzivno nego jih potrebuje 486, 28 ve\u010d kot v torek.<\/p>\n<p>V Avstriji so spri\u010do zaostrenih epidemiolo\u0161kih razmer \u017ee v za\u010detku meseca na delovnih mestih uvedli t. i. pravilo 3G oziroma PCT, v skladu s katerim morajo podjetja preverjati, \u010de zaposleni izpolnjujejo enega od treh pogojev &#8211; cepljenje, prebolelost ali negativen test na novi koronavirus.<\/p>\n<p>8. novembra je sledilo pravilo 2G oz. PC &#8211; preboleli, cepljeni &#8211; za gostinske lokale, hotele in prireditve. Od ponedeljka pa je v dr\u017eavi v veljavi zaprtje javnega \u017eivljenja za tiste, ki niso niti cepljeni niti niso covida preboleli.<\/p>\n<p>O morebitni dodatni zaostritvi protikoronskih ukrepov naj bi v Avstriji govorili na petkovem sestanku vlade in de\u017eelnih glavarjev avstrijskih zveznih de\u017eel. Po dana\u0161nji seji vlade sta avstrijska ministrica za pravosodje Alma Zadi\u0107 in ministrica za kmetijstvo Elisabeth K\u00f6stinger potrdili, da so na mizi razli\u010dne mo\u017enosti, tudi obvezno cepljenje proti covidu-19 za vse.<\/p>\n<p>Avstrijski minister za zdravje Wolfgang M\u00fcckstein se je \u017ee pretekli teden zavzel za obvezno cepljenje vseh zaposlenih v zdravstvu, kar podpira tudi avstrijska zdravni\u0161ka zbornica, na spletni strani danes poro\u010da avstrijski Kronen Zeitung.<\/p>\n","protected":false},"excerpt":{"rendered":"<p>V Avstriji so v zadnjem dnevu zabele\u017eili najve\u010d novih oku\u017eb z novim koronavirusom doslej &#8211; potrdili so 14.416 primerov. Poleg tega je od torka umrlo \u0161e 41 covidnih bolnikov.<\/p>\n","protected":false},"author":8,"featured_media":461194,"comment_status":"closed","ping_status":"closed","sticky":false,"template":"","format":"standard","meta":{"footnotes":""},"categories":[18202],"tags":[1934,15632],"source":[4511],"supertag":[],"acf":[],"yoast_head":"<!-- This site is optimized with the Yoast SEO plugin v21.3 - https:\/\/yoast.com\/wordpress\/plugins\/seo\/ -->\n<title>\u010crne \u0161tevilke se nadaljujejo: V Avstriji nov rekord v \u0161tevilu oku\u017eb z novim koronavirusom - Hudo Slovenija<\/title>\n<meta name=\"robots\" content=\"index, follow, max-snippet:-1, max-image-preview:large, max-video-preview:-1\" \/>\n<link rel=\"canonical\" href=\"https:\/\/hudo.com\/si\/aktualno\/svet\/crne-stevilke-se-nadaljujejo-v-avstriji-nov-rekord-v-stevilu-okuzb-z-novim-koronavirusom\/\" \/>\n<meta property=\"og:locale\" content=\"sl_SI\" \/>\n<meta property=\"og:type\" content=\"article\" \/>\n<meta property=\"og:title\" content=\"\u010crne \u0161tevilke se nadaljujejo: V Avstriji nov rekord v \u0161tevilu oku\u017eb z novim koronavirusom - Hudo Slovenija\" \/>\n<meta property=\"og:description\" content=\"V Avstriji so v zadnjem dnevu zabele\u017eili najve\u010d novih oku\u017eb z novim koronavirusom doslej - potrdili so 14.416 primerov. Poleg tega je od torka umrlo \u0161e 41 covidnih bolnikov.\" \/>\n<meta property=\"og:url\" content=\"https:\/\/hudo.com\/si\/aktualno\/svet\/crne-stevilke-se-nadaljujejo-v-avstriji-nov-rekord-v-stevilu-okuzb-z-novim-koronavirusom\/\" \/>\n<meta property=\"og:site_name\" content=\"Hudo Slovenija\" \/>\n<meta property=\"article:publisher\" content=\"https:\/\/www.facebook.com\/hudo.si\" \/>\n<meta property=\"article:published_time\" content=\"2021-11-17T12:13:46+00:00\" \/>\n<meta property=\"og:image\" content=\"https:\/\/hudo.com\/si\/wp-content\/uploads\/sites\/2\/2021\/11\/profimedia-0643089824.jpg\" \/>\n\t<meta property=\"og:image:width\" content=\"1250\" \/>\n\t<meta property=\"og:image:height\" content=\"859\" \/>\n\t<meta property=\"og:image:type\" content=\"image\/jpeg\" \/>\n<meta name=\"author\" content=\"M. N., STA\" \/>\n<meta name=\"twitter:card\" content=\"summary_large_image\" \/>\n<meta name=\"twitter:creator\" content=\"@hudo_si\" \/>\n<meta name=\"twitter:site\" content=\"@hudo_si\" \/>\n<meta name=\"twitter:label1\" content=\"Written by\" \/>\n\t<meta name=\"twitter:data1\" content=\"M. N., STA\" \/>\n\t<meta name=\"twitter:label2\" content=\"Est. reading time\" \/>\n\t<meta name=\"twitter:data2\" content=\"1 minuta\" \/>\n<script type=\"application\/ld+json\" class=\"yoast-schema-graph\">{\"@context\":\"https:\/\/schema.org\",\"@graph\":[{\"@type\":\"Article\",\"@id\":\"https:\/\/hudo.com\/si\/aktualno\/svet\/crne-stevilke-se-nadaljujejo-v-avstriji-nov-rekord-v-stevilu-okuzb-z-novim-koronavirusom\/#article\",\"isPartOf\":{\"@id\":\"https:\/\/hudo.com\/si\/aktualno\/svet\/crne-stevilke-se-nadaljujejo-v-avstriji-nov-rekord-v-stevilu-okuzb-z-novim-koronavirusom\/\"},\"author\":{\"name\":\"M. N., STA\",\"@id\":\"https:\/\/hudo.com\/si\/#\/schema\/person\/c2f10ce65d2e6ede2aeda5be2a0611fa\"},\"headline\":\"\u010crne \u0161tevilke se nadaljujejo: V Avstriji nov rekord v \u0161tevilu oku\u017eb z novim koronavirusom\",\"datePublished\":\"2021-11-17T12:13:46+00:00\",\"dateModified\":\"2021-11-17T12:13:46+00:00\",\"mainEntityOfPage\":{\"@id\":\"https:\/\/hudo.com\/si\/aktualno\/svet\/crne-stevilke-se-nadaljujejo-v-avstriji-nov-rekord-v-stevilu-okuzb-z-novim-koronavirusom\/\"},\"wordCount\":288,\"publisher\":{\"@id\":\"https:\/\/hudo.com\/si\/#organization\"},\"keywords\":[\"Avstrija\",\"koronavirus\"],\"articleSection\":[\"Svet\"],\"inLanguage\":\"sl-SI\"},{\"@type\":\"WebPage\",\"@id\":\"https:\/\/hudo.com\/si\/aktualno\/svet\/crne-stevilke-se-nadaljujejo-v-avstriji-nov-rekord-v-stevilu-okuzb-z-novim-koronavirusom\/\",\"url\":\"https:\/\/hudo.com\/si\/aktualno\/svet\/crne-stevilke-se-nadaljujejo-v-avstriji-nov-rekord-v-stevilu-okuzb-z-novim-koronavirusom\/\",\"name\":\"\u010crne \u0161tevilke se nadaljujejo: V Avstriji nov rekord v \u0161tevilu oku\u017eb z novim koronavirusom - Hudo Slovenija\",\"isPartOf\":{\"@id\":\"https:\/\/hudo.com\/si\/#website\"},\"datePublished\":\"2021-11-17T12:13:46+00:00\",\"dateModified\":\"2021-11-17T12:13:46+00:00\",\"breadcrumb\":{\"@id\":\"https:\/\/hudo.com\/si\/aktualno\/svet\/crne-stevilke-se-nadaljujejo-v-avstriji-nov-rekord-v-stevilu-okuzb-z-novim-koronavirusom\/#breadcrumb\"},\"inLanguage\":\"sl-SI\",\"potentialAction\":[{\"@type\":\"ReadAction\",\"target\":[\"https:\/\/hudo.com\/si\/aktualno\/svet\/crne-stevilke-se-nadaljujejo-v-avstriji-nov-rekord-v-stevilu-okuzb-z-novim-koronavirusom\/\"]}]},{\"@type\":\"BreadcrumbList\",\"@id\":\"https:\/\/hudo.com\/si\/aktualno\/svet\/crne-stevilke-se-nadaljujejo-v-avstriji-nov-rekord-v-stevilu-okuzb-z-novim-koronavirusom\/#breadcrumb\",\"itemListElement\":[{\"@type\":\"ListItem\",\"position\":1,\"name\":\"Home\",\"item\":\"https:\/\/hudo.com\/si\/\"},{\"@type\":\"ListItem\",\"position\":2,\"name\":\"\u010crne \u0161tevilke se nadaljujejo: V Avstriji nov rekord v \u0161tevilu oku\u017eb z novim koronavirusom\"}]},{\"@type\":\"WebSite\",\"@id\":\"https:\/\/hudo.com\/si\/#website\",\"url\":\"https:\/\/hudo.com\/si\/\",\"name\":\"Hudo Slovenija\",\"description\":\"Vse novice iz Slovenije in sveta\",\"publisher\":{\"@id\":\"https:\/\/hudo.com\/si\/#organization\"},\"potentialAction\":[{\"@type\":\"SearchAction\",\"target\":{\"@type\":\"EntryPoint\",\"urlTemplate\":\"https:\/\/hudo.com\/si\/?s={search_term_string}\"},\"query-input\":\"required name=search_term_string\"}],\"inLanguage\":\"sl-SI\"},{\"@type\":\"Organization\",\"@id\":\"https:\/\/hudo.com\/si\/#organization\",\"name\":\"VSN Media\",\"url\":\"https:\/\/hudo.com\/si\/\",\"logo\":{\"@type\":\"ImageObject\",\"inLanguage\":\"sl-SI\",\"@id\":\"https:\/\/hudo.com\/si\/#\/schema\/logo\/image\/\",\"url\":\"https:\/\/hudo.com\/si\/wp-content\/uploads\/sites\/2\/2021\/03\/hudo-app-2.png\",\"contentUrl\":\"https:\/\/hudo.com\/si\/wp-content\/uploads\/sites\/2\/2021\/03\/hudo-app-2.png\",\"width\":2185,\"height\":2167,\"caption\":\"VSN Media\"},\"image\":{\"@id\":\"https:\/\/hudo.com\/si\/#\/schema\/logo\/image\/\"},\"sameAs\":[\"https:\/\/www.facebook.com\/hudo.si\",\"https:\/\/twitter.com\/hudo_si\"]},{\"@type\":\"Person\",\"@id\":\"https:\/\/hudo.com\/si\/#\/schema\/person\/c2f10ce65d2e6ede2aeda5be2a0611fa\",\"name\":\"M. N., STA\",\"image\":{\"@type\":\"ImageObject\",\"inLanguage\":\"sl-SI\",\"@id\":\"https:\/\/hudo.com\/si\/#\/schema\/person\/image\/\",\"url\":\"https:\/\/secure.gravatar.com\/avatar\/f370d38daa10467f755c5c766a4cac20?s=96&d=mm&r=g\",\"contentUrl\":\"https:\/\/secure.gravatar.com\/avatar\/f370d38daa10467f755c5c766a4cac20?s=96&d=mm&r=g\",\"caption\":\"M. N., STA\"},\"url\":\"https:\/\/hudo.com\/si\/author\/mana\/\"}]}<\/script>\n<!-- \/ Yoast SEO plugin. -->","yoast_head_json":{"title":"\u010crne \u0161tevilke se nadaljujejo: V Avstriji nov rekord v \u0161tevilu oku\u017eb z novim koronavirusom - Hudo Slovenija","robots":{"index":"index","follow":"follow","max-snippet":"max-snippet:-1","max-image-preview":"max-image-preview:large","max-video-preview":"max-video-preview:-1"},"canonical":"https:\/\/hudo.com\/si\/aktualno\/svet\/crne-stevilke-se-nadaljujejo-v-avstriji-nov-rekord-v-stevilu-okuzb-z-novim-koronavirusom\/","og_locale":"sl_SI","og_type":"article","og_title":"\u010crne \u0161tevilke se nadaljujejo: V Avstriji nov rekord v \u0161tevilu oku\u017eb z novim koronavirusom - Hudo Slovenija","og_description":"V Avstriji so v zadnjem dnevu zabele\u017eili najve\u010d novih oku\u017eb z novim koronavirusom doslej - potrdili so 14.416 primerov. Poleg tega je od torka umrlo \u0161e 41 covidnih bolnikov.","og_url":"https:\/\/hudo.com\/si\/aktualno\/svet\/crne-stevilke-se-nadaljujejo-v-avstriji-nov-rekord-v-stevilu-okuzb-z-novim-koronavirusom\/","og_site_name":"Hudo Slovenija","article_publisher":"https:\/\/www.facebook.com\/hudo.si","article_published_time":"2021-11-17T12:13:46+00:00","og_image":[{"width":1250,"height":859,"url":"https:\/\/hudo.com\/si\/wp-content\/uploads\/sites\/2\/2021\/11\/profimedia-0643089824.jpg","type":"image\/jpeg"}],"author":"M. N., STA","twitter_card":"summary_large_image","twitter_creator":"@hudo_si","twitter_site":"@hudo_si","twitter_misc":{"Written by":"M. N., STA","Est. reading time":"1 minuta"},"schema":{"@context":"https:\/\/schema.org","@graph":[{"@type":"Article","@id":"https:\/\/hudo.com\/si\/aktualno\/svet\/crne-stevilke-se-nadaljujejo-v-avstriji-nov-rekord-v-stevilu-okuzb-z-novim-koronavirusom\/#article","isPartOf":{"@id":"https:\/\/hudo.com\/si\/aktualno\/svet\/crne-stevilke-se-nadaljujejo-v-avstriji-nov-rekord-v-stevilu-okuzb-z-novim-koronavirusom\/"},"author":{"name":"M. N., STA","@id":"https:\/\/hudo.com\/si\/#\/schema\/person\/c2f10ce65d2e6ede2aeda5be2a0611fa"},"headline":"\u010crne \u0161tevilke se nadaljujejo: V Avstriji nov rekord v \u0161tevilu oku\u017eb z novim koronavirusom","datePublished":"2021-11-17T12:13:46+00:00","dateModified":"2021-11-17T12:13:46+00:00","mainEntityOfPage":{"@id":"https:\/\/hudo.com\/si\/aktualno\/svet\/crne-stevilke-se-nadaljujejo-v-avstriji-nov-rekord-v-stevilu-okuzb-z-novim-koronavirusom\/"},"wordCount":288,"publisher":{"@id":"https:\/\/hudo.com\/si\/#organization"},"keywords":["Avstrija","koronavirus"],"articleSection":["Svet"],"inLanguage":"sl-SI"},{"@type":"WebPage","@id":"https:\/\/hudo.com\/si\/aktualno\/svet\/crne-stevilke-se-nadaljujejo-v-avstriji-nov-rekord-v-stevilu-okuzb-z-novim-koronavirusom\/","url":"https:\/\/hudo.com\/si\/aktualno\/svet\/crne-stevilke-se-nadaljujejo-v-avstriji-nov-rekord-v-stevilu-okuzb-z-novim-koronavirusom\/","name":"\u010crne \u0161tevilke se nadaljujejo: V Avstriji nov rekord v \u0161tevilu oku\u017eb z novim koronavirusom - Hudo Slovenija","isPartOf":{"@id":"https:\/\/hudo.com\/si\/#website"},"datePublished":"2021-11-17T12:13:46+00:00","dateModified":"2021-11-17T12:13:46+00:00","breadcrumb":{"@id":"https:\/\/hudo.com\/si\/aktualno\/svet\/crne-stevilke-se-nadaljujejo-v-avstriji-nov-rekord-v-stevilu-okuzb-z-novim-koronavirusom\/#breadcrumb"},"inLanguage":"sl-SI","potentialAction":[{"@type":"ReadAction","target":["https:\/\/hudo.com\/si\/aktualno\/svet\/crne-stevilke-se-nadaljujejo-v-avstriji-nov-rekord-v-stevilu-okuzb-z-novim-koronavirusom\/"]}]},{"@type":"BreadcrumbList","@id":"https:\/\/hudo.com\/si\/aktualno\/svet\/crne-stevilke-se-nadaljujejo-v-avstriji-nov-rekord-v-stevilu-okuzb-z-novim-koronavirusom\/#breadcrumb","itemListElement":[{"@type":"ListItem","position":1,"name":"Home","item":"https:\/\/hudo.com\/si\/"},{"@type":"ListItem","position":2,"name":"\u010crne \u0161tevilke se nadaljujejo: V Avstriji nov rekord v \u0161tevilu oku\u017eb z novim koronavirusom"}]},{"@type":"WebSite","@id":"https:\/\/hudo.com\/si\/#website","url":"https:\/\/hudo.com\/si\/","name":"Hudo Slovenija","description":"Vse novice iz Slovenije in sveta","publisher":{"@id":"https:\/\/hudo.com\/si\/#organization"},"potentialAction":[{"@type":"SearchAction","target":{"@type":"EntryPoint","urlTemplate":"https:\/\/hudo.com\/si\/?s={search_term_string}"},"query-input":"required name=search_term_string"}],"inLanguage":"sl-SI"},{"@type":"Organization","@id":"https:\/\/hudo.com\/si\/#organization","name":"VSN Media","url":"https:\/\/hudo.com\/si\/","logo":{"@type":"ImageObject","inLanguage":"sl-SI","@id":"https:\/\/hudo.com\/si\/#\/schema\/logo\/image\/","url":"https:\/\/hudo.com\/si\/wp-content\/uploads\/sites\/2\/2021\/03\/hudo-app-2.png","contentUrl":"https:\/\/hudo.com\/si\/wp-content\/uploads\/sites\/2\/2021\/03\/hudo-app-2.png","width":2185,"height":2167,"caption":"VSN Media"},"image":{"@id":"https:\/\/hudo.com\/si\/#\/schema\/logo\/image\/"},"sameAs":["https:\/\/www.facebook.com\/hudo.si","https:\/\/twitter.com\/hudo_si"]},{"@type":"Person","@id":"https:\/\/hudo.com\/si\/#\/schema\/person\/c2f10ce65d2e6ede2aeda5be2a0611fa","name":"M. N., STA","image":{"@type":"ImageObject","inLanguage":"sl-SI","@id":"https:\/\/hudo.com\/si\/#\/schema\/person\/image\/","url":"https:\/\/secure.gravatar.com\/avatar\/f370d38daa10467f755c5c766a4cac20?s=96&d=mm&r=g","contentUrl":"https:\/\/secure.gravatar.com\/avatar\/f370d38daa10467f755c5c766a4cac20?s=96&d=mm&r=g","caption":"M. N., STA"},"url":"https:\/\/hudo.com\/si\/author\/mana\/"}]}},"amp_enabled":true,"_links":{"self":[{"href":"https:\/\/hudo.com\/si\/wp-json\/wp\/v2\/posts\/461193"}],"collection":[{"href":"https:\/\/hudo.com\/si\/wp-json\/wp\/v2\/posts"}],"about":[{"href":"https:\/\/hudo.com\/si\/wp-json\/wp\/v2\/types\/post"}],"author":[{"embeddable":true,"href":"https:\/\/hudo.com\/si\/wp-json\/wp\/v2\/users\/8"}],"replies":[{"embeddable":true,"href":"https:\/\/hudo.com\/si\/wp-json\/wp\/v2\/comments?post=461193"}],"version-history":[{"count":1,"href":"https:\/\/hudo.com\/si\/wp-json\/wp\/v2\/posts\/461193\/revisions"}],"predecessor-version":[{"id":461195,"href":"https:\/\/hudo.com\/si\/wp-json\/wp\/v2\/posts\/461193\/revisions\/461195"}],"wp:featuredmedia":[{"embeddable":true,"href":"https:\/\/hudo.com\/si\/wp-json\/wp\/v2\/media\/461194"}],"wp:attachment":[{"href":"https:\/\/hudo.com\/si\/wp-json\/wp\/v2\/media?parent=461193"}],"wp:term":[{"taxonomy":"category","embeddable":true,"href":"https:\/\/hudo.com\/si\/wp-json\/wp\/v2\/categories?post=461193"},{"taxonomy":"post_tag","embeddable":true,"href":"https:\/\/hudo.com\/si\/wp-json\/wp\/v2\/tags?post=461193"},{"taxonomy":"source","embeddable":true,"href":"https:\/\/hudo.com\/si\/wp-json\/wp\/v2\/source?post=461193"},{"taxonomy":"supertag","embeddable":true,"href":"https:\/\/hudo.com\/si\/wp-json\/wp\/v2\/supertag?post=461193"}],"curies":[{"name":"wp","href":"https:\/\/api.w.org\/{rel}","templated":true}]}}