{"id":461682,"date":"2021-11-27T08:03:19","date_gmt":"2021-11-27T07:03:19","guid":{"rendered":"https:\/\/hudo.com\/si\/?p=461682"},"modified":"2021-11-27T08:03:19","modified_gmt":"2021-11-27T07:03:19","slug":"prva-dobitnica-oskarja-za-rezijo-praznuje-70-let","status":"publish","type":"post","link":"https:\/\/hudo.com\/si\/vip\/prva-dobitnica-oskarja-za-rezijo-praznuje-70-let\/","title":{"rendered":"Prva dobitnica oskarja za re\u017eijo praznuje 70 let"},"content":{"rendered":"<p>Kathryn Bigelow se je rodila leta 1951 v Kaliforniji, kot edinka mami knji\u017eni\u010darki in o\u010detu, zaposlenemu v upravi tovarne barv. S filmom se je ukvarjala \u017ee v \u010dasu \u0161tudija na univerzi Columbia, kjer je diplomirala, magistrirala in pozneje tudi predavala.<\/p>\n<p>Kot re\u017eiserka je debitirala leta 1981 s filmom The Loveless, pozneje pa se je podpisala pod re\u017eijo filmov, kot so Peklenski val, Zadnji dnevi in K-19: \u010crna vdova.<\/p>\n<p>Najve\u010dji pe\u010dat v filmskem svetu je pustila z re\u017eijami filmov, ki obravnavajo vojno tematiko. Z Bombno misijo ji je uspel veliki re\u017eiserski met, film pa je postal film leta in pobral skupaj \u0161est oskarjev, med drugim tudi za izvirni scenarij, monta\u017eo in monta\u017eo zvoka. Re\u017eiserki je \u010destital celo biv\u0161i mo\u017e, James Cameron, re\u017eiser filma Avatar, ki je pri\u0161el na takratno podelitev oskarjev prav tako z devetimi nominacijami, a odnesel le tri.<\/p>\n<p>Leta 2012 je posnela uspe\u0161en politi\u010dni triler 00:30 &#8211; Tajna operacija, v katerem se je posvetila lovu na vodjo teroristov Osamo bin Ladna. Pozneje je \u017eelela s scenaristom in producentom Markom Boalom posneti film o ameri\u0161kem vojaku Bowu Bergdahlu, ki je bil izpu\u0161\u010den iz talibanskega ujetni\u0161tva v Afganistanu. Vendar sta si z Boalom premislila. Svoje mo\u010di sta raje zdru\u017eila za kriminalno dramo Detroit, ki pa kljub za\u010detnim spodbudnim kritikam ni prinesla tako velikega uspeha.<\/p>\n","protected":false},"excerpt":{"rendered":"<p>Svoj 70. rojstni dan praznuje ameri\u0161ka re\u017eiserka in scenaristka Kathryn Bigelow, ki se je v zgodovino filma zapisala kot prva re\u017eiserka, ki je prejela oskarja. Zlati kipec je odnesla leta 2010 za film Bombna misija. Re\u017eirala je tudi ve\u010d drugih uspe\u0161nih filmov z vojno tematiko. Leta 2010 jo je revija Time uvrstila med 100 najbolj vplivnih ljudi.<\/p>\n","protected":false},"author":7,"featured_media":461683,"comment_status":"closed","ping_status":"closed","sticky":false,"template":"","format":"standard","meta":{"footnotes":""},"categories":[1093],"tags":[4189,17963],"source":[4511],"supertag":[],"acf":[],"yoast_head":"<!-- This site is optimized with the Yoast SEO plugin v21.3 - https:\/\/yoast.com\/wordpress\/plugins\/seo\/ -->\n<title>Prva dobitnica oskarja za re\u017eijo praznuje 70 let - Hudo Slovenija<\/title>\n<meta name=\"robots\" content=\"index, follow, max-snippet:-1, max-image-preview:large, max-video-preview:-1\" \/>\n<link rel=\"canonical\" href=\"https:\/\/hudo.com\/si\/vip\/prva-dobitnica-oskarja-za-rezijo-praznuje-70-let\/\" \/>\n<meta property=\"og:locale\" content=\"sl_SI\" \/>\n<meta property=\"og:type\" content=\"article\" \/>\n<meta property=\"og:title\" content=\"Prva dobitnica oskarja za re\u017eijo praznuje 70 let - Hudo Slovenija\" \/>\n<meta property=\"og:description\" content=\"Svoj 70. rojstni dan praznuje ameri\u0161ka re\u017eiserka in scenaristka Kathryn Bigelow, ki se je v zgodovino filma zapisala kot prva re\u017eiserka, ki je prejela oskarja. Zlati kipec je odnesla leta 2010 za film Bombna misija. Re\u017eirala je tudi ve\u010d drugih uspe\u0161nih filmov z vojno tematiko. Leta 2010 jo je revija Time uvrstila med 100 najbolj vplivnih ljudi.\" \/>\n<meta property=\"og:url\" content=\"https:\/\/hudo.com\/si\/vip\/prva-dobitnica-oskarja-za-rezijo-praznuje-70-let\/\" \/>\n<meta property=\"og:site_name\" content=\"Hudo Slovenija\" \/>\n<meta property=\"article:publisher\" content=\"https:\/\/www.facebook.com\/hudo.si\" \/>\n<meta property=\"article:published_time\" content=\"2021-11-27T07:03:19+00:00\" \/>\n<meta property=\"og:image\" content=\"https:\/\/hudo.com\/si\/wp-content\/uploads\/sites\/2\/2021\/11\/profimedia-0364863364.jpg\" \/>\n\t<meta property=\"og:image:width\" content=\"1250\" \/>\n\t<meta property=\"og:image:height\" content=\"870\" \/>\n\t<meta property=\"og:image:type\" content=\"image\/jpeg\" \/>\n<meta name=\"author\" content=\"A. P., STA\" \/>\n<meta name=\"twitter:card\" content=\"summary_large_image\" \/>\n<meta name=\"twitter:creator\" content=\"@hudo_si\" \/>\n<meta name=\"twitter:site\" content=\"@hudo_si\" \/>\n<meta name=\"twitter:label1\" content=\"Written by\" \/>\n\t<meta name=\"twitter:data1\" content=\"A. P., STA\" \/>\n\t<meta name=\"twitter:label2\" content=\"Est. reading time\" \/>\n\t<meta name=\"twitter:data2\" content=\"1 minuta\" \/>\n<script type=\"application\/ld+json\" class=\"yoast-schema-graph\">{\"@context\":\"https:\/\/schema.org\",\"@graph\":[{\"@type\":\"Article\",\"@id\":\"https:\/\/hudo.com\/si\/vip\/prva-dobitnica-oskarja-za-rezijo-praznuje-70-let\/#article\",\"isPartOf\":{\"@id\":\"https:\/\/hudo.com\/si\/vip\/prva-dobitnica-oskarja-za-rezijo-praznuje-70-let\/\"},\"author\":{\"name\":\"A. P., STA\",\"@id\":\"https:\/\/hudo.com\/si\/#\/schema\/person\/18f09c02475ba9e606e941a565b80cff\"},\"headline\":\"Prva dobitnica oskarja za re\u017eijo praznuje 70 let\",\"datePublished\":\"2021-11-27T07:03:19+00:00\",\"dateModified\":\"2021-11-27T07:03:19+00:00\",\"mainEntityOfPage\":{\"@id\":\"https:\/\/hudo.com\/si\/vip\/prva-dobitnica-oskarja-za-rezijo-praznuje-70-let\/\"},\"wordCount\":240,\"publisher\":{\"@id\":\"https:\/\/hudo.com\/si\/#organization\"},\"keywords\":[\"oskarji\",\"\u017eenske re\u017eiserke v Hollywoodu\"],\"articleSection\":[\"VIP\"],\"inLanguage\":\"sl-SI\"},{\"@type\":\"WebPage\",\"@id\":\"https:\/\/hudo.com\/si\/vip\/prva-dobitnica-oskarja-za-rezijo-praznuje-70-let\/\",\"url\":\"https:\/\/hudo.com\/si\/vip\/prva-dobitnica-oskarja-za-rezijo-praznuje-70-let\/\",\"name\":\"Prva dobitnica oskarja za re\u017eijo praznuje 70 let - Hudo Slovenija\",\"isPartOf\":{\"@id\":\"https:\/\/hudo.com\/si\/#website\"},\"datePublished\":\"2021-11-27T07:03:19+00:00\",\"dateModified\":\"2021-11-27T07:03:19+00:00\",\"breadcrumb\":{\"@id\":\"https:\/\/hudo.com\/si\/vip\/prva-dobitnica-oskarja-za-rezijo-praznuje-70-let\/#breadcrumb\"},\"inLanguage\":\"sl-SI\",\"potentialAction\":[{\"@type\":\"ReadAction\",\"target\":[\"https:\/\/hudo.com\/si\/vip\/prva-dobitnica-oskarja-za-rezijo-praznuje-70-let\/\"]}]},{\"@type\":\"BreadcrumbList\",\"@id\":\"https:\/\/hudo.com\/si\/vip\/prva-dobitnica-oskarja-za-rezijo-praznuje-70-let\/#breadcrumb\",\"itemListElement\":[{\"@type\":\"ListItem\",\"position\":1,\"name\":\"Home\",\"item\":\"https:\/\/hudo.com\/si\/\"},{\"@type\":\"ListItem\",\"position\":2,\"name\":\"Prva dobitnica oskarja za re\u017eijo praznuje 70 let\"}]},{\"@type\":\"WebSite\",\"@id\":\"https:\/\/hudo.com\/si\/#website\",\"url\":\"https:\/\/hudo.com\/si\/\",\"name\":\"Hudo Slovenija\",\"description\":\"Vse novice iz Slovenije in sveta\",\"publisher\":{\"@id\":\"https:\/\/hudo.com\/si\/#organization\"},\"potentialAction\":[{\"@type\":\"SearchAction\",\"target\":{\"@type\":\"EntryPoint\",\"urlTemplate\":\"https:\/\/hudo.com\/si\/?s={search_term_string}\"},\"query-input\":\"required name=search_term_string\"}],\"inLanguage\":\"sl-SI\"},{\"@type\":\"Organization\",\"@id\":\"https:\/\/hudo.com\/si\/#organization\",\"name\":\"VSN Media\",\"url\":\"https:\/\/hudo.com\/si\/\",\"logo\":{\"@type\":\"ImageObject\",\"inLanguage\":\"sl-SI\",\"@id\":\"https:\/\/hudo.com\/si\/#\/schema\/logo\/image\/\",\"url\":\"https:\/\/hudo.com\/si\/wp-content\/uploads\/sites\/2\/2021\/03\/hudo-app-2.png\",\"contentUrl\":\"https:\/\/hudo.com\/si\/wp-content\/uploads\/sites\/2\/2021\/03\/hudo-app-2.png\",\"width\":2185,\"height\":2167,\"caption\":\"VSN Media\"},\"image\":{\"@id\":\"https:\/\/hudo.com\/si\/#\/schema\/logo\/image\/\"},\"sameAs\":[\"https:\/\/www.facebook.com\/hudo.si\",\"https:\/\/twitter.com\/hudo_si\"]},{\"@type\":\"Person\",\"@id\":\"https:\/\/hudo.com\/si\/#\/schema\/person\/18f09c02475ba9e606e941a565b80cff\",\"name\":\"A. P., STA\",\"image\":{\"@type\":\"ImageObject\",\"inLanguage\":\"sl-SI\",\"@id\":\"https:\/\/hudo.com\/si\/#\/schema\/person\/image\/\",\"url\":\"https:\/\/secure.gravatar.com\/avatar\/03eac8e609f5f04383125d80eaeaaf3e?s=96&d=mm&r=g\",\"contentUrl\":\"https:\/\/secure.gravatar.com\/avatar\/03eac8e609f5f04383125d80eaeaaf3e?s=96&d=mm&r=g\",\"caption\":\"A. P., STA\"},\"url\":\"https:\/\/hudo.com\/si\/author\/lubu\/\"}]}<\/script>\n<!-- \/ Yoast SEO plugin. -->","yoast_head_json":{"title":"Prva dobitnica oskarja za re\u017eijo praznuje 70 let - Hudo Slovenija","robots":{"index":"index","follow":"follow","max-snippet":"max-snippet:-1","max-image-preview":"max-image-preview:large","max-video-preview":"max-video-preview:-1"},"canonical":"https:\/\/hudo.com\/si\/vip\/prva-dobitnica-oskarja-za-rezijo-praznuje-70-let\/","og_locale":"sl_SI","og_type":"article","og_title":"Prva dobitnica oskarja za re\u017eijo praznuje 70 let - Hudo Slovenija","og_description":"Svoj 70. rojstni dan praznuje ameri\u0161ka re\u017eiserka in scenaristka Kathryn Bigelow, ki se je v zgodovino filma zapisala kot prva re\u017eiserka, ki je prejela oskarja. Zlati kipec je odnesla leta 2010 za film Bombna misija. Re\u017eirala je tudi ve\u010d drugih uspe\u0161nih filmov z vojno tematiko. Leta 2010 jo je revija Time uvrstila med 100 najbolj vplivnih ljudi.","og_url":"https:\/\/hudo.com\/si\/vip\/prva-dobitnica-oskarja-za-rezijo-praznuje-70-let\/","og_site_name":"Hudo Slovenija","article_publisher":"https:\/\/www.facebook.com\/hudo.si","article_published_time":"2021-11-27T07:03:19+00:00","og_image":[{"width":1250,"height":870,"url":"https:\/\/hudo.com\/si\/wp-content\/uploads\/sites\/2\/2021\/11\/profimedia-0364863364.jpg","type":"image\/jpeg"}],"author":"A. P., STA","twitter_card":"summary_large_image","twitter_creator":"@hudo_si","twitter_site":"@hudo_si","twitter_misc":{"Written by":"A. P., STA","Est. reading time":"1 minuta"},"schema":{"@context":"https:\/\/schema.org","@graph":[{"@type":"Article","@id":"https:\/\/hudo.com\/si\/vip\/prva-dobitnica-oskarja-za-rezijo-praznuje-70-let\/#article","isPartOf":{"@id":"https:\/\/hudo.com\/si\/vip\/prva-dobitnica-oskarja-za-rezijo-praznuje-70-let\/"},"author":{"name":"A. P., STA","@id":"https:\/\/hudo.com\/si\/#\/schema\/person\/18f09c02475ba9e606e941a565b80cff"},"headline":"Prva dobitnica oskarja za re\u017eijo praznuje 70 let","datePublished":"2021-11-27T07:03:19+00:00","dateModified":"2021-11-27T07:03:19+00:00","mainEntityOfPage":{"@id":"https:\/\/hudo.com\/si\/vip\/prva-dobitnica-oskarja-za-rezijo-praznuje-70-let\/"},"wordCount":240,"publisher":{"@id":"https:\/\/hudo.com\/si\/#organization"},"keywords":["oskarji","\u017eenske re\u017eiserke v Hollywoodu"],"articleSection":["VIP"],"inLanguage":"sl-SI"},{"@type":"WebPage","@id":"https:\/\/hudo.com\/si\/vip\/prva-dobitnica-oskarja-za-rezijo-praznuje-70-let\/","url":"https:\/\/hudo.com\/si\/vip\/prva-dobitnica-oskarja-za-rezijo-praznuje-70-let\/","name":"Prva dobitnica oskarja za re\u017eijo praznuje 70 let - Hudo Slovenija","isPartOf":{"@id":"https:\/\/hudo.com\/si\/#website"},"datePublished":"2021-11-27T07:03:19+00:00","dateModified":"2021-11-27T07:03:19+00:00","breadcrumb":{"@id":"https:\/\/hudo.com\/si\/vip\/prva-dobitnica-oskarja-za-rezijo-praznuje-70-let\/#breadcrumb"},"inLanguage":"sl-SI","potentialAction":[{"@type":"ReadAction","target":["https:\/\/hudo.com\/si\/vip\/prva-dobitnica-oskarja-za-rezijo-praznuje-70-let\/"]}]},{"@type":"BreadcrumbList","@id":"https:\/\/hudo.com\/si\/vip\/prva-dobitnica-oskarja-za-rezijo-praznuje-70-let\/#breadcrumb","itemListElement":[{"@type":"ListItem","position":1,"name":"Home","item":"https:\/\/hudo.com\/si\/"},{"@type":"ListItem","position":2,"name":"Prva dobitnica oskarja za re\u017eijo praznuje 70 let"}]},{"@type":"WebSite","@id":"https:\/\/hudo.com\/si\/#website","url":"https:\/\/hudo.com\/si\/","name":"Hudo Slovenija","description":"Vse novice iz Slovenije in sveta","publisher":{"@id":"https:\/\/hudo.com\/si\/#organization"},"potentialAction":[{"@type":"SearchAction","target":{"@type":"EntryPoint","urlTemplate":"https:\/\/hudo.com\/si\/?s={search_term_string}"},"query-input":"required name=search_term_string"}],"inLanguage":"sl-SI"},{"@type":"Organization","@id":"https:\/\/hudo.com\/si\/#organization","name":"VSN Media","url":"https:\/\/hudo.com\/si\/","logo":{"@type":"ImageObject","inLanguage":"sl-SI","@id":"https:\/\/hudo.com\/si\/#\/schema\/logo\/image\/","url":"https:\/\/hudo.com\/si\/wp-content\/uploads\/sites\/2\/2021\/03\/hudo-app-2.png","contentUrl":"https:\/\/hudo.com\/si\/wp-content\/uploads\/sites\/2\/2021\/03\/hudo-app-2.png","width":2185,"height":2167,"caption":"VSN Media"},"image":{"@id":"https:\/\/hudo.com\/si\/#\/schema\/logo\/image\/"},"sameAs":["https:\/\/www.facebook.com\/hudo.si","https:\/\/twitter.com\/hudo_si"]},{"@type":"Person","@id":"https:\/\/hudo.com\/si\/#\/schema\/person\/18f09c02475ba9e606e941a565b80cff","name":"A. P., STA","image":{"@type":"ImageObject","inLanguage":"sl-SI","@id":"https:\/\/hudo.com\/si\/#\/schema\/person\/image\/","url":"https:\/\/secure.gravatar.com\/avatar\/03eac8e609f5f04383125d80eaeaaf3e?s=96&d=mm&r=g","contentUrl":"https:\/\/secure.gravatar.com\/avatar\/03eac8e609f5f04383125d80eaeaaf3e?s=96&d=mm&r=g","caption":"A. P., STA"},"url":"https:\/\/hudo.com\/si\/author\/lubu\/"}]}},"amp_enabled":true,"_links":{"self":[{"href":"https:\/\/hudo.com\/si\/wp-json\/wp\/v2\/posts\/461682"}],"collection":[{"href":"https:\/\/hudo.com\/si\/wp-json\/wp\/v2\/posts"}],"about":[{"href":"https:\/\/hudo.com\/si\/wp-json\/wp\/v2\/types\/post"}],"author":[{"embeddable":true,"href":"https:\/\/hudo.com\/si\/wp-json\/wp\/v2\/users\/7"}],"replies":[{"embeddable":true,"href":"https:\/\/hudo.com\/si\/wp-json\/wp\/v2\/comments?post=461682"}],"version-history":[{"count":1,"href":"https:\/\/hudo.com\/si\/wp-json\/wp\/v2\/posts\/461682\/revisions"}],"predecessor-version":[{"id":461684,"href":"https:\/\/hudo.com\/si\/wp-json\/wp\/v2\/posts\/461682\/revisions\/461684"}],"wp:featuredmedia":[{"embeddable":true,"href":"https:\/\/hudo.com\/si\/wp-json\/wp\/v2\/media\/461683"}],"wp:attachment":[{"href":"https:\/\/hudo.com\/si\/wp-json\/wp\/v2\/media?parent=461682"}],"wp:term":[{"taxonomy":"category","embeddable":true,"href":"https:\/\/hudo.com\/si\/wp-json\/wp\/v2\/categories?post=461682"},{"taxonomy":"post_tag","embeddable":true,"href":"https:\/\/hudo.com\/si\/wp-json\/wp\/v2\/tags?post=461682"},{"taxonomy":"source","embeddable":true,"href":"https:\/\/hudo.com\/si\/wp-json\/wp\/v2\/source?post=461682"},{"taxonomy":"supertag","embeddable":true,"href":"https:\/\/hudo.com\/si\/wp-json\/wp\/v2\/supertag?post=461682"}],"curies":[{"name":"wp","href":"https:\/\/api.w.org\/{rel}","templated":true}]}}