{"id":461746,"date":"2021-11-28T09:40:39","date_gmt":"2021-11-28T08:40:39","guid":{"rendered":"https:\/\/hudo.com\/si\/?p=461746"},"modified":"2021-11-28T10:16:43","modified_gmt":"2021-11-28T09:16:43","slug":"na-ljubljanski-obvoznici-prebil-ograjo-padel-6-metrov-globoko-in-zlezel-iz-vozila","status":"publish","type":"post","link":"https:\/\/hudo.com\/si\/aktualno\/slovenija\/na-ljubljanski-obvoznici-prebil-ograjo-padel-6-metrov-globoko-in-zlezel-iz-vozila\/","title":{"rendered":"Na ljubljanski obvoznici prebil ograjo, padel 6 metrov globoko in zlezel iz vozila"},"content":{"rendered":"<p>V prometni nesre\u010di, ki se je okoli 20.30 zgodila na ljubljanski obvoznici v razcepu Malence, so posredovali poklicni gasilci, ki so zavarovali kraj nesre\u010de, odklopili akumulator in prepre\u010dili iztekanje goriva iz vozila. Z vpojnimi sredstvi so posuli iztekle motorne teko\u010dine in s pomo\u010djo vitla postavili vozilo na kolesa. Re\u0161evalci nujne medicinske pomo\u010di so po\u0161kodovanega voznika oskrbeli in prepeljali v Univerzitetni klini\u010dni center v Ljubljani.<\/p>\n<p>Kot poro\u010da center za obve\u0161\u010danje, je nekaj po 20. uri na \u0160u\u0161tarjevem nabre\u017eju v Ljubljani oseba padla v Ljubljanico. Mimoido\u010di so jo zadr\u017eali ob bregu, da je voda ni odnesla. Ljubljanski poklicni gasilci pa so jo nato s pomo\u010djo vrvne tehnike potegnili po bre\u017eini in jo predali v oskrbo re\u0161evalcem nujne medicinske pomo\u010di.<\/p>\n<p>Prav tako v Ljubljani so poklicni gasilci pono\u010di posredovali, ko je nekaj po 23. uri na Poti na Fu\u017eine eksplodiralo v predelu motorja osebnega vozila. Zavarovali so kraj dogodka in vozilo ter okolico preventivno pregledali s termovizijsko kamero in detektorjem za zaznavanje nevarnih plinov. Nudili so tudi pomo\u010d policiji pri ogledu kraja dogodka.<\/p>\n","protected":false},"excerpt":{"rendered":"<p>Na ljubljanski obvoznici v razcepu Malence je v soboto zve\u010der kombinirano vozilo prebilo varovalno ograjo, padlo z viadukta okoli \u0161est metrov globoko in obstalo na boku. Re\u0161evalci so po\u0161kodovanega voznika, ki je iz vozila zlezel sam, prepeljali na zdravljenje. Prav tako v Ljubljani so re\u0161evali padlega v Ljubljanico in posredovali pri eksploziji.<\/p>\n","protected":false},"author":7,"featured_media":461747,"comment_status":"closed","ping_status":"closed","sticky":false,"template":"","format":"standard","meta":{"footnotes":""},"categories":[18201],"tags":[1633,4791],"source":[4511],"supertag":[7150,5675],"acf":[],"yoast_head":"<!-- This site is optimized with the Yoast SEO plugin v21.3 - https:\/\/yoast.com\/wordpress\/plugins\/seo\/ -->\n<title>Na ljubljanski obvoznici prebil ograjo, padel 6 metrov globoko in zlezel iz vozila - Hudo Slovenija<\/title>\n<meta name=\"robots\" content=\"index, follow, max-snippet:-1, max-image-preview:large, max-video-preview:-1\" \/>\n<link rel=\"canonical\" href=\"https:\/\/hudo.com\/si\/aktualno\/slovenija\/na-ljubljanski-obvoznici-prebil-ograjo-padel-6-metrov-globoko-in-zlezel-iz-vozila\/\" \/>\n<meta property=\"og:locale\" content=\"sl_SI\" \/>\n<meta property=\"og:type\" content=\"article\" \/>\n<meta property=\"og:title\" content=\"Na ljubljanski obvoznici prebil ograjo, padel 6 metrov globoko in zlezel iz vozila - Hudo Slovenija\" \/>\n<meta property=\"og:description\" content=\"Na ljubljanski obvoznici v razcepu Malence je v soboto zve\u010der kombinirano vozilo prebilo varovalno ograjo, padlo z viadukta okoli \u0161est metrov globoko in obstalo na boku. Re\u0161evalci so po\u0161kodovanega voznika, ki je iz vozila zlezel sam, prepeljali na zdravljenje. Prav tako v Ljubljani so re\u0161evali padlega v Ljubljanico in posredovali pri eksploziji.\" \/>\n<meta property=\"og:url\" content=\"https:\/\/hudo.com\/si\/aktualno\/slovenija\/na-ljubljanski-obvoznici-prebil-ograjo-padel-6-metrov-globoko-in-zlezel-iz-vozila\/\" \/>\n<meta property=\"og:site_name\" content=\"Hudo Slovenija\" \/>\n<meta property=\"article:publisher\" content=\"https:\/\/www.facebook.com\/hudo.si\" \/>\n<meta property=\"article:published_time\" content=\"2021-11-28T08:40:39+00:00\" \/>\n<meta property=\"article:modified_time\" content=\"2021-11-28T09:16:43+00:00\" \/>\n<meta property=\"og:image\" content=\"https:\/\/hudo.com\/si\/wp-content\/uploads\/sites\/2\/2021\/11\/20191113-00974007.jpg\" \/>\n\t<meta property=\"og:image:width\" content=\"640\" \/>\n\t<meta property=\"og:image:height\" content=\"426\" \/>\n\t<meta property=\"og:image:type\" content=\"image\/jpeg\" \/>\n<meta name=\"author\" content=\"A. P., STA\" \/>\n<meta name=\"twitter:card\" content=\"summary_large_image\" \/>\n<meta name=\"twitter:creator\" content=\"@hudo_si\" \/>\n<meta name=\"twitter:site\" content=\"@hudo_si\" \/>\n<meta name=\"twitter:label1\" content=\"Written by\" \/>\n\t<meta name=\"twitter:data1\" content=\"A. P., STA\" \/>\n\t<meta name=\"twitter:label2\" content=\"Est. reading time\" \/>\n\t<meta name=\"twitter:data2\" content=\"1 minuta\" \/>\n<script type=\"application\/ld+json\" class=\"yoast-schema-graph\">{\"@context\":\"https:\/\/schema.org\",\"@graph\":[{\"@type\":\"Article\",\"@id\":\"https:\/\/hudo.com\/si\/aktualno\/slovenija\/na-ljubljanski-obvoznici-prebil-ograjo-padel-6-metrov-globoko-in-zlezel-iz-vozila\/#article\",\"isPartOf\":{\"@id\":\"https:\/\/hudo.com\/si\/aktualno\/slovenija\/na-ljubljanski-obvoznici-prebil-ograjo-padel-6-metrov-globoko-in-zlezel-iz-vozila\/\"},\"author\":{\"name\":\"A. P., STA\",\"@id\":\"https:\/\/hudo.com\/si\/#\/schema\/person\/18f09c02475ba9e606e941a565b80cff\"},\"headline\":\"Na ljubljanski obvoznici prebil ograjo, padel 6 metrov globoko in zlezel iz vozila\",\"datePublished\":\"2021-11-28T08:40:39+00:00\",\"dateModified\":\"2021-11-28T09:16:43+00:00\",\"mainEntityOfPage\":{\"@id\":\"https:\/\/hudo.com\/si\/aktualno\/slovenija\/na-ljubljanski-obvoznici-prebil-ograjo-padel-6-metrov-globoko-in-zlezel-iz-vozila\/\"},\"wordCount\":200,\"publisher\":{\"@id\":\"https:\/\/hudo.com\/si\/#organization\"},\"keywords\":[\"Ljubljana\",\"prometna nesre\u010da\"],\"articleSection\":[\"Slovenija\"],\"inLanguage\":\"sl-SI\"},{\"@type\":\"WebPage\",\"@id\":\"https:\/\/hudo.com\/si\/aktualno\/slovenija\/na-ljubljanski-obvoznici-prebil-ograjo-padel-6-metrov-globoko-in-zlezel-iz-vozila\/\",\"url\":\"https:\/\/hudo.com\/si\/aktualno\/slovenija\/na-ljubljanski-obvoznici-prebil-ograjo-padel-6-metrov-globoko-in-zlezel-iz-vozila\/\",\"name\":\"Na ljubljanski obvoznici prebil ograjo, padel 6 metrov globoko in zlezel iz vozila - Hudo Slovenija\",\"isPartOf\":{\"@id\":\"https:\/\/hudo.com\/si\/#website\"},\"datePublished\":\"2021-11-28T08:40:39+00:00\",\"dateModified\":\"2021-11-28T09:16:43+00:00\",\"breadcrumb\":{\"@id\":\"https:\/\/hudo.com\/si\/aktualno\/slovenija\/na-ljubljanski-obvoznici-prebil-ograjo-padel-6-metrov-globoko-in-zlezel-iz-vozila\/#breadcrumb\"},\"inLanguage\":\"sl-SI\",\"potentialAction\":[{\"@type\":\"ReadAction\",\"target\":[\"https:\/\/hudo.com\/si\/aktualno\/slovenija\/na-ljubljanski-obvoznici-prebil-ograjo-padel-6-metrov-globoko-in-zlezel-iz-vozila\/\"]}]},{\"@type\":\"BreadcrumbList\",\"@id\":\"https:\/\/hudo.com\/si\/aktualno\/slovenija\/na-ljubljanski-obvoznici-prebil-ograjo-padel-6-metrov-globoko-in-zlezel-iz-vozila\/#breadcrumb\",\"itemListElement\":[{\"@type\":\"ListItem\",\"position\":1,\"name\":\"Home\",\"item\":\"https:\/\/hudo.com\/si\/\"},{\"@type\":\"ListItem\",\"position\":2,\"name\":\"Na ljubljanski obvoznici prebil ograjo, padel 6 metrov globoko in zlezel iz vozila\"}]},{\"@type\":\"WebSite\",\"@id\":\"https:\/\/hudo.com\/si\/#website\",\"url\":\"https:\/\/hudo.com\/si\/\",\"name\":\"Hudo Slovenija\",\"description\":\"Vse novice iz Slovenije in sveta\",\"publisher\":{\"@id\":\"https:\/\/hudo.com\/si\/#organization\"},\"potentialAction\":[{\"@type\":\"SearchAction\",\"target\":{\"@type\":\"EntryPoint\",\"urlTemplate\":\"https:\/\/hudo.com\/si\/?s={search_term_string}\"},\"query-input\":\"required name=search_term_string\"}],\"inLanguage\":\"sl-SI\"},{\"@type\":\"Organization\",\"@id\":\"https:\/\/hudo.com\/si\/#organization\",\"name\":\"VSN Media\",\"url\":\"https:\/\/hudo.com\/si\/\",\"logo\":{\"@type\":\"ImageObject\",\"inLanguage\":\"sl-SI\",\"@id\":\"https:\/\/hudo.com\/si\/#\/schema\/logo\/image\/\",\"url\":\"https:\/\/hudo.com\/si\/wp-content\/uploads\/sites\/2\/2021\/03\/hudo-app-2.png\",\"contentUrl\":\"https:\/\/hudo.com\/si\/wp-content\/uploads\/sites\/2\/2021\/03\/hudo-app-2.png\",\"width\":2185,\"height\":2167,\"caption\":\"VSN Media\"},\"image\":{\"@id\":\"https:\/\/hudo.com\/si\/#\/schema\/logo\/image\/\"},\"sameAs\":[\"https:\/\/www.facebook.com\/hudo.si\",\"https:\/\/twitter.com\/hudo_si\"]},{\"@type\":\"Person\",\"@id\":\"https:\/\/hudo.com\/si\/#\/schema\/person\/18f09c02475ba9e606e941a565b80cff\",\"name\":\"A. P., STA\",\"image\":{\"@type\":\"ImageObject\",\"inLanguage\":\"sl-SI\",\"@id\":\"https:\/\/hudo.com\/si\/#\/schema\/person\/image\/\",\"url\":\"https:\/\/secure.gravatar.com\/avatar\/03eac8e609f5f04383125d80eaeaaf3e?s=96&d=mm&r=g\",\"contentUrl\":\"https:\/\/secure.gravatar.com\/avatar\/03eac8e609f5f04383125d80eaeaaf3e?s=96&d=mm&r=g\",\"caption\":\"A. P., STA\"},\"url\":\"https:\/\/hudo.com\/si\/author\/lubu\/\"}]}<\/script>\n<!-- \/ Yoast SEO plugin. -->","yoast_head_json":{"title":"Na ljubljanski obvoznici prebil ograjo, padel 6 metrov globoko in zlezel iz vozila - Hudo Slovenija","robots":{"index":"index","follow":"follow","max-snippet":"max-snippet:-1","max-image-preview":"max-image-preview:large","max-video-preview":"max-video-preview:-1"},"canonical":"https:\/\/hudo.com\/si\/aktualno\/slovenija\/na-ljubljanski-obvoznici-prebil-ograjo-padel-6-metrov-globoko-in-zlezel-iz-vozila\/","og_locale":"sl_SI","og_type":"article","og_title":"Na ljubljanski obvoznici prebil ograjo, padel 6 metrov globoko in zlezel iz vozila - Hudo Slovenija","og_description":"Na ljubljanski obvoznici v razcepu Malence je v soboto zve\u010der kombinirano vozilo prebilo varovalno ograjo, padlo z viadukta okoli \u0161est metrov globoko in obstalo na boku. Re\u0161evalci so po\u0161kodovanega voznika, ki je iz vozila zlezel sam, prepeljali na zdravljenje. Prav tako v Ljubljani so re\u0161evali padlega v Ljubljanico in posredovali pri eksploziji.","og_url":"https:\/\/hudo.com\/si\/aktualno\/slovenija\/na-ljubljanski-obvoznici-prebil-ograjo-padel-6-metrov-globoko-in-zlezel-iz-vozila\/","og_site_name":"Hudo Slovenija","article_publisher":"https:\/\/www.facebook.com\/hudo.si","article_published_time":"2021-11-28T08:40:39+00:00","article_modified_time":"2021-11-28T09:16:43+00:00","og_image":[{"width":640,"height":426,"url":"https:\/\/hudo.com\/si\/wp-content\/uploads\/sites\/2\/2021\/11\/20191113-00974007.jpg","type":"image\/jpeg"}],"author":"A. P., STA","twitter_card":"summary_large_image","twitter_creator":"@hudo_si","twitter_site":"@hudo_si","twitter_misc":{"Written by":"A. P., STA","Est. reading time":"1 minuta"},"schema":{"@context":"https:\/\/schema.org","@graph":[{"@type":"Article","@id":"https:\/\/hudo.com\/si\/aktualno\/slovenija\/na-ljubljanski-obvoznici-prebil-ograjo-padel-6-metrov-globoko-in-zlezel-iz-vozila\/#article","isPartOf":{"@id":"https:\/\/hudo.com\/si\/aktualno\/slovenija\/na-ljubljanski-obvoznici-prebil-ograjo-padel-6-metrov-globoko-in-zlezel-iz-vozila\/"},"author":{"name":"A. P., STA","@id":"https:\/\/hudo.com\/si\/#\/schema\/person\/18f09c02475ba9e606e941a565b80cff"},"headline":"Na ljubljanski obvoznici prebil ograjo, padel 6 metrov globoko in zlezel iz vozila","datePublished":"2021-11-28T08:40:39+00:00","dateModified":"2021-11-28T09:16:43+00:00","mainEntityOfPage":{"@id":"https:\/\/hudo.com\/si\/aktualno\/slovenija\/na-ljubljanski-obvoznici-prebil-ograjo-padel-6-metrov-globoko-in-zlezel-iz-vozila\/"},"wordCount":200,"publisher":{"@id":"https:\/\/hudo.com\/si\/#organization"},"keywords":["Ljubljana","prometna nesre\u010da"],"articleSection":["Slovenija"],"inLanguage":"sl-SI"},{"@type":"WebPage","@id":"https:\/\/hudo.com\/si\/aktualno\/slovenija\/na-ljubljanski-obvoznici-prebil-ograjo-padel-6-metrov-globoko-in-zlezel-iz-vozila\/","url":"https:\/\/hudo.com\/si\/aktualno\/slovenija\/na-ljubljanski-obvoznici-prebil-ograjo-padel-6-metrov-globoko-in-zlezel-iz-vozila\/","name":"Na ljubljanski obvoznici prebil ograjo, padel 6 metrov globoko in zlezel iz vozila - Hudo Slovenija","isPartOf":{"@id":"https:\/\/hudo.com\/si\/#website"},"datePublished":"2021-11-28T08:40:39+00:00","dateModified":"2021-11-28T09:16:43+00:00","breadcrumb":{"@id":"https:\/\/hudo.com\/si\/aktualno\/slovenija\/na-ljubljanski-obvoznici-prebil-ograjo-padel-6-metrov-globoko-in-zlezel-iz-vozila\/#breadcrumb"},"inLanguage":"sl-SI","potentialAction":[{"@type":"ReadAction","target":["https:\/\/hudo.com\/si\/aktualno\/slovenija\/na-ljubljanski-obvoznici-prebil-ograjo-padel-6-metrov-globoko-in-zlezel-iz-vozila\/"]}]},{"@type":"BreadcrumbList","@id":"https:\/\/hudo.com\/si\/aktualno\/slovenija\/na-ljubljanski-obvoznici-prebil-ograjo-padel-6-metrov-globoko-in-zlezel-iz-vozila\/#breadcrumb","itemListElement":[{"@type":"ListItem","position":1,"name":"Home","item":"https:\/\/hudo.com\/si\/"},{"@type":"ListItem","position":2,"name":"Na ljubljanski obvoznici prebil ograjo, padel 6 metrov globoko in zlezel iz vozila"}]},{"@type":"WebSite","@id":"https:\/\/hudo.com\/si\/#website","url":"https:\/\/hudo.com\/si\/","name":"Hudo Slovenija","description":"Vse novice iz Slovenije in sveta","publisher":{"@id":"https:\/\/hudo.com\/si\/#organization"},"potentialAction":[{"@type":"SearchAction","target":{"@type":"EntryPoint","urlTemplate":"https:\/\/hudo.com\/si\/?s={search_term_string}"},"query-input":"required name=search_term_string"}],"inLanguage":"sl-SI"},{"@type":"Organization","@id":"https:\/\/hudo.com\/si\/#organization","name":"VSN Media","url":"https:\/\/hudo.com\/si\/","logo":{"@type":"ImageObject","inLanguage":"sl-SI","@id":"https:\/\/hudo.com\/si\/#\/schema\/logo\/image\/","url":"https:\/\/hudo.com\/si\/wp-content\/uploads\/sites\/2\/2021\/03\/hudo-app-2.png","contentUrl":"https:\/\/hudo.com\/si\/wp-content\/uploads\/sites\/2\/2021\/03\/hudo-app-2.png","width":2185,"height":2167,"caption":"VSN Media"},"image":{"@id":"https:\/\/hudo.com\/si\/#\/schema\/logo\/image\/"},"sameAs":["https:\/\/www.facebook.com\/hudo.si","https:\/\/twitter.com\/hudo_si"]},{"@type":"Person","@id":"https:\/\/hudo.com\/si\/#\/schema\/person\/18f09c02475ba9e606e941a565b80cff","name":"A. P., STA","image":{"@type":"ImageObject","inLanguage":"sl-SI","@id":"https:\/\/hudo.com\/si\/#\/schema\/person\/image\/","url":"https:\/\/secure.gravatar.com\/avatar\/03eac8e609f5f04383125d80eaeaaf3e?s=96&d=mm&r=g","contentUrl":"https:\/\/secure.gravatar.com\/avatar\/03eac8e609f5f04383125d80eaeaaf3e?s=96&d=mm&r=g","caption":"A. P., STA"},"url":"https:\/\/hudo.com\/si\/author\/lubu\/"}]}},"amp_enabled":true,"_links":{"self":[{"href":"https:\/\/hudo.com\/si\/wp-json\/wp\/v2\/posts\/461746"}],"collection":[{"href":"https:\/\/hudo.com\/si\/wp-json\/wp\/v2\/posts"}],"about":[{"href":"https:\/\/hudo.com\/si\/wp-json\/wp\/v2\/types\/post"}],"author":[{"embeddable":true,"href":"https:\/\/hudo.com\/si\/wp-json\/wp\/v2\/users\/7"}],"replies":[{"embeddable":true,"href":"https:\/\/hudo.com\/si\/wp-json\/wp\/v2\/comments?post=461746"}],"version-history":[{"count":1,"href":"https:\/\/hudo.com\/si\/wp-json\/wp\/v2\/posts\/461746\/revisions"}],"predecessor-version":[{"id":461748,"href":"https:\/\/hudo.com\/si\/wp-json\/wp\/v2\/posts\/461746\/revisions\/461748"}],"wp:featuredmedia":[{"embeddable":true,"href":"https:\/\/hudo.com\/si\/wp-json\/wp\/v2\/media\/461747"}],"wp:attachment":[{"href":"https:\/\/hudo.com\/si\/wp-json\/wp\/v2\/media?parent=461746"}],"wp:term":[{"taxonomy":"category","embeddable":true,"href":"https:\/\/hudo.com\/si\/wp-json\/wp\/v2\/categories?post=461746"},{"taxonomy":"post_tag","embeddable":true,"href":"https:\/\/hudo.com\/si\/wp-json\/wp\/v2\/tags?post=461746"},{"taxonomy":"source","embeddable":true,"href":"https:\/\/hudo.com\/si\/wp-json\/wp\/v2\/source?post=461746"},{"taxonomy":"supertag","embeddable":true,"href":"https:\/\/hudo.com\/si\/wp-json\/wp\/v2\/supertag?post=461746"}],"curies":[{"name":"wp","href":"https:\/\/api.w.org\/{rel}","templated":true}]}}