{"id":461879,"date":"2021-12-01T09:36:57","date_gmt":"2021-12-01T08:36:57","guid":{"rendered":"https:\/\/hudo.com\/si\/?p=461879"},"modified":"2021-12-01T09:36:57","modified_gmt":"2021-12-01T08:36:57","slug":"britanski-dvor-pretresa-nov-skandal-v-katerega-je-tokrat-vpleten-princ-charles-oglasila-se-je-tudi-rezidenca","status":"publish","type":"post","link":"https:\/\/hudo.com\/si\/vip\/britanski-dvor-pretresa-nov-skandal-v-katerega-je-tokrat-vpleten-princ-charles-oglasila-se-je-tudi-rezidenca\/","title":{"rendered":"Britanski dvor pretresa nov \u0161kandal, v katerega je tokrat vpleten princ Charles: Oglasila se je tudi rezidenca"},"content":{"rendered":"<p>Od izpovedi princa Harryja in Meghan Markle legendarni Oprah Winfrey je minilo devet mesecev, njune besede pa \u0161e vedno odmevajo po svetu. Spomnimo, par je ob tej prilo\u017enosti odkril, da je eden od dru\u017einskih \u010dlanov med \u010dakanjem na rojstvo Archieja vojvodi Susse\u0161kemu povedal, da ga &#8220;skrbi&#8221; barva ko\u017ee njegovega bodo\u010dega otroka.<\/p>\n<p>Ta zgodba je spet aktualna po zaslugi ameri\u0161kega novinarja Christopherja Andersena, ki je v svoji novi knjigi &#8220;Brothers And Wives: Inside The Private Lives of William, Kate, Harry and Meghan&#8221; rasisti\u010dnega izbruha obto\u017eil nikogar drugega kot Harryjevega o\u010deta.<\/p>\n<p>&#8220;27. novembra 2017 ob 5. uri zjutraj je bila objavljena zaroka princa Harryja in Meghan Markle. Nekaj ur pozneje je princ Charles sedel k zajtrku in svoji \u017eeni Camilli rekel: &#8216;Zanima me, kako bodo videti njuni otroci.'&#8221;<\/p>\n<figure id=\"attachment_421462\" aria-describedby=\"caption-attachment-421462\" style=\"width: 901px\" class=\"wp-caption alignnone\"><a href=\"https:\/\/hudo.com\/si\/wp-content\/uploads\/sites\/2\/2020\/04\/profimedia-0454968817.jpg\"><img loading=\"lazy\" decoding=\"async\" class=\"size-full wp-image-421462\" src=\"https:\/\/hudo.com\/si\/wp-content\/uploads\/sites\/2\/2020\/04\/profimedia-0454968817.jpg\" alt=\"\" width=\"901\" height=\"901\" srcset=\"https:\/\/hudo.com\/si\/wp-content\/uploads\/sites\/2\/2020\/04\/profimedia-0454968817.jpg 901w, https:\/\/hudo.com\/si\/wp-content\/uploads\/sites\/2\/2020\/04\/profimedia-0454968817-300x300.jpg 300w, https:\/\/hudo.com\/si\/wp-content\/uploads\/sites\/2\/2020\/04\/profimedia-0454968817-150x150.jpg 150w, https:\/\/hudo.com\/si\/wp-content\/uploads\/sites\/2\/2020\/04\/profimedia-0454968817-768x768.jpg 768w, https:\/\/hudo.com\/si\/wp-content\/uploads\/sites\/2\/2020\/04\/profimedia-0454968817-600x600.jpg 600w, https:\/\/hudo.com\/si\/wp-content\/uploads\/sites\/2\/2020\/04\/profimedia-0454968817-60x60.jpg 60w\" sizes=\"(max-width: 901px) 100vw, 901px\" \/><\/a><figcaption id=\"caption-attachment-421462\" class=\"wp-caption-text\">Foto: Profimedia<\/figcaption><\/figure>\n<p>&nbsp;<\/p>\n<p>Camilla je bila nad vpra\u0161anjem nekoliko presene\u010dena in odgovorila: &#8220;Prepri\u010dana sem, da bodo absolutno prekrasni.&#8221;<\/p>\n<p>Charles je zni\u017eal ton glasu in \u0161e enkrat vpra\u0161al: &#8220;Mislim, kak\u0161na bo polt njunih otrok?&#8221;<\/p>\n<p>Ta pogovor je del knjige, ki je iz\u0161la 30. novembra.<\/p>\n<p>Tiskovni predstavnik princa Charlesa je avtorjeve navedbe ostro zanikal in poudaril, da je to fikcija, ki ni vredna komentiranja.<\/p>\n","protected":false},"excerpt":{"rendered":"<p>Sin Meghan in Harryja je dru\u017einske odnose zapletel \u0161e preden se je rodil.<\/p>\n","protected":false},"author":6,"featured_media":461898,"comment_status":"closed","ping_status":"closed","sticky":false,"template":"","format":"standard","meta":{"footnotes":""},"categories":[1093],"tags":[4405,5157],"source":[4511],"supertag":[],"acf":[],"yoast_head":"<!-- This site is optimized with the Yoast SEO plugin v21.3 - https:\/\/yoast.com\/wordpress\/plugins\/seo\/ -->\n<title>Britanski dvor pretresa nov \u0161kandal, v katerega je tokrat vpleten princ Charles: Oglasila se je tudi rezidenca - Hudo Slovenija<\/title>\n<meta name=\"robots\" content=\"index, follow, max-snippet:-1, max-image-preview:large, max-video-preview:-1\" \/>\n<link rel=\"canonical\" href=\"https:\/\/hudo.com\/si\/vip\/britanski-dvor-pretresa-nov-skandal-v-katerega-je-tokrat-vpleten-princ-charles-oglasila-se-je-tudi-rezidenca\/\" \/>\n<meta property=\"og:locale\" content=\"sl_SI\" \/>\n<meta property=\"og:type\" content=\"article\" \/>\n<meta property=\"og:title\" content=\"Britanski dvor pretresa nov \u0161kandal, v katerega je tokrat vpleten princ Charles: Oglasila se je tudi rezidenca - Hudo Slovenija\" \/>\n<meta property=\"og:description\" content=\"Sin Meghan in Harryja je dru\u017einske odnose zapletel \u0161e preden se je rodil.\" \/>\n<meta property=\"og:url\" content=\"https:\/\/hudo.com\/si\/vip\/britanski-dvor-pretresa-nov-skandal-v-katerega-je-tokrat-vpleten-princ-charles-oglasila-se-je-tudi-rezidenca\/\" \/>\n<meta property=\"og:site_name\" content=\"Hudo Slovenija\" \/>\n<meta property=\"article:publisher\" content=\"https:\/\/www.facebook.com\/hudo.si\" \/>\n<meta property=\"article:published_time\" content=\"2021-12-01T08:36:57+00:00\" \/>\n<meta property=\"og:image\" content=\"https:\/\/hudo.com\/si\/wp-content\/uploads\/sites\/2\/2021\/12\/Screenshot-from-2021-12-01-09-33-49.jpg\" \/>\n\t<meta property=\"og:image:width\" content=\"540\" \/>\n\t<meta property=\"og:image:height\" content=\"610\" \/>\n\t<meta property=\"og:image:type\" content=\"image\/jpeg\" \/>\n<meta name=\"author\" content=\"A. G.\" \/>\n<meta name=\"twitter:card\" content=\"summary_large_image\" \/>\n<meta name=\"twitter:creator\" content=\"@hudo_si\" \/>\n<meta name=\"twitter:site\" content=\"@hudo_si\" \/>\n<meta name=\"twitter:label1\" content=\"Written by\" \/>\n\t<meta name=\"twitter:data1\" content=\"A. G.\" \/>\n\t<meta name=\"twitter:label2\" content=\"Est. reading time\" \/>\n\t<meta name=\"twitter:data2\" content=\"1 minuta\" \/>\n<script type=\"application\/ld+json\" class=\"yoast-schema-graph\">{\"@context\":\"https:\/\/schema.org\",\"@graph\":[{\"@type\":\"Article\",\"@id\":\"https:\/\/hudo.com\/si\/vip\/britanski-dvor-pretresa-nov-skandal-v-katerega-je-tokrat-vpleten-princ-charles-oglasila-se-je-tudi-rezidenca\/#article\",\"isPartOf\":{\"@id\":\"https:\/\/hudo.com\/si\/vip\/britanski-dvor-pretresa-nov-skandal-v-katerega-je-tokrat-vpleten-princ-charles-oglasila-se-je-tudi-rezidenca\/\"},\"author\":{\"name\":\"A. G.\",\"@id\":\"https:\/\/hudo.com\/si\/#\/schema\/person\/f95639a66e0dd2c682b0568634e85b8b\"},\"headline\":\"Britanski dvor pretresa nov \u0161kandal, v katerega je tokrat vpleten princ Charles: Oglasila se je tudi rezidenca\",\"datePublished\":\"2021-12-01T08:36:57+00:00\",\"dateModified\":\"2021-12-01T08:36:57+00:00\",\"mainEntityOfPage\":{\"@id\":\"https:\/\/hudo.com\/si\/vip\/britanski-dvor-pretresa-nov-skandal-v-katerega-je-tokrat-vpleten-princ-charles-oglasila-se-je-tudi-rezidenca\/\"},\"wordCount\":225,\"publisher\":{\"@id\":\"https:\/\/hudo.com\/si\/#organization\"},\"keywords\":[\"princ Charles\",\"rasizem\"],\"articleSection\":[\"VIP\"],\"inLanguage\":\"sl-SI\"},{\"@type\":\"WebPage\",\"@id\":\"https:\/\/hudo.com\/si\/vip\/britanski-dvor-pretresa-nov-skandal-v-katerega-je-tokrat-vpleten-princ-charles-oglasila-se-je-tudi-rezidenca\/\",\"url\":\"https:\/\/hudo.com\/si\/vip\/britanski-dvor-pretresa-nov-skandal-v-katerega-je-tokrat-vpleten-princ-charles-oglasila-se-je-tudi-rezidenca\/\",\"name\":\"Britanski dvor pretresa nov \u0161kandal, v katerega je tokrat vpleten princ Charles: Oglasila se je tudi rezidenca - Hudo Slovenija\",\"isPartOf\":{\"@id\":\"https:\/\/hudo.com\/si\/#website\"},\"datePublished\":\"2021-12-01T08:36:57+00:00\",\"dateModified\":\"2021-12-01T08:36:57+00:00\",\"breadcrumb\":{\"@id\":\"https:\/\/hudo.com\/si\/vip\/britanski-dvor-pretresa-nov-skandal-v-katerega-je-tokrat-vpleten-princ-charles-oglasila-se-je-tudi-rezidenca\/#breadcrumb\"},\"inLanguage\":\"sl-SI\",\"potentialAction\":[{\"@type\":\"ReadAction\",\"target\":[\"https:\/\/hudo.com\/si\/vip\/britanski-dvor-pretresa-nov-skandal-v-katerega-je-tokrat-vpleten-princ-charles-oglasila-se-je-tudi-rezidenca\/\"]}]},{\"@type\":\"BreadcrumbList\",\"@id\":\"https:\/\/hudo.com\/si\/vip\/britanski-dvor-pretresa-nov-skandal-v-katerega-je-tokrat-vpleten-princ-charles-oglasila-se-je-tudi-rezidenca\/#breadcrumb\",\"itemListElement\":[{\"@type\":\"ListItem\",\"position\":1,\"name\":\"Home\",\"item\":\"https:\/\/hudo.com\/si\/\"},{\"@type\":\"ListItem\",\"position\":2,\"name\":\"Britanski dvor pretresa nov \u0161kandal, v katerega je tokrat vpleten princ Charles: Oglasila se je tudi rezidenca\"}]},{\"@type\":\"WebSite\",\"@id\":\"https:\/\/hudo.com\/si\/#website\",\"url\":\"https:\/\/hudo.com\/si\/\",\"name\":\"Hudo Slovenija\",\"description\":\"Vse novice iz Slovenije in sveta\",\"publisher\":{\"@id\":\"https:\/\/hudo.com\/si\/#organization\"},\"potentialAction\":[{\"@type\":\"SearchAction\",\"target\":{\"@type\":\"EntryPoint\",\"urlTemplate\":\"https:\/\/hudo.com\/si\/?s={search_term_string}\"},\"query-input\":\"required name=search_term_string\"}],\"inLanguage\":\"sl-SI\"},{\"@type\":\"Organization\",\"@id\":\"https:\/\/hudo.com\/si\/#organization\",\"name\":\"VSN Media\",\"url\":\"https:\/\/hudo.com\/si\/\",\"logo\":{\"@type\":\"ImageObject\",\"inLanguage\":\"sl-SI\",\"@id\":\"https:\/\/hudo.com\/si\/#\/schema\/logo\/image\/\",\"url\":\"https:\/\/hudo.com\/si\/wp-content\/uploads\/sites\/2\/2021\/03\/hudo-app-2.png\",\"contentUrl\":\"https:\/\/hudo.com\/si\/wp-content\/uploads\/sites\/2\/2021\/03\/hudo-app-2.png\",\"width\":2185,\"height\":2167,\"caption\":\"VSN Media\"},\"image\":{\"@id\":\"https:\/\/hudo.com\/si\/#\/schema\/logo\/image\/\"},\"sameAs\":[\"https:\/\/www.facebook.com\/hudo.si\",\"https:\/\/twitter.com\/hudo_si\"]},{\"@type\":\"Person\",\"@id\":\"https:\/\/hudo.com\/si\/#\/schema\/person\/f95639a66e0dd2c682b0568634e85b8b\",\"name\":\"A. G.\",\"image\":{\"@type\":\"ImageObject\",\"inLanguage\":\"sl-SI\",\"@id\":\"https:\/\/hudo.com\/si\/#\/schema\/person\/image\/\",\"url\":\"https:\/\/secure.gravatar.com\/avatar\/9f44de561c70d5d80348d3ed0f4b142d?s=96&d=mm&r=g\",\"contentUrl\":\"https:\/\/secure.gravatar.com\/avatar\/9f44de561c70d5d80348d3ed0f4b142d?s=96&d=mm&r=g\",\"caption\":\"A. G.\"},\"url\":\"https:\/\/hudo.com\/si\/author\/alenkagrmek\/\"}]}<\/script>\n<!-- \/ Yoast SEO plugin. -->","yoast_head_json":{"title":"Britanski dvor pretresa nov \u0161kandal, v katerega je tokrat vpleten princ Charles: Oglasila se je tudi rezidenca - Hudo Slovenija","robots":{"index":"index","follow":"follow","max-snippet":"max-snippet:-1","max-image-preview":"max-image-preview:large","max-video-preview":"max-video-preview:-1"},"canonical":"https:\/\/hudo.com\/si\/vip\/britanski-dvor-pretresa-nov-skandal-v-katerega-je-tokrat-vpleten-princ-charles-oglasila-se-je-tudi-rezidenca\/","og_locale":"sl_SI","og_type":"article","og_title":"Britanski dvor pretresa nov \u0161kandal, v katerega je tokrat vpleten princ Charles: Oglasila se je tudi rezidenca - Hudo Slovenija","og_description":"Sin Meghan in Harryja je dru\u017einske odnose zapletel \u0161e preden se je rodil.","og_url":"https:\/\/hudo.com\/si\/vip\/britanski-dvor-pretresa-nov-skandal-v-katerega-je-tokrat-vpleten-princ-charles-oglasila-se-je-tudi-rezidenca\/","og_site_name":"Hudo Slovenija","article_publisher":"https:\/\/www.facebook.com\/hudo.si","article_published_time":"2021-12-01T08:36:57+00:00","og_image":[{"width":540,"height":610,"url":"https:\/\/hudo.com\/si\/wp-content\/uploads\/sites\/2\/2021\/12\/Screenshot-from-2021-12-01-09-33-49.jpg","type":"image\/jpeg"}],"author":"A. G.","twitter_card":"summary_large_image","twitter_creator":"@hudo_si","twitter_site":"@hudo_si","twitter_misc":{"Written by":"A. G.","Est. reading time":"1 minuta"},"schema":{"@context":"https:\/\/schema.org","@graph":[{"@type":"Article","@id":"https:\/\/hudo.com\/si\/vip\/britanski-dvor-pretresa-nov-skandal-v-katerega-je-tokrat-vpleten-princ-charles-oglasila-se-je-tudi-rezidenca\/#article","isPartOf":{"@id":"https:\/\/hudo.com\/si\/vip\/britanski-dvor-pretresa-nov-skandal-v-katerega-je-tokrat-vpleten-princ-charles-oglasila-se-je-tudi-rezidenca\/"},"author":{"name":"A. G.","@id":"https:\/\/hudo.com\/si\/#\/schema\/person\/f95639a66e0dd2c682b0568634e85b8b"},"headline":"Britanski dvor pretresa nov \u0161kandal, v katerega je tokrat vpleten princ Charles: Oglasila se je tudi rezidenca","datePublished":"2021-12-01T08:36:57+00:00","dateModified":"2021-12-01T08:36:57+00:00","mainEntityOfPage":{"@id":"https:\/\/hudo.com\/si\/vip\/britanski-dvor-pretresa-nov-skandal-v-katerega-je-tokrat-vpleten-princ-charles-oglasila-se-je-tudi-rezidenca\/"},"wordCount":225,"publisher":{"@id":"https:\/\/hudo.com\/si\/#organization"},"keywords":["princ Charles","rasizem"],"articleSection":["VIP"],"inLanguage":"sl-SI"},{"@type":"WebPage","@id":"https:\/\/hudo.com\/si\/vip\/britanski-dvor-pretresa-nov-skandal-v-katerega-je-tokrat-vpleten-princ-charles-oglasila-se-je-tudi-rezidenca\/","url":"https:\/\/hudo.com\/si\/vip\/britanski-dvor-pretresa-nov-skandal-v-katerega-je-tokrat-vpleten-princ-charles-oglasila-se-je-tudi-rezidenca\/","name":"Britanski dvor pretresa nov \u0161kandal, v katerega je tokrat vpleten princ Charles: Oglasila se je tudi rezidenca - Hudo Slovenija","isPartOf":{"@id":"https:\/\/hudo.com\/si\/#website"},"datePublished":"2021-12-01T08:36:57+00:00","dateModified":"2021-12-01T08:36:57+00:00","breadcrumb":{"@id":"https:\/\/hudo.com\/si\/vip\/britanski-dvor-pretresa-nov-skandal-v-katerega-je-tokrat-vpleten-princ-charles-oglasila-se-je-tudi-rezidenca\/#breadcrumb"},"inLanguage":"sl-SI","potentialAction":[{"@type":"ReadAction","target":["https:\/\/hudo.com\/si\/vip\/britanski-dvor-pretresa-nov-skandal-v-katerega-je-tokrat-vpleten-princ-charles-oglasila-se-je-tudi-rezidenca\/"]}]},{"@type":"BreadcrumbList","@id":"https:\/\/hudo.com\/si\/vip\/britanski-dvor-pretresa-nov-skandal-v-katerega-je-tokrat-vpleten-princ-charles-oglasila-se-je-tudi-rezidenca\/#breadcrumb","itemListElement":[{"@type":"ListItem","position":1,"name":"Home","item":"https:\/\/hudo.com\/si\/"},{"@type":"ListItem","position":2,"name":"Britanski dvor pretresa nov \u0161kandal, v katerega je tokrat vpleten princ Charles: Oglasila se je tudi rezidenca"}]},{"@type":"WebSite","@id":"https:\/\/hudo.com\/si\/#website","url":"https:\/\/hudo.com\/si\/","name":"Hudo Slovenija","description":"Vse novice iz Slovenije in sveta","publisher":{"@id":"https:\/\/hudo.com\/si\/#organization"},"potentialAction":[{"@type":"SearchAction","target":{"@type":"EntryPoint","urlTemplate":"https:\/\/hudo.com\/si\/?s={search_term_string}"},"query-input":"required name=search_term_string"}],"inLanguage":"sl-SI"},{"@type":"Organization","@id":"https:\/\/hudo.com\/si\/#organization","name":"VSN Media","url":"https:\/\/hudo.com\/si\/","logo":{"@type":"ImageObject","inLanguage":"sl-SI","@id":"https:\/\/hudo.com\/si\/#\/schema\/logo\/image\/","url":"https:\/\/hudo.com\/si\/wp-content\/uploads\/sites\/2\/2021\/03\/hudo-app-2.png","contentUrl":"https:\/\/hudo.com\/si\/wp-content\/uploads\/sites\/2\/2021\/03\/hudo-app-2.png","width":2185,"height":2167,"caption":"VSN Media"},"image":{"@id":"https:\/\/hudo.com\/si\/#\/schema\/logo\/image\/"},"sameAs":["https:\/\/www.facebook.com\/hudo.si","https:\/\/twitter.com\/hudo_si"]},{"@type":"Person","@id":"https:\/\/hudo.com\/si\/#\/schema\/person\/f95639a66e0dd2c682b0568634e85b8b","name":"A. G.","image":{"@type":"ImageObject","inLanguage":"sl-SI","@id":"https:\/\/hudo.com\/si\/#\/schema\/person\/image\/","url":"https:\/\/secure.gravatar.com\/avatar\/9f44de561c70d5d80348d3ed0f4b142d?s=96&d=mm&r=g","contentUrl":"https:\/\/secure.gravatar.com\/avatar\/9f44de561c70d5d80348d3ed0f4b142d?s=96&d=mm&r=g","caption":"A. G."},"url":"https:\/\/hudo.com\/si\/author\/alenkagrmek\/"}]}},"amp_enabled":true,"_links":{"self":[{"href":"https:\/\/hudo.com\/si\/wp-json\/wp\/v2\/posts\/461879"}],"collection":[{"href":"https:\/\/hudo.com\/si\/wp-json\/wp\/v2\/posts"}],"about":[{"href":"https:\/\/hudo.com\/si\/wp-json\/wp\/v2\/types\/post"}],"author":[{"embeddable":true,"href":"https:\/\/hudo.com\/si\/wp-json\/wp\/v2\/users\/6"}],"replies":[{"embeddable":true,"href":"https:\/\/hudo.com\/si\/wp-json\/wp\/v2\/comments?post=461879"}],"version-history":[{"count":4,"href":"https:\/\/hudo.com\/si\/wp-json\/wp\/v2\/posts\/461879\/revisions"}],"predecessor-version":[{"id":461899,"href":"https:\/\/hudo.com\/si\/wp-json\/wp\/v2\/posts\/461879\/revisions\/461899"}],"wp:featuredmedia":[{"embeddable":true,"href":"https:\/\/hudo.com\/si\/wp-json\/wp\/v2\/media\/461898"}],"wp:attachment":[{"href":"https:\/\/hudo.com\/si\/wp-json\/wp\/v2\/media?parent=461879"}],"wp:term":[{"taxonomy":"category","embeddable":true,"href":"https:\/\/hudo.com\/si\/wp-json\/wp\/v2\/categories?post=461879"},{"taxonomy":"post_tag","embeddable":true,"href":"https:\/\/hudo.com\/si\/wp-json\/wp\/v2\/tags?post=461879"},{"taxonomy":"source","embeddable":true,"href":"https:\/\/hudo.com\/si\/wp-json\/wp\/v2\/source?post=461879"},{"taxonomy":"supertag","embeddable":true,"href":"https:\/\/hudo.com\/si\/wp-json\/wp\/v2\/supertag?post=461879"}],"curies":[{"name":"wp","href":"https:\/\/api.w.org\/{rel}","templated":true}]}}