{"id":462023,"date":"2021-12-03T12:19:39","date_gmt":"2021-12-03T11:19:39","guid":{"rendered":"https:\/\/hudo.com\/si\/?p=462023"},"modified":"2021-12-03T12:31:15","modified_gmt":"2021-12-03T11:31:15","slug":"dosedanji-avstrijski-notranji-minister-karl-nehammer-danes-imenovn-za-novega-predsednika-ovp","status":"publish","type":"post","link":"https:\/\/hudo.com\/si\/aktualno\/svet\/dosedanji-avstrijski-notranji-minister-karl-nehammer-danes-imenovn-za-novega-predsednika-ovp\/","title":{"rendered":"Dosedanji avstrijski notranji minister Karl Nehammer danes imenovan za novega predsednika \u00d6VP kmalu bo postal tudi novi kancler"},"content":{"rendered":"<p>Po navedbah APA so se de\u017eelni glavarji iz vrst \u00d6VP \u017ee v \u010detrtek zve\u010der dogovorili o tem, da bo Nehammer na polo\u017eaju predsednika stranke nasledil Sebastiana Kurza in na kanclerskem polo\u017eaju Alexandra Schallenberga. Avstrijski predsednik Alexander Van der Bellen naj bi ga tako predvidoma \u017ee prihodnji teden zaprisegel na polo\u017eaj novega kanclerja.<\/p>\n<p>Podpredsednik koalicijskih Zelenih, podkancler Werner Kogler, je \u0161e pred imenovanjem Nehammerja za novega predsednika ljudske stranke ocenil, da ta predstavlja &#8220;odli\u010dno osnovo&#8221; za nadaljevanje dela koalicijske vlade med \u00d6VP in Zelenimi.<\/p>\n<p>35-letni Kurz, ki je pred kratkim prvi\u010d postal o\u010de, je v \u010detrtek sporo\u010dil, da se po desetih letih umika iz politike in da bo sedaj \u010das namenil dru\u017eini.<\/p>\n<p>\u0160e isti dan je odstop s kanclerskega polo\u017eaja ponudil njegov naslednik Schallenberg. Odstop je utemeljil z besedami, da ni bil nikoli njegov namen in niti cilj, da bi prevzel vodenje stranke. Zavzel se je, da bi bil kancler in predsednik stranke ena oseba.<\/p>\n<p>Schallenberg ni pojasnil, ali se \u017eeli vrniti na \u010delo zunanjega ministrstva, kjer je bil, preden je prevzel vodenje avstrijske vlade. Sledil je tudi odstop finan\u010dnega ministra Gernota Bl\u00fcmela, ki velja za tesnega zaupnika Kurza.<\/p>\n","protected":false},"excerpt":{"rendered":"<p>Predsedstvo avstrijske ljudske stranke \u00d6VP je dosedanjega notranjega ministra Karla Nehammerja danes imenovalo za novega predsednika stranke. Nehammer je s tem postal tudi kandidat za novega kanclerja. Podrobnosti o novi sestavi vlade naj bi Nehammer sporo\u010dil na novinarski konferenci, poro\u010da avstrijska tiskovna agencija APA.<\/p>\n","protected":false},"author":8,"featured_media":181546,"comment_status":"closed","ping_status":"closed","sticky":false,"template":"","format":"standard","meta":{"footnotes":""},"categories":[18202],"tags":[1934,17379],"source":[4511],"supertag":[],"acf":[],"yoast_head":"<!-- This site is optimized with the Yoast SEO plugin v21.3 - https:\/\/yoast.com\/wordpress\/plugins\/seo\/ -->\n<title>Dosedanji avstrijski notranji minister Karl Nehammer danes imenovan za novega predsednika \u00d6VP kmalu bo postal tudi novi kancler - Hudo Slovenija<\/title>\n<meta name=\"robots\" content=\"index, follow, max-snippet:-1, max-image-preview:large, max-video-preview:-1\" \/>\n<link rel=\"canonical\" href=\"https:\/\/hudo.com\/si\/aktualno\/svet\/dosedanji-avstrijski-notranji-minister-karl-nehammer-danes-imenovn-za-novega-predsednika-ovp\/\" \/>\n<meta property=\"og:locale\" content=\"sl_SI\" \/>\n<meta property=\"og:type\" content=\"article\" \/>\n<meta property=\"og:title\" content=\"Dosedanji avstrijski notranji minister Karl Nehammer danes imenovan za novega predsednika \u00d6VP kmalu bo postal tudi novi kancler - Hudo Slovenija\" \/>\n<meta property=\"og:description\" content=\"Predsedstvo avstrijske ljudske stranke \u00d6VP je dosedanjega notranjega ministra Karla Nehammerja danes imenovalo za novega predsednika stranke. Nehammer je s tem postal tudi kandidat za novega kanclerja. Podrobnosti o novi sestavi vlade naj bi Nehammer sporo\u010dil na novinarski konferenci, poro\u010da avstrijska tiskovna agencija APA.\" \/>\n<meta property=\"og:url\" content=\"https:\/\/hudo.com\/si\/aktualno\/svet\/dosedanji-avstrijski-notranji-minister-karl-nehammer-danes-imenovn-za-novega-predsednika-ovp\/\" \/>\n<meta property=\"og:site_name\" content=\"Hudo Slovenija\" \/>\n<meta property=\"article:publisher\" content=\"https:\/\/www.facebook.com\/hudo.si\" \/>\n<meta property=\"article:published_time\" content=\"2021-12-03T11:19:39+00:00\" \/>\n<meta property=\"article:modified_time\" content=\"2021-12-03T11:31:15+00:00\" \/>\n<meta property=\"og:image\" content=\"https:\/\/hudo.com\/si\/wp-content\/uploads\/sites\/2\/2016\/12\/profimedia-0273643054.jpg\" \/>\n\t<meta property=\"og:image:width\" content=\"1250\" \/>\n\t<meta property=\"og:image:height\" content=\"833\" \/>\n\t<meta property=\"og:image:type\" content=\"image\/jpeg\" \/>\n<meta name=\"author\" content=\"M. N., STA\" \/>\n<meta name=\"twitter:card\" content=\"summary_large_image\" \/>\n<meta name=\"twitter:creator\" content=\"@hudo_si\" \/>\n<meta name=\"twitter:site\" content=\"@hudo_si\" \/>\n<meta name=\"twitter:label1\" content=\"Written by\" \/>\n\t<meta name=\"twitter:data1\" content=\"M. N., STA\" \/>\n\t<meta name=\"twitter:label2\" content=\"Est. reading time\" \/>\n\t<meta name=\"twitter:data2\" content=\"1 minuta\" \/>\n<script type=\"application\/ld+json\" class=\"yoast-schema-graph\">{\"@context\":\"https:\/\/schema.org\",\"@graph\":[{\"@type\":\"Article\",\"@id\":\"https:\/\/hudo.com\/si\/aktualno\/svet\/dosedanji-avstrijski-notranji-minister-karl-nehammer-danes-imenovn-za-novega-predsednika-ovp\/#article\",\"isPartOf\":{\"@id\":\"https:\/\/hudo.com\/si\/aktualno\/svet\/dosedanji-avstrijski-notranji-minister-karl-nehammer-danes-imenovn-za-novega-predsednika-ovp\/\"},\"author\":{\"name\":\"M. N., STA\",\"@id\":\"https:\/\/hudo.com\/si\/#\/schema\/person\/c2f10ce65d2e6ede2aeda5be2a0611fa\"},\"headline\":\"Dosedanji avstrijski notranji minister Karl Nehammer danes imenovan za novega predsednika \u00d6VP kmalu bo postal tudi novi kancler\",\"datePublished\":\"2021-12-03T11:19:39+00:00\",\"dateModified\":\"2021-12-03T11:31:15+00:00\",\"mainEntityOfPage\":{\"@id\":\"https:\/\/hudo.com\/si\/aktualno\/svet\/dosedanji-avstrijski-notranji-minister-karl-nehammer-danes-imenovn-za-novega-predsednika-ovp\/\"},\"wordCount\":218,\"publisher\":{\"@id\":\"https:\/\/hudo.com\/si\/#organization\"},\"keywords\":[\"Avstrija\",\"karl nehammer\"],\"articleSection\":[\"Svet\"],\"inLanguage\":\"sl-SI\"},{\"@type\":\"WebPage\",\"@id\":\"https:\/\/hudo.com\/si\/aktualno\/svet\/dosedanji-avstrijski-notranji-minister-karl-nehammer-danes-imenovn-za-novega-predsednika-ovp\/\",\"url\":\"https:\/\/hudo.com\/si\/aktualno\/svet\/dosedanji-avstrijski-notranji-minister-karl-nehammer-danes-imenovn-za-novega-predsednika-ovp\/\",\"name\":\"Dosedanji avstrijski notranji minister Karl Nehammer danes imenovan za novega predsednika \u00d6VP kmalu bo postal tudi novi kancler - Hudo Slovenija\",\"isPartOf\":{\"@id\":\"https:\/\/hudo.com\/si\/#website\"},\"datePublished\":\"2021-12-03T11:19:39+00:00\",\"dateModified\":\"2021-12-03T11:31:15+00:00\",\"breadcrumb\":{\"@id\":\"https:\/\/hudo.com\/si\/aktualno\/svet\/dosedanji-avstrijski-notranji-minister-karl-nehammer-danes-imenovn-za-novega-predsednika-ovp\/#breadcrumb\"},\"inLanguage\":\"sl-SI\",\"potentialAction\":[{\"@type\":\"ReadAction\",\"target\":[\"https:\/\/hudo.com\/si\/aktualno\/svet\/dosedanji-avstrijski-notranji-minister-karl-nehammer-danes-imenovn-za-novega-predsednika-ovp\/\"]}]},{\"@type\":\"BreadcrumbList\",\"@id\":\"https:\/\/hudo.com\/si\/aktualno\/svet\/dosedanji-avstrijski-notranji-minister-karl-nehammer-danes-imenovn-za-novega-predsednika-ovp\/#breadcrumb\",\"itemListElement\":[{\"@type\":\"ListItem\",\"position\":1,\"name\":\"Home\",\"item\":\"https:\/\/hudo.com\/si\/\"},{\"@type\":\"ListItem\",\"position\":2,\"name\":\"Dosedanji avstrijski notranji minister Karl Nehammer danes imenovan za novega predsednika \u00d6VP kmalu bo postal tudi novi kancler\"}]},{\"@type\":\"WebSite\",\"@id\":\"https:\/\/hudo.com\/si\/#website\",\"url\":\"https:\/\/hudo.com\/si\/\",\"name\":\"Hudo Slovenija\",\"description\":\"Vse novice iz Slovenije in sveta\",\"publisher\":{\"@id\":\"https:\/\/hudo.com\/si\/#organization\"},\"potentialAction\":[{\"@type\":\"SearchAction\",\"target\":{\"@type\":\"EntryPoint\",\"urlTemplate\":\"https:\/\/hudo.com\/si\/?s={search_term_string}\"},\"query-input\":\"required name=search_term_string\"}],\"inLanguage\":\"sl-SI\"},{\"@type\":\"Organization\",\"@id\":\"https:\/\/hudo.com\/si\/#organization\",\"name\":\"VSN Media\",\"url\":\"https:\/\/hudo.com\/si\/\",\"logo\":{\"@type\":\"ImageObject\",\"inLanguage\":\"sl-SI\",\"@id\":\"https:\/\/hudo.com\/si\/#\/schema\/logo\/image\/\",\"url\":\"https:\/\/hudo.com\/si\/wp-content\/uploads\/sites\/2\/2021\/03\/hudo-app-2.png\",\"contentUrl\":\"https:\/\/hudo.com\/si\/wp-content\/uploads\/sites\/2\/2021\/03\/hudo-app-2.png\",\"width\":2185,\"height\":2167,\"caption\":\"VSN Media\"},\"image\":{\"@id\":\"https:\/\/hudo.com\/si\/#\/schema\/logo\/image\/\"},\"sameAs\":[\"https:\/\/www.facebook.com\/hudo.si\",\"https:\/\/twitter.com\/hudo_si\"]},{\"@type\":\"Person\",\"@id\":\"https:\/\/hudo.com\/si\/#\/schema\/person\/c2f10ce65d2e6ede2aeda5be2a0611fa\",\"name\":\"M. N., STA\",\"image\":{\"@type\":\"ImageObject\",\"inLanguage\":\"sl-SI\",\"@id\":\"https:\/\/hudo.com\/si\/#\/schema\/person\/image\/\",\"url\":\"https:\/\/secure.gravatar.com\/avatar\/f370d38daa10467f755c5c766a4cac20?s=96&d=mm&r=g\",\"contentUrl\":\"https:\/\/secure.gravatar.com\/avatar\/f370d38daa10467f755c5c766a4cac20?s=96&d=mm&r=g\",\"caption\":\"M. N., STA\"},\"url\":\"https:\/\/hudo.com\/si\/author\/mana\/\"}]}<\/script>\n<!-- \/ Yoast SEO plugin. -->","yoast_head_json":{"title":"Dosedanji avstrijski notranji minister Karl Nehammer danes imenovan za novega predsednika \u00d6VP kmalu bo postal tudi novi kancler - Hudo Slovenija","robots":{"index":"index","follow":"follow","max-snippet":"max-snippet:-1","max-image-preview":"max-image-preview:large","max-video-preview":"max-video-preview:-1"},"canonical":"https:\/\/hudo.com\/si\/aktualno\/svet\/dosedanji-avstrijski-notranji-minister-karl-nehammer-danes-imenovn-za-novega-predsednika-ovp\/","og_locale":"sl_SI","og_type":"article","og_title":"Dosedanji avstrijski notranji minister Karl Nehammer danes imenovan za novega predsednika \u00d6VP kmalu bo postal tudi novi kancler - Hudo Slovenija","og_description":"Predsedstvo avstrijske ljudske stranke \u00d6VP je dosedanjega notranjega ministra Karla Nehammerja danes imenovalo za novega predsednika stranke. Nehammer je s tem postal tudi kandidat za novega kanclerja. Podrobnosti o novi sestavi vlade naj bi Nehammer sporo\u010dil na novinarski konferenci, poro\u010da avstrijska tiskovna agencija APA.","og_url":"https:\/\/hudo.com\/si\/aktualno\/svet\/dosedanji-avstrijski-notranji-minister-karl-nehammer-danes-imenovn-za-novega-predsednika-ovp\/","og_site_name":"Hudo Slovenija","article_publisher":"https:\/\/www.facebook.com\/hudo.si","article_published_time":"2021-12-03T11:19:39+00:00","article_modified_time":"2021-12-03T11:31:15+00:00","og_image":[{"width":1250,"height":833,"url":"https:\/\/hudo.com\/si\/wp-content\/uploads\/sites\/2\/2016\/12\/profimedia-0273643054.jpg","type":"image\/jpeg"}],"author":"M. N., STA","twitter_card":"summary_large_image","twitter_creator":"@hudo_si","twitter_site":"@hudo_si","twitter_misc":{"Written by":"M. N., STA","Est. reading time":"1 minuta"},"schema":{"@context":"https:\/\/schema.org","@graph":[{"@type":"Article","@id":"https:\/\/hudo.com\/si\/aktualno\/svet\/dosedanji-avstrijski-notranji-minister-karl-nehammer-danes-imenovn-za-novega-predsednika-ovp\/#article","isPartOf":{"@id":"https:\/\/hudo.com\/si\/aktualno\/svet\/dosedanji-avstrijski-notranji-minister-karl-nehammer-danes-imenovn-za-novega-predsednika-ovp\/"},"author":{"name":"M. N., STA","@id":"https:\/\/hudo.com\/si\/#\/schema\/person\/c2f10ce65d2e6ede2aeda5be2a0611fa"},"headline":"Dosedanji avstrijski notranji minister Karl Nehammer danes imenovan za novega predsednika \u00d6VP kmalu bo postal tudi novi kancler","datePublished":"2021-12-03T11:19:39+00:00","dateModified":"2021-12-03T11:31:15+00:00","mainEntityOfPage":{"@id":"https:\/\/hudo.com\/si\/aktualno\/svet\/dosedanji-avstrijski-notranji-minister-karl-nehammer-danes-imenovn-za-novega-predsednika-ovp\/"},"wordCount":218,"publisher":{"@id":"https:\/\/hudo.com\/si\/#organization"},"keywords":["Avstrija","karl nehammer"],"articleSection":["Svet"],"inLanguage":"sl-SI"},{"@type":"WebPage","@id":"https:\/\/hudo.com\/si\/aktualno\/svet\/dosedanji-avstrijski-notranji-minister-karl-nehammer-danes-imenovn-za-novega-predsednika-ovp\/","url":"https:\/\/hudo.com\/si\/aktualno\/svet\/dosedanji-avstrijski-notranji-minister-karl-nehammer-danes-imenovn-za-novega-predsednika-ovp\/","name":"Dosedanji avstrijski notranji minister Karl Nehammer danes imenovan za novega predsednika \u00d6VP kmalu bo postal tudi novi kancler - Hudo Slovenija","isPartOf":{"@id":"https:\/\/hudo.com\/si\/#website"},"datePublished":"2021-12-03T11:19:39+00:00","dateModified":"2021-12-03T11:31:15+00:00","breadcrumb":{"@id":"https:\/\/hudo.com\/si\/aktualno\/svet\/dosedanji-avstrijski-notranji-minister-karl-nehammer-danes-imenovn-za-novega-predsednika-ovp\/#breadcrumb"},"inLanguage":"sl-SI","potentialAction":[{"@type":"ReadAction","target":["https:\/\/hudo.com\/si\/aktualno\/svet\/dosedanji-avstrijski-notranji-minister-karl-nehammer-danes-imenovn-za-novega-predsednika-ovp\/"]}]},{"@type":"BreadcrumbList","@id":"https:\/\/hudo.com\/si\/aktualno\/svet\/dosedanji-avstrijski-notranji-minister-karl-nehammer-danes-imenovn-za-novega-predsednika-ovp\/#breadcrumb","itemListElement":[{"@type":"ListItem","position":1,"name":"Home","item":"https:\/\/hudo.com\/si\/"},{"@type":"ListItem","position":2,"name":"Dosedanji avstrijski notranji minister Karl Nehammer danes imenovan za novega predsednika \u00d6VP kmalu bo postal tudi novi kancler"}]},{"@type":"WebSite","@id":"https:\/\/hudo.com\/si\/#website","url":"https:\/\/hudo.com\/si\/","name":"Hudo Slovenija","description":"Vse novice iz Slovenije in sveta","publisher":{"@id":"https:\/\/hudo.com\/si\/#organization"},"potentialAction":[{"@type":"SearchAction","target":{"@type":"EntryPoint","urlTemplate":"https:\/\/hudo.com\/si\/?s={search_term_string}"},"query-input":"required name=search_term_string"}],"inLanguage":"sl-SI"},{"@type":"Organization","@id":"https:\/\/hudo.com\/si\/#organization","name":"VSN Media","url":"https:\/\/hudo.com\/si\/","logo":{"@type":"ImageObject","inLanguage":"sl-SI","@id":"https:\/\/hudo.com\/si\/#\/schema\/logo\/image\/","url":"https:\/\/hudo.com\/si\/wp-content\/uploads\/sites\/2\/2021\/03\/hudo-app-2.png","contentUrl":"https:\/\/hudo.com\/si\/wp-content\/uploads\/sites\/2\/2021\/03\/hudo-app-2.png","width":2185,"height":2167,"caption":"VSN Media"},"image":{"@id":"https:\/\/hudo.com\/si\/#\/schema\/logo\/image\/"},"sameAs":["https:\/\/www.facebook.com\/hudo.si","https:\/\/twitter.com\/hudo_si"]},{"@type":"Person","@id":"https:\/\/hudo.com\/si\/#\/schema\/person\/c2f10ce65d2e6ede2aeda5be2a0611fa","name":"M. N., STA","image":{"@type":"ImageObject","inLanguage":"sl-SI","@id":"https:\/\/hudo.com\/si\/#\/schema\/person\/image\/","url":"https:\/\/secure.gravatar.com\/avatar\/f370d38daa10467f755c5c766a4cac20?s=96&d=mm&r=g","contentUrl":"https:\/\/secure.gravatar.com\/avatar\/f370d38daa10467f755c5c766a4cac20?s=96&d=mm&r=g","caption":"M. N., STA"},"url":"https:\/\/hudo.com\/si\/author\/mana\/"}]}},"amp_enabled":true,"_links":{"self":[{"href":"https:\/\/hudo.com\/si\/wp-json\/wp\/v2\/posts\/462023"}],"collection":[{"href":"https:\/\/hudo.com\/si\/wp-json\/wp\/v2\/posts"}],"about":[{"href":"https:\/\/hudo.com\/si\/wp-json\/wp\/v2\/types\/post"}],"author":[{"embeddable":true,"href":"https:\/\/hudo.com\/si\/wp-json\/wp\/v2\/users\/8"}],"replies":[{"embeddable":true,"href":"https:\/\/hudo.com\/si\/wp-json\/wp\/v2\/comments?post=462023"}],"version-history":[{"count":4,"href":"https:\/\/hudo.com\/si\/wp-json\/wp\/v2\/posts\/462023\/revisions"}],"predecessor-version":[{"id":462027,"href":"https:\/\/hudo.com\/si\/wp-json\/wp\/v2\/posts\/462023\/revisions\/462027"}],"wp:featuredmedia":[{"embeddable":true,"href":"https:\/\/hudo.com\/si\/wp-json\/wp\/v2\/media\/181546"}],"wp:attachment":[{"href":"https:\/\/hudo.com\/si\/wp-json\/wp\/v2\/media?parent=462023"}],"wp:term":[{"taxonomy":"category","embeddable":true,"href":"https:\/\/hudo.com\/si\/wp-json\/wp\/v2\/categories?post=462023"},{"taxonomy":"post_tag","embeddable":true,"href":"https:\/\/hudo.com\/si\/wp-json\/wp\/v2\/tags?post=462023"},{"taxonomy":"source","embeddable":true,"href":"https:\/\/hudo.com\/si\/wp-json\/wp\/v2\/source?post=462023"},{"taxonomy":"supertag","embeddable":true,"href":"https:\/\/hudo.com\/si\/wp-json\/wp\/v2\/supertag?post=462023"}],"curies":[{"name":"wp","href":"https:\/\/api.w.org\/{rel}","templated":true}]}}