{"id":46204,"date":"2016-05-05T12:45:00","date_gmt":"2016-05-05T10:45:00","guid":{"rendered":"http:\/\/hudo.com\/si\/2016\/05\/05\/turcija-davutoglu-po-22-maju-zapusca-premierski-stolcek\/"},"modified":"2016-05-05T16:11:46","modified_gmt":"2016-05-05T14:11:46","slug":"turcija-davutoglu-po-22-maju-zapusca-premierski-stolcek","status":"publish","type":"post","link":"https:\/\/hudo.com\/si\/aktualno\/turcija-davutoglu-po-22-maju-zapusca-premierski-stolcek\/","title":{"rendered":"Tur\u010dija: Davutoglu po 22. maju zapu\u0161\u010da premierski stol\u010dek"},"content":{"rendered":"<p>V Tur\u010diji vladajo\u010da Stranka za pravi\u010dnost in razvoj bo imela 22. maja izredni kongres, na katerem premier Ahmet Davutoglu ne bo terjal novega mandata na \u010delu stranke. To pomeni, da bo zapustil tudi polo\u017eaj v vladi. Davutoglu, ki naj bi se zna\u0161el na nasprotnem bregu kot predsednik Recep Tayyip Erdogan, je \u017ee v sredo namignil, da bi lahko odstopil. Kot pojasnjuje francoska tiskovna agencija AFP, sta polo\u017eaja predsednika vladajo\u010de stranke AKP in predsednika vlade glede na strankin statut povezana. Odlo\u010ditev o sklicu kongresa, na katerem bo 57-letni Davutoglu zapustil \u010delo stranke in vlade, so sprejeli na dana\u0161njem sestanku AKP v Ankari, poro\u010dajo tur\u0161ke televizije. Sestanek so sklicali, potem ko so v sredo v javnost pricurljale informacije, da sta Davutoglu in Erdogana v sporu. Razhajanja med prvim in drugim \u010dlovekom Tur\u010dije so na plan pri\u0161la \u017ee v minulih tednih, botrovali naj bi jim med drugim razli\u010dni pogledi glede na\u010drtovane spremembe ustave. Davutoglu je prej\u0161nji teden obljubil, da bo nova ustava zagotovila sekularnost, potem ko je predsednik tur\u0161kega parlamenta Ismail Kahraman razburil s pozivom, da mora nova ustava temeljiti na veri. Davutoglu je polo\u017eaj premierja in predsednika islamsko-konservativne AKP prevzel od Erdogana, potem ko je bil ta leta 2014 izvoljen za predsednika dr\u017eave. Odhod Davutogluja bi po poro\u010danju AFP lahko odprl pot utrditvi Erdoganove oblasti, hkrati pa \u0161e okrepil napetosti v Tur\u010diji, klju\u010dni partnerici EU v begunski krizi, ki se soo\u010da s \u0161tevilnimi izzivi &#8211; gro\u017enjo d\u017eihadistov, novim konfliktom s Kurdi in nadaljevanjem vojne v Siriji na svojih ju\u017enih mejah.Svet<\/p>\n","protected":false},"excerpt":{"rendered":"<p>V Tur\u010diji vladajo\u010da Stranka za pravi\u010dnost in razvoj bo imela 22. maja izredni kongres, na katerem premier Ahmet Davutoglu ne bo terjal novega mandata na \u010delu stranke. To pomeni, da bo zapustil tudi polo\u017eaj v vladi. Davutoglu, ki naj bi se zna\u0161el na nasprotnem bregu kot predsednik Recep Tayyip Erdogan, je \u017ee v sredo namignil, da bi lahko odstopil. Kot pojasnjuje francoska tiskovna agencija AFP, sta polo\u017eaja predsednika vladajo\u010de stranke AKP in predsednika vlade glede na strankin statut povezana. Odlo\u010ditev o sklicu kongresa, na katerem bo 57-letni Davutoglu zapustil \u010delo stranke in vlade, so sprejeli na dana\u0161njem sestanku AKP v Ankari, poro\u010dajo tur\u0161ke televizije. Sestanek so sklicali, potem ko so v sredo v javnost pricurljale informacije, da sta Davutoglu in Erdogana v sporu. Razhajanja med prvim in drugim \u010dlovekom Tur\u010dije so na plan pri\u0161la \u017ee v minulih tednih, botrovali naj bi jim med drugim razli\u010dni pogledi glede na\u010drtovane spremembe ustave. Davutoglu je prej\u0161nji teden obljubil, da bo nova ustava zagotovila sekularnost, potem ko je predsednik tur\u0161kega parlamenta Ismail Kahraman razburil s pozivom, da mora nova ustava temeljiti na veri. Davutoglu je polo\u017eaj premierja in predsednika islamsko-konservativne AKP prevzel od Erdogana, potem ko je bil ta leta 2014 izvoljen za predsednika dr\u017eave. Odhod Davutogluja bi po poro\u010danju AFP lahko odprl pot utrditvi Erdoganove oblasti, hkrati pa \u0161e okrepil napetosti v Tur\u010diji, klju\u010dni partnerici EU v begunski krizi, ki se soo\u010da s \u0161tevilnimi izzivi &#8211; gro\u017enjo d\u017eihadistov, novim konfliktom s Kurdi in nadaljevanjem vojne v Siriji na svojih ju\u017enih mejah.Svet<\/p>\n","protected":false},"author":1,"featured_media":0,"comment_status":"closed","ping_status":"closed","sticky":false,"template":"","format":"standard","meta":{"footnotes":""},"categories":[1179],"tags":[],"source":[1711],"supertag":[],"acf":[],"yoast_head":"<!-- This site is optimized with the Yoast SEO plugin v21.3 - https:\/\/yoast.com\/wordpress\/plugins\/seo\/ -->\n<title>Tur\u010dija: Davutoglu po 22. maju zapu\u0161\u010da premierski stol\u010dek - Hudo Slovenija<\/title>\n<meta name=\"robots\" content=\"index, follow, max-snippet:-1, max-image-preview:large, max-video-preview:-1\" \/>\n<link rel=\"canonical\" href=\"https:\/\/hudo.com\/si\/aktualno\/turcija-davutoglu-po-22-maju-zapusca-premierski-stolcek\/\" \/>\n<meta property=\"og:locale\" content=\"sl_SI\" \/>\n<meta property=\"og:type\" content=\"article\" \/>\n<meta property=\"og:title\" content=\"Tur\u010dija: Davutoglu po 22. maju zapu\u0161\u010da premierski stol\u010dek - Hudo Slovenija\" \/>\n<meta property=\"og:description\" content=\"V Tur\u010diji vladajo\u010da Stranka za pravi\u010dnost in razvoj bo imela 22. maja izredni kongres, na katerem premier Ahmet Davutoglu ne bo terjal novega mandata na \u010delu stranke. To pomeni, da bo zapustil tudi polo\u017eaj v vladi. Davutoglu, ki naj bi se zna\u0161el na nasprotnem bregu kot predsednik Recep Tayyip Erdogan, je \u017ee v sredo namignil, da bi lahko odstopil. Kot pojasnjuje francoska tiskovna agencija AFP, sta polo\u017eaja predsednika vladajo\u010de stranke AKP in predsednika vlade glede na strankin statut povezana. Odlo\u010ditev o sklicu kongresa, na katerem bo 57-letni Davutoglu zapustil \u010delo stranke in vlade, so sprejeli na dana\u0161njem sestanku AKP v Ankari, poro\u010dajo tur\u0161ke televizije. Sestanek so sklicali, potem ko so v sredo v javnost pricurljale informacije, da sta Davutoglu in Erdogana v sporu. Razhajanja med prvim in drugim \u010dlovekom Tur\u010dije so na plan pri\u0161la \u017ee v minulih tednih, botrovali naj bi jim med drugim razli\u010dni pogledi glede na\u010drtovane spremembe ustave. Davutoglu je prej\u0161nji teden obljubil, da bo nova ustava zagotovila sekularnost, potem ko je predsednik tur\u0161kega parlamenta Ismail Kahraman razburil s pozivom, da mora nova ustava temeljiti na veri. Davutoglu je polo\u017eaj premierja in predsednika islamsko-konservativne AKP prevzel od Erdogana, potem ko je bil ta leta 2014 izvoljen za predsednika dr\u017eave. Odhod Davutogluja bi po poro\u010danju AFP lahko odprl pot utrditvi Erdoganove oblasti, hkrati pa \u0161e okrepil napetosti v Tur\u010diji, klju\u010dni partnerici EU v begunski krizi, ki se soo\u010da s \u0161tevilnimi izzivi - gro\u017enjo d\u017eihadistov, novim konfliktom s Kurdi in nadaljevanjem vojne v Siriji na svojih ju\u017enih mejah.Svet\" \/>\n<meta property=\"og:url\" content=\"https:\/\/hudo.com\/si\/aktualno\/turcija-davutoglu-po-22-maju-zapusca-premierski-stolcek\/\" \/>\n<meta property=\"og:site_name\" content=\"Hudo Slovenija\" \/>\n<meta property=\"article:publisher\" content=\"https:\/\/www.facebook.com\/hudo.si\" \/>\n<meta property=\"article:published_time\" content=\"2016-05-05T10:45:00+00:00\" \/>\n<meta property=\"article:modified_time\" content=\"2016-05-05T14:11:46+00:00\" \/>\n<meta property=\"og:image\" content=\"https:\/\/hudo.com\/si\/wp-content\/uploads\/sites\/2\/2016\/05\/MDF43128-300.jpg\" \/>\n\t<meta property=\"og:image:width\" content=\"450\" \/>\n\t<meta property=\"og:image:height\" content=\"311\" \/>\n\t<meta property=\"og:image:type\" content=\"image\/jpeg\" \/>\n<meta name=\"author\" content=\"hudo\" \/>\n<meta name=\"twitter:card\" content=\"summary_large_image\" \/>\n<meta name=\"twitter:creator\" content=\"@hudo_si\" \/>\n<meta name=\"twitter:site\" content=\"@hudo_si\" \/>\n<meta name=\"twitter:label1\" content=\"Written by\" \/>\n\t<meta name=\"twitter:data1\" content=\"hudo\" \/>\n\t<meta name=\"twitter:label2\" content=\"Est. reading time\" \/>\n\t<meta name=\"twitter:data2\" content=\"1 minuta\" \/>\n<script type=\"application\/ld+json\" class=\"yoast-schema-graph\">{\"@context\":\"https:\/\/schema.org\",\"@graph\":[{\"@type\":\"Article\",\"@id\":\"https:\/\/hudo.com\/si\/aktualno\/turcija-davutoglu-po-22-maju-zapusca-premierski-stolcek\/#article\",\"isPartOf\":{\"@id\":\"https:\/\/hudo.com\/si\/aktualno\/turcija-davutoglu-po-22-maju-zapusca-premierski-stolcek\/\"},\"author\":{\"name\":\"hudo\",\"@id\":\"https:\/\/hudo.com\/si\/#\/schema\/person\/601cf3379633985b20f7e50f2bb47707\"},\"headline\":\"Tur\u010dija: Davutoglu po 22. maju zapu\u0161\u010da premierski stol\u010dek\",\"datePublished\":\"2016-05-05T10:45:00+00:00\",\"dateModified\":\"2016-05-05T14:11:46+00:00\",\"mainEntityOfPage\":{\"@id\":\"https:\/\/hudo.com\/si\/aktualno\/turcija-davutoglu-po-22-maju-zapusca-premierski-stolcek\/\"},\"wordCount\":283,\"publisher\":{\"@id\":\"https:\/\/hudo.com\/si\/#organization\"},\"articleSection\":[\"Aktualno\"],\"inLanguage\":\"sl-SI\"},{\"@type\":\"WebPage\",\"@id\":\"https:\/\/hudo.com\/si\/aktualno\/turcija-davutoglu-po-22-maju-zapusca-premierski-stolcek\/\",\"url\":\"https:\/\/hudo.com\/si\/aktualno\/turcija-davutoglu-po-22-maju-zapusca-premierski-stolcek\/\",\"name\":\"Tur\u010dija: Davutoglu po 22. maju zapu\u0161\u010da premierski stol\u010dek - Hudo Slovenija\",\"isPartOf\":{\"@id\":\"https:\/\/hudo.com\/si\/#website\"},\"datePublished\":\"2016-05-05T10:45:00+00:00\",\"dateModified\":\"2016-05-05T14:11:46+00:00\",\"breadcrumb\":{\"@id\":\"https:\/\/hudo.com\/si\/aktualno\/turcija-davutoglu-po-22-maju-zapusca-premierski-stolcek\/#breadcrumb\"},\"inLanguage\":\"sl-SI\",\"potentialAction\":[{\"@type\":\"ReadAction\",\"target\":[\"https:\/\/hudo.com\/si\/aktualno\/turcija-davutoglu-po-22-maju-zapusca-premierski-stolcek\/\"]}]},{\"@type\":\"BreadcrumbList\",\"@id\":\"https:\/\/hudo.com\/si\/aktualno\/turcija-davutoglu-po-22-maju-zapusca-premierski-stolcek\/#breadcrumb\",\"itemListElement\":[{\"@type\":\"ListItem\",\"position\":1,\"name\":\"Home\",\"item\":\"https:\/\/hudo.com\/si\/\"},{\"@type\":\"ListItem\",\"position\":2,\"name\":\"Tur\u010dija: Davutoglu po 22. maju zapu\u0161\u010da premierski stol\u010dek\"}]},{\"@type\":\"WebSite\",\"@id\":\"https:\/\/hudo.com\/si\/#website\",\"url\":\"https:\/\/hudo.com\/si\/\",\"name\":\"Hudo Slovenija\",\"description\":\"Vse novice iz Slovenije in sveta\",\"publisher\":{\"@id\":\"https:\/\/hudo.com\/si\/#organization\"},\"potentialAction\":[{\"@type\":\"SearchAction\",\"target\":{\"@type\":\"EntryPoint\",\"urlTemplate\":\"https:\/\/hudo.com\/si\/?s={search_term_string}\"},\"query-input\":\"required name=search_term_string\"}],\"inLanguage\":\"sl-SI\"},{\"@type\":\"Organization\",\"@id\":\"https:\/\/hudo.com\/si\/#organization\",\"name\":\"VSN Media\",\"url\":\"https:\/\/hudo.com\/si\/\",\"logo\":{\"@type\":\"ImageObject\",\"inLanguage\":\"sl-SI\",\"@id\":\"https:\/\/hudo.com\/si\/#\/schema\/logo\/image\/\",\"url\":\"https:\/\/hudo.com\/si\/wp-content\/uploads\/sites\/2\/2021\/03\/hudo-app-2.png\",\"contentUrl\":\"https:\/\/hudo.com\/si\/wp-content\/uploads\/sites\/2\/2021\/03\/hudo-app-2.png\",\"width\":2185,\"height\":2167,\"caption\":\"VSN Media\"},\"image\":{\"@id\":\"https:\/\/hudo.com\/si\/#\/schema\/logo\/image\/\"},\"sameAs\":[\"https:\/\/www.facebook.com\/hudo.si\",\"https:\/\/twitter.com\/hudo_si\"]},{\"@type\":\"Person\",\"@id\":\"https:\/\/hudo.com\/si\/#\/schema\/person\/601cf3379633985b20f7e50f2bb47707\",\"name\":\"hudo\",\"image\":{\"@type\":\"ImageObject\",\"inLanguage\":\"sl-SI\",\"@id\":\"https:\/\/hudo.com\/si\/#\/schema\/person\/image\/\",\"url\":\"https:\/\/secure.gravatar.com\/avatar\/c4ca25fa72cace7a696b52ff5db9e095?s=96&d=mm&r=g\",\"contentUrl\":\"https:\/\/secure.gravatar.com\/avatar\/c4ca25fa72cace7a696b52ff5db9e095?s=96&d=mm&r=g\",\"caption\":\"hudo\"},\"url\":\"https:\/\/hudo.com\/si\/author\/hudo\/\"}]}<\/script>\n<!-- \/ Yoast SEO plugin. -->","yoast_head_json":{"title":"Tur\u010dija: Davutoglu po 22. maju zapu\u0161\u010da premierski stol\u010dek - Hudo Slovenija","robots":{"index":"index","follow":"follow","max-snippet":"max-snippet:-1","max-image-preview":"max-image-preview:large","max-video-preview":"max-video-preview:-1"},"canonical":"https:\/\/hudo.com\/si\/aktualno\/turcija-davutoglu-po-22-maju-zapusca-premierski-stolcek\/","og_locale":"sl_SI","og_type":"article","og_title":"Tur\u010dija: Davutoglu po 22. maju zapu\u0161\u010da premierski stol\u010dek - Hudo Slovenija","og_description":"V Tur\u010diji vladajo\u010da Stranka za pravi\u010dnost in razvoj bo imela 22. maja izredni kongres, na katerem premier Ahmet Davutoglu ne bo terjal novega mandata na \u010delu stranke. To pomeni, da bo zapustil tudi polo\u017eaj v vladi. Davutoglu, ki naj bi se zna\u0161el na nasprotnem bregu kot predsednik Recep Tayyip Erdogan, je \u017ee v sredo namignil, da bi lahko odstopil. Kot pojasnjuje francoska tiskovna agencija AFP, sta polo\u017eaja predsednika vladajo\u010de stranke AKP in predsednika vlade glede na strankin statut povezana. Odlo\u010ditev o sklicu kongresa, na katerem bo 57-letni Davutoglu zapustil \u010delo stranke in vlade, so sprejeli na dana\u0161njem sestanku AKP v Ankari, poro\u010dajo tur\u0161ke televizije. Sestanek so sklicali, potem ko so v sredo v javnost pricurljale informacije, da sta Davutoglu in Erdogana v sporu. Razhajanja med prvim in drugim \u010dlovekom Tur\u010dije so na plan pri\u0161la \u017ee v minulih tednih, botrovali naj bi jim med drugim razli\u010dni pogledi glede na\u010drtovane spremembe ustave. Davutoglu je prej\u0161nji teden obljubil, da bo nova ustava zagotovila sekularnost, potem ko je predsednik tur\u0161kega parlamenta Ismail Kahraman razburil s pozivom, da mora nova ustava temeljiti na veri. Davutoglu je polo\u017eaj premierja in predsednika islamsko-konservativne AKP prevzel od Erdogana, potem ko je bil ta leta 2014 izvoljen za predsednika dr\u017eave. Odhod Davutogluja bi po poro\u010danju AFP lahko odprl pot utrditvi Erdoganove oblasti, hkrati pa \u0161e okrepil napetosti v Tur\u010diji, klju\u010dni partnerici EU v begunski krizi, ki se soo\u010da s \u0161tevilnimi izzivi - gro\u017enjo d\u017eihadistov, novim konfliktom s Kurdi in nadaljevanjem vojne v Siriji na svojih ju\u017enih mejah.Svet","og_url":"https:\/\/hudo.com\/si\/aktualno\/turcija-davutoglu-po-22-maju-zapusca-premierski-stolcek\/","og_site_name":"Hudo Slovenija","article_publisher":"https:\/\/www.facebook.com\/hudo.si","article_published_time":"2016-05-05T10:45:00+00:00","article_modified_time":"2016-05-05T14:11:46+00:00","og_image":[{"width":450,"height":311,"url":"https:\/\/hudo.com\/si\/wp-content\/uploads\/sites\/2\/2016\/05\/MDF43128-300.jpg","type":"image\/jpeg"}],"author":"hudo","twitter_card":"summary_large_image","twitter_creator":"@hudo_si","twitter_site":"@hudo_si","twitter_misc":{"Written by":"hudo","Est. reading time":"1 minuta"},"schema":{"@context":"https:\/\/schema.org","@graph":[{"@type":"Article","@id":"https:\/\/hudo.com\/si\/aktualno\/turcija-davutoglu-po-22-maju-zapusca-premierski-stolcek\/#article","isPartOf":{"@id":"https:\/\/hudo.com\/si\/aktualno\/turcija-davutoglu-po-22-maju-zapusca-premierski-stolcek\/"},"author":{"name":"hudo","@id":"https:\/\/hudo.com\/si\/#\/schema\/person\/601cf3379633985b20f7e50f2bb47707"},"headline":"Tur\u010dija: Davutoglu po 22. maju zapu\u0161\u010da premierski stol\u010dek","datePublished":"2016-05-05T10:45:00+00:00","dateModified":"2016-05-05T14:11:46+00:00","mainEntityOfPage":{"@id":"https:\/\/hudo.com\/si\/aktualno\/turcija-davutoglu-po-22-maju-zapusca-premierski-stolcek\/"},"wordCount":283,"publisher":{"@id":"https:\/\/hudo.com\/si\/#organization"},"articleSection":["Aktualno"],"inLanguage":"sl-SI"},{"@type":"WebPage","@id":"https:\/\/hudo.com\/si\/aktualno\/turcija-davutoglu-po-22-maju-zapusca-premierski-stolcek\/","url":"https:\/\/hudo.com\/si\/aktualno\/turcija-davutoglu-po-22-maju-zapusca-premierski-stolcek\/","name":"Tur\u010dija: Davutoglu po 22. maju zapu\u0161\u010da premierski stol\u010dek - Hudo Slovenija","isPartOf":{"@id":"https:\/\/hudo.com\/si\/#website"},"datePublished":"2016-05-05T10:45:00+00:00","dateModified":"2016-05-05T14:11:46+00:00","breadcrumb":{"@id":"https:\/\/hudo.com\/si\/aktualno\/turcija-davutoglu-po-22-maju-zapusca-premierski-stolcek\/#breadcrumb"},"inLanguage":"sl-SI","potentialAction":[{"@type":"ReadAction","target":["https:\/\/hudo.com\/si\/aktualno\/turcija-davutoglu-po-22-maju-zapusca-premierski-stolcek\/"]}]},{"@type":"BreadcrumbList","@id":"https:\/\/hudo.com\/si\/aktualno\/turcija-davutoglu-po-22-maju-zapusca-premierski-stolcek\/#breadcrumb","itemListElement":[{"@type":"ListItem","position":1,"name":"Home","item":"https:\/\/hudo.com\/si\/"},{"@type":"ListItem","position":2,"name":"Tur\u010dija: Davutoglu po 22. maju zapu\u0161\u010da premierski stol\u010dek"}]},{"@type":"WebSite","@id":"https:\/\/hudo.com\/si\/#website","url":"https:\/\/hudo.com\/si\/","name":"Hudo Slovenija","description":"Vse novice iz Slovenije in sveta","publisher":{"@id":"https:\/\/hudo.com\/si\/#organization"},"potentialAction":[{"@type":"SearchAction","target":{"@type":"EntryPoint","urlTemplate":"https:\/\/hudo.com\/si\/?s={search_term_string}"},"query-input":"required name=search_term_string"}],"inLanguage":"sl-SI"},{"@type":"Organization","@id":"https:\/\/hudo.com\/si\/#organization","name":"VSN Media","url":"https:\/\/hudo.com\/si\/","logo":{"@type":"ImageObject","inLanguage":"sl-SI","@id":"https:\/\/hudo.com\/si\/#\/schema\/logo\/image\/","url":"https:\/\/hudo.com\/si\/wp-content\/uploads\/sites\/2\/2021\/03\/hudo-app-2.png","contentUrl":"https:\/\/hudo.com\/si\/wp-content\/uploads\/sites\/2\/2021\/03\/hudo-app-2.png","width":2185,"height":2167,"caption":"VSN Media"},"image":{"@id":"https:\/\/hudo.com\/si\/#\/schema\/logo\/image\/"},"sameAs":["https:\/\/www.facebook.com\/hudo.si","https:\/\/twitter.com\/hudo_si"]},{"@type":"Person","@id":"https:\/\/hudo.com\/si\/#\/schema\/person\/601cf3379633985b20f7e50f2bb47707","name":"hudo","image":{"@type":"ImageObject","inLanguage":"sl-SI","@id":"https:\/\/hudo.com\/si\/#\/schema\/person\/image\/","url":"https:\/\/secure.gravatar.com\/avatar\/c4ca25fa72cace7a696b52ff5db9e095?s=96&d=mm&r=g","contentUrl":"https:\/\/secure.gravatar.com\/avatar\/c4ca25fa72cace7a696b52ff5db9e095?s=96&d=mm&r=g","caption":"hudo"},"url":"https:\/\/hudo.com\/si\/author\/hudo\/"}]}},"amp_enabled":true,"_links":{"self":[{"href":"https:\/\/hudo.com\/si\/wp-json\/wp\/v2\/posts\/46204"}],"collection":[{"href":"https:\/\/hudo.com\/si\/wp-json\/wp\/v2\/posts"}],"about":[{"href":"https:\/\/hudo.com\/si\/wp-json\/wp\/v2\/types\/post"}],"author":[{"embeddable":true,"href":"https:\/\/hudo.com\/si\/wp-json\/wp\/v2\/users\/1"}],"replies":[{"embeddable":true,"href":"https:\/\/hudo.com\/si\/wp-json\/wp\/v2\/comments?post=46204"}],"version-history":[{"count":1,"href":"https:\/\/hudo.com\/si\/wp-json\/wp\/v2\/posts\/46204\/revisions"}],"predecessor-version":[{"id":46275,"href":"https:\/\/hudo.com\/si\/wp-json\/wp\/v2\/posts\/46204\/revisions\/46275"}],"wp:attachment":[{"href":"https:\/\/hudo.com\/si\/wp-json\/wp\/v2\/media?parent=46204"}],"wp:term":[{"taxonomy":"category","embeddable":true,"href":"https:\/\/hudo.com\/si\/wp-json\/wp\/v2\/categories?post=46204"},{"taxonomy":"post_tag","embeddable":true,"href":"https:\/\/hudo.com\/si\/wp-json\/wp\/v2\/tags?post=46204"},{"taxonomy":"source","embeddable":true,"href":"https:\/\/hudo.com\/si\/wp-json\/wp\/v2\/source?post=46204"},{"taxonomy":"supertag","embeddable":true,"href":"https:\/\/hudo.com\/si\/wp-json\/wp\/v2\/supertag?post=46204"}],"curies":[{"name":"wp","href":"https:\/\/api.w.org\/{rel}","templated":true}]}}