{"id":462106,"date":"2021-12-06T11:17:19","date_gmt":"2021-12-06T10:17:19","guid":{"rendered":"https:\/\/hudo.com\/si\/?p=462106"},"modified":"2021-12-06T11:18:33","modified_gmt":"2021-12-06T10:18:33","slug":"tari-zupancic-miklavz-prinesel-posebno-darilo-vceraj-se-mi-je-uresnicila-goreca-zelja-od-danes-naprej-cudezu-in-ljubezni-recem","status":"publish","type":"post","link":"https:\/\/hudo.com\/si\/vip\/tari-zupancic-miklavz-prinesel-posebno-darilo-vceraj-se-mi-je-uresnicila-goreca-zelja-od-danes-naprej-cudezu-in-ljubezni-recem\/","title":{"rendered":"Tari Zupan\u010di\u010d Miklav\u017e prinesel posebno darilo: &#8220;V\u010deraj se mi je uresni\u010dila gore\u010da \u017eelja, od danes naprej \u010dude\u017eu in ljubezni re\u010dem &#8230;&#8221;"},"content":{"rendered":"<p>Tara ima \u010dudovitega novega \u010dlana svoje dru\u017eine. 33-letnica je svojim sledilcem na dru\u017ebenih omre\u017ejih predstavila svojega novega psa.<\/p>\n<p>&#8220;Vse svoje otro\u0161tvo sem verjela v \u010dude\u017ee. V male, drobne trenutke, ki se v za\u010detku decembra pojavijo v obliki sladkih dobrot, izpod Miklav\u017eeve dobrosr\u010dnosti, skozi lu\u010dke in sne\u017einke, v prazni\u010dnem duhu, skozi ljudi in utrinke. Pravijo, da se sr\u010dne \u017eelje uresni\u010dijo takrat, ko v njih zares verjame\u0161. Pa naj so to \u017eelje, ki gorijo tri dni ali tiste, za katere ve\u0161 od trenutka zavedanja svojega sveta. V\u010deraj se mi je uresni\u010dila prav ta in od danes naprej \u010dude\u017eu in ljubezni re\u010dem\u2026 Indi,&#8221; je Tara zapisala pod fotografijo, na kateri pozira z novim dru\u017einskim \u010dlanom.<\/p>\n<blockquote class=\"instagram-media\" style=\"background: #FFF; border: 0; border-radius: 3px; box-shadow: 0 0 1px 0 rgba(0,0,0,0.5),0 1px 10px 0 rgba(0,0,0,0.15); margin: 1px; max-width: 540px; min-width: 326px; padding: 0; width: calc(100% - 2px);\" data-instgrm-permalink=\"https:\/\/www.instagram.com\/p\/CXIsgcjIwMd\/?utm_source=ig_embed&amp;utm_campaign=loading\" data-instgrm-version=\"14\">\n<div style=\"padding: 16px;\">\n<p>&nbsp;<\/p>\n<div style=\"display: flex; flex-direction: row; align-items: center;\">\n<div style=\"background-color: #f4f4f4; border-radius: 50%; flex-grow: 0; height: 40px; margin-right: 14px; width: 40px;\"><\/div>\n<div style=\"display: flex; flex-direction: column; flex-grow: 1; justify-content: center;\">\n<div style=\"background-color: #f4f4f4; border-radius: 4px; flex-grow: 0; height: 14px; margin-bottom: 6px; width: 100px;\"><\/div>\n<div style=\"background-color: #f4f4f4; border-radius: 4px; flex-grow: 0; height: 14px; width: 60px;\"><\/div>\n<\/div>\n<\/div>\n<div style=\"padding: 19% 0;\"><\/div>\n<div style=\"display: block; height: 50px; margin: 0 auto 12px; width: 50px;\"><\/div>\n<div style=\"padding-top: 8px;\">\n<div style=\"color: #3897f0; font-family: Arial,sans-serif; font-size: 14px; font-style: normal; font-weight: 550; line-height: 18px;\">View this post on Instagram<\/div>\n<\/div>\n<div style=\"padding: 12.5% 0;\"><\/div>\n<div style=\"display: flex; flex-direction: row; margin-bottom: 14px; align-items: center;\">\n<div>\n<div style=\"background-color: #f4f4f4; border-radius: 50%; height: 12.5px; width: 12.5px; transform: translateX(0px) translateY(7px);\"><\/div>\n<div style=\"background-color: #f4f4f4; height: 12.5px; transform: rotate(-45deg) translateX(3px) translateY(1px); width: 12.5px; flex-grow: 0; margin-right: 14px; margin-left: 2px;\"><\/div>\n<div style=\"background-color: #f4f4f4; border-radius: 50%; height: 12.5px; width: 12.5px; transform: translateX(9px) translateY(-18px);\"><\/div>\n<\/div>\n<div style=\"margin-left: 8px;\">\n<div style=\"background-color: #f4f4f4; border-radius: 50%; flex-grow: 0; height: 20px; width: 20px;\"><\/div>\n<div style=\"width: 0; height: 0; border-top: 2px solid transparent; border-left: 6px solid #f4f4f4; border-bottom: 2px solid transparent; transform: translateX(16px) translateY(-4px) rotate(30deg);\"><\/div>\n<\/div>\n<div style=\"margin-left: auto;\">\n<div style=\"width: 0px; border-top: 8px solid #F4F4F4; border-right: 8px solid transparent; transform: translateY(16px);\"><\/div>\n<div style=\"background-color: #f4f4f4; flex-grow: 0; height: 12px; width: 16px; transform: translateY(-4px);\"><\/div>\n<div style=\"width: 0; height: 0; border-top: 8px solid #F4F4F4; border-left: 8px solid transparent; transform: translateY(-4px) translateX(8px);\"><\/div>\n<\/div>\n<\/div>\n<div style=\"display: flex; flex-direction: column; flex-grow: 1; justify-content: center; margin-bottom: 24px;\">\n<div style=\"background-color: #f4f4f4; border-radius: 4px; flex-grow: 0; height: 14px; margin-bottom: 6px; width: 224px;\"><\/div>\n<div style=\"background-color: #f4f4f4; border-radius: 4px; flex-grow: 0; height: 14px; width: 144px;\"><\/div>\n<\/div>\n<p>&nbsp;<\/p>\n<p style=\"color: #c9c8cd; font-family: Arial,sans-serif; font-size: 14px; line-height: 17px; margin-bottom: 0; margin-top: 8px; overflow: hidden; padding: 8px 0 7px; text-align: center; text-overflow: ellipsis; white-space: nowrap;\"><a style=\"color: #c9c8cd; font-family: Arial,sans-serif; font-size: 14px; font-style: normal; font-weight: normal; line-height: 17px; text-decoration: none;\" href=\"https:\/\/www.instagram.com\/p\/CXIsgcjIwMd\/?utm_source=ig_embed&amp;utm_campaign=loading\" target=\"_blank\" rel=\"noopener noreferrer\">A post shared by Tara Zupanc\u030cic\u030c (@varishana)<\/a><\/p>\n<\/div>\n<\/blockquote>\n<p><div class=\"embed-notice\">Za ogled vstavljene vsebine morate omogo\u010diti <a href=\"#\" onclick=\"Optanon.ToggleInfoDisplay()\">shranjevanje pi\u0161kotkov v napravi<\/a><\/div><script async type=\"text\/plain\" class=\"optanon-category-C0002-C0003-C0004\" optanon-src=\"\/\/www.instagram.com\/embed.js\"><\/script><\/p>\n<p>Tara, ki ima veliko obo\u017eevalcev tudi na dru\u017ebenih omre\u017ejih, svoj vpliv rada uporabi predvsem za dobra dela. Najpogosteje poziva prav k skrbi za \u0161tirino\u017ece, saj je tudi sama velika ljubiteljica \u017eivali.<\/p>\n<p>Doma ima \u017ee \u010dudovito belo ma\u010dko, ki jo je lepa voditeljica re\u0161ila z jeseni\u0161kih ulic, ji dala hrano, topel dom in ljubezen. Tokrat pa se ji je doma pridru\u017eil \u0161e en \u0161tirino\u017eni dru\u017einski \u010dlan, \u0161etlandski ov\u010dar <strong>Indi<\/strong>.<\/p>\n","protected":false},"excerpt":{"rendered":"<p>Lepa voditeljica Tara Zupan\u010di\u010d je raz\u0161irila svojo dru\u017eino.\u00a0<\/p>\n","protected":false},"author":6,"featured_media":462107,"comment_status":"closed","ping_status":"closed","sticky":false,"template":"","format":"standard","meta":{"footnotes":""},"categories":[1093],"tags":[9936],"source":[4511],"supertag":[],"acf":[],"yoast_head":"<!-- This site is optimized with the Yoast SEO plugin v21.3 - https:\/\/yoast.com\/wordpress\/plugins\/seo\/ -->\n<title>Tari Zupan\u010di\u010d Miklav\u017e prinesel posebno darilo: &quot;V\u010deraj se mi je uresni\u010dila gore\u010da \u017eelja, od danes naprej \u010dude\u017eu in ljubezni re\u010dem ...&quot; - Hudo Slovenija<\/title>\n<meta name=\"robots\" content=\"index, follow, max-snippet:-1, max-image-preview:large, max-video-preview:-1\" \/>\n<link rel=\"canonical\" href=\"https:\/\/hudo.com\/si\/vip\/tari-zupancic-miklavz-prinesel-posebno-darilo-vceraj-se-mi-je-uresnicila-goreca-zelja-od-danes-naprej-cudezu-in-ljubezni-recem\/\" \/>\n<meta property=\"og:locale\" content=\"sl_SI\" \/>\n<meta property=\"og:type\" content=\"article\" \/>\n<meta property=\"og:title\" content=\"Tari Zupan\u010di\u010d Miklav\u017e prinesel posebno darilo: &quot;V\u010deraj se mi je uresni\u010dila gore\u010da \u017eelja, od danes naprej \u010dude\u017eu in ljubezni re\u010dem ...&quot; - Hudo Slovenija\" \/>\n<meta property=\"og:description\" content=\"Lepa voditeljica Tara Zupan\u010di\u010d je raz\u0161irila svojo dru\u017eino.\u00a0\" \/>\n<meta property=\"og:url\" content=\"https:\/\/hudo.com\/si\/vip\/tari-zupancic-miklavz-prinesel-posebno-darilo-vceraj-se-mi-je-uresnicila-goreca-zelja-od-danes-naprej-cudezu-in-ljubezni-recem\/\" \/>\n<meta property=\"og:site_name\" content=\"Hudo Slovenija\" \/>\n<meta property=\"article:publisher\" content=\"https:\/\/www.facebook.com\/hudo.si\" \/>\n<meta property=\"article:published_time\" content=\"2021-12-06T10:17:19+00:00\" \/>\n<meta property=\"article:modified_time\" content=\"2021-12-06T10:18:33+00:00\" \/>\n<meta property=\"og:image\" content=\"https:\/\/hudo.com\/si\/wp-content\/uploads\/sites\/2\/2021\/12\/Screenshot-from-2021-12-06-11-09-51.jpg\" \/>\n\t<meta property=\"og:image:width\" content=\"502\" \/>\n\t<meta property=\"og:image:height\" content=\"409\" \/>\n\t<meta property=\"og:image:type\" content=\"image\/jpeg\" \/>\n<meta name=\"author\" content=\"A. G.\" \/>\n<meta name=\"twitter:card\" content=\"summary_large_image\" \/>\n<meta name=\"twitter:creator\" content=\"@hudo_si\" \/>\n<meta name=\"twitter:site\" content=\"@hudo_si\" \/>\n<meta name=\"twitter:label1\" content=\"Written by\" \/>\n\t<meta name=\"twitter:data1\" content=\"A. G.\" \/>\n\t<meta name=\"twitter:label2\" content=\"Est. reading time\" \/>\n\t<meta name=\"twitter:data2\" content=\"1 minuta\" \/>\n<script type=\"application\/ld+json\" class=\"yoast-schema-graph\">{\"@context\":\"https:\/\/schema.org\",\"@graph\":[{\"@type\":\"Article\",\"@id\":\"https:\/\/hudo.com\/si\/vip\/tari-zupancic-miklavz-prinesel-posebno-darilo-vceraj-se-mi-je-uresnicila-goreca-zelja-od-danes-naprej-cudezu-in-ljubezni-recem\/#article\",\"isPartOf\":{\"@id\":\"https:\/\/hudo.com\/si\/vip\/tari-zupancic-miklavz-prinesel-posebno-darilo-vceraj-se-mi-je-uresnicila-goreca-zelja-od-danes-naprej-cudezu-in-ljubezni-recem\/\"},\"author\":{\"name\":\"A. G.\",\"@id\":\"https:\/\/hudo.com\/si\/#\/schema\/person\/f95639a66e0dd2c682b0568634e85b8b\"},\"headline\":\"Tari Zupan\u010di\u010d Miklav\u017e prinesel posebno darilo: &#8220;V\u010deraj se mi je uresni\u010dila gore\u010da \u017eelja, od danes naprej \u010dude\u017eu in ljubezni re\u010dem &#8230;&#8221;\",\"datePublished\":\"2021-12-06T10:17:19+00:00\",\"dateModified\":\"2021-12-06T10:18:33+00:00\",\"mainEntityOfPage\":{\"@id\":\"https:\/\/hudo.com\/si\/vip\/tari-zupancic-miklavz-prinesel-posebno-darilo-vceraj-se-mi-je-uresnicila-goreca-zelja-od-danes-naprej-cudezu-in-ljubezni-recem\/\"},\"wordCount\":250,\"publisher\":{\"@id\":\"https:\/\/hudo.com\/si\/#organization\"},\"keywords\":[\"Tara Zupan\u010di\u010d\"],\"articleSection\":[\"VIP\"],\"inLanguage\":\"sl-SI\"},{\"@type\":\"WebPage\",\"@id\":\"https:\/\/hudo.com\/si\/vip\/tari-zupancic-miklavz-prinesel-posebno-darilo-vceraj-se-mi-je-uresnicila-goreca-zelja-od-danes-naprej-cudezu-in-ljubezni-recem\/\",\"url\":\"https:\/\/hudo.com\/si\/vip\/tari-zupancic-miklavz-prinesel-posebno-darilo-vceraj-se-mi-je-uresnicila-goreca-zelja-od-danes-naprej-cudezu-in-ljubezni-recem\/\",\"name\":\"Tari Zupan\u010di\u010d Miklav\u017e prinesel posebno darilo: \\\"V\u010deraj se mi je uresni\u010dila gore\u010da \u017eelja, od danes naprej \u010dude\u017eu in ljubezni re\u010dem ...\\\" - Hudo Slovenija\",\"isPartOf\":{\"@id\":\"https:\/\/hudo.com\/si\/#website\"},\"datePublished\":\"2021-12-06T10:17:19+00:00\",\"dateModified\":\"2021-12-06T10:18:33+00:00\",\"breadcrumb\":{\"@id\":\"https:\/\/hudo.com\/si\/vip\/tari-zupancic-miklavz-prinesel-posebno-darilo-vceraj-se-mi-je-uresnicila-goreca-zelja-od-danes-naprej-cudezu-in-ljubezni-recem\/#breadcrumb\"},\"inLanguage\":\"sl-SI\",\"potentialAction\":[{\"@type\":\"ReadAction\",\"target\":[\"https:\/\/hudo.com\/si\/vip\/tari-zupancic-miklavz-prinesel-posebno-darilo-vceraj-se-mi-je-uresnicila-goreca-zelja-od-danes-naprej-cudezu-in-ljubezni-recem\/\"]}]},{\"@type\":\"BreadcrumbList\",\"@id\":\"https:\/\/hudo.com\/si\/vip\/tari-zupancic-miklavz-prinesel-posebno-darilo-vceraj-se-mi-je-uresnicila-goreca-zelja-od-danes-naprej-cudezu-in-ljubezni-recem\/#breadcrumb\",\"itemListElement\":[{\"@type\":\"ListItem\",\"position\":1,\"name\":\"Home\",\"item\":\"https:\/\/hudo.com\/si\/\"},{\"@type\":\"ListItem\",\"position\":2,\"name\":\"Tari Zupan\u010di\u010d Miklav\u017e prinesel posebno darilo: &#8220;V\u010deraj se mi je uresni\u010dila gore\u010da \u017eelja, od danes naprej \u010dude\u017eu in ljubezni re\u010dem &#8230;&#8221;\"}]},{\"@type\":\"WebSite\",\"@id\":\"https:\/\/hudo.com\/si\/#website\",\"url\":\"https:\/\/hudo.com\/si\/\",\"name\":\"Hudo Slovenija\",\"description\":\"Vse novice iz Slovenije in sveta\",\"publisher\":{\"@id\":\"https:\/\/hudo.com\/si\/#organization\"},\"potentialAction\":[{\"@type\":\"SearchAction\",\"target\":{\"@type\":\"EntryPoint\",\"urlTemplate\":\"https:\/\/hudo.com\/si\/?s={search_term_string}\"},\"query-input\":\"required name=search_term_string\"}],\"inLanguage\":\"sl-SI\"},{\"@type\":\"Organization\",\"@id\":\"https:\/\/hudo.com\/si\/#organization\",\"name\":\"VSN Media\",\"url\":\"https:\/\/hudo.com\/si\/\",\"logo\":{\"@type\":\"ImageObject\",\"inLanguage\":\"sl-SI\",\"@id\":\"https:\/\/hudo.com\/si\/#\/schema\/logo\/image\/\",\"url\":\"https:\/\/hudo.com\/si\/wp-content\/uploads\/sites\/2\/2021\/03\/hudo-app-2.png\",\"contentUrl\":\"https:\/\/hudo.com\/si\/wp-content\/uploads\/sites\/2\/2021\/03\/hudo-app-2.png\",\"width\":2185,\"height\":2167,\"caption\":\"VSN Media\"},\"image\":{\"@id\":\"https:\/\/hudo.com\/si\/#\/schema\/logo\/image\/\"},\"sameAs\":[\"https:\/\/www.facebook.com\/hudo.si\",\"https:\/\/twitter.com\/hudo_si\"]},{\"@type\":\"Person\",\"@id\":\"https:\/\/hudo.com\/si\/#\/schema\/person\/f95639a66e0dd2c682b0568634e85b8b\",\"name\":\"A. G.\",\"image\":{\"@type\":\"ImageObject\",\"inLanguage\":\"sl-SI\",\"@id\":\"https:\/\/hudo.com\/si\/#\/schema\/person\/image\/\",\"url\":\"https:\/\/secure.gravatar.com\/avatar\/9f44de561c70d5d80348d3ed0f4b142d?s=96&d=mm&r=g\",\"contentUrl\":\"https:\/\/secure.gravatar.com\/avatar\/9f44de561c70d5d80348d3ed0f4b142d?s=96&d=mm&r=g\",\"caption\":\"A. G.\"},\"url\":\"https:\/\/hudo.com\/si\/author\/alenkagrmek\/\"}]}<\/script>\n<!-- \/ Yoast SEO plugin. -->","yoast_head_json":{"title":"Tari Zupan\u010di\u010d Miklav\u017e prinesel posebno darilo: \"V\u010deraj se mi je uresni\u010dila gore\u010da \u017eelja, od danes naprej \u010dude\u017eu in ljubezni re\u010dem ...\" - Hudo Slovenija","robots":{"index":"index","follow":"follow","max-snippet":"max-snippet:-1","max-image-preview":"max-image-preview:large","max-video-preview":"max-video-preview:-1"},"canonical":"https:\/\/hudo.com\/si\/vip\/tari-zupancic-miklavz-prinesel-posebno-darilo-vceraj-se-mi-je-uresnicila-goreca-zelja-od-danes-naprej-cudezu-in-ljubezni-recem\/","og_locale":"sl_SI","og_type":"article","og_title":"Tari Zupan\u010di\u010d Miklav\u017e prinesel posebno darilo: \"V\u010deraj se mi je uresni\u010dila gore\u010da \u017eelja, od danes naprej \u010dude\u017eu in ljubezni re\u010dem ...\" - Hudo Slovenija","og_description":"Lepa voditeljica Tara Zupan\u010di\u010d je raz\u0161irila svojo dru\u017eino.\u00a0","og_url":"https:\/\/hudo.com\/si\/vip\/tari-zupancic-miklavz-prinesel-posebno-darilo-vceraj-se-mi-je-uresnicila-goreca-zelja-od-danes-naprej-cudezu-in-ljubezni-recem\/","og_site_name":"Hudo Slovenija","article_publisher":"https:\/\/www.facebook.com\/hudo.si","article_published_time":"2021-12-06T10:17:19+00:00","article_modified_time":"2021-12-06T10:18:33+00:00","og_image":[{"width":502,"height":409,"url":"https:\/\/hudo.com\/si\/wp-content\/uploads\/sites\/2\/2021\/12\/Screenshot-from-2021-12-06-11-09-51.jpg","type":"image\/jpeg"}],"author":"A. G.","twitter_card":"summary_large_image","twitter_creator":"@hudo_si","twitter_site":"@hudo_si","twitter_misc":{"Written by":"A. G.","Est. reading time":"1 minuta"},"schema":{"@context":"https:\/\/schema.org","@graph":[{"@type":"Article","@id":"https:\/\/hudo.com\/si\/vip\/tari-zupancic-miklavz-prinesel-posebno-darilo-vceraj-se-mi-je-uresnicila-goreca-zelja-od-danes-naprej-cudezu-in-ljubezni-recem\/#article","isPartOf":{"@id":"https:\/\/hudo.com\/si\/vip\/tari-zupancic-miklavz-prinesel-posebno-darilo-vceraj-se-mi-je-uresnicila-goreca-zelja-od-danes-naprej-cudezu-in-ljubezni-recem\/"},"author":{"name":"A. G.","@id":"https:\/\/hudo.com\/si\/#\/schema\/person\/f95639a66e0dd2c682b0568634e85b8b"},"headline":"Tari Zupan\u010di\u010d Miklav\u017e prinesel posebno darilo: &#8220;V\u010deraj se mi je uresni\u010dila gore\u010da \u017eelja, od danes naprej \u010dude\u017eu in ljubezni re\u010dem &#8230;&#8221;","datePublished":"2021-12-06T10:17:19+00:00","dateModified":"2021-12-06T10:18:33+00:00","mainEntityOfPage":{"@id":"https:\/\/hudo.com\/si\/vip\/tari-zupancic-miklavz-prinesel-posebno-darilo-vceraj-se-mi-je-uresnicila-goreca-zelja-od-danes-naprej-cudezu-in-ljubezni-recem\/"},"wordCount":250,"publisher":{"@id":"https:\/\/hudo.com\/si\/#organization"},"keywords":["Tara Zupan\u010di\u010d"],"articleSection":["VIP"],"inLanguage":"sl-SI"},{"@type":"WebPage","@id":"https:\/\/hudo.com\/si\/vip\/tari-zupancic-miklavz-prinesel-posebno-darilo-vceraj-se-mi-je-uresnicila-goreca-zelja-od-danes-naprej-cudezu-in-ljubezni-recem\/","url":"https:\/\/hudo.com\/si\/vip\/tari-zupancic-miklavz-prinesel-posebno-darilo-vceraj-se-mi-je-uresnicila-goreca-zelja-od-danes-naprej-cudezu-in-ljubezni-recem\/","name":"Tari Zupan\u010di\u010d Miklav\u017e prinesel posebno darilo: \"V\u010deraj se mi je uresni\u010dila gore\u010da \u017eelja, od danes naprej \u010dude\u017eu in ljubezni re\u010dem ...\" - Hudo Slovenija","isPartOf":{"@id":"https:\/\/hudo.com\/si\/#website"},"datePublished":"2021-12-06T10:17:19+00:00","dateModified":"2021-12-06T10:18:33+00:00","breadcrumb":{"@id":"https:\/\/hudo.com\/si\/vip\/tari-zupancic-miklavz-prinesel-posebno-darilo-vceraj-se-mi-je-uresnicila-goreca-zelja-od-danes-naprej-cudezu-in-ljubezni-recem\/#breadcrumb"},"inLanguage":"sl-SI","potentialAction":[{"@type":"ReadAction","target":["https:\/\/hudo.com\/si\/vip\/tari-zupancic-miklavz-prinesel-posebno-darilo-vceraj-se-mi-je-uresnicila-goreca-zelja-od-danes-naprej-cudezu-in-ljubezni-recem\/"]}]},{"@type":"BreadcrumbList","@id":"https:\/\/hudo.com\/si\/vip\/tari-zupancic-miklavz-prinesel-posebno-darilo-vceraj-se-mi-je-uresnicila-goreca-zelja-od-danes-naprej-cudezu-in-ljubezni-recem\/#breadcrumb","itemListElement":[{"@type":"ListItem","position":1,"name":"Home","item":"https:\/\/hudo.com\/si\/"},{"@type":"ListItem","position":2,"name":"Tari Zupan\u010di\u010d Miklav\u017e prinesel posebno darilo: &#8220;V\u010deraj se mi je uresni\u010dila gore\u010da \u017eelja, od danes naprej \u010dude\u017eu in ljubezni re\u010dem &#8230;&#8221;"}]},{"@type":"WebSite","@id":"https:\/\/hudo.com\/si\/#website","url":"https:\/\/hudo.com\/si\/","name":"Hudo Slovenija","description":"Vse novice iz Slovenije in sveta","publisher":{"@id":"https:\/\/hudo.com\/si\/#organization"},"potentialAction":[{"@type":"SearchAction","target":{"@type":"EntryPoint","urlTemplate":"https:\/\/hudo.com\/si\/?s={search_term_string}"},"query-input":"required name=search_term_string"}],"inLanguage":"sl-SI"},{"@type":"Organization","@id":"https:\/\/hudo.com\/si\/#organization","name":"VSN Media","url":"https:\/\/hudo.com\/si\/","logo":{"@type":"ImageObject","inLanguage":"sl-SI","@id":"https:\/\/hudo.com\/si\/#\/schema\/logo\/image\/","url":"https:\/\/hudo.com\/si\/wp-content\/uploads\/sites\/2\/2021\/03\/hudo-app-2.png","contentUrl":"https:\/\/hudo.com\/si\/wp-content\/uploads\/sites\/2\/2021\/03\/hudo-app-2.png","width":2185,"height":2167,"caption":"VSN Media"},"image":{"@id":"https:\/\/hudo.com\/si\/#\/schema\/logo\/image\/"},"sameAs":["https:\/\/www.facebook.com\/hudo.si","https:\/\/twitter.com\/hudo_si"]},{"@type":"Person","@id":"https:\/\/hudo.com\/si\/#\/schema\/person\/f95639a66e0dd2c682b0568634e85b8b","name":"A. G.","image":{"@type":"ImageObject","inLanguage":"sl-SI","@id":"https:\/\/hudo.com\/si\/#\/schema\/person\/image\/","url":"https:\/\/secure.gravatar.com\/avatar\/9f44de561c70d5d80348d3ed0f4b142d?s=96&d=mm&r=g","contentUrl":"https:\/\/secure.gravatar.com\/avatar\/9f44de561c70d5d80348d3ed0f4b142d?s=96&d=mm&r=g","caption":"A. G."},"url":"https:\/\/hudo.com\/si\/author\/alenkagrmek\/"}]}},"amp_enabled":true,"_links":{"self":[{"href":"https:\/\/hudo.com\/si\/wp-json\/wp\/v2\/posts\/462106"}],"collection":[{"href":"https:\/\/hudo.com\/si\/wp-json\/wp\/v2\/posts"}],"about":[{"href":"https:\/\/hudo.com\/si\/wp-json\/wp\/v2\/types\/post"}],"author":[{"embeddable":true,"href":"https:\/\/hudo.com\/si\/wp-json\/wp\/v2\/users\/6"}],"replies":[{"embeddable":true,"href":"https:\/\/hudo.com\/si\/wp-json\/wp\/v2\/comments?post=462106"}],"version-history":[{"count":2,"href":"https:\/\/hudo.com\/si\/wp-json\/wp\/v2\/posts\/462106\/revisions"}],"predecessor-version":[{"id":462109,"href":"https:\/\/hudo.com\/si\/wp-json\/wp\/v2\/posts\/462106\/revisions\/462109"}],"wp:featuredmedia":[{"embeddable":true,"href":"https:\/\/hudo.com\/si\/wp-json\/wp\/v2\/media\/462107"}],"wp:attachment":[{"href":"https:\/\/hudo.com\/si\/wp-json\/wp\/v2\/media?parent=462106"}],"wp:term":[{"taxonomy":"category","embeddable":true,"href":"https:\/\/hudo.com\/si\/wp-json\/wp\/v2\/categories?post=462106"},{"taxonomy":"post_tag","embeddable":true,"href":"https:\/\/hudo.com\/si\/wp-json\/wp\/v2\/tags?post=462106"},{"taxonomy":"source","embeddable":true,"href":"https:\/\/hudo.com\/si\/wp-json\/wp\/v2\/source?post=462106"},{"taxonomy":"supertag","embeddable":true,"href":"https:\/\/hudo.com\/si\/wp-json\/wp\/v2\/supertag?post=462106"}],"curies":[{"name":"wp","href":"https:\/\/api.w.org\/{rel}","templated":true}]}}