{"id":462156,"date":"2021-12-07T10:45:30","date_gmt":"2021-12-07T09:45:30","guid":{"rendered":"https:\/\/hudo.com\/si\/?p=462156"},"modified":"2021-12-07T10:45:30","modified_gmt":"2021-12-07T09:45:30","slug":"danes-bo-pretezno-jasno-z-obcasno-zmerno-oblacnostjo","status":"publish","type":"post","link":"https:\/\/hudo.com\/si\/vreme\/danes-bo-pretezno-jasno-z-obcasno-zmerno-oblacnostjo\/","title":{"rendered":"Danes bo prete\u017eno jasno z ob\u010dasno zmerno obla\u010dnostjo"},"content":{"rendered":"<p>V sredo se bo po jasnem in ponekod meglenem jutru \u010dez dan od zahoda poobla\u010dilo. Popoldne bodo v zahodni polovici Slovenije \u017ee manj\u0161e padavine, ki se bodo zve\u010der okrepile in raz\u0161irile na vso dr\u017eavo. Na Primorskem bo de\u017eevalo, drugod tudi po ni\u017einah ve\u010dinoma sne\u017eilo. Ob morju bo prehodno zapihal okrepljen jugo. Najni\u017eje jutranje temperature bodo od -10 do -4, ob morju okoli 1, najvi\u0161je dnevne od -2 do 4, na Primorskem do 10 stopinj Celzija.<\/p>\n<p><strong>Obeti:<\/strong> V \u010detrtek bo ve\u010dinoma obla\u010dno, ob\u010dasno bo \u0161e sne\u017eilo, na Primorskem de\u017eevalo. V petek bo prete\u017eno obla\u010dno in ve\u010dinoma suho.<\/p>\n<p><strong>Vremenska slika:<\/strong> Nad severozahodno Evropo se poglablja ciklonsko obmo\u010dje. V vi\u0161inah priteka nad na\u0161e kraje s severnimi vetrovi hladen in bolj suh zrak.<\/p>\n<p><strong>Napoved za sosednje pokrajine:<\/strong> Danes bo prete\u017eno jasno, predvsem v krajih zahodno od nas ob\u010dasno zmerno obla\u010dno. V sredo se bo sprva poobla\u010dilo v krajih zahodno od nas, \u010dez dan pa postopno tudi drugod. \u017de dopoldne bodo padavine v sosednjih pokrajinah Italije, popoldne in zve\u010der pa se bodo raz\u0161irile na vse sosednje pokrajine. Ob Jadranu bo de\u017eevalo, drugod ve\u010dinoma sne\u017eilo.<\/p>\n<p><strong>Biovreme:<\/strong> Danes bo vpliv vremena na po\u010dutje ve\u010dine ljudi ugoden, le vremensko najbolj ob\u010dutljivi bodo imeli zna\u010dilne vremensko pogojene te\u017eave. V sredo se bo vremenska obremenitev krepila. Spanje vremensko ob\u010dutljivih ljudi bo v no\u010di na \u010detrtek moteno.<\/p>\n","protected":false},"excerpt":{"rendered":"<p>Zjutraj in dopoldne bo ponekod po ni\u017einah megla. Najvi\u0161je dnevne temperature bodo od -2 do 6, na Primorskem do 9 stopinj Celzija, je zapisano na spletnih straneh Agencije RS za okolje.<\/p>\n","protected":false},"author":8,"featured_media":365938,"comment_status":"closed","ping_status":"closed","sticky":false,"template":"","format":"standard","meta":{"footnotes":""},"categories":[18175],"tags":[1595,2149],"source":[4511],"supertag":[5675,12922],"acf":[],"yoast_head":"<!-- This site is optimized with the Yoast SEO plugin v21.3 - https:\/\/yoast.com\/wordpress\/plugins\/seo\/ -->\n<title>Danes bo prete\u017eno jasno z ob\u010dasno zmerno obla\u010dnostjo - Hudo Slovenija<\/title>\n<meta name=\"robots\" content=\"index, follow, max-snippet:-1, max-image-preview:large, max-video-preview:-1\" \/>\n<link rel=\"canonical\" href=\"https:\/\/hudo.com\/si\/vreme\/danes-bo-pretezno-jasno-z-obcasno-zmerno-oblacnostjo\/\" \/>\n<meta property=\"og:locale\" content=\"sl_SI\" \/>\n<meta property=\"og:type\" content=\"article\" \/>\n<meta property=\"og:title\" content=\"Danes bo prete\u017eno jasno z ob\u010dasno zmerno obla\u010dnostjo - Hudo Slovenija\" \/>\n<meta property=\"og:description\" content=\"Zjutraj in dopoldne bo ponekod po ni\u017einah megla. Najvi\u0161je dnevne temperature bodo od -2 do 6, na Primorskem do 9 stopinj Celzija, je zapisano na spletnih straneh Agencije RS za okolje.\" \/>\n<meta property=\"og:url\" content=\"https:\/\/hudo.com\/si\/vreme\/danes-bo-pretezno-jasno-z-obcasno-zmerno-oblacnostjo\/\" \/>\n<meta property=\"og:site_name\" content=\"Hudo Slovenija\" \/>\n<meta property=\"article:publisher\" content=\"https:\/\/www.facebook.com\/hudo.si\" \/>\n<meta property=\"article:published_time\" content=\"2021-12-07T09:45:30+00:00\" \/>\n<meta property=\"og:image\" content=\"https:\/\/hudo.com\/si\/wp-content\/uploads\/sites\/2\/2018\/02\/profimedia-0006358930.jpg\" \/>\n\t<meta property=\"og:image:width\" content=\"937\" \/>\n\t<meta property=\"og:image:height\" content=\"1250\" \/>\n\t<meta property=\"og:image:type\" content=\"image\/jpeg\" \/>\n<meta name=\"author\" content=\"M. N., STA\" \/>\n<meta name=\"twitter:card\" content=\"summary_large_image\" \/>\n<meta name=\"twitter:creator\" content=\"@hudo_si\" \/>\n<meta name=\"twitter:site\" content=\"@hudo_si\" \/>\n<meta name=\"twitter:label1\" content=\"Written by\" \/>\n\t<meta name=\"twitter:data1\" content=\"M. N., STA\" \/>\n\t<meta name=\"twitter:label2\" content=\"Est. reading time\" \/>\n\t<meta name=\"twitter:data2\" content=\"1 minuta\" \/>\n<script type=\"application\/ld+json\" class=\"yoast-schema-graph\">{\"@context\":\"https:\/\/schema.org\",\"@graph\":[{\"@type\":\"Article\",\"@id\":\"https:\/\/hudo.com\/si\/vreme\/danes-bo-pretezno-jasno-z-obcasno-zmerno-oblacnostjo\/#article\",\"isPartOf\":{\"@id\":\"https:\/\/hudo.com\/si\/vreme\/danes-bo-pretezno-jasno-z-obcasno-zmerno-oblacnostjo\/\"},\"author\":{\"name\":\"M. N., STA\",\"@id\":\"https:\/\/hudo.com\/si\/#\/schema\/person\/c2f10ce65d2e6ede2aeda5be2a0611fa\"},\"headline\":\"Danes bo prete\u017eno jasno z ob\u010dasno zmerno obla\u010dnostjo\",\"datePublished\":\"2021-12-07T09:45:30+00:00\",\"dateModified\":\"2021-12-07T09:45:30+00:00\",\"mainEntityOfPage\":{\"@id\":\"https:\/\/hudo.com\/si\/vreme\/danes-bo-pretezno-jasno-z-obcasno-zmerno-oblacnostjo\/\"},\"wordCount\":262,\"publisher\":{\"@id\":\"https:\/\/hudo.com\/si\/#organization\"},\"keywords\":[\"Slovenija\",\"vreme\"],\"articleSection\":[\"Vreme\"],\"inLanguage\":\"sl-SI\"},{\"@type\":\"WebPage\",\"@id\":\"https:\/\/hudo.com\/si\/vreme\/danes-bo-pretezno-jasno-z-obcasno-zmerno-oblacnostjo\/\",\"url\":\"https:\/\/hudo.com\/si\/vreme\/danes-bo-pretezno-jasno-z-obcasno-zmerno-oblacnostjo\/\",\"name\":\"Danes bo prete\u017eno jasno z ob\u010dasno zmerno obla\u010dnostjo - Hudo Slovenija\",\"isPartOf\":{\"@id\":\"https:\/\/hudo.com\/si\/#website\"},\"datePublished\":\"2021-12-07T09:45:30+00:00\",\"dateModified\":\"2021-12-07T09:45:30+00:00\",\"breadcrumb\":{\"@id\":\"https:\/\/hudo.com\/si\/vreme\/danes-bo-pretezno-jasno-z-obcasno-zmerno-oblacnostjo\/#breadcrumb\"},\"inLanguage\":\"sl-SI\",\"potentialAction\":[{\"@type\":\"ReadAction\",\"target\":[\"https:\/\/hudo.com\/si\/vreme\/danes-bo-pretezno-jasno-z-obcasno-zmerno-oblacnostjo\/\"]}]},{\"@type\":\"BreadcrumbList\",\"@id\":\"https:\/\/hudo.com\/si\/vreme\/danes-bo-pretezno-jasno-z-obcasno-zmerno-oblacnostjo\/#breadcrumb\",\"itemListElement\":[{\"@type\":\"ListItem\",\"position\":1,\"name\":\"Home\",\"item\":\"https:\/\/hudo.com\/si\/\"},{\"@type\":\"ListItem\",\"position\":2,\"name\":\"Danes bo prete\u017eno jasno z ob\u010dasno zmerno obla\u010dnostjo\"}]},{\"@type\":\"WebSite\",\"@id\":\"https:\/\/hudo.com\/si\/#website\",\"url\":\"https:\/\/hudo.com\/si\/\",\"name\":\"Hudo Slovenija\",\"description\":\"Vse novice iz Slovenije in sveta\",\"publisher\":{\"@id\":\"https:\/\/hudo.com\/si\/#organization\"},\"potentialAction\":[{\"@type\":\"SearchAction\",\"target\":{\"@type\":\"EntryPoint\",\"urlTemplate\":\"https:\/\/hudo.com\/si\/?s={search_term_string}\"},\"query-input\":\"required name=search_term_string\"}],\"inLanguage\":\"sl-SI\"},{\"@type\":\"Organization\",\"@id\":\"https:\/\/hudo.com\/si\/#organization\",\"name\":\"VSN Media\",\"url\":\"https:\/\/hudo.com\/si\/\",\"logo\":{\"@type\":\"ImageObject\",\"inLanguage\":\"sl-SI\",\"@id\":\"https:\/\/hudo.com\/si\/#\/schema\/logo\/image\/\",\"url\":\"https:\/\/hudo.com\/si\/wp-content\/uploads\/sites\/2\/2021\/03\/hudo-app-2.png\",\"contentUrl\":\"https:\/\/hudo.com\/si\/wp-content\/uploads\/sites\/2\/2021\/03\/hudo-app-2.png\",\"width\":2185,\"height\":2167,\"caption\":\"VSN Media\"},\"image\":{\"@id\":\"https:\/\/hudo.com\/si\/#\/schema\/logo\/image\/\"},\"sameAs\":[\"https:\/\/www.facebook.com\/hudo.si\",\"https:\/\/twitter.com\/hudo_si\"]},{\"@type\":\"Person\",\"@id\":\"https:\/\/hudo.com\/si\/#\/schema\/person\/c2f10ce65d2e6ede2aeda5be2a0611fa\",\"name\":\"M. N., STA\",\"image\":{\"@type\":\"ImageObject\",\"inLanguage\":\"sl-SI\",\"@id\":\"https:\/\/hudo.com\/si\/#\/schema\/person\/image\/\",\"url\":\"https:\/\/secure.gravatar.com\/avatar\/f370d38daa10467f755c5c766a4cac20?s=96&d=mm&r=g\",\"contentUrl\":\"https:\/\/secure.gravatar.com\/avatar\/f370d38daa10467f755c5c766a4cac20?s=96&d=mm&r=g\",\"caption\":\"M. N., STA\"},\"url\":\"https:\/\/hudo.com\/si\/author\/mana\/\"}]}<\/script>\n<!-- \/ Yoast SEO plugin. -->","yoast_head_json":{"title":"Danes bo prete\u017eno jasno z ob\u010dasno zmerno obla\u010dnostjo - Hudo Slovenija","robots":{"index":"index","follow":"follow","max-snippet":"max-snippet:-1","max-image-preview":"max-image-preview:large","max-video-preview":"max-video-preview:-1"},"canonical":"https:\/\/hudo.com\/si\/vreme\/danes-bo-pretezno-jasno-z-obcasno-zmerno-oblacnostjo\/","og_locale":"sl_SI","og_type":"article","og_title":"Danes bo prete\u017eno jasno z ob\u010dasno zmerno obla\u010dnostjo - Hudo Slovenija","og_description":"Zjutraj in dopoldne bo ponekod po ni\u017einah megla. Najvi\u0161je dnevne temperature bodo od -2 do 6, na Primorskem do 9 stopinj Celzija, je zapisano na spletnih straneh Agencije RS za okolje.","og_url":"https:\/\/hudo.com\/si\/vreme\/danes-bo-pretezno-jasno-z-obcasno-zmerno-oblacnostjo\/","og_site_name":"Hudo Slovenija","article_publisher":"https:\/\/www.facebook.com\/hudo.si","article_published_time":"2021-12-07T09:45:30+00:00","og_image":[{"width":937,"height":1250,"url":"https:\/\/hudo.com\/si\/wp-content\/uploads\/sites\/2\/2018\/02\/profimedia-0006358930.jpg","type":"image\/jpeg"}],"author":"M. N., STA","twitter_card":"summary_large_image","twitter_creator":"@hudo_si","twitter_site":"@hudo_si","twitter_misc":{"Written by":"M. N., STA","Est. reading time":"1 minuta"},"schema":{"@context":"https:\/\/schema.org","@graph":[{"@type":"Article","@id":"https:\/\/hudo.com\/si\/vreme\/danes-bo-pretezno-jasno-z-obcasno-zmerno-oblacnostjo\/#article","isPartOf":{"@id":"https:\/\/hudo.com\/si\/vreme\/danes-bo-pretezno-jasno-z-obcasno-zmerno-oblacnostjo\/"},"author":{"name":"M. N., STA","@id":"https:\/\/hudo.com\/si\/#\/schema\/person\/c2f10ce65d2e6ede2aeda5be2a0611fa"},"headline":"Danes bo prete\u017eno jasno z ob\u010dasno zmerno obla\u010dnostjo","datePublished":"2021-12-07T09:45:30+00:00","dateModified":"2021-12-07T09:45:30+00:00","mainEntityOfPage":{"@id":"https:\/\/hudo.com\/si\/vreme\/danes-bo-pretezno-jasno-z-obcasno-zmerno-oblacnostjo\/"},"wordCount":262,"publisher":{"@id":"https:\/\/hudo.com\/si\/#organization"},"keywords":["Slovenija","vreme"],"articleSection":["Vreme"],"inLanguage":"sl-SI"},{"@type":"WebPage","@id":"https:\/\/hudo.com\/si\/vreme\/danes-bo-pretezno-jasno-z-obcasno-zmerno-oblacnostjo\/","url":"https:\/\/hudo.com\/si\/vreme\/danes-bo-pretezno-jasno-z-obcasno-zmerno-oblacnostjo\/","name":"Danes bo prete\u017eno jasno z ob\u010dasno zmerno obla\u010dnostjo - Hudo Slovenija","isPartOf":{"@id":"https:\/\/hudo.com\/si\/#website"},"datePublished":"2021-12-07T09:45:30+00:00","dateModified":"2021-12-07T09:45:30+00:00","breadcrumb":{"@id":"https:\/\/hudo.com\/si\/vreme\/danes-bo-pretezno-jasno-z-obcasno-zmerno-oblacnostjo\/#breadcrumb"},"inLanguage":"sl-SI","potentialAction":[{"@type":"ReadAction","target":["https:\/\/hudo.com\/si\/vreme\/danes-bo-pretezno-jasno-z-obcasno-zmerno-oblacnostjo\/"]}]},{"@type":"BreadcrumbList","@id":"https:\/\/hudo.com\/si\/vreme\/danes-bo-pretezno-jasno-z-obcasno-zmerno-oblacnostjo\/#breadcrumb","itemListElement":[{"@type":"ListItem","position":1,"name":"Home","item":"https:\/\/hudo.com\/si\/"},{"@type":"ListItem","position":2,"name":"Danes bo prete\u017eno jasno z ob\u010dasno zmerno obla\u010dnostjo"}]},{"@type":"WebSite","@id":"https:\/\/hudo.com\/si\/#website","url":"https:\/\/hudo.com\/si\/","name":"Hudo Slovenija","description":"Vse novice iz Slovenije in sveta","publisher":{"@id":"https:\/\/hudo.com\/si\/#organization"},"potentialAction":[{"@type":"SearchAction","target":{"@type":"EntryPoint","urlTemplate":"https:\/\/hudo.com\/si\/?s={search_term_string}"},"query-input":"required name=search_term_string"}],"inLanguage":"sl-SI"},{"@type":"Organization","@id":"https:\/\/hudo.com\/si\/#organization","name":"VSN Media","url":"https:\/\/hudo.com\/si\/","logo":{"@type":"ImageObject","inLanguage":"sl-SI","@id":"https:\/\/hudo.com\/si\/#\/schema\/logo\/image\/","url":"https:\/\/hudo.com\/si\/wp-content\/uploads\/sites\/2\/2021\/03\/hudo-app-2.png","contentUrl":"https:\/\/hudo.com\/si\/wp-content\/uploads\/sites\/2\/2021\/03\/hudo-app-2.png","width":2185,"height":2167,"caption":"VSN Media"},"image":{"@id":"https:\/\/hudo.com\/si\/#\/schema\/logo\/image\/"},"sameAs":["https:\/\/www.facebook.com\/hudo.si","https:\/\/twitter.com\/hudo_si"]},{"@type":"Person","@id":"https:\/\/hudo.com\/si\/#\/schema\/person\/c2f10ce65d2e6ede2aeda5be2a0611fa","name":"M. N., STA","image":{"@type":"ImageObject","inLanguage":"sl-SI","@id":"https:\/\/hudo.com\/si\/#\/schema\/person\/image\/","url":"https:\/\/secure.gravatar.com\/avatar\/f370d38daa10467f755c5c766a4cac20?s=96&d=mm&r=g","contentUrl":"https:\/\/secure.gravatar.com\/avatar\/f370d38daa10467f755c5c766a4cac20?s=96&d=mm&r=g","caption":"M. N., STA"},"url":"https:\/\/hudo.com\/si\/author\/mana\/"}]}},"amp_enabled":true,"_links":{"self":[{"href":"https:\/\/hudo.com\/si\/wp-json\/wp\/v2\/posts\/462156"}],"collection":[{"href":"https:\/\/hudo.com\/si\/wp-json\/wp\/v2\/posts"}],"about":[{"href":"https:\/\/hudo.com\/si\/wp-json\/wp\/v2\/types\/post"}],"author":[{"embeddable":true,"href":"https:\/\/hudo.com\/si\/wp-json\/wp\/v2\/users\/8"}],"replies":[{"embeddable":true,"href":"https:\/\/hudo.com\/si\/wp-json\/wp\/v2\/comments?post=462156"}],"version-history":[{"count":1,"href":"https:\/\/hudo.com\/si\/wp-json\/wp\/v2\/posts\/462156\/revisions"}],"predecessor-version":[{"id":462157,"href":"https:\/\/hudo.com\/si\/wp-json\/wp\/v2\/posts\/462156\/revisions\/462157"}],"wp:featuredmedia":[{"embeddable":true,"href":"https:\/\/hudo.com\/si\/wp-json\/wp\/v2\/media\/365938"}],"wp:attachment":[{"href":"https:\/\/hudo.com\/si\/wp-json\/wp\/v2\/media?parent=462156"}],"wp:term":[{"taxonomy":"category","embeddable":true,"href":"https:\/\/hudo.com\/si\/wp-json\/wp\/v2\/categories?post=462156"},{"taxonomy":"post_tag","embeddable":true,"href":"https:\/\/hudo.com\/si\/wp-json\/wp\/v2\/tags?post=462156"},{"taxonomy":"source","embeddable":true,"href":"https:\/\/hudo.com\/si\/wp-json\/wp\/v2\/source?post=462156"},{"taxonomy":"supertag","embeddable":true,"href":"https:\/\/hudo.com\/si\/wp-json\/wp\/v2\/supertag?post=462156"}],"curies":[{"name":"wp","href":"https:\/\/api.w.org\/{rel}","templated":true}]}}