{"id":462369,"date":"2021-12-11T13:56:29","date_gmt":"2021-12-11T12:56:29","guid":{"rendered":"https:\/\/hudo.com\/si\/?p=462369"},"modified":"2021-12-11T14:58:51","modified_gmt":"2021-12-11T13:58:51","slug":"pogresano-tursko-deklico-nasli-mrtvo","status":"publish","type":"post","link":"https:\/\/hudo.com\/si\/aktualno\/slovenija\/pogresano-tursko-deklico-nasli-mrtvo\/","title":{"rendered":"Pogre\u0161ano tur\u0161ko deklico na\u0161li mrtvo"},"content":{"rendered":"<p>V sporo\u010dilu so koprski policisti zapisali, da je pri iskalni akciji sodelovalo pribli\u017eno 50 policistov, potaplja\u010dev Slovenske vojske, gasilcev, potaplja\u010dev podvodne re\u0161evalne slu\u017ebe in vodnikov re\u0161evalnih psov.<\/p>\n<p>Na kraju zdaj opravljajo ogled, ki ga vodi hrva\u0161ka policija, so navedli.<\/p>\n<p>Deklica je v \u010detrtek padla z ramen svoje 47-letne matere, dr\u017eavljanke Tur\u010dije, ki je skupaj z otrokom sku\u0161ala pre\u010dkati reko in tako vstopiti v Slovenijo, pri tem je h\u010derka padla v vodo, tok pa jo je odnesel po strugi navzdol. Re\u0161evalno akcijo so za\u010deli takoj.<\/p>\n<p>Policijska uprava Koper je bila sicer o tem, da sku\u0161a skupina oseb preplavati Dragonjo, obve\u0161\u010dena v \u010detrtek nekaj po 20. uri. Piranski policisti, ki so pri\u0161li na kraj, so opazili \u017eensko, ki se je na sredini reke dr\u017eala za drevo. Ker je na hrva\u0161ki strani na tem delu zelo te\u017eek pristop, reka pa je visoka in dero\u010da, je hrva\u0161ki varnostni organi niso mogli potegniti iz vode. Slovenski policisti so jo skupaj s hrva\u0161kimi policisti re\u0161ili, gasilci pa so jo odnesli do re\u0161evalnega vozila.<\/p>\n<p>Izkazalo se je, da je 47-letna dr\u017eavljanka Tur\u010dije mati dveh otrok, starih 18 in pet let, ki sta bila \u017ee na slovenski strani, njen tretji otrok, star 13 let, pa je bil \u0161e na hrva\u0161ki strani. Ker je bilo dogajanje in re\u0161evanje na mejni \u010drti, so bili vsi vrnjeni na Hrva\u0161ko.<\/p>\n<p>Ko so izvedeli, da je \u017eenski med pre\u010dkanjem reke v vodo padla desetletna h\u010derka, je sedem policistov, dva vodnika slu\u017ebenega psa in 20 gasilcev \u0161e pono\u010di pregledalo obmo\u010dje ob reki. Iskalno akcijo so nadaljevali v petek in danes.<\/p>\n","protected":false},"excerpt":{"rendered":"<p>rva\u0161ka policija je skupaj s potaplja\u010di Slovenske vojske pogre\u0161ano tur\u0161ko deklico, ki jo je v \u010detrtek zve\u010der odnesla reka Dragonja, na\u0161la mrtvo, so za STA potrdili na Policijski upravi Koper. Njeno truplo so ob 12.35 na\u0161li na hrva\u0161ki strani reke Dragonje, pribli\u017eno dva metra pod vodo.<\/p>\n","protected":false},"author":8,"featured_media":462365,"comment_status":"closed","ping_status":"closed","sticky":false,"template":"","format":"standard","meta":{"footnotes":""},"categories":[18201],"tags":[19643,5465,8119,1595],"source":[4511],"supertag":[5675],"acf":[],"yoast_head":"<!-- This site is optimized with the Yoast SEO plugin v21.3 - https:\/\/yoast.com\/wordpress\/plugins\/seo\/ -->\n<title>Pogre\u0161ano tur\u0161ko deklico na\u0161li mrtvo - Hudo Slovenija<\/title>\n<meta name=\"robots\" content=\"index, follow, max-snippet:-1, max-image-preview:large, max-video-preview:-1\" \/>\n<link rel=\"canonical\" href=\"https:\/\/hudo.com\/si\/aktualno\/slovenija\/pogresano-tursko-deklico-nasli-mrtvo\/\" \/>\n<meta property=\"og:locale\" content=\"sl_SI\" \/>\n<meta property=\"og:type\" content=\"article\" \/>\n<meta property=\"og:title\" content=\"Pogre\u0161ano tur\u0161ko deklico na\u0161li mrtvo - Hudo Slovenija\" \/>\n<meta property=\"og:description\" content=\"rva\u0161ka policija je skupaj s potaplja\u010di Slovenske vojske pogre\u0161ano tur\u0161ko deklico, ki jo je v \u010detrtek zve\u010der odnesla reka Dragonja, na\u0161la mrtvo, so za STA potrdili na Policijski upravi Koper. Njeno truplo so ob 12.35 na\u0161li na hrva\u0161ki strani reke Dragonje, pribli\u017eno dva metra pod vodo.\" \/>\n<meta property=\"og:url\" content=\"https:\/\/hudo.com\/si\/aktualno\/slovenija\/pogresano-tursko-deklico-nasli-mrtvo\/\" \/>\n<meta property=\"og:site_name\" content=\"Hudo Slovenija\" \/>\n<meta property=\"article:publisher\" content=\"https:\/\/www.facebook.com\/hudo.si\" \/>\n<meta property=\"article:published_time\" content=\"2021-12-11T12:56:29+00:00\" \/>\n<meta property=\"article:modified_time\" content=\"2021-12-11T13:58:51+00:00\" \/>\n<meta property=\"og:image\" content=\"https:\/\/hudo.com\/si\/wp-content\/uploads\/sites\/2\/2021\/12\/20211211-01099237.jpg\" \/>\n\t<meta property=\"og:image:width\" content=\"1600\" \/>\n\t<meta property=\"og:image:height\" content=\"1200\" \/>\n\t<meta property=\"og:image:type\" content=\"image\/jpeg\" \/>\n<meta name=\"author\" content=\"M. N., STA\" \/>\n<meta name=\"twitter:card\" content=\"summary_large_image\" \/>\n<meta name=\"twitter:creator\" content=\"@hudo_si\" \/>\n<meta name=\"twitter:site\" content=\"@hudo_si\" \/>\n<meta name=\"twitter:label1\" content=\"Written by\" \/>\n\t<meta name=\"twitter:data1\" content=\"M. N., STA\" \/>\n\t<meta name=\"twitter:label2\" content=\"Est. reading time\" \/>\n\t<meta name=\"twitter:data2\" content=\"1 minuta\" \/>\n<script type=\"application\/ld+json\" class=\"yoast-schema-graph\">{\"@context\":\"https:\/\/schema.org\",\"@graph\":[{\"@type\":\"Article\",\"@id\":\"https:\/\/hudo.com\/si\/aktualno\/slovenija\/pogresano-tursko-deklico-nasli-mrtvo\/#article\",\"isPartOf\":{\"@id\":\"https:\/\/hudo.com\/si\/aktualno\/slovenija\/pogresano-tursko-deklico-nasli-mrtvo\/\"},\"author\":{\"name\":\"M. N., STA\",\"@id\":\"https:\/\/hudo.com\/si\/#\/schema\/person\/c2f10ce65d2e6ede2aeda5be2a0611fa\"},\"headline\":\"Pogre\u0161ano tur\u0161ko deklico na\u0161li mrtvo\",\"datePublished\":\"2021-12-11T12:56:29+00:00\",\"dateModified\":\"2021-12-11T13:58:51+00:00\",\"mainEntityOfPage\":{\"@id\":\"https:\/\/hudo.com\/si\/aktualno\/slovenija\/pogresano-tursko-deklico-nasli-mrtvo\/\"},\"wordCount\":295,\"publisher\":{\"@id\":\"https:\/\/hudo.com\/si\/#organization\"},\"keywords\":[\"dragonja\",\"migranti\",\"nezakonite migracije\",\"Slovenija\"],\"articleSection\":[\"Slovenija\"],\"inLanguage\":\"sl-SI\"},{\"@type\":\"WebPage\",\"@id\":\"https:\/\/hudo.com\/si\/aktualno\/slovenija\/pogresano-tursko-deklico-nasli-mrtvo\/\",\"url\":\"https:\/\/hudo.com\/si\/aktualno\/slovenija\/pogresano-tursko-deklico-nasli-mrtvo\/\",\"name\":\"Pogre\u0161ano tur\u0161ko deklico na\u0161li mrtvo - Hudo Slovenija\",\"isPartOf\":{\"@id\":\"https:\/\/hudo.com\/si\/#website\"},\"datePublished\":\"2021-12-11T12:56:29+00:00\",\"dateModified\":\"2021-12-11T13:58:51+00:00\",\"breadcrumb\":{\"@id\":\"https:\/\/hudo.com\/si\/aktualno\/slovenija\/pogresano-tursko-deklico-nasli-mrtvo\/#breadcrumb\"},\"inLanguage\":\"sl-SI\",\"potentialAction\":[{\"@type\":\"ReadAction\",\"target\":[\"https:\/\/hudo.com\/si\/aktualno\/slovenija\/pogresano-tursko-deklico-nasli-mrtvo\/\"]}]},{\"@type\":\"BreadcrumbList\",\"@id\":\"https:\/\/hudo.com\/si\/aktualno\/slovenija\/pogresano-tursko-deklico-nasli-mrtvo\/#breadcrumb\",\"itemListElement\":[{\"@type\":\"ListItem\",\"position\":1,\"name\":\"Home\",\"item\":\"https:\/\/hudo.com\/si\/\"},{\"@type\":\"ListItem\",\"position\":2,\"name\":\"Pogre\u0161ano tur\u0161ko deklico na\u0161li mrtvo\"}]},{\"@type\":\"WebSite\",\"@id\":\"https:\/\/hudo.com\/si\/#website\",\"url\":\"https:\/\/hudo.com\/si\/\",\"name\":\"Hudo Slovenija\",\"description\":\"Vse novice iz Slovenije in sveta\",\"publisher\":{\"@id\":\"https:\/\/hudo.com\/si\/#organization\"},\"potentialAction\":[{\"@type\":\"SearchAction\",\"target\":{\"@type\":\"EntryPoint\",\"urlTemplate\":\"https:\/\/hudo.com\/si\/?s={search_term_string}\"},\"query-input\":\"required name=search_term_string\"}],\"inLanguage\":\"sl-SI\"},{\"@type\":\"Organization\",\"@id\":\"https:\/\/hudo.com\/si\/#organization\",\"name\":\"VSN Media\",\"url\":\"https:\/\/hudo.com\/si\/\",\"logo\":{\"@type\":\"ImageObject\",\"inLanguage\":\"sl-SI\",\"@id\":\"https:\/\/hudo.com\/si\/#\/schema\/logo\/image\/\",\"url\":\"https:\/\/hudo.com\/si\/wp-content\/uploads\/sites\/2\/2021\/03\/hudo-app-2.png\",\"contentUrl\":\"https:\/\/hudo.com\/si\/wp-content\/uploads\/sites\/2\/2021\/03\/hudo-app-2.png\",\"width\":2185,\"height\":2167,\"caption\":\"VSN Media\"},\"image\":{\"@id\":\"https:\/\/hudo.com\/si\/#\/schema\/logo\/image\/\"},\"sameAs\":[\"https:\/\/www.facebook.com\/hudo.si\",\"https:\/\/twitter.com\/hudo_si\"]},{\"@type\":\"Person\",\"@id\":\"https:\/\/hudo.com\/si\/#\/schema\/person\/c2f10ce65d2e6ede2aeda5be2a0611fa\",\"name\":\"M. N., STA\",\"image\":{\"@type\":\"ImageObject\",\"inLanguage\":\"sl-SI\",\"@id\":\"https:\/\/hudo.com\/si\/#\/schema\/person\/image\/\",\"url\":\"https:\/\/secure.gravatar.com\/avatar\/f370d38daa10467f755c5c766a4cac20?s=96&d=mm&r=g\",\"contentUrl\":\"https:\/\/secure.gravatar.com\/avatar\/f370d38daa10467f755c5c766a4cac20?s=96&d=mm&r=g\",\"caption\":\"M. N., STA\"},\"url\":\"https:\/\/hudo.com\/si\/author\/mana\/\"}]}<\/script>\n<!-- \/ Yoast SEO plugin. -->","yoast_head_json":{"title":"Pogre\u0161ano tur\u0161ko deklico na\u0161li mrtvo - Hudo Slovenija","robots":{"index":"index","follow":"follow","max-snippet":"max-snippet:-1","max-image-preview":"max-image-preview:large","max-video-preview":"max-video-preview:-1"},"canonical":"https:\/\/hudo.com\/si\/aktualno\/slovenija\/pogresano-tursko-deklico-nasli-mrtvo\/","og_locale":"sl_SI","og_type":"article","og_title":"Pogre\u0161ano tur\u0161ko deklico na\u0161li mrtvo - Hudo Slovenija","og_description":"rva\u0161ka policija je skupaj s potaplja\u010di Slovenske vojske pogre\u0161ano tur\u0161ko deklico, ki jo je v \u010detrtek zve\u010der odnesla reka Dragonja, na\u0161la mrtvo, so za STA potrdili na Policijski upravi Koper. Njeno truplo so ob 12.35 na\u0161li na hrva\u0161ki strani reke Dragonje, pribli\u017eno dva metra pod vodo.","og_url":"https:\/\/hudo.com\/si\/aktualno\/slovenija\/pogresano-tursko-deklico-nasli-mrtvo\/","og_site_name":"Hudo Slovenija","article_publisher":"https:\/\/www.facebook.com\/hudo.si","article_published_time":"2021-12-11T12:56:29+00:00","article_modified_time":"2021-12-11T13:58:51+00:00","og_image":[{"width":1600,"height":1200,"url":"https:\/\/hudo.com\/si\/wp-content\/uploads\/sites\/2\/2021\/12\/20211211-01099237.jpg","type":"image\/jpeg"}],"author":"M. N., STA","twitter_card":"summary_large_image","twitter_creator":"@hudo_si","twitter_site":"@hudo_si","twitter_misc":{"Written by":"M. N., STA","Est. reading time":"1 minuta"},"schema":{"@context":"https:\/\/schema.org","@graph":[{"@type":"Article","@id":"https:\/\/hudo.com\/si\/aktualno\/slovenija\/pogresano-tursko-deklico-nasli-mrtvo\/#article","isPartOf":{"@id":"https:\/\/hudo.com\/si\/aktualno\/slovenija\/pogresano-tursko-deklico-nasli-mrtvo\/"},"author":{"name":"M. N., STA","@id":"https:\/\/hudo.com\/si\/#\/schema\/person\/c2f10ce65d2e6ede2aeda5be2a0611fa"},"headline":"Pogre\u0161ano tur\u0161ko deklico na\u0161li mrtvo","datePublished":"2021-12-11T12:56:29+00:00","dateModified":"2021-12-11T13:58:51+00:00","mainEntityOfPage":{"@id":"https:\/\/hudo.com\/si\/aktualno\/slovenija\/pogresano-tursko-deklico-nasli-mrtvo\/"},"wordCount":295,"publisher":{"@id":"https:\/\/hudo.com\/si\/#organization"},"keywords":["dragonja","migranti","nezakonite migracije","Slovenija"],"articleSection":["Slovenija"],"inLanguage":"sl-SI"},{"@type":"WebPage","@id":"https:\/\/hudo.com\/si\/aktualno\/slovenija\/pogresano-tursko-deklico-nasli-mrtvo\/","url":"https:\/\/hudo.com\/si\/aktualno\/slovenija\/pogresano-tursko-deklico-nasli-mrtvo\/","name":"Pogre\u0161ano tur\u0161ko deklico na\u0161li mrtvo - Hudo Slovenija","isPartOf":{"@id":"https:\/\/hudo.com\/si\/#website"},"datePublished":"2021-12-11T12:56:29+00:00","dateModified":"2021-12-11T13:58:51+00:00","breadcrumb":{"@id":"https:\/\/hudo.com\/si\/aktualno\/slovenija\/pogresano-tursko-deklico-nasli-mrtvo\/#breadcrumb"},"inLanguage":"sl-SI","potentialAction":[{"@type":"ReadAction","target":["https:\/\/hudo.com\/si\/aktualno\/slovenija\/pogresano-tursko-deklico-nasli-mrtvo\/"]}]},{"@type":"BreadcrumbList","@id":"https:\/\/hudo.com\/si\/aktualno\/slovenija\/pogresano-tursko-deklico-nasli-mrtvo\/#breadcrumb","itemListElement":[{"@type":"ListItem","position":1,"name":"Home","item":"https:\/\/hudo.com\/si\/"},{"@type":"ListItem","position":2,"name":"Pogre\u0161ano tur\u0161ko deklico na\u0161li mrtvo"}]},{"@type":"WebSite","@id":"https:\/\/hudo.com\/si\/#website","url":"https:\/\/hudo.com\/si\/","name":"Hudo Slovenija","description":"Vse novice iz Slovenije in sveta","publisher":{"@id":"https:\/\/hudo.com\/si\/#organization"},"potentialAction":[{"@type":"SearchAction","target":{"@type":"EntryPoint","urlTemplate":"https:\/\/hudo.com\/si\/?s={search_term_string}"},"query-input":"required name=search_term_string"}],"inLanguage":"sl-SI"},{"@type":"Organization","@id":"https:\/\/hudo.com\/si\/#organization","name":"VSN Media","url":"https:\/\/hudo.com\/si\/","logo":{"@type":"ImageObject","inLanguage":"sl-SI","@id":"https:\/\/hudo.com\/si\/#\/schema\/logo\/image\/","url":"https:\/\/hudo.com\/si\/wp-content\/uploads\/sites\/2\/2021\/03\/hudo-app-2.png","contentUrl":"https:\/\/hudo.com\/si\/wp-content\/uploads\/sites\/2\/2021\/03\/hudo-app-2.png","width":2185,"height":2167,"caption":"VSN Media"},"image":{"@id":"https:\/\/hudo.com\/si\/#\/schema\/logo\/image\/"},"sameAs":["https:\/\/www.facebook.com\/hudo.si","https:\/\/twitter.com\/hudo_si"]},{"@type":"Person","@id":"https:\/\/hudo.com\/si\/#\/schema\/person\/c2f10ce65d2e6ede2aeda5be2a0611fa","name":"M. N., STA","image":{"@type":"ImageObject","inLanguage":"sl-SI","@id":"https:\/\/hudo.com\/si\/#\/schema\/person\/image\/","url":"https:\/\/secure.gravatar.com\/avatar\/f370d38daa10467f755c5c766a4cac20?s=96&d=mm&r=g","contentUrl":"https:\/\/secure.gravatar.com\/avatar\/f370d38daa10467f755c5c766a4cac20?s=96&d=mm&r=g","caption":"M. N., STA"},"url":"https:\/\/hudo.com\/si\/author\/mana\/"}]}},"amp_enabled":true,"_links":{"self":[{"href":"https:\/\/hudo.com\/si\/wp-json\/wp\/v2\/posts\/462369"}],"collection":[{"href":"https:\/\/hudo.com\/si\/wp-json\/wp\/v2\/posts"}],"about":[{"href":"https:\/\/hudo.com\/si\/wp-json\/wp\/v2\/types\/post"}],"author":[{"embeddable":true,"href":"https:\/\/hudo.com\/si\/wp-json\/wp\/v2\/users\/8"}],"replies":[{"embeddable":true,"href":"https:\/\/hudo.com\/si\/wp-json\/wp\/v2\/comments?post=462369"}],"version-history":[{"count":3,"href":"https:\/\/hudo.com\/si\/wp-json\/wp\/v2\/posts\/462369\/revisions"}],"predecessor-version":[{"id":462372,"href":"https:\/\/hudo.com\/si\/wp-json\/wp\/v2\/posts\/462369\/revisions\/462372"}],"wp:featuredmedia":[{"embeddable":true,"href":"https:\/\/hudo.com\/si\/wp-json\/wp\/v2\/media\/462365"}],"wp:attachment":[{"href":"https:\/\/hudo.com\/si\/wp-json\/wp\/v2\/media?parent=462369"}],"wp:term":[{"taxonomy":"category","embeddable":true,"href":"https:\/\/hudo.com\/si\/wp-json\/wp\/v2\/categories?post=462369"},{"taxonomy":"post_tag","embeddable":true,"href":"https:\/\/hudo.com\/si\/wp-json\/wp\/v2\/tags?post=462369"},{"taxonomy":"source","embeddable":true,"href":"https:\/\/hudo.com\/si\/wp-json\/wp\/v2\/source?post=462369"},{"taxonomy":"supertag","embeddable":true,"href":"https:\/\/hudo.com\/si\/wp-json\/wp\/v2\/supertag?post=462369"}],"curies":[{"name":"wp","href":"https:\/\/api.w.org\/{rel}","templated":true}]}}