{"id":462565,"date":"2021-12-15T14:05:56","date_gmt":"2021-12-15T13:05:56","guid":{"rendered":"https:\/\/hudo.com\/si\/?p=462565"},"modified":"2021-12-15T14:05:56","modified_gmt":"2021-12-15T13:05:56","slug":"gospodarska-rast-visja-od-napovedane-v-sloveniji-je-gospodarska-aktivnost-v-letosnjem-tretjem-cetrtletju-presegla-raven-pred-epidemijo","status":"publish","type":"post","link":"https:\/\/hudo.com\/si\/aktualno\/slovenija\/gospodarska-rast-visja-od-napovedane-v-sloveniji-je-gospodarska-aktivnost-v-letosnjem-tretjem-cetrtletju-presegla-raven-pred-epidemijo\/","title":{"rendered":"Gospodarska rast vi\u0161ja od napovedane: V Sloveniji je gospodarska aktivnost v leto\u0161njem tretjem \u010detrtletju presegla raven pred epidemijo"},"content":{"rendered":"<p>Na vi\u0161jo gospodarsko rast ka\u017ee predvsem vi\u0161ja rast zasebne potro\u0161nje od pri\u010dakovane, ki jo poleg prilagajanja potro\u0161nikov in povezanih dejavnosti spremenjenim razmeram podpirajo tudi ugodnej\u0161e razmere na trgu dela.<\/p>\n<p>Septembra je Umar Sloveniji za letos napovedal pove\u010danje obsega bruto doma\u010dega proizvoda (BDP) za 6,1 odstotka, v danes objavljeni publikaciji Ekonomsko ogledalo pa je zapisal, da bo ta \u0161tevilka predvidoma vi\u0161ja za pol do ene odstotne to\u010dke.<\/p>\n<p>V tretjem \u010detrtletju se je realni obseg BDP \u010detrtletno pove\u010dal za 1,3 odstotka, medletno pa za pet odstotkov in s tem presegel predkrizno raven iz zadnjega \u010detrtletja 2019.<\/p>\n<p>Za zadnje leto\u0161nje \u010detrtletje sicer razpolo\u017eljivi podatki ka\u017eejo na mo\u017enost upo\u010dasnitve gospodarske rasti, kar na Umarju povezujejo predvsem s poslab\u0161anjem epidemi\u010dnih razmer in stro\u017ejimi za\u0161\u010ditnimi ukrepi ter nadaljnjimi te\u017eavami in omejitvami v proizvodnji.<\/p>\n<p>Pri\u010dakovanja glede gospodarske rasti za naslednje leto ostajajo v jesenskih okvirih, Umar je takrat napovedal 4,7-odstotno rast obsega BDP. Novo napoved bo pripravil marca.<\/p>\n<p>Na uradu ob tem dodajajo, da bodo za gospodarska gibanja \u0161e naprej klju\u010dni epidemi\u010dne oziroma zdravstvene razmere ter prilagajanje ukrepov za zajezitev epidemije in bla\u017eenje njenih posledic ter na splo\u0161no nadaljnje prilagajanje prebivalstva in gospodarstva spremenjenim razmeram.<\/p>\n<p>Vi\u0161ja od napovedane jeseni bo tudi inflacija letos in prihodnje leto. Ta se je novembra ob visokih cenah surovin in energentov ter te\u017eavah v dobavnih verigah medletno okrepila na 4,6 odstotka, decembra pa bo na medletni ravni zelo verjetno presegla \u0161tiri odstotke. Jeseni je Umar za letos napovedal inflacijo v vi\u0161ini 2,5 odstotka. Vi\u0161ja inflacija naj bi vztrajala vsaj \u0161e nekaj mesecev.<\/p>\n<p>Vztrajanje vi\u0161je inflacije bi se lahko prelilo v zahteve po povi\u0161anju pla\u010d, na katere bo \u017ee sicer vplivalo pomanjkanje usposobljene delovne sile. Na pozitivni strani je mo\u017enost hitrej\u0161e odprave te\u017eav z ozkimi grli v dobavi, kar bi ugodno vplivalo na globalno gospodarsko aktivnost, ubla\u017eilo pa bi tudi s tem povezane cenovne pritiske.<\/p>\n<p>Javnofinan\u010dni primanjkljaj je bil v prvih desetih mesecih letos ni\u017eji kot v enakem obdobju lani, do konca leta pa naj bi se zvi\u0161al, in sicer zaradi obi\u010dajno okrepljenih investicijskih izdatkov v zadnjih mesecih leta in ponovno nekoliko pove\u010danih izpla\u010dil za bla\u017eenje posledic epidemije, \u0161e pri\u010dakujejo na Umarju.<\/p>\n","protected":false},"excerpt":{"rendered":"<p>V zadnjem \u010detrtletju se bo rast verjetno upo\u010dasnila, vendar pa bo v celem letu 2021 predvidoma vi\u0161ja od dosedanjih napovedi, pri\u010dakuje Urad RS za makroekonomske analize in razvoj (Umar). Poganja jo zlasti zasebna potro\u0161nja.<\/p>\n","protected":false},"author":8,"featured_media":371114,"comment_status":"closed","ping_status":"closed","sticky":false,"template":"","format":"standard","meta":{"footnotes":""},"categories":[18201],"tags":[7124,2391,1595,6424],"source":[4511],"supertag":[7541,5675],"acf":[],"yoast_head":"<!-- This site is optimized with the Yoast SEO plugin v21.3 - https:\/\/yoast.com\/wordpress\/plugins\/seo\/ -->\n<title>Gospodarska rast vi\u0161ja od napovedane: V Sloveniji je gospodarska aktivnost v leto\u0161njem tretjem \u010detrtletju presegla raven pred epidemijo - Hudo Slovenija<\/title>\n<meta name=\"robots\" content=\"index, follow, max-snippet:-1, max-image-preview:large, max-video-preview:-1\" \/>\n<link rel=\"canonical\" href=\"https:\/\/hudo.com\/si\/aktualno\/slovenija\/gospodarska-rast-visja-od-napovedane-v-sloveniji-je-gospodarska-aktivnost-v-letosnjem-tretjem-cetrtletju-presegla-raven-pred-epidemijo\/\" \/>\n<meta property=\"og:locale\" content=\"sl_SI\" \/>\n<meta property=\"og:type\" content=\"article\" \/>\n<meta property=\"og:title\" content=\"Gospodarska rast vi\u0161ja od napovedane: V Sloveniji je gospodarska aktivnost v leto\u0161njem tretjem \u010detrtletju presegla raven pred epidemijo - Hudo Slovenija\" \/>\n<meta property=\"og:description\" content=\"V zadnjem \u010detrtletju se bo rast verjetno upo\u010dasnila, vendar pa bo v celem letu 2021 predvidoma vi\u0161ja od dosedanjih napovedi, pri\u010dakuje Urad RS za makroekonomske analize in razvoj (Umar). Poganja jo zlasti zasebna potro\u0161nja.\" \/>\n<meta property=\"og:url\" content=\"https:\/\/hudo.com\/si\/aktualno\/slovenija\/gospodarska-rast-visja-od-napovedane-v-sloveniji-je-gospodarska-aktivnost-v-letosnjem-tretjem-cetrtletju-presegla-raven-pred-epidemijo\/\" \/>\n<meta property=\"og:site_name\" content=\"Hudo Slovenija\" \/>\n<meta property=\"article:publisher\" content=\"https:\/\/www.facebook.com\/hudo.si\" \/>\n<meta property=\"article:published_time\" content=\"2021-12-15T13:05:56+00:00\" \/>\n<meta property=\"og:image\" content=\"https:\/\/hudo.com\/si\/wp-content\/uploads\/sites\/2\/2018\/06\/profimedia-0311043788.jpg\" \/>\n\t<meta property=\"og:image:width\" content=\"1250\" \/>\n\t<meta property=\"og:image:height\" content=\"766\" \/>\n\t<meta property=\"og:image:type\" content=\"image\/jpeg\" \/>\n<meta name=\"author\" content=\"M. N., STA\" \/>\n<meta name=\"twitter:card\" content=\"summary_large_image\" \/>\n<meta name=\"twitter:creator\" content=\"@hudo_si\" \/>\n<meta name=\"twitter:site\" content=\"@hudo_si\" \/>\n<meta name=\"twitter:label1\" content=\"Written by\" \/>\n\t<meta name=\"twitter:data1\" content=\"M. N., STA\" \/>\n\t<meta name=\"twitter:label2\" content=\"Est. reading time\" \/>\n\t<meta name=\"twitter:data2\" content=\"2 minuti\" \/>\n<script type=\"application\/ld+json\" class=\"yoast-schema-graph\">{\"@context\":\"https:\/\/schema.org\",\"@graph\":[{\"@type\":\"Article\",\"@id\":\"https:\/\/hudo.com\/si\/aktualno\/slovenija\/gospodarska-rast-visja-od-napovedane-v-sloveniji-je-gospodarska-aktivnost-v-letosnjem-tretjem-cetrtletju-presegla-raven-pred-epidemijo\/#article\",\"isPartOf\":{\"@id\":\"https:\/\/hudo.com\/si\/aktualno\/slovenija\/gospodarska-rast-visja-od-napovedane-v-sloveniji-je-gospodarska-aktivnost-v-letosnjem-tretjem-cetrtletju-presegla-raven-pred-epidemijo\/\"},\"author\":{\"name\":\"M. N., STA\",\"@id\":\"https:\/\/hudo.com\/si\/#\/schema\/person\/c2f10ce65d2e6ede2aeda5be2a0611fa\"},\"headline\":\"Gospodarska rast vi\u0161ja od napovedane: V Sloveniji je gospodarska aktivnost v leto\u0161njem tretjem \u010detrtletju presegla raven pred epidemijo\",\"datePublished\":\"2021-12-15T13:05:56+00:00\",\"dateModified\":\"2021-12-15T13:05:56+00:00\",\"mainEntityOfPage\":{\"@id\":\"https:\/\/hudo.com\/si\/aktualno\/slovenija\/gospodarska-rast-visja-od-napovedane-v-sloveniji-je-gospodarska-aktivnost-v-letosnjem-tretjem-cetrtletju-presegla-raven-pred-epidemijo\/\"},\"wordCount\":409,\"publisher\":{\"@id\":\"https:\/\/hudo.com\/si\/#organization\"},\"keywords\":[\"gospodarska rast\",\"gospodarstvo\",\"Slovenija\",\"umar\"],\"articleSection\":[\"Slovenija\"],\"inLanguage\":\"sl-SI\"},{\"@type\":\"WebPage\",\"@id\":\"https:\/\/hudo.com\/si\/aktualno\/slovenija\/gospodarska-rast-visja-od-napovedane-v-sloveniji-je-gospodarska-aktivnost-v-letosnjem-tretjem-cetrtletju-presegla-raven-pred-epidemijo\/\",\"url\":\"https:\/\/hudo.com\/si\/aktualno\/slovenija\/gospodarska-rast-visja-od-napovedane-v-sloveniji-je-gospodarska-aktivnost-v-letosnjem-tretjem-cetrtletju-presegla-raven-pred-epidemijo\/\",\"name\":\"Gospodarska rast vi\u0161ja od napovedane: V Sloveniji je gospodarska aktivnost v leto\u0161njem tretjem \u010detrtletju presegla raven pred epidemijo - Hudo Slovenija\",\"isPartOf\":{\"@id\":\"https:\/\/hudo.com\/si\/#website\"},\"datePublished\":\"2021-12-15T13:05:56+00:00\",\"dateModified\":\"2021-12-15T13:05:56+00:00\",\"breadcrumb\":{\"@id\":\"https:\/\/hudo.com\/si\/aktualno\/slovenija\/gospodarska-rast-visja-od-napovedane-v-sloveniji-je-gospodarska-aktivnost-v-letosnjem-tretjem-cetrtletju-presegla-raven-pred-epidemijo\/#breadcrumb\"},\"inLanguage\":\"sl-SI\",\"potentialAction\":[{\"@type\":\"ReadAction\",\"target\":[\"https:\/\/hudo.com\/si\/aktualno\/slovenija\/gospodarska-rast-visja-od-napovedane-v-sloveniji-je-gospodarska-aktivnost-v-letosnjem-tretjem-cetrtletju-presegla-raven-pred-epidemijo\/\"]}]},{\"@type\":\"BreadcrumbList\",\"@id\":\"https:\/\/hudo.com\/si\/aktualno\/slovenija\/gospodarska-rast-visja-od-napovedane-v-sloveniji-je-gospodarska-aktivnost-v-letosnjem-tretjem-cetrtletju-presegla-raven-pred-epidemijo\/#breadcrumb\",\"itemListElement\":[{\"@type\":\"ListItem\",\"position\":1,\"name\":\"Home\",\"item\":\"https:\/\/hudo.com\/si\/\"},{\"@type\":\"ListItem\",\"position\":2,\"name\":\"Gospodarska rast vi\u0161ja od napovedane: V Sloveniji je gospodarska aktivnost v leto\u0161njem tretjem \u010detrtletju presegla raven pred epidemijo\"}]},{\"@type\":\"WebSite\",\"@id\":\"https:\/\/hudo.com\/si\/#website\",\"url\":\"https:\/\/hudo.com\/si\/\",\"name\":\"Hudo Slovenija\",\"description\":\"Vse novice iz Slovenije in sveta\",\"publisher\":{\"@id\":\"https:\/\/hudo.com\/si\/#organization\"},\"potentialAction\":[{\"@type\":\"SearchAction\",\"target\":{\"@type\":\"EntryPoint\",\"urlTemplate\":\"https:\/\/hudo.com\/si\/?s={search_term_string}\"},\"query-input\":\"required name=search_term_string\"}],\"inLanguage\":\"sl-SI\"},{\"@type\":\"Organization\",\"@id\":\"https:\/\/hudo.com\/si\/#organization\",\"name\":\"VSN Media\",\"url\":\"https:\/\/hudo.com\/si\/\",\"logo\":{\"@type\":\"ImageObject\",\"inLanguage\":\"sl-SI\",\"@id\":\"https:\/\/hudo.com\/si\/#\/schema\/logo\/image\/\",\"url\":\"https:\/\/hudo.com\/si\/wp-content\/uploads\/sites\/2\/2021\/03\/hudo-app-2.png\",\"contentUrl\":\"https:\/\/hudo.com\/si\/wp-content\/uploads\/sites\/2\/2021\/03\/hudo-app-2.png\",\"width\":2185,\"height\":2167,\"caption\":\"VSN Media\"},\"image\":{\"@id\":\"https:\/\/hudo.com\/si\/#\/schema\/logo\/image\/\"},\"sameAs\":[\"https:\/\/www.facebook.com\/hudo.si\",\"https:\/\/twitter.com\/hudo_si\"]},{\"@type\":\"Person\",\"@id\":\"https:\/\/hudo.com\/si\/#\/schema\/person\/c2f10ce65d2e6ede2aeda5be2a0611fa\",\"name\":\"M. N., STA\",\"image\":{\"@type\":\"ImageObject\",\"inLanguage\":\"sl-SI\",\"@id\":\"https:\/\/hudo.com\/si\/#\/schema\/person\/image\/\",\"url\":\"https:\/\/secure.gravatar.com\/avatar\/f370d38daa10467f755c5c766a4cac20?s=96&d=mm&r=g\",\"contentUrl\":\"https:\/\/secure.gravatar.com\/avatar\/f370d38daa10467f755c5c766a4cac20?s=96&d=mm&r=g\",\"caption\":\"M. N., STA\"},\"url\":\"https:\/\/hudo.com\/si\/author\/mana\/\"}]}<\/script>\n<!-- \/ Yoast SEO plugin. -->","yoast_head_json":{"title":"Gospodarska rast vi\u0161ja od napovedane: V Sloveniji je gospodarska aktivnost v leto\u0161njem tretjem \u010detrtletju presegla raven pred epidemijo - Hudo Slovenija","robots":{"index":"index","follow":"follow","max-snippet":"max-snippet:-1","max-image-preview":"max-image-preview:large","max-video-preview":"max-video-preview:-1"},"canonical":"https:\/\/hudo.com\/si\/aktualno\/slovenija\/gospodarska-rast-visja-od-napovedane-v-sloveniji-je-gospodarska-aktivnost-v-letosnjem-tretjem-cetrtletju-presegla-raven-pred-epidemijo\/","og_locale":"sl_SI","og_type":"article","og_title":"Gospodarska rast vi\u0161ja od napovedane: V Sloveniji je gospodarska aktivnost v leto\u0161njem tretjem \u010detrtletju presegla raven pred epidemijo - Hudo Slovenija","og_description":"V zadnjem \u010detrtletju se bo rast verjetno upo\u010dasnila, vendar pa bo v celem letu 2021 predvidoma vi\u0161ja od dosedanjih napovedi, pri\u010dakuje Urad RS za makroekonomske analize in razvoj (Umar). Poganja jo zlasti zasebna potro\u0161nja.","og_url":"https:\/\/hudo.com\/si\/aktualno\/slovenija\/gospodarska-rast-visja-od-napovedane-v-sloveniji-je-gospodarska-aktivnost-v-letosnjem-tretjem-cetrtletju-presegla-raven-pred-epidemijo\/","og_site_name":"Hudo Slovenija","article_publisher":"https:\/\/www.facebook.com\/hudo.si","article_published_time":"2021-12-15T13:05:56+00:00","og_image":[{"width":1250,"height":766,"url":"https:\/\/hudo.com\/si\/wp-content\/uploads\/sites\/2\/2018\/06\/profimedia-0311043788.jpg","type":"image\/jpeg"}],"author":"M. N., STA","twitter_card":"summary_large_image","twitter_creator":"@hudo_si","twitter_site":"@hudo_si","twitter_misc":{"Written by":"M. N., STA","Est. reading time":"2 minuti"},"schema":{"@context":"https:\/\/schema.org","@graph":[{"@type":"Article","@id":"https:\/\/hudo.com\/si\/aktualno\/slovenija\/gospodarska-rast-visja-od-napovedane-v-sloveniji-je-gospodarska-aktivnost-v-letosnjem-tretjem-cetrtletju-presegla-raven-pred-epidemijo\/#article","isPartOf":{"@id":"https:\/\/hudo.com\/si\/aktualno\/slovenija\/gospodarska-rast-visja-od-napovedane-v-sloveniji-je-gospodarska-aktivnost-v-letosnjem-tretjem-cetrtletju-presegla-raven-pred-epidemijo\/"},"author":{"name":"M. N., STA","@id":"https:\/\/hudo.com\/si\/#\/schema\/person\/c2f10ce65d2e6ede2aeda5be2a0611fa"},"headline":"Gospodarska rast vi\u0161ja od napovedane: V Sloveniji je gospodarska aktivnost v leto\u0161njem tretjem \u010detrtletju presegla raven pred epidemijo","datePublished":"2021-12-15T13:05:56+00:00","dateModified":"2021-12-15T13:05:56+00:00","mainEntityOfPage":{"@id":"https:\/\/hudo.com\/si\/aktualno\/slovenija\/gospodarska-rast-visja-od-napovedane-v-sloveniji-je-gospodarska-aktivnost-v-letosnjem-tretjem-cetrtletju-presegla-raven-pred-epidemijo\/"},"wordCount":409,"publisher":{"@id":"https:\/\/hudo.com\/si\/#organization"},"keywords":["gospodarska rast","gospodarstvo","Slovenija","umar"],"articleSection":["Slovenija"],"inLanguage":"sl-SI"},{"@type":"WebPage","@id":"https:\/\/hudo.com\/si\/aktualno\/slovenija\/gospodarska-rast-visja-od-napovedane-v-sloveniji-je-gospodarska-aktivnost-v-letosnjem-tretjem-cetrtletju-presegla-raven-pred-epidemijo\/","url":"https:\/\/hudo.com\/si\/aktualno\/slovenija\/gospodarska-rast-visja-od-napovedane-v-sloveniji-je-gospodarska-aktivnost-v-letosnjem-tretjem-cetrtletju-presegla-raven-pred-epidemijo\/","name":"Gospodarska rast vi\u0161ja od napovedane: V Sloveniji je gospodarska aktivnost v leto\u0161njem tretjem \u010detrtletju presegla raven pred epidemijo - Hudo Slovenija","isPartOf":{"@id":"https:\/\/hudo.com\/si\/#website"},"datePublished":"2021-12-15T13:05:56+00:00","dateModified":"2021-12-15T13:05:56+00:00","breadcrumb":{"@id":"https:\/\/hudo.com\/si\/aktualno\/slovenija\/gospodarska-rast-visja-od-napovedane-v-sloveniji-je-gospodarska-aktivnost-v-letosnjem-tretjem-cetrtletju-presegla-raven-pred-epidemijo\/#breadcrumb"},"inLanguage":"sl-SI","potentialAction":[{"@type":"ReadAction","target":["https:\/\/hudo.com\/si\/aktualno\/slovenija\/gospodarska-rast-visja-od-napovedane-v-sloveniji-je-gospodarska-aktivnost-v-letosnjem-tretjem-cetrtletju-presegla-raven-pred-epidemijo\/"]}]},{"@type":"BreadcrumbList","@id":"https:\/\/hudo.com\/si\/aktualno\/slovenija\/gospodarska-rast-visja-od-napovedane-v-sloveniji-je-gospodarska-aktivnost-v-letosnjem-tretjem-cetrtletju-presegla-raven-pred-epidemijo\/#breadcrumb","itemListElement":[{"@type":"ListItem","position":1,"name":"Home","item":"https:\/\/hudo.com\/si\/"},{"@type":"ListItem","position":2,"name":"Gospodarska rast vi\u0161ja od napovedane: V Sloveniji je gospodarska aktivnost v leto\u0161njem tretjem \u010detrtletju presegla raven pred epidemijo"}]},{"@type":"WebSite","@id":"https:\/\/hudo.com\/si\/#website","url":"https:\/\/hudo.com\/si\/","name":"Hudo Slovenija","description":"Vse novice iz Slovenije in sveta","publisher":{"@id":"https:\/\/hudo.com\/si\/#organization"},"potentialAction":[{"@type":"SearchAction","target":{"@type":"EntryPoint","urlTemplate":"https:\/\/hudo.com\/si\/?s={search_term_string}"},"query-input":"required name=search_term_string"}],"inLanguage":"sl-SI"},{"@type":"Organization","@id":"https:\/\/hudo.com\/si\/#organization","name":"VSN Media","url":"https:\/\/hudo.com\/si\/","logo":{"@type":"ImageObject","inLanguage":"sl-SI","@id":"https:\/\/hudo.com\/si\/#\/schema\/logo\/image\/","url":"https:\/\/hudo.com\/si\/wp-content\/uploads\/sites\/2\/2021\/03\/hudo-app-2.png","contentUrl":"https:\/\/hudo.com\/si\/wp-content\/uploads\/sites\/2\/2021\/03\/hudo-app-2.png","width":2185,"height":2167,"caption":"VSN Media"},"image":{"@id":"https:\/\/hudo.com\/si\/#\/schema\/logo\/image\/"},"sameAs":["https:\/\/www.facebook.com\/hudo.si","https:\/\/twitter.com\/hudo_si"]},{"@type":"Person","@id":"https:\/\/hudo.com\/si\/#\/schema\/person\/c2f10ce65d2e6ede2aeda5be2a0611fa","name":"M. N., STA","image":{"@type":"ImageObject","inLanguage":"sl-SI","@id":"https:\/\/hudo.com\/si\/#\/schema\/person\/image\/","url":"https:\/\/secure.gravatar.com\/avatar\/f370d38daa10467f755c5c766a4cac20?s=96&d=mm&r=g","contentUrl":"https:\/\/secure.gravatar.com\/avatar\/f370d38daa10467f755c5c766a4cac20?s=96&d=mm&r=g","caption":"M. N., STA"},"url":"https:\/\/hudo.com\/si\/author\/mana\/"}]}},"amp_enabled":true,"_links":{"self":[{"href":"https:\/\/hudo.com\/si\/wp-json\/wp\/v2\/posts\/462565"}],"collection":[{"href":"https:\/\/hudo.com\/si\/wp-json\/wp\/v2\/posts"}],"about":[{"href":"https:\/\/hudo.com\/si\/wp-json\/wp\/v2\/types\/post"}],"author":[{"embeddable":true,"href":"https:\/\/hudo.com\/si\/wp-json\/wp\/v2\/users\/8"}],"replies":[{"embeddable":true,"href":"https:\/\/hudo.com\/si\/wp-json\/wp\/v2\/comments?post=462565"}],"version-history":[{"count":1,"href":"https:\/\/hudo.com\/si\/wp-json\/wp\/v2\/posts\/462565\/revisions"}],"predecessor-version":[{"id":462566,"href":"https:\/\/hudo.com\/si\/wp-json\/wp\/v2\/posts\/462565\/revisions\/462566"}],"wp:featuredmedia":[{"embeddable":true,"href":"https:\/\/hudo.com\/si\/wp-json\/wp\/v2\/media\/371114"}],"wp:attachment":[{"href":"https:\/\/hudo.com\/si\/wp-json\/wp\/v2\/media?parent=462565"}],"wp:term":[{"taxonomy":"category","embeddable":true,"href":"https:\/\/hudo.com\/si\/wp-json\/wp\/v2\/categories?post=462565"},{"taxonomy":"post_tag","embeddable":true,"href":"https:\/\/hudo.com\/si\/wp-json\/wp\/v2\/tags?post=462565"},{"taxonomy":"source","embeddable":true,"href":"https:\/\/hudo.com\/si\/wp-json\/wp\/v2\/source?post=462565"},{"taxonomy":"supertag","embeddable":true,"href":"https:\/\/hudo.com\/si\/wp-json\/wp\/v2\/supertag?post=462565"}],"curies":[{"name":"wp","href":"https:\/\/api.w.org\/{rel}","templated":true}]}}