{"id":462639,"date":"2021-12-17T09:26:19","date_gmt":"2021-12-17T08:26:19","guid":{"rendered":"https:\/\/hudo.com\/si\/?p=462639"},"modified":"2021-12-17T09:26:19","modified_gmt":"2021-12-17T08:26:19","slug":"papez-francisek-danes-praznuje-85-rojstni-dan","status":"publish","type":"post","link":"https:\/\/hudo.com\/si\/vip\/papez-francisek-danes-praznuje-85-rojstni-dan\/","title":{"rendered":"Pape\u017e Fran\u010di\u0161ek danes praznuje 85. rojstni dan"},"content":{"rendered":"<p>S pape\u017eev Fran\u010di\u0161kom so povezana tudi upanja \u0161tevilnih v preobrazbo katoli\u0161ke cerkve, ki jo v zadnjih letih pretresajo tako afere s spolnimi zlorabami kot finan\u010dni \u0161kandali.<\/p>\n<p>Reforma vatikanske kurije, ki se izvaja \u017ee, odkar je Fran\u010di\u0161ek kot prvi Ju\u017enoameri\u010dan postal pape\u017e, se sicer po oceni poznavalcev razvija druga\u010de in po\u010dasneje, kot so sprva pri\u010dakovali. Kljub temu je velik del reforme \u017ee pod streho; zdru\u017eili so organe kurije, reorganizirali sodni in finan\u010dni sistem ter okrepili podporo nunciaturam, poro\u010da avstrijska tiskovna agencija APA.<\/p>\n<p>V ospredju delovanja pape\u017ea Fran\u010di\u0161ka je po poro\u010danju nem\u0161ke tiskovne agencije dpa sicer zavezanost okolju in varovanju podnebja, medverski dialog ter pomo\u010d revnim in \u0161ibkim ter migrantom. Z zelo majhnimi koraki je Fran\u010di\u0161ek ve\u010djo vlogo v Cerkvi zaupal tudi \u017eenskam in svoji administraciji vdihnil kan\u010dek \u017eenstvenosti.<\/p>\n<p>Pape\u017e Fran\u010di\u0161ek se je rodil na dana\u0161nji dan Buenos Airesu v Argentini kot Jorge Mario Bergoglio. Na svet je pri\u0161el 17. decembra 1936 kot najstarej\u0161i od petih otrok v priseljenski dru\u017eini iz Italije. K jezuitom je vstopil leta 1958, enajst let kasneje pa je bil posve\u010den v duhovnika. V \u0161kofa je bil posve\u010den leta 1992, leta 1998 pa je postal nad\u0161kof Buenos Airesa. Pape\u017e Janez Pavel II. ga je imenoval za kardinala 21. februarja 2001. 12 let kasneje, marca 2013 je bil kot prvi jezuit in prvi Ju\u017enoameri\u010dan izvoljen za pape\u017ea. Izbral si je ime Fran\u010di\u0161ek.<\/p>\n","protected":false},"excerpt":{"rendered":"<p>Pape\u017e Fran\u010di\u0161ek je danes dopolnil 85 let. Rojstne dneve je doslej obi\u010dajno pre\u017eivljal z ljudmi v hi\u0161i Svete Marte, vatikanskem gosti\u0161\u010du, ki si ga je po izvolitvi za pape\u017ea leta 2013 izbral za svoje domovanje namesto stanovanja v vatikanski Apostolski pala\u010di. Njegov skromen na\u010din \u017eivljenja je med verniki zelo priljubljen.<\/p>\n","protected":false},"author":7,"featured_media":0,"comment_status":"closed","ping_status":"closed","sticky":false,"template":"","format":"standard","meta":{"footnotes":""},"categories":[1179,1093],"tags":[5652],"source":[4511],"supertag":[],"acf":[],"yoast_head":"<!-- This site is optimized with the Yoast SEO plugin v21.3 - https:\/\/yoast.com\/wordpress\/plugins\/seo\/ -->\n<title>Pape\u017e Fran\u010di\u0161ek danes praznuje 85. rojstni dan - Hudo Slovenija<\/title>\n<meta name=\"robots\" content=\"index, follow, max-snippet:-1, max-image-preview:large, max-video-preview:-1\" \/>\n<link rel=\"canonical\" href=\"https:\/\/hudo.com\/si\/vip\/papez-francisek-danes-praznuje-85-rojstni-dan\/\" \/>\n<meta property=\"og:locale\" content=\"sl_SI\" \/>\n<meta property=\"og:type\" content=\"article\" \/>\n<meta property=\"og:title\" content=\"Pape\u017e Fran\u010di\u0161ek danes praznuje 85. rojstni dan - Hudo Slovenija\" \/>\n<meta property=\"og:description\" content=\"Pape\u017e Fran\u010di\u0161ek je danes dopolnil 85 let. Rojstne dneve je doslej obi\u010dajno pre\u017eivljal z ljudmi v hi\u0161i Svete Marte, vatikanskem gosti\u0161\u010du, ki si ga je po izvolitvi za pape\u017ea leta 2013 izbral za svoje domovanje namesto stanovanja v vatikanski Apostolski pala\u010di. Njegov skromen na\u010din \u017eivljenja je med verniki zelo priljubljen.\" \/>\n<meta property=\"og:url\" content=\"https:\/\/hudo.com\/si\/vip\/papez-francisek-danes-praznuje-85-rojstni-dan\/\" \/>\n<meta property=\"og:site_name\" content=\"Hudo Slovenija\" \/>\n<meta property=\"article:publisher\" content=\"https:\/\/www.facebook.com\/hudo.si\" \/>\n<meta property=\"article:published_time\" content=\"2021-12-17T08:26:19+00:00\" \/>\n<meta property=\"og:image\" content=\"https:\/\/hudo.com\/si\/wp-content\/uploads\/sites\/2\/2018\/05\/profimedia-0355489853.jpg\" \/>\n\t<meta property=\"og:image:width\" content=\"1800\" \/>\n\t<meta property=\"og:image:height\" content=\"1199\" \/>\n\t<meta property=\"og:image:type\" content=\"image\/jpeg\" \/>\n<meta name=\"author\" content=\"A. P., STA\" \/>\n<meta name=\"twitter:card\" content=\"summary_large_image\" \/>\n<meta name=\"twitter:creator\" content=\"@hudo_si\" \/>\n<meta name=\"twitter:site\" content=\"@hudo_si\" \/>\n<meta name=\"twitter:label1\" content=\"Written by\" \/>\n\t<meta name=\"twitter:data1\" content=\"A. P., STA\" \/>\n\t<meta name=\"twitter:label2\" content=\"Est. reading time\" \/>\n\t<meta name=\"twitter:data2\" content=\"1 minuta\" \/>\n<script type=\"application\/ld+json\" class=\"yoast-schema-graph\">{\"@context\":\"https:\/\/schema.org\",\"@graph\":[{\"@type\":\"Article\",\"@id\":\"https:\/\/hudo.com\/si\/vip\/papez-francisek-danes-praznuje-85-rojstni-dan\/#article\",\"isPartOf\":{\"@id\":\"https:\/\/hudo.com\/si\/vip\/papez-francisek-danes-praznuje-85-rojstni-dan\/\"},\"author\":{\"name\":\"A. P., STA\",\"@id\":\"https:\/\/hudo.com\/si\/#\/schema\/person\/18f09c02475ba9e606e941a565b80cff\"},\"headline\":\"Pape\u017e Fran\u010di\u0161ek danes praznuje 85. rojstni dan\",\"datePublished\":\"2021-12-17T08:26:19+00:00\",\"dateModified\":\"2021-12-17T08:26:19+00:00\",\"mainEntityOfPage\":{\"@id\":\"https:\/\/hudo.com\/si\/vip\/papez-francisek-danes-praznuje-85-rojstni-dan\/\"},\"wordCount\":260,\"publisher\":{\"@id\":\"https:\/\/hudo.com\/si\/#organization\"},\"keywords\":[\"pape\u017e fran\u010di\u0161ek\"],\"articleSection\":[\"Aktualno\",\"VIP\"],\"inLanguage\":\"sl-SI\"},{\"@type\":\"WebPage\",\"@id\":\"https:\/\/hudo.com\/si\/vip\/papez-francisek-danes-praznuje-85-rojstni-dan\/\",\"url\":\"https:\/\/hudo.com\/si\/vip\/papez-francisek-danes-praznuje-85-rojstni-dan\/\",\"name\":\"Pape\u017e Fran\u010di\u0161ek danes praznuje 85. rojstni dan - Hudo Slovenija\",\"isPartOf\":{\"@id\":\"https:\/\/hudo.com\/si\/#website\"},\"datePublished\":\"2021-12-17T08:26:19+00:00\",\"dateModified\":\"2021-12-17T08:26:19+00:00\",\"breadcrumb\":{\"@id\":\"https:\/\/hudo.com\/si\/vip\/papez-francisek-danes-praznuje-85-rojstni-dan\/#breadcrumb\"},\"inLanguage\":\"sl-SI\",\"potentialAction\":[{\"@type\":\"ReadAction\",\"target\":[\"https:\/\/hudo.com\/si\/vip\/papez-francisek-danes-praznuje-85-rojstni-dan\/\"]}]},{\"@type\":\"BreadcrumbList\",\"@id\":\"https:\/\/hudo.com\/si\/vip\/papez-francisek-danes-praznuje-85-rojstni-dan\/#breadcrumb\",\"itemListElement\":[{\"@type\":\"ListItem\",\"position\":1,\"name\":\"Home\",\"item\":\"https:\/\/hudo.com\/si\/\"},{\"@type\":\"ListItem\",\"position\":2,\"name\":\"Pape\u017e Fran\u010di\u0161ek danes praznuje 85. rojstni dan\"}]},{\"@type\":\"WebSite\",\"@id\":\"https:\/\/hudo.com\/si\/#website\",\"url\":\"https:\/\/hudo.com\/si\/\",\"name\":\"Hudo Slovenija\",\"description\":\"Vse novice iz Slovenije in sveta\",\"publisher\":{\"@id\":\"https:\/\/hudo.com\/si\/#organization\"},\"potentialAction\":[{\"@type\":\"SearchAction\",\"target\":{\"@type\":\"EntryPoint\",\"urlTemplate\":\"https:\/\/hudo.com\/si\/?s={search_term_string}\"},\"query-input\":\"required name=search_term_string\"}],\"inLanguage\":\"sl-SI\"},{\"@type\":\"Organization\",\"@id\":\"https:\/\/hudo.com\/si\/#organization\",\"name\":\"VSN Media\",\"url\":\"https:\/\/hudo.com\/si\/\",\"logo\":{\"@type\":\"ImageObject\",\"inLanguage\":\"sl-SI\",\"@id\":\"https:\/\/hudo.com\/si\/#\/schema\/logo\/image\/\",\"url\":\"https:\/\/hudo.com\/si\/wp-content\/uploads\/sites\/2\/2021\/03\/hudo-app-2.png\",\"contentUrl\":\"https:\/\/hudo.com\/si\/wp-content\/uploads\/sites\/2\/2021\/03\/hudo-app-2.png\",\"width\":2185,\"height\":2167,\"caption\":\"VSN Media\"},\"image\":{\"@id\":\"https:\/\/hudo.com\/si\/#\/schema\/logo\/image\/\"},\"sameAs\":[\"https:\/\/www.facebook.com\/hudo.si\",\"https:\/\/twitter.com\/hudo_si\"]},{\"@type\":\"Person\",\"@id\":\"https:\/\/hudo.com\/si\/#\/schema\/person\/18f09c02475ba9e606e941a565b80cff\",\"name\":\"A. P., STA\",\"image\":{\"@type\":\"ImageObject\",\"inLanguage\":\"sl-SI\",\"@id\":\"https:\/\/hudo.com\/si\/#\/schema\/person\/image\/\",\"url\":\"https:\/\/secure.gravatar.com\/avatar\/03eac8e609f5f04383125d80eaeaaf3e?s=96&d=mm&r=g\",\"contentUrl\":\"https:\/\/secure.gravatar.com\/avatar\/03eac8e609f5f04383125d80eaeaaf3e?s=96&d=mm&r=g\",\"caption\":\"A. P., STA\"},\"url\":\"https:\/\/hudo.com\/si\/author\/lubu\/\"}]}<\/script>\n<!-- \/ Yoast SEO plugin. -->","yoast_head_json":{"title":"Pape\u017e Fran\u010di\u0161ek danes praznuje 85. rojstni dan - Hudo Slovenija","robots":{"index":"index","follow":"follow","max-snippet":"max-snippet:-1","max-image-preview":"max-image-preview:large","max-video-preview":"max-video-preview:-1"},"canonical":"https:\/\/hudo.com\/si\/vip\/papez-francisek-danes-praznuje-85-rojstni-dan\/","og_locale":"sl_SI","og_type":"article","og_title":"Pape\u017e Fran\u010di\u0161ek danes praznuje 85. rojstni dan - Hudo Slovenija","og_description":"Pape\u017e Fran\u010di\u0161ek je danes dopolnil 85 let. Rojstne dneve je doslej obi\u010dajno pre\u017eivljal z ljudmi v hi\u0161i Svete Marte, vatikanskem gosti\u0161\u010du, ki si ga je po izvolitvi za pape\u017ea leta 2013 izbral za svoje domovanje namesto stanovanja v vatikanski Apostolski pala\u010di. Njegov skromen na\u010din \u017eivljenja je med verniki zelo priljubljen.","og_url":"https:\/\/hudo.com\/si\/vip\/papez-francisek-danes-praznuje-85-rojstni-dan\/","og_site_name":"Hudo Slovenija","article_publisher":"https:\/\/www.facebook.com\/hudo.si","article_published_time":"2021-12-17T08:26:19+00:00","og_image":[{"width":1800,"height":1199,"url":"https:\/\/hudo.com\/si\/wp-content\/uploads\/sites\/2\/2018\/05\/profimedia-0355489853.jpg","type":"image\/jpeg"}],"author":"A. P., STA","twitter_card":"summary_large_image","twitter_creator":"@hudo_si","twitter_site":"@hudo_si","twitter_misc":{"Written by":"A. P., STA","Est. reading time":"1 minuta"},"schema":{"@context":"https:\/\/schema.org","@graph":[{"@type":"Article","@id":"https:\/\/hudo.com\/si\/vip\/papez-francisek-danes-praznuje-85-rojstni-dan\/#article","isPartOf":{"@id":"https:\/\/hudo.com\/si\/vip\/papez-francisek-danes-praznuje-85-rojstni-dan\/"},"author":{"name":"A. P., STA","@id":"https:\/\/hudo.com\/si\/#\/schema\/person\/18f09c02475ba9e606e941a565b80cff"},"headline":"Pape\u017e Fran\u010di\u0161ek danes praznuje 85. rojstni dan","datePublished":"2021-12-17T08:26:19+00:00","dateModified":"2021-12-17T08:26:19+00:00","mainEntityOfPage":{"@id":"https:\/\/hudo.com\/si\/vip\/papez-francisek-danes-praznuje-85-rojstni-dan\/"},"wordCount":260,"publisher":{"@id":"https:\/\/hudo.com\/si\/#organization"},"keywords":["pape\u017e fran\u010di\u0161ek"],"articleSection":["Aktualno","VIP"],"inLanguage":"sl-SI"},{"@type":"WebPage","@id":"https:\/\/hudo.com\/si\/vip\/papez-francisek-danes-praznuje-85-rojstni-dan\/","url":"https:\/\/hudo.com\/si\/vip\/papez-francisek-danes-praznuje-85-rojstni-dan\/","name":"Pape\u017e Fran\u010di\u0161ek danes praznuje 85. rojstni dan - Hudo Slovenija","isPartOf":{"@id":"https:\/\/hudo.com\/si\/#website"},"datePublished":"2021-12-17T08:26:19+00:00","dateModified":"2021-12-17T08:26:19+00:00","breadcrumb":{"@id":"https:\/\/hudo.com\/si\/vip\/papez-francisek-danes-praznuje-85-rojstni-dan\/#breadcrumb"},"inLanguage":"sl-SI","potentialAction":[{"@type":"ReadAction","target":["https:\/\/hudo.com\/si\/vip\/papez-francisek-danes-praznuje-85-rojstni-dan\/"]}]},{"@type":"BreadcrumbList","@id":"https:\/\/hudo.com\/si\/vip\/papez-francisek-danes-praznuje-85-rojstni-dan\/#breadcrumb","itemListElement":[{"@type":"ListItem","position":1,"name":"Home","item":"https:\/\/hudo.com\/si\/"},{"@type":"ListItem","position":2,"name":"Pape\u017e Fran\u010di\u0161ek danes praznuje 85. rojstni dan"}]},{"@type":"WebSite","@id":"https:\/\/hudo.com\/si\/#website","url":"https:\/\/hudo.com\/si\/","name":"Hudo Slovenija","description":"Vse novice iz Slovenije in sveta","publisher":{"@id":"https:\/\/hudo.com\/si\/#organization"},"potentialAction":[{"@type":"SearchAction","target":{"@type":"EntryPoint","urlTemplate":"https:\/\/hudo.com\/si\/?s={search_term_string}"},"query-input":"required name=search_term_string"}],"inLanguage":"sl-SI"},{"@type":"Organization","@id":"https:\/\/hudo.com\/si\/#organization","name":"VSN Media","url":"https:\/\/hudo.com\/si\/","logo":{"@type":"ImageObject","inLanguage":"sl-SI","@id":"https:\/\/hudo.com\/si\/#\/schema\/logo\/image\/","url":"https:\/\/hudo.com\/si\/wp-content\/uploads\/sites\/2\/2021\/03\/hudo-app-2.png","contentUrl":"https:\/\/hudo.com\/si\/wp-content\/uploads\/sites\/2\/2021\/03\/hudo-app-2.png","width":2185,"height":2167,"caption":"VSN Media"},"image":{"@id":"https:\/\/hudo.com\/si\/#\/schema\/logo\/image\/"},"sameAs":["https:\/\/www.facebook.com\/hudo.si","https:\/\/twitter.com\/hudo_si"]},{"@type":"Person","@id":"https:\/\/hudo.com\/si\/#\/schema\/person\/18f09c02475ba9e606e941a565b80cff","name":"A. P., STA","image":{"@type":"ImageObject","inLanguage":"sl-SI","@id":"https:\/\/hudo.com\/si\/#\/schema\/person\/image\/","url":"https:\/\/secure.gravatar.com\/avatar\/03eac8e609f5f04383125d80eaeaaf3e?s=96&d=mm&r=g","contentUrl":"https:\/\/secure.gravatar.com\/avatar\/03eac8e609f5f04383125d80eaeaaf3e?s=96&d=mm&r=g","caption":"A. P., STA"},"url":"https:\/\/hudo.com\/si\/author\/lubu\/"}]}},"amp_enabled":true,"_links":{"self":[{"href":"https:\/\/hudo.com\/si\/wp-json\/wp\/v2\/posts\/462639"}],"collection":[{"href":"https:\/\/hudo.com\/si\/wp-json\/wp\/v2\/posts"}],"about":[{"href":"https:\/\/hudo.com\/si\/wp-json\/wp\/v2\/types\/post"}],"author":[{"embeddable":true,"href":"https:\/\/hudo.com\/si\/wp-json\/wp\/v2\/users\/7"}],"replies":[{"embeddable":true,"href":"https:\/\/hudo.com\/si\/wp-json\/wp\/v2\/comments?post=462639"}],"version-history":[{"count":1,"href":"https:\/\/hudo.com\/si\/wp-json\/wp\/v2\/posts\/462639\/revisions"}],"predecessor-version":[{"id":462640,"href":"https:\/\/hudo.com\/si\/wp-json\/wp\/v2\/posts\/462639\/revisions\/462640"}],"wp:attachment":[{"href":"https:\/\/hudo.com\/si\/wp-json\/wp\/v2\/media?parent=462639"}],"wp:term":[{"taxonomy":"category","embeddable":true,"href":"https:\/\/hudo.com\/si\/wp-json\/wp\/v2\/categories?post=462639"},{"taxonomy":"post_tag","embeddable":true,"href":"https:\/\/hudo.com\/si\/wp-json\/wp\/v2\/tags?post=462639"},{"taxonomy":"source","embeddable":true,"href":"https:\/\/hudo.com\/si\/wp-json\/wp\/v2\/source?post=462639"},{"taxonomy":"supertag","embeddable":true,"href":"https:\/\/hudo.com\/si\/wp-json\/wp\/v2\/supertag?post=462639"}],"curies":[{"name":"wp","href":"https:\/\/api.w.org\/{rel}","templated":true}]}}