{"id":46273,"date":"2016-05-05T12:45:00","date_gmt":"2016-05-05T10:45:00","guid":{"rendered":"http:\/\/hudo.com\/si\/2016\/05\/05\/tuja-krivda-za-vcerajsnjo-letalsko-nesreco-pri-graski-gori-izkljucena-v-letalu-je-bil-izkusen-pilot\/"},"modified":"2016-05-06T10:26:56","modified_gmt":"2016-05-06T08:26:56","slug":"tuja-krivda-za-vcerajsnjo-letalsko-nesreco-pri-graski-gori-izkljucena-v-letalu-je-bil-izkusen-pilot","status":"publish","type":"post","link":"https:\/\/hudo.com\/si\/aktualno\/tuja-krivda-za-vcerajsnjo-letalsko-nesreco-pri-graski-gori-izkljucena-v-letalu-je-bil-izkusen-pilot\/","title":{"rendered":"Tuja krivda za v\u010deraj\u0161njo letalsko nesre\u010do pri Gra\u0161ki Gori izklju\u010dena, v letalu je bil izku\u0161en pilot"},"content":{"rendered":"<p>Preiskovalna sodnica ter ogledna komisija sektorja kriminalisti\u010dne policije PU Celje so ob udele\u017ebi dr\u017eavne to\u017eilke in preiskovalca letalskih nesre\u010d in incidentov slu\u017ebe za preiskovanje letalskih nesre\u010d in incidentov pri ministrstvu za infrastrukturo in prostor opravili ogled kraja nesre\u010de jadralnega letala s pomo\u017enim motorjem, ki je strmoglavilo nad Gra\u0161ko Goro, o \u010demer so bili policisti obve\u0161\u010deni v\u010deraj okoli 7.30. Ugotovili so, da je 63-letni pilot, doma z obmo\u010dja Slovenj Gradca, okoli 7. ure z jadralnim letalom s pomo\u017enim motorjem, ki je bilo njegova last, poletel z letali\u0161\u010da v Slovenj Gradcu. Let je bil najavljen, ko je priletel v bli\u017eino naselja Gra\u0161ka Gora, je opravil ve\u010d spiralnih krogov, nato je jadralno letalo iz neznanega razloga sunkovito obrnilo proti gostemu gozdu na Gra\u0161ki Gori. Letalo je z zadnjim delom in krili tr\u010dilo ob debla dreves in nato strmoglavilo na tla ob gozdni poti. Pilot je na kraju nesre\u010de podlegel po\u0161kodbam. 63-letnik je bil nadvse izku\u0161en pilot in je imel za sabo veliko ur letenja, letalo, ki je bilo v nesre\u010di v celoti uni\u010deno, pa je bilo redno servisirano, pojasnjujejo policisti. Prvi podatki preiskovalcev ka\u017eejo, da je tuja krivda za nastanek nesre\u010de najverjetneje izklju\u010dena.Kronika<\/p>\n","protected":false},"excerpt":{"rendered":"<p>Preiskovalna sodnica ter ogledna komisija sektorja kriminalisti\u010dne policije PU Celje so ob udele\u017ebi dr\u017eavne to\u017eilke in preiskovalca letalskih nesre\u010d in incidentov slu\u017ebe za preiskovanje letalskih nesre\u010d in incidentov pri ministrstvu za infrastrukturo in prostor opravili ogled kraja nesre\u010de jadralnega letala s pomo\u017enim motorjem, ki je strmoglavilo nad Gra\u0161ko Goro, o \u010demer so bili policisti obve\u0161\u010deni v\u010deraj okoli 7.30. Ugotovili so, da je 63-letni pilot, doma z obmo\u010dja Slovenj Gradca, okoli 7. ure z jadralnim letalom s pomo\u017enim motorjem, ki je bilo njegova last, poletel z letali\u0161\u010da v Slovenj Gradcu. Let je bil najavljen, ko je priletel v bli\u017eino naselja Gra\u0161ka Gora, je opravil ve\u010d spiralnih krogov, nato je jadralno letalo iz neznanega razloga sunkovito obrnilo proti gostemu gozdu na Gra\u0161ki Gori. Letalo je z zadnjim delom in krili tr\u010dilo ob debla dreves in nato strmoglavilo na tla ob gozdni poti. Pilot je na kraju nesre\u010de podlegel po\u0161kodbam. 63-letnik je bil nadvse izku\u0161en pilot in je imel za sabo veliko ur letenja, letalo, ki je bilo v nesre\u010di v celoti uni\u010deno, pa je bilo redno servisirano, pojasnjujejo policisti. Prvi podatki preiskovalcev ka\u017eejo, da je tuja krivda za nastanek nesre\u010de najverjetneje izklju\u010dena.Kronika<\/p>\n","protected":false},"author":1,"featured_media":0,"comment_status":"closed","ping_status":"closed","sticky":false,"template":"","format":"standard","meta":{"footnotes":""},"categories":[1179],"tags":[],"source":[1711],"supertag":[],"acf":[],"yoast_head":"<!-- This site is optimized with the Yoast SEO plugin v21.3 - https:\/\/yoast.com\/wordpress\/plugins\/seo\/ -->\n<title>Tuja krivda za v\u010deraj\u0161njo letalsko nesre\u010do pri Gra\u0161ki Gori izklju\u010dena, v letalu je bil izku\u0161en pilot - Hudo Slovenija<\/title>\n<meta name=\"robots\" content=\"index, follow, max-snippet:-1, max-image-preview:large, max-video-preview:-1\" \/>\n<link rel=\"canonical\" href=\"https:\/\/hudo.com\/si\/aktualno\/tuja-krivda-za-vcerajsnjo-letalsko-nesreco-pri-graski-gori-izkljucena-v-letalu-je-bil-izkusen-pilot\/\" \/>\n<meta property=\"og:locale\" content=\"sl_SI\" \/>\n<meta property=\"og:type\" content=\"article\" \/>\n<meta property=\"og:title\" content=\"Tuja krivda za v\u010deraj\u0161njo letalsko nesre\u010do pri Gra\u0161ki Gori izklju\u010dena, v letalu je bil izku\u0161en pilot - Hudo Slovenija\" \/>\n<meta property=\"og:description\" content=\"Preiskovalna sodnica ter ogledna komisija sektorja kriminalisti\u010dne policije PU Celje so ob udele\u017ebi dr\u017eavne to\u017eilke in preiskovalca letalskih nesre\u010d in incidentov slu\u017ebe za preiskovanje letalskih nesre\u010d in incidentov pri ministrstvu za infrastrukturo in prostor opravili ogled kraja nesre\u010de jadralnega letala s pomo\u017enim motorjem, ki je strmoglavilo nad Gra\u0161ko Goro, o \u010demer so bili policisti obve\u0161\u010deni v\u010deraj okoli 7.30. Ugotovili so, da je 63-letni pilot, doma z obmo\u010dja Slovenj Gradca, okoli 7. ure z jadralnim letalom s pomo\u017enim motorjem, ki je bilo njegova last, poletel z letali\u0161\u010da v Slovenj Gradcu. Let je bil najavljen, ko je priletel v bli\u017eino naselja Gra\u0161ka Gora, je opravil ve\u010d spiralnih krogov, nato je jadralno letalo iz neznanega razloga sunkovito obrnilo proti gostemu gozdu na Gra\u0161ki Gori. Letalo je z zadnjim delom in krili tr\u010dilo ob debla dreves in nato strmoglavilo na tla ob gozdni poti. Pilot je na kraju nesre\u010de podlegel po\u0161kodbam. 63-letnik je bil nadvse izku\u0161en pilot in je imel za sabo veliko ur letenja, letalo, ki je bilo v nesre\u010di v celoti uni\u010deno, pa je bilo redno servisirano, pojasnjujejo policisti. Prvi podatki preiskovalcev ka\u017eejo, da je tuja krivda za nastanek nesre\u010de najverjetneje izklju\u010dena.Kronika\" \/>\n<meta property=\"og:url\" content=\"https:\/\/hudo.com\/si\/aktualno\/tuja-krivda-za-vcerajsnjo-letalsko-nesreco-pri-graski-gori-izkljucena-v-letalu-je-bil-izkusen-pilot\/\" \/>\n<meta property=\"og:site_name\" content=\"Hudo Slovenija\" \/>\n<meta property=\"article:publisher\" content=\"https:\/\/www.facebook.com\/hudo.si\" \/>\n<meta property=\"article:published_time\" content=\"2016-05-05T10:45:00+00:00\" \/>\n<meta property=\"article:modified_time\" content=\"2016-05-06T08:26:56+00:00\" \/>\n<meta property=\"og:image\" content=\"https:\/\/hudo.com\/si\/wp-content\/uploads\/sites\/2\/2016\/05\/DSCN1148_1_-300.jpg\" \/>\n\t<meta property=\"og:image:width\" content=\"450\" \/>\n\t<meta property=\"og:image:height\" content=\"337\" \/>\n\t<meta property=\"og:image:type\" content=\"image\/jpeg\" \/>\n<meta name=\"author\" content=\"hudo\" \/>\n<meta name=\"twitter:card\" content=\"summary_large_image\" \/>\n<meta name=\"twitter:creator\" content=\"@hudo_si\" \/>\n<meta name=\"twitter:site\" content=\"@hudo_si\" \/>\n<meta name=\"twitter:label1\" content=\"Written by\" \/>\n\t<meta name=\"twitter:data1\" content=\"hudo\" \/>\n\t<meta name=\"twitter:label2\" content=\"Est. reading time\" \/>\n\t<meta name=\"twitter:data2\" content=\"1 minuta\" \/>\n<script type=\"application\/ld+json\" class=\"yoast-schema-graph\">{\"@context\":\"https:\/\/schema.org\",\"@graph\":[{\"@type\":\"Article\",\"@id\":\"https:\/\/hudo.com\/si\/aktualno\/tuja-krivda-za-vcerajsnjo-letalsko-nesreco-pri-graski-gori-izkljucena-v-letalu-je-bil-izkusen-pilot\/#article\",\"isPartOf\":{\"@id\":\"https:\/\/hudo.com\/si\/aktualno\/tuja-krivda-za-vcerajsnjo-letalsko-nesreco-pri-graski-gori-izkljucena-v-letalu-je-bil-izkusen-pilot\/\"},\"author\":{\"name\":\"hudo\",\"@id\":\"https:\/\/hudo.com\/si\/#\/schema\/person\/601cf3379633985b20f7e50f2bb47707\"},\"headline\":\"Tuja krivda za v\u010deraj\u0161njo letalsko nesre\u010do pri Gra\u0161ki Gori izklju\u010dena, v letalu je bil izku\u0161en pilot\",\"datePublished\":\"2016-05-05T10:45:00+00:00\",\"dateModified\":\"2016-05-06T08:26:56+00:00\",\"mainEntityOfPage\":{\"@id\":\"https:\/\/hudo.com\/si\/aktualno\/tuja-krivda-za-vcerajsnjo-letalsko-nesreco-pri-graski-gori-izkljucena-v-letalu-je-bil-izkusen-pilot\/\"},\"wordCount\":236,\"publisher\":{\"@id\":\"https:\/\/hudo.com\/si\/#organization\"},\"articleSection\":[\"Aktualno\"],\"inLanguage\":\"sl-SI\"},{\"@type\":\"WebPage\",\"@id\":\"https:\/\/hudo.com\/si\/aktualno\/tuja-krivda-za-vcerajsnjo-letalsko-nesreco-pri-graski-gori-izkljucena-v-letalu-je-bil-izkusen-pilot\/\",\"url\":\"https:\/\/hudo.com\/si\/aktualno\/tuja-krivda-za-vcerajsnjo-letalsko-nesreco-pri-graski-gori-izkljucena-v-letalu-je-bil-izkusen-pilot\/\",\"name\":\"Tuja krivda za v\u010deraj\u0161njo letalsko nesre\u010do pri Gra\u0161ki Gori izklju\u010dena, v letalu je bil izku\u0161en pilot - Hudo Slovenija\",\"isPartOf\":{\"@id\":\"https:\/\/hudo.com\/si\/#website\"},\"datePublished\":\"2016-05-05T10:45:00+00:00\",\"dateModified\":\"2016-05-06T08:26:56+00:00\",\"breadcrumb\":{\"@id\":\"https:\/\/hudo.com\/si\/aktualno\/tuja-krivda-za-vcerajsnjo-letalsko-nesreco-pri-graski-gori-izkljucena-v-letalu-je-bil-izkusen-pilot\/#breadcrumb\"},\"inLanguage\":\"sl-SI\",\"potentialAction\":[{\"@type\":\"ReadAction\",\"target\":[\"https:\/\/hudo.com\/si\/aktualno\/tuja-krivda-za-vcerajsnjo-letalsko-nesreco-pri-graski-gori-izkljucena-v-letalu-je-bil-izkusen-pilot\/\"]}]},{\"@type\":\"BreadcrumbList\",\"@id\":\"https:\/\/hudo.com\/si\/aktualno\/tuja-krivda-za-vcerajsnjo-letalsko-nesreco-pri-graski-gori-izkljucena-v-letalu-je-bil-izkusen-pilot\/#breadcrumb\",\"itemListElement\":[{\"@type\":\"ListItem\",\"position\":1,\"name\":\"Home\",\"item\":\"https:\/\/hudo.com\/si\/\"},{\"@type\":\"ListItem\",\"position\":2,\"name\":\"Tuja krivda za v\u010deraj\u0161njo letalsko nesre\u010do pri Gra\u0161ki Gori izklju\u010dena, v letalu je bil izku\u0161en pilot\"}]},{\"@type\":\"WebSite\",\"@id\":\"https:\/\/hudo.com\/si\/#website\",\"url\":\"https:\/\/hudo.com\/si\/\",\"name\":\"Hudo Slovenija\",\"description\":\"Vse novice iz Slovenije in sveta\",\"publisher\":{\"@id\":\"https:\/\/hudo.com\/si\/#organization\"},\"potentialAction\":[{\"@type\":\"SearchAction\",\"target\":{\"@type\":\"EntryPoint\",\"urlTemplate\":\"https:\/\/hudo.com\/si\/?s={search_term_string}\"},\"query-input\":\"required name=search_term_string\"}],\"inLanguage\":\"sl-SI\"},{\"@type\":\"Organization\",\"@id\":\"https:\/\/hudo.com\/si\/#organization\",\"name\":\"VSN Media\",\"url\":\"https:\/\/hudo.com\/si\/\",\"logo\":{\"@type\":\"ImageObject\",\"inLanguage\":\"sl-SI\",\"@id\":\"https:\/\/hudo.com\/si\/#\/schema\/logo\/image\/\",\"url\":\"https:\/\/hudo.com\/si\/wp-content\/uploads\/sites\/2\/2021\/03\/hudo-app-2.png\",\"contentUrl\":\"https:\/\/hudo.com\/si\/wp-content\/uploads\/sites\/2\/2021\/03\/hudo-app-2.png\",\"width\":2185,\"height\":2167,\"caption\":\"VSN Media\"},\"image\":{\"@id\":\"https:\/\/hudo.com\/si\/#\/schema\/logo\/image\/\"},\"sameAs\":[\"https:\/\/www.facebook.com\/hudo.si\",\"https:\/\/twitter.com\/hudo_si\"]},{\"@type\":\"Person\",\"@id\":\"https:\/\/hudo.com\/si\/#\/schema\/person\/601cf3379633985b20f7e50f2bb47707\",\"name\":\"hudo\",\"image\":{\"@type\":\"ImageObject\",\"inLanguage\":\"sl-SI\",\"@id\":\"https:\/\/hudo.com\/si\/#\/schema\/person\/image\/\",\"url\":\"https:\/\/secure.gravatar.com\/avatar\/c4ca25fa72cace7a696b52ff5db9e095?s=96&d=mm&r=g\",\"contentUrl\":\"https:\/\/secure.gravatar.com\/avatar\/c4ca25fa72cace7a696b52ff5db9e095?s=96&d=mm&r=g\",\"caption\":\"hudo\"},\"url\":\"https:\/\/hudo.com\/si\/author\/hudo\/\"}]}<\/script>\n<!-- \/ Yoast SEO plugin. -->","yoast_head_json":{"title":"Tuja krivda za v\u010deraj\u0161njo letalsko nesre\u010do pri Gra\u0161ki Gori izklju\u010dena, v letalu je bil izku\u0161en pilot - Hudo Slovenija","robots":{"index":"index","follow":"follow","max-snippet":"max-snippet:-1","max-image-preview":"max-image-preview:large","max-video-preview":"max-video-preview:-1"},"canonical":"https:\/\/hudo.com\/si\/aktualno\/tuja-krivda-za-vcerajsnjo-letalsko-nesreco-pri-graski-gori-izkljucena-v-letalu-je-bil-izkusen-pilot\/","og_locale":"sl_SI","og_type":"article","og_title":"Tuja krivda za v\u010deraj\u0161njo letalsko nesre\u010do pri Gra\u0161ki Gori izklju\u010dena, v letalu je bil izku\u0161en pilot - Hudo Slovenija","og_description":"Preiskovalna sodnica ter ogledna komisija sektorja kriminalisti\u010dne policije PU Celje so ob udele\u017ebi dr\u017eavne to\u017eilke in preiskovalca letalskih nesre\u010d in incidentov slu\u017ebe za preiskovanje letalskih nesre\u010d in incidentov pri ministrstvu za infrastrukturo in prostor opravili ogled kraja nesre\u010de jadralnega letala s pomo\u017enim motorjem, ki je strmoglavilo nad Gra\u0161ko Goro, o \u010demer so bili policisti obve\u0161\u010deni v\u010deraj okoli 7.30. Ugotovili so, da je 63-letni pilot, doma z obmo\u010dja Slovenj Gradca, okoli 7. ure z jadralnim letalom s pomo\u017enim motorjem, ki je bilo njegova last, poletel z letali\u0161\u010da v Slovenj Gradcu. Let je bil najavljen, ko je priletel v bli\u017eino naselja Gra\u0161ka Gora, je opravil ve\u010d spiralnih krogov, nato je jadralno letalo iz neznanega razloga sunkovito obrnilo proti gostemu gozdu na Gra\u0161ki Gori. Letalo je z zadnjim delom in krili tr\u010dilo ob debla dreves in nato strmoglavilo na tla ob gozdni poti. Pilot je na kraju nesre\u010de podlegel po\u0161kodbam. 63-letnik je bil nadvse izku\u0161en pilot in je imel za sabo veliko ur letenja, letalo, ki je bilo v nesre\u010di v celoti uni\u010deno, pa je bilo redno servisirano, pojasnjujejo policisti. Prvi podatki preiskovalcev ka\u017eejo, da je tuja krivda za nastanek nesre\u010de najverjetneje izklju\u010dena.Kronika","og_url":"https:\/\/hudo.com\/si\/aktualno\/tuja-krivda-za-vcerajsnjo-letalsko-nesreco-pri-graski-gori-izkljucena-v-letalu-je-bil-izkusen-pilot\/","og_site_name":"Hudo Slovenija","article_publisher":"https:\/\/www.facebook.com\/hudo.si","article_published_time":"2016-05-05T10:45:00+00:00","article_modified_time":"2016-05-06T08:26:56+00:00","og_image":[{"width":450,"height":337,"url":"https:\/\/hudo.com\/si\/wp-content\/uploads\/sites\/2\/2016\/05\/DSCN1148_1_-300.jpg","type":"image\/jpeg"}],"author":"hudo","twitter_card":"summary_large_image","twitter_creator":"@hudo_si","twitter_site":"@hudo_si","twitter_misc":{"Written by":"hudo","Est. reading time":"1 minuta"},"schema":{"@context":"https:\/\/schema.org","@graph":[{"@type":"Article","@id":"https:\/\/hudo.com\/si\/aktualno\/tuja-krivda-za-vcerajsnjo-letalsko-nesreco-pri-graski-gori-izkljucena-v-letalu-je-bil-izkusen-pilot\/#article","isPartOf":{"@id":"https:\/\/hudo.com\/si\/aktualno\/tuja-krivda-za-vcerajsnjo-letalsko-nesreco-pri-graski-gori-izkljucena-v-letalu-je-bil-izkusen-pilot\/"},"author":{"name":"hudo","@id":"https:\/\/hudo.com\/si\/#\/schema\/person\/601cf3379633985b20f7e50f2bb47707"},"headline":"Tuja krivda za v\u010deraj\u0161njo letalsko nesre\u010do pri Gra\u0161ki Gori izklju\u010dena, v letalu je bil izku\u0161en pilot","datePublished":"2016-05-05T10:45:00+00:00","dateModified":"2016-05-06T08:26:56+00:00","mainEntityOfPage":{"@id":"https:\/\/hudo.com\/si\/aktualno\/tuja-krivda-za-vcerajsnjo-letalsko-nesreco-pri-graski-gori-izkljucena-v-letalu-je-bil-izkusen-pilot\/"},"wordCount":236,"publisher":{"@id":"https:\/\/hudo.com\/si\/#organization"},"articleSection":["Aktualno"],"inLanguage":"sl-SI"},{"@type":"WebPage","@id":"https:\/\/hudo.com\/si\/aktualno\/tuja-krivda-za-vcerajsnjo-letalsko-nesreco-pri-graski-gori-izkljucena-v-letalu-je-bil-izkusen-pilot\/","url":"https:\/\/hudo.com\/si\/aktualno\/tuja-krivda-za-vcerajsnjo-letalsko-nesreco-pri-graski-gori-izkljucena-v-letalu-je-bil-izkusen-pilot\/","name":"Tuja krivda za v\u010deraj\u0161njo letalsko nesre\u010do pri Gra\u0161ki Gori izklju\u010dena, v letalu je bil izku\u0161en pilot - Hudo Slovenija","isPartOf":{"@id":"https:\/\/hudo.com\/si\/#website"},"datePublished":"2016-05-05T10:45:00+00:00","dateModified":"2016-05-06T08:26:56+00:00","breadcrumb":{"@id":"https:\/\/hudo.com\/si\/aktualno\/tuja-krivda-za-vcerajsnjo-letalsko-nesreco-pri-graski-gori-izkljucena-v-letalu-je-bil-izkusen-pilot\/#breadcrumb"},"inLanguage":"sl-SI","potentialAction":[{"@type":"ReadAction","target":["https:\/\/hudo.com\/si\/aktualno\/tuja-krivda-za-vcerajsnjo-letalsko-nesreco-pri-graski-gori-izkljucena-v-letalu-je-bil-izkusen-pilot\/"]}]},{"@type":"BreadcrumbList","@id":"https:\/\/hudo.com\/si\/aktualno\/tuja-krivda-za-vcerajsnjo-letalsko-nesreco-pri-graski-gori-izkljucena-v-letalu-je-bil-izkusen-pilot\/#breadcrumb","itemListElement":[{"@type":"ListItem","position":1,"name":"Home","item":"https:\/\/hudo.com\/si\/"},{"@type":"ListItem","position":2,"name":"Tuja krivda za v\u010deraj\u0161njo letalsko nesre\u010do pri Gra\u0161ki Gori izklju\u010dena, v letalu je bil izku\u0161en pilot"}]},{"@type":"WebSite","@id":"https:\/\/hudo.com\/si\/#website","url":"https:\/\/hudo.com\/si\/","name":"Hudo Slovenija","description":"Vse novice iz Slovenije in sveta","publisher":{"@id":"https:\/\/hudo.com\/si\/#organization"},"potentialAction":[{"@type":"SearchAction","target":{"@type":"EntryPoint","urlTemplate":"https:\/\/hudo.com\/si\/?s={search_term_string}"},"query-input":"required name=search_term_string"}],"inLanguage":"sl-SI"},{"@type":"Organization","@id":"https:\/\/hudo.com\/si\/#organization","name":"VSN Media","url":"https:\/\/hudo.com\/si\/","logo":{"@type":"ImageObject","inLanguage":"sl-SI","@id":"https:\/\/hudo.com\/si\/#\/schema\/logo\/image\/","url":"https:\/\/hudo.com\/si\/wp-content\/uploads\/sites\/2\/2021\/03\/hudo-app-2.png","contentUrl":"https:\/\/hudo.com\/si\/wp-content\/uploads\/sites\/2\/2021\/03\/hudo-app-2.png","width":2185,"height":2167,"caption":"VSN Media"},"image":{"@id":"https:\/\/hudo.com\/si\/#\/schema\/logo\/image\/"},"sameAs":["https:\/\/www.facebook.com\/hudo.si","https:\/\/twitter.com\/hudo_si"]},{"@type":"Person","@id":"https:\/\/hudo.com\/si\/#\/schema\/person\/601cf3379633985b20f7e50f2bb47707","name":"hudo","image":{"@type":"ImageObject","inLanguage":"sl-SI","@id":"https:\/\/hudo.com\/si\/#\/schema\/person\/image\/","url":"https:\/\/secure.gravatar.com\/avatar\/c4ca25fa72cace7a696b52ff5db9e095?s=96&d=mm&r=g","contentUrl":"https:\/\/secure.gravatar.com\/avatar\/c4ca25fa72cace7a696b52ff5db9e095?s=96&d=mm&r=g","caption":"hudo"},"url":"https:\/\/hudo.com\/si\/author\/hudo\/"}]}},"amp_enabled":true,"_links":{"self":[{"href":"https:\/\/hudo.com\/si\/wp-json\/wp\/v2\/posts\/46273"}],"collection":[{"href":"https:\/\/hudo.com\/si\/wp-json\/wp\/v2\/posts"}],"about":[{"href":"https:\/\/hudo.com\/si\/wp-json\/wp\/v2\/types\/post"}],"author":[{"embeddable":true,"href":"https:\/\/hudo.com\/si\/wp-json\/wp\/v2\/users\/1"}],"replies":[{"embeddable":true,"href":"https:\/\/hudo.com\/si\/wp-json\/wp\/v2\/comments?post=46273"}],"version-history":[{"count":1,"href":"https:\/\/hudo.com\/si\/wp-json\/wp\/v2\/posts\/46273\/revisions"}],"predecessor-version":[{"id":46314,"href":"https:\/\/hudo.com\/si\/wp-json\/wp\/v2\/posts\/46273\/revisions\/46314"}],"wp:attachment":[{"href":"https:\/\/hudo.com\/si\/wp-json\/wp\/v2\/media?parent=46273"}],"wp:term":[{"taxonomy":"category","embeddable":true,"href":"https:\/\/hudo.com\/si\/wp-json\/wp\/v2\/categories?post=46273"},{"taxonomy":"post_tag","embeddable":true,"href":"https:\/\/hudo.com\/si\/wp-json\/wp\/v2\/tags?post=46273"},{"taxonomy":"source","embeddable":true,"href":"https:\/\/hudo.com\/si\/wp-json\/wp\/v2\/source?post=46273"},{"taxonomy":"supertag","embeddable":true,"href":"https:\/\/hudo.com\/si\/wp-json\/wp\/v2\/supertag?post=46273"}],"curies":[{"name":"wp","href":"https:\/\/api.w.org\/{rel}","templated":true}]}}