{"id":462761,"date":"2021-12-19T12:09:12","date_gmt":"2021-12-19T11:09:12","guid":{"rendered":"https:\/\/hudo.com\/si\/?p=462761"},"modified":"2021-12-19T12:09:12","modified_gmt":"2021-12-19T11:09:12","slug":"lampiceva-in-urevceva-drugi-v-kvalifikacijski-skupini-v-dresdnu","status":"publish","type":"post","link":"https:\/\/hudo.com\/si\/sport\/lampiceva-in-urevceva-drugi-v-kvalifikacijski-skupini-v-dresdnu\/","title":{"rendered":"Lampi\u010deva in Urev\u010deva drugi v kvalifikacijski skupini v Dresdnu"},"content":{"rendered":"<p>Druga slovenska \u017eenska zasedba, Anja Mandeljc in Klara Mali, je tako kot Lampi\u010deva in Urev\u010deva tekla v drugi kvalifikacijski skupini med 14 ekipami. Bila je 36,9 sekunde za zmagovalkama na 11. mestu in se ni uvrstila v zaklju\u010dne boje najbolj\u0161e deseterice. Finalni nastop za teka\u010dice z Lampi\u010devo in Urev\u010devo se bo za\u010del ob 12. uri, pol ure pozneje se bodo za zmago pomerili \u0161e teka\u010di, kjer ne bo slovenske udele\u017ebe.<\/p>\n<p>V drugi skupini kvalifikacij teka\u010dev sta bila Vili \u010crv in Miha \u0160imenc, ki sta sestavljala prvo slovensko ekipo, osma. Za Rusoma Aleksandrom Bolj\u0161unovom in Glebom Retivihom, sta zaostala 9,5 sekunde in bila skupno 18. med vsemi. Janez Lampi\u010d in An\u017ee Gros sta bila v drugem slovenskem mo\u0161tvu prav tako v drugi skupini zadnja, 18., z minuto in 9,66 sekunde zaostanka. Tudi skupno sta bila zadnja, 36.<\/p>\n","protected":false},"excerpt":{"rendered":"<p>Prva slovenska \u017eenska ekipa, ki sta jo sestavljali Anamarija Lampi\u010d in Eva Urevc, je v kvalifikacijah ekipnega sprinta za svetovni pokal v smu\u010darskem teku v Dresdnu v drugi skupini zasedla drugo mesto. Z 0,38 sekunde prednosti je zmagala prva ameri\u0161ka ekipa, ki sta jo sestavljali Jessie Diggins in Julia Kern.<\/p>\n","protected":false},"author":7,"featured_media":462762,"comment_status":"closed","ping_status":"closed","sticky":false,"template":"","format":"standard","meta":{"footnotes":""},"categories":[18201,18176],"tags":[10543,18183,7422],"source":[4511],"supertag":[],"acf":[],"yoast_head":"<!-- This site is optimized with the Yoast SEO plugin v21.3 - https:\/\/yoast.com\/wordpress\/plugins\/seo\/ -->\n<title>Lampi\u010deva in Urev\u010deva drugi v kvalifikacijski skupini v Dresdnu - Hudo Slovenija<\/title>\n<meta name=\"robots\" content=\"index, follow, max-snippet:-1, max-image-preview:large, max-video-preview:-1\" \/>\n<link rel=\"canonical\" href=\"https:\/\/hudo.com\/si\/sport\/lampiceva-in-urevceva-drugi-v-kvalifikacijski-skupini-v-dresdnu\/\" \/>\n<meta property=\"og:locale\" content=\"sl_SI\" \/>\n<meta property=\"og:type\" content=\"article\" \/>\n<meta property=\"og:title\" content=\"Lampi\u010deva in Urev\u010deva drugi v kvalifikacijski skupini v Dresdnu - Hudo Slovenija\" \/>\n<meta property=\"og:description\" content=\"Prva slovenska \u017eenska ekipa, ki sta jo sestavljali Anamarija Lampi\u010d in Eva Urevc, je v kvalifikacijah ekipnega sprinta za svetovni pokal v smu\u010darskem teku v Dresdnu v drugi skupini zasedla drugo mesto. Z 0,38 sekunde prednosti je zmagala prva ameri\u0161ka ekipa, ki sta jo sestavljali Jessie Diggins in Julia Kern.\" \/>\n<meta property=\"og:url\" content=\"https:\/\/hudo.com\/si\/sport\/lampiceva-in-urevceva-drugi-v-kvalifikacijski-skupini-v-dresdnu\/\" \/>\n<meta property=\"og:site_name\" content=\"Hudo Slovenija\" \/>\n<meta property=\"article:publisher\" content=\"https:\/\/www.facebook.com\/hudo.si\" \/>\n<meta property=\"article:published_time\" content=\"2021-12-19T11:09:12+00:00\" \/>\n<meta property=\"og:image\" content=\"https:\/\/hudo.com\/si\/wp-content\/uploads\/sites\/2\/2021\/12\/profimedia-0648556055.jpg\" \/>\n\t<meta property=\"og:image:width\" content=\"1250\" \/>\n\t<meta property=\"og:image:height\" content=\"833\" \/>\n\t<meta property=\"og:image:type\" content=\"image\/jpeg\" \/>\n<meta name=\"author\" content=\"A. P., STA\" \/>\n<meta name=\"twitter:card\" content=\"summary_large_image\" \/>\n<meta name=\"twitter:creator\" content=\"@hudo_si\" \/>\n<meta name=\"twitter:site\" content=\"@hudo_si\" \/>\n<meta name=\"twitter:label1\" content=\"Written by\" \/>\n\t<meta name=\"twitter:data1\" content=\"A. P., STA\" \/>\n\t<meta name=\"twitter:label2\" content=\"Est. reading time\" \/>\n\t<meta name=\"twitter:data2\" content=\"1 minuta\" \/>\n<script type=\"application\/ld+json\" class=\"yoast-schema-graph\">{\"@context\":\"https:\/\/schema.org\",\"@graph\":[{\"@type\":\"Article\",\"@id\":\"https:\/\/hudo.com\/si\/sport\/lampiceva-in-urevceva-drugi-v-kvalifikacijski-skupini-v-dresdnu\/#article\",\"isPartOf\":{\"@id\":\"https:\/\/hudo.com\/si\/sport\/lampiceva-in-urevceva-drugi-v-kvalifikacijski-skupini-v-dresdnu\/\"},\"author\":{\"name\":\"A. P., STA\",\"@id\":\"https:\/\/hudo.com\/si\/#\/schema\/person\/18f09c02475ba9e606e941a565b80cff\"},\"headline\":\"Lampi\u010deva in Urev\u010deva drugi v kvalifikacijski skupini v Dresdnu\",\"datePublished\":\"2021-12-19T11:09:12+00:00\",\"dateModified\":\"2021-12-19T11:09:12+00:00\",\"mainEntityOfPage\":{\"@id\":\"https:\/\/hudo.com\/si\/sport\/lampiceva-in-urevceva-drugi-v-kvalifikacijski-skupini-v-dresdnu\/\"},\"wordCount\":152,\"publisher\":{\"@id\":\"https:\/\/hudo.com\/si\/#organization\"},\"keywords\":[\"Anamarija Lampi\u010d\",\"Eva Urevc\",\"tek na smu\u010deh\"],\"articleSection\":[\"Slovenija\",\"\u0160port\"],\"inLanguage\":\"sl-SI\"},{\"@type\":\"WebPage\",\"@id\":\"https:\/\/hudo.com\/si\/sport\/lampiceva-in-urevceva-drugi-v-kvalifikacijski-skupini-v-dresdnu\/\",\"url\":\"https:\/\/hudo.com\/si\/sport\/lampiceva-in-urevceva-drugi-v-kvalifikacijski-skupini-v-dresdnu\/\",\"name\":\"Lampi\u010deva in Urev\u010deva drugi v kvalifikacijski skupini v Dresdnu - Hudo Slovenija\",\"isPartOf\":{\"@id\":\"https:\/\/hudo.com\/si\/#website\"},\"datePublished\":\"2021-12-19T11:09:12+00:00\",\"dateModified\":\"2021-12-19T11:09:12+00:00\",\"breadcrumb\":{\"@id\":\"https:\/\/hudo.com\/si\/sport\/lampiceva-in-urevceva-drugi-v-kvalifikacijski-skupini-v-dresdnu\/#breadcrumb\"},\"inLanguage\":\"sl-SI\",\"potentialAction\":[{\"@type\":\"ReadAction\",\"target\":[\"https:\/\/hudo.com\/si\/sport\/lampiceva-in-urevceva-drugi-v-kvalifikacijski-skupini-v-dresdnu\/\"]}]},{\"@type\":\"BreadcrumbList\",\"@id\":\"https:\/\/hudo.com\/si\/sport\/lampiceva-in-urevceva-drugi-v-kvalifikacijski-skupini-v-dresdnu\/#breadcrumb\",\"itemListElement\":[{\"@type\":\"ListItem\",\"position\":1,\"name\":\"Home\",\"item\":\"https:\/\/hudo.com\/si\/\"},{\"@type\":\"ListItem\",\"position\":2,\"name\":\"Lampi\u010deva in Urev\u010deva drugi v kvalifikacijski skupini v Dresdnu\"}]},{\"@type\":\"WebSite\",\"@id\":\"https:\/\/hudo.com\/si\/#website\",\"url\":\"https:\/\/hudo.com\/si\/\",\"name\":\"Hudo Slovenija\",\"description\":\"Vse novice iz Slovenije in sveta\",\"publisher\":{\"@id\":\"https:\/\/hudo.com\/si\/#organization\"},\"potentialAction\":[{\"@type\":\"SearchAction\",\"target\":{\"@type\":\"EntryPoint\",\"urlTemplate\":\"https:\/\/hudo.com\/si\/?s={search_term_string}\"},\"query-input\":\"required name=search_term_string\"}],\"inLanguage\":\"sl-SI\"},{\"@type\":\"Organization\",\"@id\":\"https:\/\/hudo.com\/si\/#organization\",\"name\":\"VSN Media\",\"url\":\"https:\/\/hudo.com\/si\/\",\"logo\":{\"@type\":\"ImageObject\",\"inLanguage\":\"sl-SI\",\"@id\":\"https:\/\/hudo.com\/si\/#\/schema\/logo\/image\/\",\"url\":\"https:\/\/hudo.com\/si\/wp-content\/uploads\/sites\/2\/2021\/03\/hudo-app-2.png\",\"contentUrl\":\"https:\/\/hudo.com\/si\/wp-content\/uploads\/sites\/2\/2021\/03\/hudo-app-2.png\",\"width\":2185,\"height\":2167,\"caption\":\"VSN Media\"},\"image\":{\"@id\":\"https:\/\/hudo.com\/si\/#\/schema\/logo\/image\/\"},\"sameAs\":[\"https:\/\/www.facebook.com\/hudo.si\",\"https:\/\/twitter.com\/hudo_si\"]},{\"@type\":\"Person\",\"@id\":\"https:\/\/hudo.com\/si\/#\/schema\/person\/18f09c02475ba9e606e941a565b80cff\",\"name\":\"A. P., STA\",\"image\":{\"@type\":\"ImageObject\",\"inLanguage\":\"sl-SI\",\"@id\":\"https:\/\/hudo.com\/si\/#\/schema\/person\/image\/\",\"url\":\"https:\/\/secure.gravatar.com\/avatar\/03eac8e609f5f04383125d80eaeaaf3e?s=96&d=mm&r=g\",\"contentUrl\":\"https:\/\/secure.gravatar.com\/avatar\/03eac8e609f5f04383125d80eaeaaf3e?s=96&d=mm&r=g\",\"caption\":\"A. P., STA\"},\"url\":\"https:\/\/hudo.com\/si\/author\/lubu\/\"}]}<\/script>\n<!-- \/ Yoast SEO plugin. -->","yoast_head_json":{"title":"Lampi\u010deva in Urev\u010deva drugi v kvalifikacijski skupini v Dresdnu - Hudo Slovenija","robots":{"index":"index","follow":"follow","max-snippet":"max-snippet:-1","max-image-preview":"max-image-preview:large","max-video-preview":"max-video-preview:-1"},"canonical":"https:\/\/hudo.com\/si\/sport\/lampiceva-in-urevceva-drugi-v-kvalifikacijski-skupini-v-dresdnu\/","og_locale":"sl_SI","og_type":"article","og_title":"Lampi\u010deva in Urev\u010deva drugi v kvalifikacijski skupini v Dresdnu - Hudo Slovenija","og_description":"Prva slovenska \u017eenska ekipa, ki sta jo sestavljali Anamarija Lampi\u010d in Eva Urevc, je v kvalifikacijah ekipnega sprinta za svetovni pokal v smu\u010darskem teku v Dresdnu v drugi skupini zasedla drugo mesto. Z 0,38 sekunde prednosti je zmagala prva ameri\u0161ka ekipa, ki sta jo sestavljali Jessie Diggins in Julia Kern.","og_url":"https:\/\/hudo.com\/si\/sport\/lampiceva-in-urevceva-drugi-v-kvalifikacijski-skupini-v-dresdnu\/","og_site_name":"Hudo Slovenija","article_publisher":"https:\/\/www.facebook.com\/hudo.si","article_published_time":"2021-12-19T11:09:12+00:00","og_image":[{"width":1250,"height":833,"url":"https:\/\/hudo.com\/si\/wp-content\/uploads\/sites\/2\/2021\/12\/profimedia-0648556055.jpg","type":"image\/jpeg"}],"author":"A. P., STA","twitter_card":"summary_large_image","twitter_creator":"@hudo_si","twitter_site":"@hudo_si","twitter_misc":{"Written by":"A. P., STA","Est. reading time":"1 minuta"},"schema":{"@context":"https:\/\/schema.org","@graph":[{"@type":"Article","@id":"https:\/\/hudo.com\/si\/sport\/lampiceva-in-urevceva-drugi-v-kvalifikacijski-skupini-v-dresdnu\/#article","isPartOf":{"@id":"https:\/\/hudo.com\/si\/sport\/lampiceva-in-urevceva-drugi-v-kvalifikacijski-skupini-v-dresdnu\/"},"author":{"name":"A. P., STA","@id":"https:\/\/hudo.com\/si\/#\/schema\/person\/18f09c02475ba9e606e941a565b80cff"},"headline":"Lampi\u010deva in Urev\u010deva drugi v kvalifikacijski skupini v Dresdnu","datePublished":"2021-12-19T11:09:12+00:00","dateModified":"2021-12-19T11:09:12+00:00","mainEntityOfPage":{"@id":"https:\/\/hudo.com\/si\/sport\/lampiceva-in-urevceva-drugi-v-kvalifikacijski-skupini-v-dresdnu\/"},"wordCount":152,"publisher":{"@id":"https:\/\/hudo.com\/si\/#organization"},"keywords":["Anamarija Lampi\u010d","Eva Urevc","tek na smu\u010deh"],"articleSection":["Slovenija","\u0160port"],"inLanguage":"sl-SI"},{"@type":"WebPage","@id":"https:\/\/hudo.com\/si\/sport\/lampiceva-in-urevceva-drugi-v-kvalifikacijski-skupini-v-dresdnu\/","url":"https:\/\/hudo.com\/si\/sport\/lampiceva-in-urevceva-drugi-v-kvalifikacijski-skupini-v-dresdnu\/","name":"Lampi\u010deva in Urev\u010deva drugi v kvalifikacijski skupini v Dresdnu - Hudo Slovenija","isPartOf":{"@id":"https:\/\/hudo.com\/si\/#website"},"datePublished":"2021-12-19T11:09:12+00:00","dateModified":"2021-12-19T11:09:12+00:00","breadcrumb":{"@id":"https:\/\/hudo.com\/si\/sport\/lampiceva-in-urevceva-drugi-v-kvalifikacijski-skupini-v-dresdnu\/#breadcrumb"},"inLanguage":"sl-SI","potentialAction":[{"@type":"ReadAction","target":["https:\/\/hudo.com\/si\/sport\/lampiceva-in-urevceva-drugi-v-kvalifikacijski-skupini-v-dresdnu\/"]}]},{"@type":"BreadcrumbList","@id":"https:\/\/hudo.com\/si\/sport\/lampiceva-in-urevceva-drugi-v-kvalifikacijski-skupini-v-dresdnu\/#breadcrumb","itemListElement":[{"@type":"ListItem","position":1,"name":"Home","item":"https:\/\/hudo.com\/si\/"},{"@type":"ListItem","position":2,"name":"Lampi\u010deva in Urev\u010deva drugi v kvalifikacijski skupini v Dresdnu"}]},{"@type":"WebSite","@id":"https:\/\/hudo.com\/si\/#website","url":"https:\/\/hudo.com\/si\/","name":"Hudo Slovenija","description":"Vse novice iz Slovenije in sveta","publisher":{"@id":"https:\/\/hudo.com\/si\/#organization"},"potentialAction":[{"@type":"SearchAction","target":{"@type":"EntryPoint","urlTemplate":"https:\/\/hudo.com\/si\/?s={search_term_string}"},"query-input":"required name=search_term_string"}],"inLanguage":"sl-SI"},{"@type":"Organization","@id":"https:\/\/hudo.com\/si\/#organization","name":"VSN Media","url":"https:\/\/hudo.com\/si\/","logo":{"@type":"ImageObject","inLanguage":"sl-SI","@id":"https:\/\/hudo.com\/si\/#\/schema\/logo\/image\/","url":"https:\/\/hudo.com\/si\/wp-content\/uploads\/sites\/2\/2021\/03\/hudo-app-2.png","contentUrl":"https:\/\/hudo.com\/si\/wp-content\/uploads\/sites\/2\/2021\/03\/hudo-app-2.png","width":2185,"height":2167,"caption":"VSN Media"},"image":{"@id":"https:\/\/hudo.com\/si\/#\/schema\/logo\/image\/"},"sameAs":["https:\/\/www.facebook.com\/hudo.si","https:\/\/twitter.com\/hudo_si"]},{"@type":"Person","@id":"https:\/\/hudo.com\/si\/#\/schema\/person\/18f09c02475ba9e606e941a565b80cff","name":"A. P., STA","image":{"@type":"ImageObject","inLanguage":"sl-SI","@id":"https:\/\/hudo.com\/si\/#\/schema\/person\/image\/","url":"https:\/\/secure.gravatar.com\/avatar\/03eac8e609f5f04383125d80eaeaaf3e?s=96&d=mm&r=g","contentUrl":"https:\/\/secure.gravatar.com\/avatar\/03eac8e609f5f04383125d80eaeaaf3e?s=96&d=mm&r=g","caption":"A. P., STA"},"url":"https:\/\/hudo.com\/si\/author\/lubu\/"}]}},"amp_enabled":true,"_links":{"self":[{"href":"https:\/\/hudo.com\/si\/wp-json\/wp\/v2\/posts\/462761"}],"collection":[{"href":"https:\/\/hudo.com\/si\/wp-json\/wp\/v2\/posts"}],"about":[{"href":"https:\/\/hudo.com\/si\/wp-json\/wp\/v2\/types\/post"}],"author":[{"embeddable":true,"href":"https:\/\/hudo.com\/si\/wp-json\/wp\/v2\/users\/7"}],"replies":[{"embeddable":true,"href":"https:\/\/hudo.com\/si\/wp-json\/wp\/v2\/comments?post=462761"}],"version-history":[{"count":1,"href":"https:\/\/hudo.com\/si\/wp-json\/wp\/v2\/posts\/462761\/revisions"}],"predecessor-version":[{"id":462763,"href":"https:\/\/hudo.com\/si\/wp-json\/wp\/v2\/posts\/462761\/revisions\/462763"}],"wp:featuredmedia":[{"embeddable":true,"href":"https:\/\/hudo.com\/si\/wp-json\/wp\/v2\/media\/462762"}],"wp:attachment":[{"href":"https:\/\/hudo.com\/si\/wp-json\/wp\/v2\/media?parent=462761"}],"wp:term":[{"taxonomy":"category","embeddable":true,"href":"https:\/\/hudo.com\/si\/wp-json\/wp\/v2\/categories?post=462761"},{"taxonomy":"post_tag","embeddable":true,"href":"https:\/\/hudo.com\/si\/wp-json\/wp\/v2\/tags?post=462761"},{"taxonomy":"source","embeddable":true,"href":"https:\/\/hudo.com\/si\/wp-json\/wp\/v2\/source?post=462761"},{"taxonomy":"supertag","embeddable":true,"href":"https:\/\/hudo.com\/si\/wp-json\/wp\/v2\/supertag?post=462761"}],"curies":[{"name":"wp","href":"https:\/\/api.w.org\/{rel}","templated":true}]}}