{"id":462904,"date":"2021-12-22T13:49:48","date_gmt":"2021-12-22T12:49:48","guid":{"rendered":"https:\/\/hudo.com\/si\/?p=462904"},"modified":"2021-12-22T13:51:20","modified_gmt":"2021-12-22T12:51:20","slug":"v-avstriji-zaradi-ischgla-ovadeni-nekdanji-kancler-sebastian-kurz-minister-in-dezelni-glavar","status":"publish","type":"post","link":"https:\/\/hudo.com\/si\/aktualno\/svet\/v-avstriji-zaradi-ischgla-ovadeni-nekdanji-kancler-sebastian-kurz-minister-in-dezelni-glavar\/","title":{"rendered":"V Avstriji zaradi Ischgla ovadeni nekdanji kancler Sebastian Kurz, minister za zdravje in de\u017eelni glavar Tirolske"},"content":{"rendered":"<p>Kazenska ovadba s strani VSV je bila pri\u010dakovana, saj so jo napovedovali. Kot vztrajajo, je ta nujna predvsem za to, da se temeljito preveri sum neustreznega oziroma pomanjkljivega ukrepanja s strani ve\u010d organov oblasti ter zlorabe polo\u017eaja z opustitvijo dol\u017enega ravnanja.<\/p>\n<p>Avstrijskim in tirolskim oblastem o\u010ditajo odgovornost za kaos, ki je izbruhnil zaradi \u0161irjenja oku\u017eb z novim koronavirusom v smu\u010darskem sredi\u0161\u010du Ischgl ob za\u010detku pandemije marca lani. Potem ko so \u017ee v za\u010detku marca zaznali prve oku\u017ebe, so se pristojne oblasti po oceni mnogih odzvale prepozno, da bi zajezile njihovo \u0161irjenje. Strokovno poro\u010dilo je to potrdilo, a pozen odziv pripisalo zgolj napa\u010dni presoji. O\u010ditka, da naj pristojni ne bi ukrepali pravo\u010dasno zaradi pritiskov s strani turisti\u010dnega sektorja, ni potrdilo.<\/p>\n<p>Nekdanji kancler Kurz je karanteno za dolino Paznauntal javno razglasil 13. marca lani, ne da bi se oblasti nanjo prej ustrezno pripravile in jo uskladile. Turisti in turisti\u010dni delavci so nato pani\u010dno be\u017eali, nastajali so veliki zastoji, v prenapolnjenih avtobusih in avtomobilih so se \u0161tevilni \u0161e na novo oku\u017eili. Z novim koronavirusom naj bi se takrat oku\u017eilo ve\u010d tiso\u010d ljudi iz 45 dr\u017eav.<\/p>\n<p>Dr\u017eavno to\u017eilstvo v Innsbrucku je konec novembra sporo\u010dilo, da je ustavilo kazensko preiskavo proti petim obdol\u017eencem v zadevi Ischgl. Kot je pojasnilo, ni na\u0161lo nobenih dokazov, da bi bili krivi kak\u0161nega dejanja ali opustitve dol\u017enega ravnanja, s katerim bi se pove\u010dala nevarnost \u0161irjenja oku\u017eb. Peterica obdol\u017eencev uradno ni bila znana, bi pa naj \u0161lo za vidne lokalne politike in uradnike.<\/p>\n<p>VSV se je na to odlo\u010ditev to\u017eilstva ostro odzvala. Vlo\u017eila je tudi zahtevo po nadaljevanju postopka ter njegovi raz\u0161iritvi na de\u017eelnega glavarja Platterja. Obenem je napovedala vlo\u017eitev nove ovadbe, kar je zdaj tudi storila.<\/p>\n<p>Na Dunaju se je sicer septembra za\u010del tudi prvi sodni postopek v civilni to\u017ebi v zvezi z izbruhom koronavirusa v Ischglu. To\u017eniki iz Avstrije in Nem\u010dije so vlo\u017eili 15 civilnih to\u017eb.<\/p>\n","protected":false},"excerpt":{"rendered":"<p>Avstrijska zveza za varstvo potro\u0161nikov (VSV) je na dr\u017eavnem to\u017eilstvu za gospodarski kriminal in korupcijo vlo\u017eila kazensko ovadbo zoper nekdanjega kanclerja Sebastiana Kurza, nekdanjega ministra za zdravje Rudolfa Anschoberja in de\u017eelnega glavarja Tirolske G\u00fcntherja Platterja. Ovadba zadeva lanski izbruh covida-19 v zimskem letovi\u0161\u010du Ischgl.<\/p>\n","protected":false},"author":8,"featured_media":422402,"comment_status":"closed","ping_status":"closed","sticky":false,"template":"","format":"standard","meta":{"footnotes":""},"categories":[18202],"tags":[1934,4000,8917,17544,6982],"source":[4511],"supertag":[],"acf":[],"yoast_head":"<!-- This site is optimized with the Yoast SEO plugin v21.3 - https:\/\/yoast.com\/wordpress\/plugins\/seo\/ -->\n<title>V Avstriji zaradi Ischgla ovadeni nekdanji kancler Sebastian Kurz, minister za zdravje in de\u017eelni glavar Tirolske - Hudo Slovenija<\/title>\n<meta name=\"robots\" content=\"index, follow, max-snippet:-1, max-image-preview:large, max-video-preview:-1\" \/>\n<link rel=\"canonical\" href=\"https:\/\/hudo.com\/si\/aktualno\/svet\/v-avstriji-zaradi-ischgla-ovadeni-nekdanji-kancler-sebastian-kurz-minister-in-dezelni-glavar\/\" \/>\n<meta property=\"og:locale\" content=\"sl_SI\" \/>\n<meta property=\"og:type\" content=\"article\" \/>\n<meta property=\"og:title\" content=\"V Avstriji zaradi Ischgla ovadeni nekdanji kancler Sebastian Kurz, minister za zdravje in de\u017eelni glavar Tirolske - Hudo Slovenija\" \/>\n<meta property=\"og:description\" content=\"Avstrijska zveza za varstvo potro\u0161nikov (VSV) je na dr\u017eavnem to\u017eilstvu za gospodarski kriminal in korupcijo vlo\u017eila kazensko ovadbo zoper nekdanjega kanclerja Sebastiana Kurza, nekdanjega ministra za zdravje Rudolfa Anschoberja in de\u017eelnega glavarja Tirolske G\u00fcntherja Platterja. Ovadba zadeva lanski izbruh covida-19 v zimskem letovi\u0161\u010du Ischgl.\" \/>\n<meta property=\"og:url\" content=\"https:\/\/hudo.com\/si\/aktualno\/svet\/v-avstriji-zaradi-ischgla-ovadeni-nekdanji-kancler-sebastian-kurz-minister-in-dezelni-glavar\/\" \/>\n<meta property=\"og:site_name\" content=\"Hudo Slovenija\" \/>\n<meta property=\"article:publisher\" content=\"https:\/\/www.facebook.com\/hudo.si\" \/>\n<meta property=\"article:published_time\" content=\"2021-12-22T12:49:48+00:00\" \/>\n<meta property=\"article:modified_time\" content=\"2021-12-22T12:51:20+00:00\" \/>\n<meta property=\"og:image\" content=\"https:\/\/hudo.com\/si\/wp-content\/uploads\/sites\/2\/2020\/05\/profimedia-0417203185.jpg\" \/>\n\t<meta property=\"og:image:width\" content=\"1250\" \/>\n\t<meta property=\"og:image:height\" content=\"834\" \/>\n\t<meta property=\"og:image:type\" content=\"image\/jpeg\" \/>\n<meta name=\"author\" content=\"M. N., STA\" \/>\n<meta name=\"twitter:card\" content=\"summary_large_image\" \/>\n<meta name=\"twitter:creator\" content=\"@hudo_si\" \/>\n<meta name=\"twitter:site\" content=\"@hudo_si\" \/>\n<meta name=\"twitter:label1\" content=\"Written by\" \/>\n\t<meta name=\"twitter:data1\" content=\"M. N., STA\" \/>\n\t<meta name=\"twitter:label2\" content=\"Est. reading time\" \/>\n\t<meta name=\"twitter:data2\" content=\"2 minuti\" \/>\n<script type=\"application\/ld+json\" class=\"yoast-schema-graph\">{\"@context\":\"https:\/\/schema.org\",\"@graph\":[{\"@type\":\"Article\",\"@id\":\"https:\/\/hudo.com\/si\/aktualno\/svet\/v-avstriji-zaradi-ischgla-ovadeni-nekdanji-kancler-sebastian-kurz-minister-in-dezelni-glavar\/#article\",\"isPartOf\":{\"@id\":\"https:\/\/hudo.com\/si\/aktualno\/svet\/v-avstriji-zaradi-ischgla-ovadeni-nekdanji-kancler-sebastian-kurz-minister-in-dezelni-glavar\/\"},\"author\":{\"name\":\"M. N., STA\",\"@id\":\"https:\/\/hudo.com\/si\/#\/schema\/person\/c2f10ce65d2e6ede2aeda5be2a0611fa\"},\"headline\":\"V Avstriji zaradi Ischgla ovadeni nekdanji kancler Sebastian Kurz, minister za zdravje in de\u017eelni glavar Tirolske\",\"datePublished\":\"2021-12-22T12:49:48+00:00\",\"dateModified\":\"2021-12-22T12:51:20+00:00\",\"mainEntityOfPage\":{\"@id\":\"https:\/\/hudo.com\/si\/aktualno\/svet\/v-avstriji-zaradi-ischgla-ovadeni-nekdanji-kancler-sebastian-kurz-minister-in-dezelni-glavar\/\"},\"wordCount\":364,\"publisher\":{\"@id\":\"https:\/\/hudo.com\/si\/#organization\"},\"keywords\":[\"Avstrija\",\"Ischgl\",\"kazenska ovadba\",\"Rudolf Anschober\",\"Sebastian Kurz\"],\"articleSection\":[\"Svet\"],\"inLanguage\":\"sl-SI\"},{\"@type\":\"WebPage\",\"@id\":\"https:\/\/hudo.com\/si\/aktualno\/svet\/v-avstriji-zaradi-ischgla-ovadeni-nekdanji-kancler-sebastian-kurz-minister-in-dezelni-glavar\/\",\"url\":\"https:\/\/hudo.com\/si\/aktualno\/svet\/v-avstriji-zaradi-ischgla-ovadeni-nekdanji-kancler-sebastian-kurz-minister-in-dezelni-glavar\/\",\"name\":\"V Avstriji zaradi Ischgla ovadeni nekdanji kancler Sebastian Kurz, minister za zdravje in de\u017eelni glavar Tirolske - Hudo Slovenija\",\"isPartOf\":{\"@id\":\"https:\/\/hudo.com\/si\/#website\"},\"datePublished\":\"2021-12-22T12:49:48+00:00\",\"dateModified\":\"2021-12-22T12:51:20+00:00\",\"breadcrumb\":{\"@id\":\"https:\/\/hudo.com\/si\/aktualno\/svet\/v-avstriji-zaradi-ischgla-ovadeni-nekdanji-kancler-sebastian-kurz-minister-in-dezelni-glavar\/#breadcrumb\"},\"inLanguage\":\"sl-SI\",\"potentialAction\":[{\"@type\":\"ReadAction\",\"target\":[\"https:\/\/hudo.com\/si\/aktualno\/svet\/v-avstriji-zaradi-ischgla-ovadeni-nekdanji-kancler-sebastian-kurz-minister-in-dezelni-glavar\/\"]}]},{\"@type\":\"BreadcrumbList\",\"@id\":\"https:\/\/hudo.com\/si\/aktualno\/svet\/v-avstriji-zaradi-ischgla-ovadeni-nekdanji-kancler-sebastian-kurz-minister-in-dezelni-glavar\/#breadcrumb\",\"itemListElement\":[{\"@type\":\"ListItem\",\"position\":1,\"name\":\"Home\",\"item\":\"https:\/\/hudo.com\/si\/\"},{\"@type\":\"ListItem\",\"position\":2,\"name\":\"V Avstriji zaradi Ischgla ovadeni nekdanji kancler Sebastian Kurz, minister za zdravje in de\u017eelni glavar Tirolske\"}]},{\"@type\":\"WebSite\",\"@id\":\"https:\/\/hudo.com\/si\/#website\",\"url\":\"https:\/\/hudo.com\/si\/\",\"name\":\"Hudo Slovenija\",\"description\":\"Vse novice iz Slovenije in sveta\",\"publisher\":{\"@id\":\"https:\/\/hudo.com\/si\/#organization\"},\"potentialAction\":[{\"@type\":\"SearchAction\",\"target\":{\"@type\":\"EntryPoint\",\"urlTemplate\":\"https:\/\/hudo.com\/si\/?s={search_term_string}\"},\"query-input\":\"required name=search_term_string\"}],\"inLanguage\":\"sl-SI\"},{\"@type\":\"Organization\",\"@id\":\"https:\/\/hudo.com\/si\/#organization\",\"name\":\"VSN Media\",\"url\":\"https:\/\/hudo.com\/si\/\",\"logo\":{\"@type\":\"ImageObject\",\"inLanguage\":\"sl-SI\",\"@id\":\"https:\/\/hudo.com\/si\/#\/schema\/logo\/image\/\",\"url\":\"https:\/\/hudo.com\/si\/wp-content\/uploads\/sites\/2\/2021\/03\/hudo-app-2.png\",\"contentUrl\":\"https:\/\/hudo.com\/si\/wp-content\/uploads\/sites\/2\/2021\/03\/hudo-app-2.png\",\"width\":2185,\"height\":2167,\"caption\":\"VSN Media\"},\"image\":{\"@id\":\"https:\/\/hudo.com\/si\/#\/schema\/logo\/image\/\"},\"sameAs\":[\"https:\/\/www.facebook.com\/hudo.si\",\"https:\/\/twitter.com\/hudo_si\"]},{\"@type\":\"Person\",\"@id\":\"https:\/\/hudo.com\/si\/#\/schema\/person\/c2f10ce65d2e6ede2aeda5be2a0611fa\",\"name\":\"M. N., STA\",\"image\":{\"@type\":\"ImageObject\",\"inLanguage\":\"sl-SI\",\"@id\":\"https:\/\/hudo.com\/si\/#\/schema\/person\/image\/\",\"url\":\"https:\/\/secure.gravatar.com\/avatar\/f370d38daa10467f755c5c766a4cac20?s=96&d=mm&r=g\",\"contentUrl\":\"https:\/\/secure.gravatar.com\/avatar\/f370d38daa10467f755c5c766a4cac20?s=96&d=mm&r=g\",\"caption\":\"M. N., STA\"},\"url\":\"https:\/\/hudo.com\/si\/author\/mana\/\"}]}<\/script>\n<!-- \/ Yoast SEO plugin. -->","yoast_head_json":{"title":"V Avstriji zaradi Ischgla ovadeni nekdanji kancler Sebastian Kurz, minister za zdravje in de\u017eelni glavar Tirolske - Hudo Slovenija","robots":{"index":"index","follow":"follow","max-snippet":"max-snippet:-1","max-image-preview":"max-image-preview:large","max-video-preview":"max-video-preview:-1"},"canonical":"https:\/\/hudo.com\/si\/aktualno\/svet\/v-avstriji-zaradi-ischgla-ovadeni-nekdanji-kancler-sebastian-kurz-minister-in-dezelni-glavar\/","og_locale":"sl_SI","og_type":"article","og_title":"V Avstriji zaradi Ischgla ovadeni nekdanji kancler Sebastian Kurz, minister za zdravje in de\u017eelni glavar Tirolske - Hudo Slovenija","og_description":"Avstrijska zveza za varstvo potro\u0161nikov (VSV) je na dr\u017eavnem to\u017eilstvu za gospodarski kriminal in korupcijo vlo\u017eila kazensko ovadbo zoper nekdanjega kanclerja Sebastiana Kurza, nekdanjega ministra za zdravje Rudolfa Anschoberja in de\u017eelnega glavarja Tirolske G\u00fcntherja Platterja. Ovadba zadeva lanski izbruh covida-19 v zimskem letovi\u0161\u010du Ischgl.","og_url":"https:\/\/hudo.com\/si\/aktualno\/svet\/v-avstriji-zaradi-ischgla-ovadeni-nekdanji-kancler-sebastian-kurz-minister-in-dezelni-glavar\/","og_site_name":"Hudo Slovenija","article_publisher":"https:\/\/www.facebook.com\/hudo.si","article_published_time":"2021-12-22T12:49:48+00:00","article_modified_time":"2021-12-22T12:51:20+00:00","og_image":[{"width":1250,"height":834,"url":"https:\/\/hudo.com\/si\/wp-content\/uploads\/sites\/2\/2020\/05\/profimedia-0417203185.jpg","type":"image\/jpeg"}],"author":"M. N., STA","twitter_card":"summary_large_image","twitter_creator":"@hudo_si","twitter_site":"@hudo_si","twitter_misc":{"Written by":"M. N., STA","Est. reading time":"2 minuti"},"schema":{"@context":"https:\/\/schema.org","@graph":[{"@type":"Article","@id":"https:\/\/hudo.com\/si\/aktualno\/svet\/v-avstriji-zaradi-ischgla-ovadeni-nekdanji-kancler-sebastian-kurz-minister-in-dezelni-glavar\/#article","isPartOf":{"@id":"https:\/\/hudo.com\/si\/aktualno\/svet\/v-avstriji-zaradi-ischgla-ovadeni-nekdanji-kancler-sebastian-kurz-minister-in-dezelni-glavar\/"},"author":{"name":"M. N., STA","@id":"https:\/\/hudo.com\/si\/#\/schema\/person\/c2f10ce65d2e6ede2aeda5be2a0611fa"},"headline":"V Avstriji zaradi Ischgla ovadeni nekdanji kancler Sebastian Kurz, minister za zdravje in de\u017eelni glavar Tirolske","datePublished":"2021-12-22T12:49:48+00:00","dateModified":"2021-12-22T12:51:20+00:00","mainEntityOfPage":{"@id":"https:\/\/hudo.com\/si\/aktualno\/svet\/v-avstriji-zaradi-ischgla-ovadeni-nekdanji-kancler-sebastian-kurz-minister-in-dezelni-glavar\/"},"wordCount":364,"publisher":{"@id":"https:\/\/hudo.com\/si\/#organization"},"keywords":["Avstrija","Ischgl","kazenska ovadba","Rudolf Anschober","Sebastian Kurz"],"articleSection":["Svet"],"inLanguage":"sl-SI"},{"@type":"WebPage","@id":"https:\/\/hudo.com\/si\/aktualno\/svet\/v-avstriji-zaradi-ischgla-ovadeni-nekdanji-kancler-sebastian-kurz-minister-in-dezelni-glavar\/","url":"https:\/\/hudo.com\/si\/aktualno\/svet\/v-avstriji-zaradi-ischgla-ovadeni-nekdanji-kancler-sebastian-kurz-minister-in-dezelni-glavar\/","name":"V Avstriji zaradi Ischgla ovadeni nekdanji kancler Sebastian Kurz, minister za zdravje in de\u017eelni glavar Tirolske - Hudo Slovenija","isPartOf":{"@id":"https:\/\/hudo.com\/si\/#website"},"datePublished":"2021-12-22T12:49:48+00:00","dateModified":"2021-12-22T12:51:20+00:00","breadcrumb":{"@id":"https:\/\/hudo.com\/si\/aktualno\/svet\/v-avstriji-zaradi-ischgla-ovadeni-nekdanji-kancler-sebastian-kurz-minister-in-dezelni-glavar\/#breadcrumb"},"inLanguage":"sl-SI","potentialAction":[{"@type":"ReadAction","target":["https:\/\/hudo.com\/si\/aktualno\/svet\/v-avstriji-zaradi-ischgla-ovadeni-nekdanji-kancler-sebastian-kurz-minister-in-dezelni-glavar\/"]}]},{"@type":"BreadcrumbList","@id":"https:\/\/hudo.com\/si\/aktualno\/svet\/v-avstriji-zaradi-ischgla-ovadeni-nekdanji-kancler-sebastian-kurz-minister-in-dezelni-glavar\/#breadcrumb","itemListElement":[{"@type":"ListItem","position":1,"name":"Home","item":"https:\/\/hudo.com\/si\/"},{"@type":"ListItem","position":2,"name":"V Avstriji zaradi Ischgla ovadeni nekdanji kancler Sebastian Kurz, minister za zdravje in de\u017eelni glavar Tirolske"}]},{"@type":"WebSite","@id":"https:\/\/hudo.com\/si\/#website","url":"https:\/\/hudo.com\/si\/","name":"Hudo Slovenija","description":"Vse novice iz Slovenije in sveta","publisher":{"@id":"https:\/\/hudo.com\/si\/#organization"},"potentialAction":[{"@type":"SearchAction","target":{"@type":"EntryPoint","urlTemplate":"https:\/\/hudo.com\/si\/?s={search_term_string}"},"query-input":"required name=search_term_string"}],"inLanguage":"sl-SI"},{"@type":"Organization","@id":"https:\/\/hudo.com\/si\/#organization","name":"VSN Media","url":"https:\/\/hudo.com\/si\/","logo":{"@type":"ImageObject","inLanguage":"sl-SI","@id":"https:\/\/hudo.com\/si\/#\/schema\/logo\/image\/","url":"https:\/\/hudo.com\/si\/wp-content\/uploads\/sites\/2\/2021\/03\/hudo-app-2.png","contentUrl":"https:\/\/hudo.com\/si\/wp-content\/uploads\/sites\/2\/2021\/03\/hudo-app-2.png","width":2185,"height":2167,"caption":"VSN Media"},"image":{"@id":"https:\/\/hudo.com\/si\/#\/schema\/logo\/image\/"},"sameAs":["https:\/\/www.facebook.com\/hudo.si","https:\/\/twitter.com\/hudo_si"]},{"@type":"Person","@id":"https:\/\/hudo.com\/si\/#\/schema\/person\/c2f10ce65d2e6ede2aeda5be2a0611fa","name":"M. N., STA","image":{"@type":"ImageObject","inLanguage":"sl-SI","@id":"https:\/\/hudo.com\/si\/#\/schema\/person\/image\/","url":"https:\/\/secure.gravatar.com\/avatar\/f370d38daa10467f755c5c766a4cac20?s=96&d=mm&r=g","contentUrl":"https:\/\/secure.gravatar.com\/avatar\/f370d38daa10467f755c5c766a4cac20?s=96&d=mm&r=g","caption":"M. N., STA"},"url":"https:\/\/hudo.com\/si\/author\/mana\/"}]}},"amp_enabled":true,"_links":{"self":[{"href":"https:\/\/hudo.com\/si\/wp-json\/wp\/v2\/posts\/462904"}],"collection":[{"href":"https:\/\/hudo.com\/si\/wp-json\/wp\/v2\/posts"}],"about":[{"href":"https:\/\/hudo.com\/si\/wp-json\/wp\/v2\/types\/post"}],"author":[{"embeddable":true,"href":"https:\/\/hudo.com\/si\/wp-json\/wp\/v2\/users\/8"}],"replies":[{"embeddable":true,"href":"https:\/\/hudo.com\/si\/wp-json\/wp\/v2\/comments?post=462904"}],"version-history":[{"count":2,"href":"https:\/\/hudo.com\/si\/wp-json\/wp\/v2\/posts\/462904\/revisions"}],"predecessor-version":[{"id":462906,"href":"https:\/\/hudo.com\/si\/wp-json\/wp\/v2\/posts\/462904\/revisions\/462906"}],"wp:featuredmedia":[{"embeddable":true,"href":"https:\/\/hudo.com\/si\/wp-json\/wp\/v2\/media\/422402"}],"wp:attachment":[{"href":"https:\/\/hudo.com\/si\/wp-json\/wp\/v2\/media?parent=462904"}],"wp:term":[{"taxonomy":"category","embeddable":true,"href":"https:\/\/hudo.com\/si\/wp-json\/wp\/v2\/categories?post=462904"},{"taxonomy":"post_tag","embeddable":true,"href":"https:\/\/hudo.com\/si\/wp-json\/wp\/v2\/tags?post=462904"},{"taxonomy":"source","embeddable":true,"href":"https:\/\/hudo.com\/si\/wp-json\/wp\/v2\/source?post=462904"},{"taxonomy":"supertag","embeddable":true,"href":"https:\/\/hudo.com\/si\/wp-json\/wp\/v2\/supertag?post=462904"}],"curies":[{"name":"wp","href":"https:\/\/api.w.org\/{rel}","templated":true}]}}