{"id":463268,"date":"2021-12-31T19:24:14","date_gmt":"2021-12-31T18:24:14","guid":{"rendered":"https:\/\/hudo.com\/si\/?p=463268"},"modified":"2021-12-31T19:24:14","modified_gmt":"2021-12-31T18:24:14","slug":"direktor-who-optimisticen-da-bo-svet-v-letu-2022-premagal-pandemijo-covida-19","status":"publish","type":"post","link":"https:\/\/hudo.com\/si\/aktualno\/svet\/direktor-who-optimisticen-da-bo-svet-v-letu-2022-premagal-pandemijo-covida-19\/","title":{"rendered":"Direktor WHO optimisti\u010den, da bo svet v letu 2022 premagal pandemijo covida-19"},"content":{"rendered":"<p>Tedros je v poslanci \u0161e opozoril, da \u0161e vedno prisotna neenakost pri razdeljevanju cepiv pove\u010duje tveganje za mutiranje virusa.<\/p>\n<p>&#8220;Ozek nacionalizem in kopi\u010denje cepiva v nekaterih dr\u017eavah sta spodkopala enakost in ustvarila idealne pogoje za nastanek razli\u010dice omikron. Dlje, kot se neenakost nadaljuje, ve\u010dje je tveganje, da se bo virus razvil na na\u010dine, ki jih ne moremo prepre\u010diti ali napovedati,&#8221; je opozoril generalni direktor WHO.<\/p>\n<p>Kljub svarilom je Tedros v poslanici ostal pozitiven in opozoril, da je zdaj na voljo veliko ve\u010d orodij za zdravljenje covida-19 kot na za\u010detku pandemije. &#8220;\u010ce bomo odpravili neenakost, bomo odpravili tudi pandemijo,&#8221; je \u0161e dodal.<\/p>\n<p>Po vsem svetu danes ljudje praznujejo slovo starega in prihod novega leta, vendar so praznovanja umirjena, saj so se v \u0161tevilnih dr\u017eavah odlo\u010dili, da bodo prepre\u010dili zbiranja mno\u017eic. Novi koronavirus kljub vsemu zaenkrat ostaja del vsakdanjega \u017eivljenja ve\u010dine ljudi.<\/p>\n<p>Po svetu je bilo do zdaj potrjenih pribli\u017eno 287 milijonov primerov oku\u017ebe z novim koronavirusom, umrlo je skoraj 5,5 milijona covidnih bolnikov.<\/p>\n","protected":false},"excerpt":{"rendered":"<p>Generalni direktor Svetovne zdravstvene organizacije (WHO) Tedros Adhanom Ghebreyesus je danes v novoletni poslanici dejal, da bo pandemija covida-19 premagana leta 2022, \u010de bodo dr\u017eave sodelovale pri zajezitvi \u0161irjenja novega koronavirusa. Posvaril je pred nacionalizmom in kopi\u010denjem cepiv proti covidu-19, na spletni strani poro\u010da britanski BBC.<\/p>\n","protected":false},"author":8,"featured_media":461806,"comment_status":"closed","ping_status":"closed","sticky":false,"template":"","format":"standard","meta":{"footnotes":""},"categories":[18202],"tags":[18041,5031],"source":[4511],"supertag":[],"acf":[],"yoast_head":"<!-- This site is optimized with the Yoast SEO plugin v21.3 - https:\/\/yoast.com\/wordpress\/plugins\/seo\/ -->\n<title>Direktor WHO optimisti\u010den, da bo svet v letu 2022 premagal pandemijo covida-19 - Hudo Slovenija<\/title>\n<meta name=\"robots\" content=\"index, follow, max-snippet:-1, max-image-preview:large, max-video-preview:-1\" \/>\n<link rel=\"canonical\" href=\"https:\/\/hudo.com\/si\/aktualno\/svet\/direktor-who-optimisticen-da-bo-svet-v-letu-2022-premagal-pandemijo-covida-19\/\" \/>\n<meta property=\"og:locale\" content=\"sl_SI\" \/>\n<meta property=\"og:type\" content=\"article\" \/>\n<meta property=\"og:title\" content=\"Direktor WHO optimisti\u010den, da bo svet v letu 2022 premagal pandemijo covida-19 - Hudo Slovenija\" \/>\n<meta property=\"og:description\" content=\"Generalni direktor Svetovne zdravstvene organizacije (WHO) Tedros Adhanom Ghebreyesus je danes v novoletni poslanici dejal, da bo pandemija covida-19 premagana leta 2022, \u010de bodo dr\u017eave sodelovale pri zajezitvi \u0161irjenja novega koronavirusa. Posvaril je pred nacionalizmom in kopi\u010denjem cepiv proti covidu-19, na spletni strani poro\u010da britanski BBC.\" \/>\n<meta property=\"og:url\" content=\"https:\/\/hudo.com\/si\/aktualno\/svet\/direktor-who-optimisticen-da-bo-svet-v-letu-2022-premagal-pandemijo-covida-19\/\" \/>\n<meta property=\"og:site_name\" content=\"Hudo Slovenija\" \/>\n<meta property=\"article:publisher\" content=\"https:\/\/www.facebook.com\/hudo.si\" \/>\n<meta property=\"article:published_time\" content=\"2021-12-31T18:24:14+00:00\" \/>\n<meta property=\"og:image\" content=\"https:\/\/hudo.com\/si\/wp-content\/uploads\/sites\/2\/2021\/11\/profimedia-0645356904.jpg\" \/>\n\t<meta property=\"og:image:width\" content=\"1250\" \/>\n\t<meta property=\"og:image:height\" content=\"833\" \/>\n\t<meta property=\"og:image:type\" content=\"image\/jpeg\" \/>\n<meta name=\"author\" content=\"M. N., STA\" \/>\n<meta name=\"twitter:card\" content=\"summary_large_image\" \/>\n<meta name=\"twitter:creator\" content=\"@hudo_si\" \/>\n<meta name=\"twitter:site\" content=\"@hudo_si\" \/>\n<meta name=\"twitter:label1\" content=\"Written by\" \/>\n\t<meta name=\"twitter:data1\" content=\"M. N., STA\" \/>\n\t<meta name=\"twitter:label2\" content=\"Est. reading time\" \/>\n\t<meta name=\"twitter:data2\" content=\"1 minuta\" \/>\n<script type=\"application\/ld+json\" class=\"yoast-schema-graph\">{\"@context\":\"https:\/\/schema.org\",\"@graph\":[{\"@type\":\"Article\",\"@id\":\"https:\/\/hudo.com\/si\/aktualno\/svet\/direktor-who-optimisticen-da-bo-svet-v-letu-2022-premagal-pandemijo-covida-19\/#article\",\"isPartOf\":{\"@id\":\"https:\/\/hudo.com\/si\/aktualno\/svet\/direktor-who-optimisticen-da-bo-svet-v-letu-2022-premagal-pandemijo-covida-19\/\"},\"author\":{\"name\":\"M. N., STA\",\"@id\":\"https:\/\/hudo.com\/si\/#\/schema\/person\/c2f10ce65d2e6ede2aeda5be2a0611fa\"},\"headline\":\"Direktor WHO optimisti\u010den, da bo svet v letu 2022 premagal pandemijo covida-19\",\"datePublished\":\"2021-12-31T18:24:14+00:00\",\"dateModified\":\"2021-12-31T18:24:14+00:00\",\"mainEntityOfPage\":{\"@id\":\"https:\/\/hudo.com\/si\/aktualno\/svet\/direktor-who-optimisticen-da-bo-svet-v-letu-2022-premagal-pandemijo-covida-19\/\"},\"wordCount\":187,\"publisher\":{\"@id\":\"https:\/\/hudo.com\/si\/#organization\"},\"keywords\":[\"pandemija covid-19\",\"Svetovna zdravstvena organizacija\"],\"articleSection\":[\"Svet\"],\"inLanguage\":\"sl-SI\"},{\"@type\":\"WebPage\",\"@id\":\"https:\/\/hudo.com\/si\/aktualno\/svet\/direktor-who-optimisticen-da-bo-svet-v-letu-2022-premagal-pandemijo-covida-19\/\",\"url\":\"https:\/\/hudo.com\/si\/aktualno\/svet\/direktor-who-optimisticen-da-bo-svet-v-letu-2022-premagal-pandemijo-covida-19\/\",\"name\":\"Direktor WHO optimisti\u010den, da bo svet v letu 2022 premagal pandemijo covida-19 - Hudo Slovenija\",\"isPartOf\":{\"@id\":\"https:\/\/hudo.com\/si\/#website\"},\"datePublished\":\"2021-12-31T18:24:14+00:00\",\"dateModified\":\"2021-12-31T18:24:14+00:00\",\"breadcrumb\":{\"@id\":\"https:\/\/hudo.com\/si\/aktualno\/svet\/direktor-who-optimisticen-da-bo-svet-v-letu-2022-premagal-pandemijo-covida-19\/#breadcrumb\"},\"inLanguage\":\"sl-SI\",\"potentialAction\":[{\"@type\":\"ReadAction\",\"target\":[\"https:\/\/hudo.com\/si\/aktualno\/svet\/direktor-who-optimisticen-da-bo-svet-v-letu-2022-premagal-pandemijo-covida-19\/\"]}]},{\"@type\":\"BreadcrumbList\",\"@id\":\"https:\/\/hudo.com\/si\/aktualno\/svet\/direktor-who-optimisticen-da-bo-svet-v-letu-2022-premagal-pandemijo-covida-19\/#breadcrumb\",\"itemListElement\":[{\"@type\":\"ListItem\",\"position\":1,\"name\":\"Home\",\"item\":\"https:\/\/hudo.com\/si\/\"},{\"@type\":\"ListItem\",\"position\":2,\"name\":\"Direktor WHO optimisti\u010den, da bo svet v letu 2022 premagal pandemijo covida-19\"}]},{\"@type\":\"WebSite\",\"@id\":\"https:\/\/hudo.com\/si\/#website\",\"url\":\"https:\/\/hudo.com\/si\/\",\"name\":\"Hudo Slovenija\",\"description\":\"Vse novice iz Slovenije in sveta\",\"publisher\":{\"@id\":\"https:\/\/hudo.com\/si\/#organization\"},\"potentialAction\":[{\"@type\":\"SearchAction\",\"target\":{\"@type\":\"EntryPoint\",\"urlTemplate\":\"https:\/\/hudo.com\/si\/?s={search_term_string}\"},\"query-input\":\"required name=search_term_string\"}],\"inLanguage\":\"sl-SI\"},{\"@type\":\"Organization\",\"@id\":\"https:\/\/hudo.com\/si\/#organization\",\"name\":\"VSN Media\",\"url\":\"https:\/\/hudo.com\/si\/\",\"logo\":{\"@type\":\"ImageObject\",\"inLanguage\":\"sl-SI\",\"@id\":\"https:\/\/hudo.com\/si\/#\/schema\/logo\/image\/\",\"url\":\"https:\/\/hudo.com\/si\/wp-content\/uploads\/sites\/2\/2021\/03\/hudo-app-2.png\",\"contentUrl\":\"https:\/\/hudo.com\/si\/wp-content\/uploads\/sites\/2\/2021\/03\/hudo-app-2.png\",\"width\":2185,\"height\":2167,\"caption\":\"VSN Media\"},\"image\":{\"@id\":\"https:\/\/hudo.com\/si\/#\/schema\/logo\/image\/\"},\"sameAs\":[\"https:\/\/www.facebook.com\/hudo.si\",\"https:\/\/twitter.com\/hudo_si\"]},{\"@type\":\"Person\",\"@id\":\"https:\/\/hudo.com\/si\/#\/schema\/person\/c2f10ce65d2e6ede2aeda5be2a0611fa\",\"name\":\"M. N., STA\",\"image\":{\"@type\":\"ImageObject\",\"inLanguage\":\"sl-SI\",\"@id\":\"https:\/\/hudo.com\/si\/#\/schema\/person\/image\/\",\"url\":\"https:\/\/secure.gravatar.com\/avatar\/f370d38daa10467f755c5c766a4cac20?s=96&d=mm&r=g\",\"contentUrl\":\"https:\/\/secure.gravatar.com\/avatar\/f370d38daa10467f755c5c766a4cac20?s=96&d=mm&r=g\",\"caption\":\"M. N., STA\"},\"url\":\"https:\/\/hudo.com\/si\/author\/mana\/\"}]}<\/script>\n<!-- \/ Yoast SEO plugin. -->","yoast_head_json":{"title":"Direktor WHO optimisti\u010den, da bo svet v letu 2022 premagal pandemijo covida-19 - Hudo Slovenija","robots":{"index":"index","follow":"follow","max-snippet":"max-snippet:-1","max-image-preview":"max-image-preview:large","max-video-preview":"max-video-preview:-1"},"canonical":"https:\/\/hudo.com\/si\/aktualno\/svet\/direktor-who-optimisticen-da-bo-svet-v-letu-2022-premagal-pandemijo-covida-19\/","og_locale":"sl_SI","og_type":"article","og_title":"Direktor WHO optimisti\u010den, da bo svet v letu 2022 premagal pandemijo covida-19 - Hudo Slovenija","og_description":"Generalni direktor Svetovne zdravstvene organizacije (WHO) Tedros Adhanom Ghebreyesus je danes v novoletni poslanici dejal, da bo pandemija covida-19 premagana leta 2022, \u010de bodo dr\u017eave sodelovale pri zajezitvi \u0161irjenja novega koronavirusa. Posvaril je pred nacionalizmom in kopi\u010denjem cepiv proti covidu-19, na spletni strani poro\u010da britanski BBC.","og_url":"https:\/\/hudo.com\/si\/aktualno\/svet\/direktor-who-optimisticen-da-bo-svet-v-letu-2022-premagal-pandemijo-covida-19\/","og_site_name":"Hudo Slovenija","article_publisher":"https:\/\/www.facebook.com\/hudo.si","article_published_time":"2021-12-31T18:24:14+00:00","og_image":[{"width":1250,"height":833,"url":"https:\/\/hudo.com\/si\/wp-content\/uploads\/sites\/2\/2021\/11\/profimedia-0645356904.jpg","type":"image\/jpeg"}],"author":"M. N., STA","twitter_card":"summary_large_image","twitter_creator":"@hudo_si","twitter_site":"@hudo_si","twitter_misc":{"Written by":"M. N., STA","Est. reading time":"1 minuta"},"schema":{"@context":"https:\/\/schema.org","@graph":[{"@type":"Article","@id":"https:\/\/hudo.com\/si\/aktualno\/svet\/direktor-who-optimisticen-da-bo-svet-v-letu-2022-premagal-pandemijo-covida-19\/#article","isPartOf":{"@id":"https:\/\/hudo.com\/si\/aktualno\/svet\/direktor-who-optimisticen-da-bo-svet-v-letu-2022-premagal-pandemijo-covida-19\/"},"author":{"name":"M. N., STA","@id":"https:\/\/hudo.com\/si\/#\/schema\/person\/c2f10ce65d2e6ede2aeda5be2a0611fa"},"headline":"Direktor WHO optimisti\u010den, da bo svet v letu 2022 premagal pandemijo covida-19","datePublished":"2021-12-31T18:24:14+00:00","dateModified":"2021-12-31T18:24:14+00:00","mainEntityOfPage":{"@id":"https:\/\/hudo.com\/si\/aktualno\/svet\/direktor-who-optimisticen-da-bo-svet-v-letu-2022-premagal-pandemijo-covida-19\/"},"wordCount":187,"publisher":{"@id":"https:\/\/hudo.com\/si\/#organization"},"keywords":["pandemija covid-19","Svetovna zdravstvena organizacija"],"articleSection":["Svet"],"inLanguage":"sl-SI"},{"@type":"WebPage","@id":"https:\/\/hudo.com\/si\/aktualno\/svet\/direktor-who-optimisticen-da-bo-svet-v-letu-2022-premagal-pandemijo-covida-19\/","url":"https:\/\/hudo.com\/si\/aktualno\/svet\/direktor-who-optimisticen-da-bo-svet-v-letu-2022-premagal-pandemijo-covida-19\/","name":"Direktor WHO optimisti\u010den, da bo svet v letu 2022 premagal pandemijo covida-19 - Hudo Slovenija","isPartOf":{"@id":"https:\/\/hudo.com\/si\/#website"},"datePublished":"2021-12-31T18:24:14+00:00","dateModified":"2021-12-31T18:24:14+00:00","breadcrumb":{"@id":"https:\/\/hudo.com\/si\/aktualno\/svet\/direktor-who-optimisticen-da-bo-svet-v-letu-2022-premagal-pandemijo-covida-19\/#breadcrumb"},"inLanguage":"sl-SI","potentialAction":[{"@type":"ReadAction","target":["https:\/\/hudo.com\/si\/aktualno\/svet\/direktor-who-optimisticen-da-bo-svet-v-letu-2022-premagal-pandemijo-covida-19\/"]}]},{"@type":"BreadcrumbList","@id":"https:\/\/hudo.com\/si\/aktualno\/svet\/direktor-who-optimisticen-da-bo-svet-v-letu-2022-premagal-pandemijo-covida-19\/#breadcrumb","itemListElement":[{"@type":"ListItem","position":1,"name":"Home","item":"https:\/\/hudo.com\/si\/"},{"@type":"ListItem","position":2,"name":"Direktor WHO optimisti\u010den, da bo svet v letu 2022 premagal pandemijo covida-19"}]},{"@type":"WebSite","@id":"https:\/\/hudo.com\/si\/#website","url":"https:\/\/hudo.com\/si\/","name":"Hudo Slovenija","description":"Vse novice iz Slovenije in sveta","publisher":{"@id":"https:\/\/hudo.com\/si\/#organization"},"potentialAction":[{"@type":"SearchAction","target":{"@type":"EntryPoint","urlTemplate":"https:\/\/hudo.com\/si\/?s={search_term_string}"},"query-input":"required name=search_term_string"}],"inLanguage":"sl-SI"},{"@type":"Organization","@id":"https:\/\/hudo.com\/si\/#organization","name":"VSN Media","url":"https:\/\/hudo.com\/si\/","logo":{"@type":"ImageObject","inLanguage":"sl-SI","@id":"https:\/\/hudo.com\/si\/#\/schema\/logo\/image\/","url":"https:\/\/hudo.com\/si\/wp-content\/uploads\/sites\/2\/2021\/03\/hudo-app-2.png","contentUrl":"https:\/\/hudo.com\/si\/wp-content\/uploads\/sites\/2\/2021\/03\/hudo-app-2.png","width":2185,"height":2167,"caption":"VSN Media"},"image":{"@id":"https:\/\/hudo.com\/si\/#\/schema\/logo\/image\/"},"sameAs":["https:\/\/www.facebook.com\/hudo.si","https:\/\/twitter.com\/hudo_si"]},{"@type":"Person","@id":"https:\/\/hudo.com\/si\/#\/schema\/person\/c2f10ce65d2e6ede2aeda5be2a0611fa","name":"M. N., STA","image":{"@type":"ImageObject","inLanguage":"sl-SI","@id":"https:\/\/hudo.com\/si\/#\/schema\/person\/image\/","url":"https:\/\/secure.gravatar.com\/avatar\/f370d38daa10467f755c5c766a4cac20?s=96&d=mm&r=g","contentUrl":"https:\/\/secure.gravatar.com\/avatar\/f370d38daa10467f755c5c766a4cac20?s=96&d=mm&r=g","caption":"M. N., STA"},"url":"https:\/\/hudo.com\/si\/author\/mana\/"}]}},"amp_enabled":true,"_links":{"self":[{"href":"https:\/\/hudo.com\/si\/wp-json\/wp\/v2\/posts\/463268"}],"collection":[{"href":"https:\/\/hudo.com\/si\/wp-json\/wp\/v2\/posts"}],"about":[{"href":"https:\/\/hudo.com\/si\/wp-json\/wp\/v2\/types\/post"}],"author":[{"embeddable":true,"href":"https:\/\/hudo.com\/si\/wp-json\/wp\/v2\/users\/8"}],"replies":[{"embeddable":true,"href":"https:\/\/hudo.com\/si\/wp-json\/wp\/v2\/comments?post=463268"}],"version-history":[{"count":1,"href":"https:\/\/hudo.com\/si\/wp-json\/wp\/v2\/posts\/463268\/revisions"}],"predecessor-version":[{"id":463269,"href":"https:\/\/hudo.com\/si\/wp-json\/wp\/v2\/posts\/463268\/revisions\/463269"}],"wp:featuredmedia":[{"embeddable":true,"href":"https:\/\/hudo.com\/si\/wp-json\/wp\/v2\/media\/461806"}],"wp:attachment":[{"href":"https:\/\/hudo.com\/si\/wp-json\/wp\/v2\/media?parent=463268"}],"wp:term":[{"taxonomy":"category","embeddable":true,"href":"https:\/\/hudo.com\/si\/wp-json\/wp\/v2\/categories?post=463268"},{"taxonomy":"post_tag","embeddable":true,"href":"https:\/\/hudo.com\/si\/wp-json\/wp\/v2\/tags?post=463268"},{"taxonomy":"source","embeddable":true,"href":"https:\/\/hudo.com\/si\/wp-json\/wp\/v2\/source?post=463268"},{"taxonomy":"supertag","embeddable":true,"href":"https:\/\/hudo.com\/si\/wp-json\/wp\/v2\/supertag?post=463268"}],"curies":[{"name":"wp","href":"https:\/\/api.w.org\/{rel}","templated":true}]}}