{"id":46344,"date":"2016-05-05T16:15:00","date_gmt":"2016-05-05T14:15:00","guid":{"rendered":"http:\/\/hudo.com\/si\/2016\/05\/05\/vec-tisoc-mladih-na-pohodu-v-spomin-na-zrtve-nacisticnega-taborisca-auschwitz\/"},"modified":"2016-05-06T00:06:25","modified_gmt":"2016-05-05T22:06:25","slug":"vec-tisoc-mladih-na-pohodu-v-spomin-na-zrtve-nacisticnega-taborisca-auschwitz","status":"publish","type":"post","link":"https:\/\/hudo.com\/si\/aktualno\/vec-tisoc-mladih-na-pohodu-v-spomin-na-zrtve-nacisticnega-taborisca-auschwitz\/","title":{"rendered":"Ve\u010d tiso\u010d mladih na pohodu v spomin na \u017ertve nacisti\u010dnega tabori\u0161\u010da Auschwitz"},"content":{"rendered":"<p>Ve\u010d tiso\u010d mladih Judov iz 40 dr\u017eav se je danes skupaj s pe\u0161\u010dico pre\u017eivelih \u017ertev holokavsta ter s poljskimi najstniki udele\u017eilo pohoda v spomin na \u017ertve nacisti\u010dnega tabori\u0161\u010da Auschwitz-Birkenau med drugo svetovno vojno na jugu Poljske, poro\u010da francoska tiskovna agencija AFP. Pohodniki so \u0161li najprej skozi zloglasni vhod v tabori\u0161\u010de z napisom Arbeit macht frei (Delo osvobaja), nato pa so se podali do tri kilometre oddaljenega Birkenaua, kjer so nacisti ubijali tabori\u0161\u010dnike. Pohod so letos pripravili \u017ee 28. zapored. Po navedbah organizatorjev je to najve\u010dji posami\u010dni spominski dogodek na \u017ertve holokavsta. &#8220;Bojim se, da se Evropa in morda tudi drugi deli sveta niso nau\u010dili veliko od holokavsta,&#8221; je dejal Samuel Rosenman, ki je vodil leto\u0161nji pohod. Vlade sveta je tudi pozval, naj uzakonijo ostro zakonodajo proti antisemitizmu, rasizmu in fa\u0161izmu. 81-letna pre\u017eivela Feiga Francis Schmidt Libman je za AFP dejala, da je sama v Auschwitzu izgubila babico, teto ter bratrance in sestri\u010dne. Njen o\u010de je umrl v nacisti\u010dnem tabori\u0161\u010du Dachau v Nem\u010diji. &#8220;Mladim bi rada povedala, da sovra\u0161tvo ubija. Imam moto: \u010ce ima\u0161 v srcu sovra\u0161tvo, ni prostora za ljubezen. \u017delim, da je vsak prijazen z vsakim. Ne glede na to, ali moli v sinagogi, cerkvi ali mo\u0161eji. Vsi smo enaki in imeti se moramo radi ter sobivati drug z drugim, saj sta lepota in dobrota v vseh nas,&#8221; je \u0161e dejala Feiga, ki je sama \u017ee prababica. Med pohodniki je bil tudi 19-letni Yossi Fischer iz New Yorka, ki je dejal, da je njegova babica edina pre\u017eivela, vsi ostali sorodniki so umrli v Auschwitzu. &#8220;Posku\u0161ali so nas uni\u010diti, a hvala Bogu, \u0161e vedno smo tukaj,&#8221; je dejal. Nekdanje tabori\u0161\u010de Auschwitz, ki je postalo simbol nacisti\u010dnega genocida nad evropskimi Judi, je sedaj spominsko obele\u017eje in muzej. Med letoma 1940 in 1945 je tam umrlo milijon evropskih Judov. Poleg tega je v tabori\u0161\u010du umrlo ve\u010d kot 100.000 Poljakov, ki niso bili Judi, vojnih zapornikov, homoseksualcev ter partizanov. Rde\u010da armada nekdanje Sovjetske zveze je t<\/p>\n","protected":false},"excerpt":{"rendered":"<p>Ve\u010d tiso\u010d mladih Judov iz 40 dr\u017eav se je danes skupaj s pe\u0161\u010dico pre\u017eivelih \u017ertev holokavsta ter s poljskimi najstniki udele\u017eilo pohoda v spomin na \u017ertve nacisti\u010dnega tabori\u0161\u010da Auschwitz-Birkenau med drugo svetovno vojno na jugu Poljske, poro\u010da francoska tiskovna agencija AFP. Pohodniki so \u0161li najprej skozi zloglasni vhod v tabori\u0161\u010de z napisom Arbeit macht frei (Delo osvobaja), nato pa so se podali do tri kilometre oddaljenega Birkenaua, kjer so nacisti ubijali tabori\u0161\u010dnike. Pohod so letos pripravili \u017ee 28. zapored. Po navedbah organizatorjev je to najve\u010dji posami\u010dni spominski dogodek na \u017ertve holokavsta. &#8220;Bojim se, da se Evropa in morda tudi drugi deli sveta niso nau\u010dili veliko od holokavsta,&#8221; je dejal Samuel Rosenman, ki je vodil leto\u0161nji pohod. Vlade sveta je tudi pozval, naj uzakonijo ostro zakonodajo proti antisemitizmu, rasizmu in fa\u0161izmu. 81-letna pre\u017eivela Feiga Francis Schmidt Libman je za AFP dejala, da je sama v Auschwitzu izgubila babico, teto ter bratrance in sestri\u010dne. Njen o\u010de je umrl v nacisti\u010dnem tabori\u0161\u010du Dachau v Nem\u010diji. &#8220;Mladim bi rada povedala, da sovra\u0161tvo ubija. Imam moto: \u010ce ima\u0161 v srcu sovra\u0161tvo, ni prostora za ljubezen. \u017delim, da je vsak prijazen z vsakim. Ne glede na to, ali moli v sinagogi, cerkvi ali mo\u0161eji. Vsi smo enaki in imeti se moramo radi ter sobivati drug z drugim, saj sta lepota in dobrota v vseh nas,&#8221; je \u0161e dejala Feiga, ki je sama \u017ee prababica. Med pohodniki je bil tudi 19-letni Yossi Fischer iz New Yorka, ki je dejal, da je njegova babica edina pre\u017eivela, vsi ostali sorodniki so umrli v Auschwitzu. &#8220;Posku\u0161ali so nas uni\u010diti, a hvala Bogu, \u0161e vedno smo tukaj,&#8221; je dejal. Nekdanje tabori\u0161\u010de Auschwitz, ki je postalo simbol nacisti\u010dnega genocida nad evropskimi Judi, je sedaj spominsko obele\u017eje in muzej. Med letoma 1940 in 1945 je tam umrlo milijon evropskih Judov. Poleg tega je v tabori\u0161\u010du umrlo ve\u010d kot 100.000 Poljakov, ki niso bili Judi, vojnih zapornikov, homoseksualcev ter partizanov. Rde\u010da armada nekdanje Sovjetske zveze je t<\/p>\n","protected":false},"author":1,"featured_media":0,"comment_status":"closed","ping_status":"closed","sticky":false,"template":"","format":"standard","meta":{"footnotes":""},"categories":[1179],"tags":[],"source":[1711],"supertag":[],"acf":[],"yoast_head":"<!-- This site is optimized with the Yoast SEO plugin v21.3 - https:\/\/yoast.com\/wordpress\/plugins\/seo\/ -->\n<title>Ve\u010d tiso\u010d mladih na pohodu v spomin na \u017ertve nacisti\u010dnega tabori\u0161\u010da Auschwitz - Hudo Slovenija<\/title>\n<meta name=\"robots\" content=\"index, follow, max-snippet:-1, max-image-preview:large, max-video-preview:-1\" \/>\n<link rel=\"canonical\" href=\"https:\/\/hudo.com\/si\/aktualno\/vec-tisoc-mladih-na-pohodu-v-spomin-na-zrtve-nacisticnega-taborisca-auschwitz\/\" \/>\n<meta property=\"og:locale\" content=\"sl_SI\" \/>\n<meta property=\"og:type\" content=\"article\" \/>\n<meta property=\"og:title\" content=\"Ve\u010d tiso\u010d mladih na pohodu v spomin na \u017ertve nacisti\u010dnega tabori\u0161\u010da Auschwitz - Hudo Slovenija\" \/>\n<meta property=\"og:description\" content=\"Ve\u010d tiso\u010d mladih Judov iz 40 dr\u017eav se je danes skupaj s pe\u0161\u010dico pre\u017eivelih \u017ertev holokavsta ter s poljskimi najstniki udele\u017eilo pohoda v spomin na \u017ertve nacisti\u010dnega tabori\u0161\u010da Auschwitz-Birkenau med drugo svetovno vojno na jugu Poljske, poro\u010da francoska tiskovna agencija AFP. Pohodniki so \u0161li najprej skozi zloglasni vhod v tabori\u0161\u010de z napisom Arbeit macht frei (Delo osvobaja), nato pa so se podali do tri kilometre oddaljenega Birkenaua, kjer so nacisti ubijali tabori\u0161\u010dnike. Pohod so letos pripravili \u017ee 28. zapored. Po navedbah organizatorjev je to najve\u010dji posami\u010dni spominski dogodek na \u017ertve holokavsta. &quot;Bojim se, da se Evropa in morda tudi drugi deli sveta niso nau\u010dili veliko od holokavsta,&quot; je dejal Samuel Rosenman, ki je vodil leto\u0161nji pohod. Vlade sveta je tudi pozval, naj uzakonijo ostro zakonodajo proti antisemitizmu, rasizmu in fa\u0161izmu. 81-letna pre\u017eivela Feiga Francis Schmidt Libman je za AFP dejala, da je sama v Auschwitzu izgubila babico, teto ter bratrance in sestri\u010dne. Njen o\u010de je umrl v nacisti\u010dnem tabori\u0161\u010du Dachau v Nem\u010diji. &quot;Mladim bi rada povedala, da sovra\u0161tvo ubija. Imam moto: \u010ce ima\u0161 v srcu sovra\u0161tvo, ni prostora za ljubezen. \u017delim, da je vsak prijazen z vsakim. Ne glede na to, ali moli v sinagogi, cerkvi ali mo\u0161eji. Vsi smo enaki in imeti se moramo radi ter sobivati drug z drugim, saj sta lepota in dobrota v vseh nas,&quot; je \u0161e dejala Feiga, ki je sama \u017ee prababica. Med pohodniki je bil tudi 19-letni Yossi Fischer iz New Yorka, ki je dejal, da je njegova babica edina pre\u017eivela, vsi ostali sorodniki so umrli v Auschwitzu. &quot;Posku\u0161ali so nas uni\u010diti, a hvala Bogu, \u0161e vedno smo tukaj,&quot; je dejal. Nekdanje tabori\u0161\u010de Auschwitz, ki je postalo simbol nacisti\u010dnega genocida nad evropskimi Judi, je sedaj spominsko obele\u017eje in muzej. Med letoma 1940 in 1945 je tam umrlo milijon evropskih Judov. Poleg tega je v tabori\u0161\u010du umrlo ve\u010d kot 100.000 Poljakov, ki niso bili Judi, vojnih zapornikov, homoseksualcev ter partizanov. Rde\u010da armada nekdanje Sovjetske zveze je t\" \/>\n<meta property=\"og:url\" content=\"https:\/\/hudo.com\/si\/aktualno\/vec-tisoc-mladih-na-pohodu-v-spomin-na-zrtve-nacisticnega-taborisca-auschwitz\/\" \/>\n<meta property=\"og:site_name\" content=\"Hudo Slovenija\" \/>\n<meta property=\"article:publisher\" content=\"https:\/\/www.facebook.com\/hudo.si\" \/>\n<meta property=\"article:published_time\" content=\"2016-05-05T14:15:00+00:00\" \/>\n<meta property=\"article:modified_time\" content=\"2016-05-05T22:06:25+00:00\" \/>\n<meta property=\"og:image\" content=\"https:\/\/hudo.com\/si\/wp-content\/uploads\/sites\/2\/2016\/05\/05290675-300.jpg\" \/>\n\t<meta property=\"og:image:width\" content=\"450\" \/>\n\t<meta property=\"og:image:height\" content=\"339\" \/>\n\t<meta property=\"og:image:type\" content=\"image\/jpeg\" \/>\n<meta name=\"author\" content=\"hudo\" \/>\n<meta name=\"twitter:card\" content=\"summary_large_image\" \/>\n<meta name=\"twitter:creator\" content=\"@hudo_si\" \/>\n<meta name=\"twitter:site\" content=\"@hudo_si\" \/>\n<meta name=\"twitter:label1\" content=\"Written by\" \/>\n\t<meta name=\"twitter:data1\" content=\"hudo\" \/>\n\t<meta name=\"twitter:label2\" content=\"Est. reading time\" \/>\n\t<meta name=\"twitter:data2\" content=\"2 minuti\" \/>\n<script type=\"application\/ld+json\" class=\"yoast-schema-graph\">{\"@context\":\"https:\/\/schema.org\",\"@graph\":[{\"@type\":\"Article\",\"@id\":\"https:\/\/hudo.com\/si\/aktualno\/vec-tisoc-mladih-na-pohodu-v-spomin-na-zrtve-nacisticnega-taborisca-auschwitz\/#article\",\"isPartOf\":{\"@id\":\"https:\/\/hudo.com\/si\/aktualno\/vec-tisoc-mladih-na-pohodu-v-spomin-na-zrtve-nacisticnega-taborisca-auschwitz\/\"},\"author\":{\"name\":\"hudo\",\"@id\":\"https:\/\/hudo.com\/si\/#\/schema\/person\/601cf3379633985b20f7e50f2bb47707\"},\"headline\":\"Ve\u010d tiso\u010d mladih na pohodu v spomin na \u017ertve nacisti\u010dnega tabori\u0161\u010da Auschwitz\",\"datePublished\":\"2016-05-05T14:15:00+00:00\",\"dateModified\":\"2016-05-05T22:06:25+00:00\",\"mainEntityOfPage\":{\"@id\":\"https:\/\/hudo.com\/si\/aktualno\/vec-tisoc-mladih-na-pohodu-v-spomin-na-zrtve-nacisticnega-taborisca-auschwitz\/\"},\"wordCount\":363,\"publisher\":{\"@id\":\"https:\/\/hudo.com\/si\/#organization\"},\"articleSection\":[\"Aktualno\"],\"inLanguage\":\"sl-SI\"},{\"@type\":\"WebPage\",\"@id\":\"https:\/\/hudo.com\/si\/aktualno\/vec-tisoc-mladih-na-pohodu-v-spomin-na-zrtve-nacisticnega-taborisca-auschwitz\/\",\"url\":\"https:\/\/hudo.com\/si\/aktualno\/vec-tisoc-mladih-na-pohodu-v-spomin-na-zrtve-nacisticnega-taborisca-auschwitz\/\",\"name\":\"Ve\u010d tiso\u010d mladih na pohodu v spomin na \u017ertve nacisti\u010dnega tabori\u0161\u010da Auschwitz - Hudo Slovenija\",\"isPartOf\":{\"@id\":\"https:\/\/hudo.com\/si\/#website\"},\"datePublished\":\"2016-05-05T14:15:00+00:00\",\"dateModified\":\"2016-05-05T22:06:25+00:00\",\"breadcrumb\":{\"@id\":\"https:\/\/hudo.com\/si\/aktualno\/vec-tisoc-mladih-na-pohodu-v-spomin-na-zrtve-nacisticnega-taborisca-auschwitz\/#breadcrumb\"},\"inLanguage\":\"sl-SI\",\"potentialAction\":[{\"@type\":\"ReadAction\",\"target\":[\"https:\/\/hudo.com\/si\/aktualno\/vec-tisoc-mladih-na-pohodu-v-spomin-na-zrtve-nacisticnega-taborisca-auschwitz\/\"]}]},{\"@type\":\"BreadcrumbList\",\"@id\":\"https:\/\/hudo.com\/si\/aktualno\/vec-tisoc-mladih-na-pohodu-v-spomin-na-zrtve-nacisticnega-taborisca-auschwitz\/#breadcrumb\",\"itemListElement\":[{\"@type\":\"ListItem\",\"position\":1,\"name\":\"Home\",\"item\":\"https:\/\/hudo.com\/si\/\"},{\"@type\":\"ListItem\",\"position\":2,\"name\":\"Ve\u010d tiso\u010d mladih na pohodu v spomin na \u017ertve nacisti\u010dnega tabori\u0161\u010da Auschwitz\"}]},{\"@type\":\"WebSite\",\"@id\":\"https:\/\/hudo.com\/si\/#website\",\"url\":\"https:\/\/hudo.com\/si\/\",\"name\":\"Hudo Slovenija\",\"description\":\"Vse novice iz Slovenije in sveta\",\"publisher\":{\"@id\":\"https:\/\/hudo.com\/si\/#organization\"},\"potentialAction\":[{\"@type\":\"SearchAction\",\"target\":{\"@type\":\"EntryPoint\",\"urlTemplate\":\"https:\/\/hudo.com\/si\/?s={search_term_string}\"},\"query-input\":\"required name=search_term_string\"}],\"inLanguage\":\"sl-SI\"},{\"@type\":\"Organization\",\"@id\":\"https:\/\/hudo.com\/si\/#organization\",\"name\":\"VSN Media\",\"url\":\"https:\/\/hudo.com\/si\/\",\"logo\":{\"@type\":\"ImageObject\",\"inLanguage\":\"sl-SI\",\"@id\":\"https:\/\/hudo.com\/si\/#\/schema\/logo\/image\/\",\"url\":\"https:\/\/hudo.com\/si\/wp-content\/uploads\/sites\/2\/2021\/03\/hudo-app-2.png\",\"contentUrl\":\"https:\/\/hudo.com\/si\/wp-content\/uploads\/sites\/2\/2021\/03\/hudo-app-2.png\",\"width\":2185,\"height\":2167,\"caption\":\"VSN Media\"},\"image\":{\"@id\":\"https:\/\/hudo.com\/si\/#\/schema\/logo\/image\/\"},\"sameAs\":[\"https:\/\/www.facebook.com\/hudo.si\",\"https:\/\/twitter.com\/hudo_si\"]},{\"@type\":\"Person\",\"@id\":\"https:\/\/hudo.com\/si\/#\/schema\/person\/601cf3379633985b20f7e50f2bb47707\",\"name\":\"hudo\",\"image\":{\"@type\":\"ImageObject\",\"inLanguage\":\"sl-SI\",\"@id\":\"https:\/\/hudo.com\/si\/#\/schema\/person\/image\/\",\"url\":\"https:\/\/secure.gravatar.com\/avatar\/c4ca25fa72cace7a696b52ff5db9e095?s=96&d=mm&r=g\",\"contentUrl\":\"https:\/\/secure.gravatar.com\/avatar\/c4ca25fa72cace7a696b52ff5db9e095?s=96&d=mm&r=g\",\"caption\":\"hudo\"},\"url\":\"https:\/\/hudo.com\/si\/author\/hudo\/\"}]}<\/script>\n<!-- \/ Yoast SEO plugin. -->","yoast_head_json":{"title":"Ve\u010d tiso\u010d mladih na pohodu v spomin na \u017ertve nacisti\u010dnega tabori\u0161\u010da Auschwitz - Hudo Slovenija","robots":{"index":"index","follow":"follow","max-snippet":"max-snippet:-1","max-image-preview":"max-image-preview:large","max-video-preview":"max-video-preview:-1"},"canonical":"https:\/\/hudo.com\/si\/aktualno\/vec-tisoc-mladih-na-pohodu-v-spomin-na-zrtve-nacisticnega-taborisca-auschwitz\/","og_locale":"sl_SI","og_type":"article","og_title":"Ve\u010d tiso\u010d mladih na pohodu v spomin na \u017ertve nacisti\u010dnega tabori\u0161\u010da Auschwitz - Hudo Slovenija","og_description":"Ve\u010d tiso\u010d mladih Judov iz 40 dr\u017eav se je danes skupaj s pe\u0161\u010dico pre\u017eivelih \u017ertev holokavsta ter s poljskimi najstniki udele\u017eilo pohoda v spomin na \u017ertve nacisti\u010dnega tabori\u0161\u010da Auschwitz-Birkenau med drugo svetovno vojno na jugu Poljske, poro\u010da francoska tiskovna agencija AFP. Pohodniki so \u0161li najprej skozi zloglasni vhod v tabori\u0161\u010de z napisom Arbeit macht frei (Delo osvobaja), nato pa so se podali do tri kilometre oddaljenega Birkenaua, kjer so nacisti ubijali tabori\u0161\u010dnike. Pohod so letos pripravili \u017ee 28. zapored. Po navedbah organizatorjev je to najve\u010dji posami\u010dni spominski dogodek na \u017ertve holokavsta. \"Bojim se, da se Evropa in morda tudi drugi deli sveta niso nau\u010dili veliko od holokavsta,\" je dejal Samuel Rosenman, ki je vodil leto\u0161nji pohod. Vlade sveta je tudi pozval, naj uzakonijo ostro zakonodajo proti antisemitizmu, rasizmu in fa\u0161izmu. 81-letna pre\u017eivela Feiga Francis Schmidt Libman je za AFP dejala, da je sama v Auschwitzu izgubila babico, teto ter bratrance in sestri\u010dne. Njen o\u010de je umrl v nacisti\u010dnem tabori\u0161\u010du Dachau v Nem\u010diji. \"Mladim bi rada povedala, da sovra\u0161tvo ubija. Imam moto: \u010ce ima\u0161 v srcu sovra\u0161tvo, ni prostora za ljubezen. \u017delim, da je vsak prijazen z vsakim. Ne glede na to, ali moli v sinagogi, cerkvi ali mo\u0161eji. Vsi smo enaki in imeti se moramo radi ter sobivati drug z drugim, saj sta lepota in dobrota v vseh nas,\" je \u0161e dejala Feiga, ki je sama \u017ee prababica. Med pohodniki je bil tudi 19-letni Yossi Fischer iz New Yorka, ki je dejal, da je njegova babica edina pre\u017eivela, vsi ostali sorodniki so umrli v Auschwitzu. \"Posku\u0161ali so nas uni\u010diti, a hvala Bogu, \u0161e vedno smo tukaj,\" je dejal. Nekdanje tabori\u0161\u010de Auschwitz, ki je postalo simbol nacisti\u010dnega genocida nad evropskimi Judi, je sedaj spominsko obele\u017eje in muzej. Med letoma 1940 in 1945 je tam umrlo milijon evropskih Judov. Poleg tega je v tabori\u0161\u010du umrlo ve\u010d kot 100.000 Poljakov, ki niso bili Judi, vojnih zapornikov, homoseksualcev ter partizanov. Rde\u010da armada nekdanje Sovjetske zveze je t","og_url":"https:\/\/hudo.com\/si\/aktualno\/vec-tisoc-mladih-na-pohodu-v-spomin-na-zrtve-nacisticnega-taborisca-auschwitz\/","og_site_name":"Hudo Slovenija","article_publisher":"https:\/\/www.facebook.com\/hudo.si","article_published_time":"2016-05-05T14:15:00+00:00","article_modified_time":"2016-05-05T22:06:25+00:00","og_image":[{"width":450,"height":339,"url":"https:\/\/hudo.com\/si\/wp-content\/uploads\/sites\/2\/2016\/05\/05290675-300.jpg","type":"image\/jpeg"}],"author":"hudo","twitter_card":"summary_large_image","twitter_creator":"@hudo_si","twitter_site":"@hudo_si","twitter_misc":{"Written by":"hudo","Est. reading time":"2 minuti"},"schema":{"@context":"https:\/\/schema.org","@graph":[{"@type":"Article","@id":"https:\/\/hudo.com\/si\/aktualno\/vec-tisoc-mladih-na-pohodu-v-spomin-na-zrtve-nacisticnega-taborisca-auschwitz\/#article","isPartOf":{"@id":"https:\/\/hudo.com\/si\/aktualno\/vec-tisoc-mladih-na-pohodu-v-spomin-na-zrtve-nacisticnega-taborisca-auschwitz\/"},"author":{"name":"hudo","@id":"https:\/\/hudo.com\/si\/#\/schema\/person\/601cf3379633985b20f7e50f2bb47707"},"headline":"Ve\u010d tiso\u010d mladih na pohodu v spomin na \u017ertve nacisti\u010dnega tabori\u0161\u010da Auschwitz","datePublished":"2016-05-05T14:15:00+00:00","dateModified":"2016-05-05T22:06:25+00:00","mainEntityOfPage":{"@id":"https:\/\/hudo.com\/si\/aktualno\/vec-tisoc-mladih-na-pohodu-v-spomin-na-zrtve-nacisticnega-taborisca-auschwitz\/"},"wordCount":363,"publisher":{"@id":"https:\/\/hudo.com\/si\/#organization"},"articleSection":["Aktualno"],"inLanguage":"sl-SI"},{"@type":"WebPage","@id":"https:\/\/hudo.com\/si\/aktualno\/vec-tisoc-mladih-na-pohodu-v-spomin-na-zrtve-nacisticnega-taborisca-auschwitz\/","url":"https:\/\/hudo.com\/si\/aktualno\/vec-tisoc-mladih-na-pohodu-v-spomin-na-zrtve-nacisticnega-taborisca-auschwitz\/","name":"Ve\u010d tiso\u010d mladih na pohodu v spomin na \u017ertve nacisti\u010dnega tabori\u0161\u010da Auschwitz - Hudo Slovenija","isPartOf":{"@id":"https:\/\/hudo.com\/si\/#website"},"datePublished":"2016-05-05T14:15:00+00:00","dateModified":"2016-05-05T22:06:25+00:00","breadcrumb":{"@id":"https:\/\/hudo.com\/si\/aktualno\/vec-tisoc-mladih-na-pohodu-v-spomin-na-zrtve-nacisticnega-taborisca-auschwitz\/#breadcrumb"},"inLanguage":"sl-SI","potentialAction":[{"@type":"ReadAction","target":["https:\/\/hudo.com\/si\/aktualno\/vec-tisoc-mladih-na-pohodu-v-spomin-na-zrtve-nacisticnega-taborisca-auschwitz\/"]}]},{"@type":"BreadcrumbList","@id":"https:\/\/hudo.com\/si\/aktualno\/vec-tisoc-mladih-na-pohodu-v-spomin-na-zrtve-nacisticnega-taborisca-auschwitz\/#breadcrumb","itemListElement":[{"@type":"ListItem","position":1,"name":"Home","item":"https:\/\/hudo.com\/si\/"},{"@type":"ListItem","position":2,"name":"Ve\u010d tiso\u010d mladih na pohodu v spomin na \u017ertve nacisti\u010dnega tabori\u0161\u010da Auschwitz"}]},{"@type":"WebSite","@id":"https:\/\/hudo.com\/si\/#website","url":"https:\/\/hudo.com\/si\/","name":"Hudo Slovenija","description":"Vse novice iz Slovenije in sveta","publisher":{"@id":"https:\/\/hudo.com\/si\/#organization"},"potentialAction":[{"@type":"SearchAction","target":{"@type":"EntryPoint","urlTemplate":"https:\/\/hudo.com\/si\/?s={search_term_string}"},"query-input":"required name=search_term_string"}],"inLanguage":"sl-SI"},{"@type":"Organization","@id":"https:\/\/hudo.com\/si\/#organization","name":"VSN Media","url":"https:\/\/hudo.com\/si\/","logo":{"@type":"ImageObject","inLanguage":"sl-SI","@id":"https:\/\/hudo.com\/si\/#\/schema\/logo\/image\/","url":"https:\/\/hudo.com\/si\/wp-content\/uploads\/sites\/2\/2021\/03\/hudo-app-2.png","contentUrl":"https:\/\/hudo.com\/si\/wp-content\/uploads\/sites\/2\/2021\/03\/hudo-app-2.png","width":2185,"height":2167,"caption":"VSN Media"},"image":{"@id":"https:\/\/hudo.com\/si\/#\/schema\/logo\/image\/"},"sameAs":["https:\/\/www.facebook.com\/hudo.si","https:\/\/twitter.com\/hudo_si"]},{"@type":"Person","@id":"https:\/\/hudo.com\/si\/#\/schema\/person\/601cf3379633985b20f7e50f2bb47707","name":"hudo","image":{"@type":"ImageObject","inLanguage":"sl-SI","@id":"https:\/\/hudo.com\/si\/#\/schema\/person\/image\/","url":"https:\/\/secure.gravatar.com\/avatar\/c4ca25fa72cace7a696b52ff5db9e095?s=96&d=mm&r=g","contentUrl":"https:\/\/secure.gravatar.com\/avatar\/c4ca25fa72cace7a696b52ff5db9e095?s=96&d=mm&r=g","caption":"hudo"},"url":"https:\/\/hudo.com\/si\/author\/hudo\/"}]}},"amp_enabled":true,"_links":{"self":[{"href":"https:\/\/hudo.com\/si\/wp-json\/wp\/v2\/posts\/46344"}],"collection":[{"href":"https:\/\/hudo.com\/si\/wp-json\/wp\/v2\/posts"}],"about":[{"href":"https:\/\/hudo.com\/si\/wp-json\/wp\/v2\/types\/post"}],"author":[{"embeddable":true,"href":"https:\/\/hudo.com\/si\/wp-json\/wp\/v2\/users\/1"}],"replies":[{"embeddable":true,"href":"https:\/\/hudo.com\/si\/wp-json\/wp\/v2\/comments?post=46344"}],"version-history":[{"count":1,"href":"https:\/\/hudo.com\/si\/wp-json\/wp\/v2\/posts\/46344\/revisions"}],"predecessor-version":[{"id":46375,"href":"https:\/\/hudo.com\/si\/wp-json\/wp\/v2\/posts\/46344\/revisions\/46375"}],"wp:attachment":[{"href":"https:\/\/hudo.com\/si\/wp-json\/wp\/v2\/media?parent=46344"}],"wp:term":[{"taxonomy":"category","embeddable":true,"href":"https:\/\/hudo.com\/si\/wp-json\/wp\/v2\/categories?post=46344"},{"taxonomy":"post_tag","embeddable":true,"href":"https:\/\/hudo.com\/si\/wp-json\/wp\/v2\/tags?post=46344"},{"taxonomy":"source","embeddable":true,"href":"https:\/\/hudo.com\/si\/wp-json\/wp\/v2\/source?post=46344"},{"taxonomy":"supertag","embeddable":true,"href":"https:\/\/hudo.com\/si\/wp-json\/wp\/v2\/supertag?post=46344"}],"curies":[{"name":"wp","href":"https:\/\/api.w.org\/{rel}","templated":true}]}}