{"id":46372,"date":"2016-05-05T16:40:00","date_gmt":"2016-05-05T14:40:00","guid":{"rendered":"http:\/\/hudo.com\/si\/2016\/05\/05\/mrtvih-iz-hude-jame-ne-bodo-kremirali\/"},"modified":"2016-05-06T13:07:37","modified_gmt":"2016-05-06T11:07:37","slug":"mrtvih-iz-hude-jame-ne-bodo-kremirali","status":"publish","type":"post","link":"https:\/\/hudo.com\/si\/aktualno\/mrtvih-iz-hude-jame-ne-bodo-kremirali\/","title":{"rendered":"Mrtvih iz Hude Jame ne bodo kremirali"},"content":{"rendered":"<p>Kategorija: Politika Thu, 05 May 2016 18:40:00 +0200  Ljubljana &#8211; Posmrtne ostanke iz povojnega grobi\u0161\u010da Barbara rov v Hudi Jami bodo pokopali v pokopnem polju na obmo\u010dju spominskega parka Dobrava pri Mariboru. Pri pokopu \u017ertev bo zagotovljena maksimalna mo\u017enost individualizacije skeletov, so sporo\u010dili po dana\u0161nji seji vlade. Skeletov ne bodo \u010distili za njihovo trajno shranitev niti kremirali organskih odpadkov. Tako je vlada danes odgovorila na poslansko vpra\u0161anje Eve Irgl (SDS) o dokon\u010dni ureditvi povojnega grobi\u0161\u010da Barbara rov v Hudi Jami. Njeno vpra\u0161anje se je namre\u010d nana\u0161alo na mar\u010dne vladne sklepe, da se posmrtni ostanki iz Hude Jame prenesejo iz kostnice v Maribor. Ker pa so trupla 462 \u017ertev, ki so jih prenesli v tamkaj\u0161njo kostnico, ve\u010dinoma mumificirana in kot tak\u0161na neprimerna za kostnico, je bilo predvideno, da se opravi \u010di\u0161\u010denje skeletov za njihovo trajno shranitev. Irglova je ocenila, da je\u00a0&#8230;<\/p>\n","protected":false},"excerpt":{"rendered":"<p>Kategorija: Politika Thu, 05 May 2016 18:40:00 +0200  Ljubljana &#8211; Posmrtne ostanke iz povojnega grobi\u0161\u010da Barbara rov v Hudi Jami bodo pokopali v pokopnem polju na obmo\u010dju spominskega parka Dobrava pri Mariboru. Pri pokopu \u017ertev bo zagotovljena maksimalna mo\u017enost individualizacije skeletov, so sporo\u010dili po dana\u0161nji seji vlade. Skeletov ne bodo \u010distili za njihovo trajno shranitev niti kremirali organskih odpadkov. Tako je vlada danes odgovorila na poslansko vpra\u0161anje Eve Irgl (SDS) o dokon\u010dni ureditvi povojnega grobi\u0161\u010da Barbara rov v Hudi Jami. Njeno vpra\u0161anje se je namre\u010d nana\u0161alo na mar\u010dne vladne sklepe, da se posmrtni ostanki iz Hude Jame prenesejo iz kostnice v Maribor. Ker pa so trupla 462 \u017ertev, ki so jih prenesli v tamkaj\u0161njo kostnico, ve\u010dinoma mumificirana in kot tak\u0161na neprimerna za kostnico, je bilo predvideno, da se opravi \u010di\u0161\u010denje skeletov za njihovo trajno shranitev. Irglova je ocenila, da je\u00a0&#8230;<\/p>\n","protected":false},"author":1,"featured_media":0,"comment_status":"closed","ping_status":"closed","sticky":false,"template":"","format":"standard","meta":{"footnotes":""},"categories":[1179],"tags":[],"source":[4511],"supertag":[],"acf":[],"yoast_head":"<!-- This site is optimized with the Yoast SEO plugin v21.3 - https:\/\/yoast.com\/wordpress\/plugins\/seo\/ -->\n<title>Mrtvih iz Hude Jame ne bodo kremirali - Hudo Slovenija<\/title>\n<meta name=\"robots\" content=\"index, follow, max-snippet:-1, max-image-preview:large, max-video-preview:-1\" \/>\n<link rel=\"canonical\" href=\"https:\/\/hudo.com\/si\/aktualno\/mrtvih-iz-hude-jame-ne-bodo-kremirali\/\" \/>\n<meta property=\"og:locale\" content=\"sl_SI\" \/>\n<meta property=\"og:type\" content=\"article\" \/>\n<meta property=\"og:title\" content=\"Mrtvih iz Hude Jame ne bodo kremirali - Hudo Slovenija\" \/>\n<meta property=\"og:description\" content=\"Kategorija: Politika Thu, 05 May 2016 18:40:00 +0200 Ljubljana - Posmrtne ostanke iz povojnega grobi\u0161\u010da Barbara rov v Hudi Jami bodo pokopali v pokopnem polju na obmo\u010dju spominskega parka Dobrava pri Mariboru. Pri pokopu \u017ertev bo zagotovljena maksimalna mo\u017enost individualizacije skeletov, so sporo\u010dili po dana\u0161nji seji vlade. Skeletov ne bodo \u010distili za njihovo trajno shranitev niti kremirali organskih odpadkov. Tako je vlada danes odgovorila na poslansko vpra\u0161anje Eve Irgl (SDS) o dokon\u010dni ureditvi povojnega grobi\u0161\u010da Barbara rov v Hudi Jami. Njeno vpra\u0161anje se je namre\u010d nana\u0161alo na mar\u010dne vladne sklepe, da se posmrtni ostanki iz Hude Jame prenesejo iz kostnice v Maribor. Ker pa so trupla 462 \u017ertev, ki so jih prenesli v tamkaj\u0161njo kostnico, ve\u010dinoma mumificirana in kot tak\u0161na neprimerna za kostnico, je bilo predvideno, da se opravi \u010di\u0161\u010denje skeletov za njihovo trajno shranitev. Irglova je ocenila, da je\u00a0...\" \/>\n<meta property=\"og:url\" content=\"https:\/\/hudo.com\/si\/aktualno\/mrtvih-iz-hude-jame-ne-bodo-kremirali\/\" \/>\n<meta property=\"og:site_name\" content=\"Hudo Slovenija\" \/>\n<meta property=\"article:publisher\" content=\"https:\/\/www.facebook.com\/hudo.si\" \/>\n<meta property=\"article:published_time\" content=\"2016-05-05T14:40:00+00:00\" \/>\n<meta property=\"article:modified_time\" content=\"2016-05-06T11:07:37+00:00\" \/>\n<meta property=\"og:image\" content=\"https:\/\/hudo.com\/si\/wp-content\/uploads\/sites\/2\/2016\/05\/480x290_djvu_1022475_petancic_SAMO-ZA-DELO-Huda-jama.jpeg\" \/>\n\t<meta property=\"og:image:width\" content=\"480\" \/>\n\t<meta property=\"og:image:height\" content=\"290\" \/>\n\t<meta property=\"og:image:type\" content=\"image\/jpeg\" \/>\n<meta name=\"author\" content=\"hudo\" \/>\n<meta name=\"twitter:card\" content=\"summary_large_image\" \/>\n<meta name=\"twitter:creator\" content=\"@hudo_si\" \/>\n<meta name=\"twitter:site\" content=\"@hudo_si\" \/>\n<meta name=\"twitter:label1\" content=\"Written by\" \/>\n\t<meta name=\"twitter:data1\" content=\"hudo\" \/>\n\t<meta name=\"twitter:label2\" content=\"Est. reading time\" \/>\n\t<meta name=\"twitter:data2\" content=\"1 minuta\" \/>\n<script type=\"application\/ld+json\" class=\"yoast-schema-graph\">{\"@context\":\"https:\/\/schema.org\",\"@graph\":[{\"@type\":\"Article\",\"@id\":\"https:\/\/hudo.com\/si\/aktualno\/mrtvih-iz-hude-jame-ne-bodo-kremirali\/#article\",\"isPartOf\":{\"@id\":\"https:\/\/hudo.com\/si\/aktualno\/mrtvih-iz-hude-jame-ne-bodo-kremirali\/\"},\"author\":{\"name\":\"hudo\",\"@id\":\"https:\/\/hudo.com\/si\/#\/schema\/person\/601cf3379633985b20f7e50f2bb47707\"},\"headline\":\"Mrtvih iz Hude Jame ne bodo kremirali\",\"datePublished\":\"2016-05-05T14:40:00+00:00\",\"dateModified\":\"2016-05-06T11:07:37+00:00\",\"mainEntityOfPage\":{\"@id\":\"https:\/\/hudo.com\/si\/aktualno\/mrtvih-iz-hude-jame-ne-bodo-kremirali\/\"},\"wordCount\":157,\"publisher\":{\"@id\":\"https:\/\/hudo.com\/si\/#organization\"},\"articleSection\":[\"Aktualno\"],\"inLanguage\":\"sl-SI\"},{\"@type\":\"WebPage\",\"@id\":\"https:\/\/hudo.com\/si\/aktualno\/mrtvih-iz-hude-jame-ne-bodo-kremirali\/\",\"url\":\"https:\/\/hudo.com\/si\/aktualno\/mrtvih-iz-hude-jame-ne-bodo-kremirali\/\",\"name\":\"Mrtvih iz Hude Jame ne bodo kremirali - Hudo Slovenija\",\"isPartOf\":{\"@id\":\"https:\/\/hudo.com\/si\/#website\"},\"datePublished\":\"2016-05-05T14:40:00+00:00\",\"dateModified\":\"2016-05-06T11:07:37+00:00\",\"breadcrumb\":{\"@id\":\"https:\/\/hudo.com\/si\/aktualno\/mrtvih-iz-hude-jame-ne-bodo-kremirali\/#breadcrumb\"},\"inLanguage\":\"sl-SI\",\"potentialAction\":[{\"@type\":\"ReadAction\",\"target\":[\"https:\/\/hudo.com\/si\/aktualno\/mrtvih-iz-hude-jame-ne-bodo-kremirali\/\"]}]},{\"@type\":\"BreadcrumbList\",\"@id\":\"https:\/\/hudo.com\/si\/aktualno\/mrtvih-iz-hude-jame-ne-bodo-kremirali\/#breadcrumb\",\"itemListElement\":[{\"@type\":\"ListItem\",\"position\":1,\"name\":\"Home\",\"item\":\"https:\/\/hudo.com\/si\/\"},{\"@type\":\"ListItem\",\"position\":2,\"name\":\"Mrtvih iz Hude Jame ne bodo kremirali\"}]},{\"@type\":\"WebSite\",\"@id\":\"https:\/\/hudo.com\/si\/#website\",\"url\":\"https:\/\/hudo.com\/si\/\",\"name\":\"Hudo Slovenija\",\"description\":\"Vse novice iz Slovenije in sveta\",\"publisher\":{\"@id\":\"https:\/\/hudo.com\/si\/#organization\"},\"potentialAction\":[{\"@type\":\"SearchAction\",\"target\":{\"@type\":\"EntryPoint\",\"urlTemplate\":\"https:\/\/hudo.com\/si\/?s={search_term_string}\"},\"query-input\":\"required name=search_term_string\"}],\"inLanguage\":\"sl-SI\"},{\"@type\":\"Organization\",\"@id\":\"https:\/\/hudo.com\/si\/#organization\",\"name\":\"VSN Media\",\"url\":\"https:\/\/hudo.com\/si\/\",\"logo\":{\"@type\":\"ImageObject\",\"inLanguage\":\"sl-SI\",\"@id\":\"https:\/\/hudo.com\/si\/#\/schema\/logo\/image\/\",\"url\":\"https:\/\/hudo.com\/si\/wp-content\/uploads\/sites\/2\/2021\/03\/hudo-app-2.png\",\"contentUrl\":\"https:\/\/hudo.com\/si\/wp-content\/uploads\/sites\/2\/2021\/03\/hudo-app-2.png\",\"width\":2185,\"height\":2167,\"caption\":\"VSN Media\"},\"image\":{\"@id\":\"https:\/\/hudo.com\/si\/#\/schema\/logo\/image\/\"},\"sameAs\":[\"https:\/\/www.facebook.com\/hudo.si\",\"https:\/\/twitter.com\/hudo_si\"]},{\"@type\":\"Person\",\"@id\":\"https:\/\/hudo.com\/si\/#\/schema\/person\/601cf3379633985b20f7e50f2bb47707\",\"name\":\"hudo\",\"image\":{\"@type\":\"ImageObject\",\"inLanguage\":\"sl-SI\",\"@id\":\"https:\/\/hudo.com\/si\/#\/schema\/person\/image\/\",\"url\":\"https:\/\/secure.gravatar.com\/avatar\/c4ca25fa72cace7a696b52ff5db9e095?s=96&d=mm&r=g\",\"contentUrl\":\"https:\/\/secure.gravatar.com\/avatar\/c4ca25fa72cace7a696b52ff5db9e095?s=96&d=mm&r=g\",\"caption\":\"hudo\"},\"url\":\"https:\/\/hudo.com\/si\/author\/hudo\/\"}]}<\/script>\n<!-- \/ Yoast SEO plugin. -->","yoast_head_json":{"title":"Mrtvih iz Hude Jame ne bodo kremirali - Hudo Slovenija","robots":{"index":"index","follow":"follow","max-snippet":"max-snippet:-1","max-image-preview":"max-image-preview:large","max-video-preview":"max-video-preview:-1"},"canonical":"https:\/\/hudo.com\/si\/aktualno\/mrtvih-iz-hude-jame-ne-bodo-kremirali\/","og_locale":"sl_SI","og_type":"article","og_title":"Mrtvih iz Hude Jame ne bodo kremirali - Hudo Slovenija","og_description":"Kategorija: Politika Thu, 05 May 2016 18:40:00 +0200 Ljubljana - Posmrtne ostanke iz povojnega grobi\u0161\u010da Barbara rov v Hudi Jami bodo pokopali v pokopnem polju na obmo\u010dju spominskega parka Dobrava pri Mariboru. Pri pokopu \u017ertev bo zagotovljena maksimalna mo\u017enost individualizacije skeletov, so sporo\u010dili po dana\u0161nji seji vlade. Skeletov ne bodo \u010distili za njihovo trajno shranitev niti kremirali organskih odpadkov. Tako je vlada danes odgovorila na poslansko vpra\u0161anje Eve Irgl (SDS) o dokon\u010dni ureditvi povojnega grobi\u0161\u010da Barbara rov v Hudi Jami. Njeno vpra\u0161anje se je namre\u010d nana\u0161alo na mar\u010dne vladne sklepe, da se posmrtni ostanki iz Hude Jame prenesejo iz kostnice v Maribor. Ker pa so trupla 462 \u017ertev, ki so jih prenesli v tamkaj\u0161njo kostnico, ve\u010dinoma mumificirana in kot tak\u0161na neprimerna za kostnico, je bilo predvideno, da se opravi \u010di\u0161\u010denje skeletov za njihovo trajno shranitev. Irglova je ocenila, da je\u00a0...","og_url":"https:\/\/hudo.com\/si\/aktualno\/mrtvih-iz-hude-jame-ne-bodo-kremirali\/","og_site_name":"Hudo Slovenija","article_publisher":"https:\/\/www.facebook.com\/hudo.si","article_published_time":"2016-05-05T14:40:00+00:00","article_modified_time":"2016-05-06T11:07:37+00:00","og_image":[{"width":480,"height":290,"url":"https:\/\/hudo.com\/si\/wp-content\/uploads\/sites\/2\/2016\/05\/480x290_djvu_1022475_petancic_SAMO-ZA-DELO-Huda-jama.jpeg","type":"image\/jpeg"}],"author":"hudo","twitter_card":"summary_large_image","twitter_creator":"@hudo_si","twitter_site":"@hudo_si","twitter_misc":{"Written by":"hudo","Est. reading time":"1 minuta"},"schema":{"@context":"https:\/\/schema.org","@graph":[{"@type":"Article","@id":"https:\/\/hudo.com\/si\/aktualno\/mrtvih-iz-hude-jame-ne-bodo-kremirali\/#article","isPartOf":{"@id":"https:\/\/hudo.com\/si\/aktualno\/mrtvih-iz-hude-jame-ne-bodo-kremirali\/"},"author":{"name":"hudo","@id":"https:\/\/hudo.com\/si\/#\/schema\/person\/601cf3379633985b20f7e50f2bb47707"},"headline":"Mrtvih iz Hude Jame ne bodo kremirali","datePublished":"2016-05-05T14:40:00+00:00","dateModified":"2016-05-06T11:07:37+00:00","mainEntityOfPage":{"@id":"https:\/\/hudo.com\/si\/aktualno\/mrtvih-iz-hude-jame-ne-bodo-kremirali\/"},"wordCount":157,"publisher":{"@id":"https:\/\/hudo.com\/si\/#organization"},"articleSection":["Aktualno"],"inLanguage":"sl-SI"},{"@type":"WebPage","@id":"https:\/\/hudo.com\/si\/aktualno\/mrtvih-iz-hude-jame-ne-bodo-kremirali\/","url":"https:\/\/hudo.com\/si\/aktualno\/mrtvih-iz-hude-jame-ne-bodo-kremirali\/","name":"Mrtvih iz Hude Jame ne bodo kremirali - Hudo Slovenija","isPartOf":{"@id":"https:\/\/hudo.com\/si\/#website"},"datePublished":"2016-05-05T14:40:00+00:00","dateModified":"2016-05-06T11:07:37+00:00","breadcrumb":{"@id":"https:\/\/hudo.com\/si\/aktualno\/mrtvih-iz-hude-jame-ne-bodo-kremirali\/#breadcrumb"},"inLanguage":"sl-SI","potentialAction":[{"@type":"ReadAction","target":["https:\/\/hudo.com\/si\/aktualno\/mrtvih-iz-hude-jame-ne-bodo-kremirali\/"]}]},{"@type":"BreadcrumbList","@id":"https:\/\/hudo.com\/si\/aktualno\/mrtvih-iz-hude-jame-ne-bodo-kremirali\/#breadcrumb","itemListElement":[{"@type":"ListItem","position":1,"name":"Home","item":"https:\/\/hudo.com\/si\/"},{"@type":"ListItem","position":2,"name":"Mrtvih iz Hude Jame ne bodo kremirali"}]},{"@type":"WebSite","@id":"https:\/\/hudo.com\/si\/#website","url":"https:\/\/hudo.com\/si\/","name":"Hudo Slovenija","description":"Vse novice iz Slovenije in sveta","publisher":{"@id":"https:\/\/hudo.com\/si\/#organization"},"potentialAction":[{"@type":"SearchAction","target":{"@type":"EntryPoint","urlTemplate":"https:\/\/hudo.com\/si\/?s={search_term_string}"},"query-input":"required name=search_term_string"}],"inLanguage":"sl-SI"},{"@type":"Organization","@id":"https:\/\/hudo.com\/si\/#organization","name":"VSN Media","url":"https:\/\/hudo.com\/si\/","logo":{"@type":"ImageObject","inLanguage":"sl-SI","@id":"https:\/\/hudo.com\/si\/#\/schema\/logo\/image\/","url":"https:\/\/hudo.com\/si\/wp-content\/uploads\/sites\/2\/2021\/03\/hudo-app-2.png","contentUrl":"https:\/\/hudo.com\/si\/wp-content\/uploads\/sites\/2\/2021\/03\/hudo-app-2.png","width":2185,"height":2167,"caption":"VSN Media"},"image":{"@id":"https:\/\/hudo.com\/si\/#\/schema\/logo\/image\/"},"sameAs":["https:\/\/www.facebook.com\/hudo.si","https:\/\/twitter.com\/hudo_si"]},{"@type":"Person","@id":"https:\/\/hudo.com\/si\/#\/schema\/person\/601cf3379633985b20f7e50f2bb47707","name":"hudo","image":{"@type":"ImageObject","inLanguage":"sl-SI","@id":"https:\/\/hudo.com\/si\/#\/schema\/person\/image\/","url":"https:\/\/secure.gravatar.com\/avatar\/c4ca25fa72cace7a696b52ff5db9e095?s=96&d=mm&r=g","contentUrl":"https:\/\/secure.gravatar.com\/avatar\/c4ca25fa72cace7a696b52ff5db9e095?s=96&d=mm&r=g","caption":"hudo"},"url":"https:\/\/hudo.com\/si\/author\/hudo\/"}]}},"amp_enabled":true,"_links":{"self":[{"href":"https:\/\/hudo.com\/si\/wp-json\/wp\/v2\/posts\/46372"}],"collection":[{"href":"https:\/\/hudo.com\/si\/wp-json\/wp\/v2\/posts"}],"about":[{"href":"https:\/\/hudo.com\/si\/wp-json\/wp\/v2\/types\/post"}],"author":[{"embeddable":true,"href":"https:\/\/hudo.com\/si\/wp-json\/wp\/v2\/users\/1"}],"replies":[{"embeddable":true,"href":"https:\/\/hudo.com\/si\/wp-json\/wp\/v2\/comments?post=46372"}],"version-history":[{"count":1,"href":"https:\/\/hudo.com\/si\/wp-json\/wp\/v2\/posts\/46372\/revisions"}],"predecessor-version":[{"id":46409,"href":"https:\/\/hudo.com\/si\/wp-json\/wp\/v2\/posts\/46372\/revisions\/46409"}],"wp:attachment":[{"href":"https:\/\/hudo.com\/si\/wp-json\/wp\/v2\/media?parent=46372"}],"wp:term":[{"taxonomy":"category","embeddable":true,"href":"https:\/\/hudo.com\/si\/wp-json\/wp\/v2\/categories?post=46372"},{"taxonomy":"post_tag","embeddable":true,"href":"https:\/\/hudo.com\/si\/wp-json\/wp\/v2\/tags?post=46372"},{"taxonomy":"source","embeddable":true,"href":"https:\/\/hudo.com\/si\/wp-json\/wp\/v2\/source?post=46372"},{"taxonomy":"supertag","embeddable":true,"href":"https:\/\/hudo.com\/si\/wp-json\/wp\/v2\/supertag?post=46372"}],"curies":[{"name":"wp","href":"https:\/\/api.w.org\/{rel}","templated":true}]}}