{"id":463821,"date":"2022-01-13T16:17:00","date_gmt":"2022-01-13T15:17:00","guid":{"rendered":"https:\/\/hudo.com\/si\/?p=463821"},"modified":"2022-01-13T16:17:00","modified_gmt":"2022-01-13T15:17:00","slug":"poklukar-zadovoljen-celotna-druzba-se-je-ob-tokratnih-dnevih-cepljenja-mobilizirala","status":"publish","type":"post","link":"https:\/\/hudo.com\/si\/aktualno\/poklukar-zadovoljen-celotna-druzba-se-je-ob-tokratnih-dnevih-cepljenja-mobilizirala\/","title":{"rendered":"Poklukar zadovoljen: Celotna dru\u017eba se je ob tokratnih Dnevih cepljenja mobilizirala"},"content":{"rendered":"<p>Poklukar je dejal, da je dopoldne obiskal tudi cepilno mesto v enem izmed ljubljanskih nakupovalnih sredi\u0161\u010dih, kjer je vladalo veliko zanimanje za cepljenje. Po njegovih besedah nam to lahko pomaga, da bomo skupaj obvladali epidemijo covida-19 in se vrnili v \u017eivljenje, ki smo ga poznali pred epidemijo.<\/p>\n<p>Kot dober primer je izpostavil Kranjsko Goro, ki ima najvi\u0161jo precepljenost v dr\u017eavi. Konec tedna bodo v tem kraju ponovno organizirali cepljenje, je napovedal minister.<\/p>\n<p>Postregel je s podatkom, da je trenutno na intenzivnih posteljah po slovenskih bolni\u0161nicah 153 covidnih bolnikov, med njimi je 90 odstotkov necepljenih. V Thermani La\u0161ko pa je trenutno na postcovidni rehabilitaciji 27 bolnikov, doslej so jih skupno v teh termah obravnavali 120. Povpre\u010dna starost tovrstnih bolnikov je 65 let.<\/p>\n<p>Minister je obiskal tudi Terme Dobrna, kjer se je z vodstvom dru\u017ebe usklajeval glede postelj za postcovidno rehabilitacijo.<\/p>\n<p>Glede napovedi sindikatov, da bodo danes skupaj vlo\u017eili zahtevo za presojo skladnosti 48. \u010dlena desetega interventnega zakona z ustavo, gre pa za \u010dlen, ki zgolj za zdravnike in zobozdravnike zvi\u0161uje najvi\u0161ji pla\u010dni razred, ki ga lahko dose\u017eejo v okviru sistema pla\u010d v javnem sektorju, je minister izpostavil, da bo ustavno sodi\u0161\u010de odlo\u010dilo o tej skladnosti.<\/p>\n<p>O morebitnem ponovnem zapiranju \u0161ol v primeru poslab\u0161anja epidemiolo\u0161kih razmer v dr\u017eavi je Poklukar dejal, da o tem za zdaj ne razmi\u0161ljajo. \u010ce bo pri\u0161lo do zapiranja dr\u017eave, pa bodo \u0161ole zadnje, ki jih bodo zaprli, je poudaril.<\/p>\n<p>Poklukar je v izjavi napovedal tudi, da bo v petek vlada predvidoma odlo\u010dala o spremembah glede karanten po visokorizi\u010dnem stiku z osebo, ki je oku\u017eena s koronavirusom. Kot je dejal, bodo novosti, ki naj bi za\u010dele veljati v prihodnjem tednu, skupaj z epidemiologi javnosti predvidoma predstavili v petek.<\/p>\n<p>Ob tem je namignil, da bi lahko v prihodnjih dneh pri\u0161lo do sprememb glede dostopa do PCR-testiranja. V Sloveniji se zaradi pospe\u0161enega \u0161irjenja koronavirusne razli\u010dice omikron namre\u010d bli\u017eamo maksimalnim kapacitetam PCR-testiranja. Ve\u010d podrobnosti naj bi bilo po njegovih besedah znanih v prihodnjih dneh.<\/p>\n<p>Napovedal je, da bo skladno s sprejetim zakonom o zagotavljanju finan\u010dnih sredstev za investicije v slovensko zdravstvo v letih 2021 do 2031 razpis za investicije na primarnem nivoju zdravstva predvidoma objavljen v prihodnjih dneh. Zakon sicer za nalo\u017ebe na primarnem nivoju skupaj predvideva prora\u010dunska sredstva v vi\u0161ini 200 milijonov evrov.<\/p>\n<p>Direktorica Zdravstvenega doma La\u0161ko Janja Knapi\u010d je dejala, da so v prvi akciji cepljenja decembra cepili okrog 50 ljudi. Danes je najve\u010d ljudi pri\u0161lo po drugi in tretji odmerek cepiva.<\/p>\n<p>Direktor Skupnosti slovenskih naravnih zdravili\u0161\u010d Iztok Altbauer in direktorica Thermane La\u0161ko Mojca Leskovar pa sta opozorila na precej\u0161en upad kongresnega turizma. Kot je ocenil Altbauer, bi vlada morala izdatno finan\u010dno pomagati tej veji turizma, da ne bo propadla.<\/p>\n","protected":false},"excerpt":{"rendered":"<p>Minister za zdravje Janez Poklukar je danes obiskal Thermano La\u0161ko, ki med drugim izvaja tudi rehabilitacijo bolnikov po prebolelem covidu-19. Kot je ob obisku ocenil minister, se je celotna dru\u017eba mobilizirala ob tokratnih Dnevih cepljenja, ki so se za\u010deli danes in bodo potekali do sobote. Znova pa je pozval dr\u017eavljane k cepljenju proti covidu-19.<\/p>\n","protected":false},"author":8,"featured_media":457424,"comment_status":"closed","ping_status":"closed","sticky":false,"template":"","format":"standard","meta":{"footnotes":""},"categories":[1179],"tags":[17969,19704,14200,1595],"source":[4511],"supertag":[5675],"acf":[],"yoast_head":"<!-- This site is optimized with the Yoast SEO plugin v21.3 - https:\/\/yoast.com\/wordpress\/plugins\/seo\/ -->\n<title>Poklukar zadovoljen: Celotna dru\u017eba se je ob tokratnih Dnevih cepljenja mobilizirala - Hudo Slovenija<\/title>\n<meta name=\"robots\" content=\"index, follow, max-snippet:-1, max-image-preview:large, max-video-preview:-1\" \/>\n<link rel=\"canonical\" href=\"https:\/\/hudo.com\/si\/aktualno\/poklukar-zadovoljen-celotna-druzba-se-je-ob-tokratnih-dnevih-cepljenja-mobilizirala\/\" \/>\n<meta property=\"og:locale\" content=\"sl_SI\" \/>\n<meta property=\"og:type\" content=\"article\" \/>\n<meta property=\"og:title\" content=\"Poklukar zadovoljen: Celotna dru\u017eba se je ob tokratnih Dnevih cepljenja mobilizirala - Hudo Slovenija\" \/>\n<meta property=\"og:description\" content=\"Minister za zdravje Janez Poklukar je danes obiskal Thermano La\u0161ko, ki med drugim izvaja tudi rehabilitacijo bolnikov po prebolelem covidu-19. Kot je ob obisku ocenil minister, se je celotna dru\u017eba mobilizirala ob tokratnih Dnevih cepljenja, ki so se za\u010deli danes in bodo potekali do sobote. Znova pa je pozval dr\u017eavljane k cepljenju proti covidu-19.\" \/>\n<meta property=\"og:url\" content=\"https:\/\/hudo.com\/si\/aktualno\/poklukar-zadovoljen-celotna-druzba-se-je-ob-tokratnih-dnevih-cepljenja-mobilizirala\/\" \/>\n<meta property=\"og:site_name\" content=\"Hudo Slovenija\" \/>\n<meta property=\"article:publisher\" content=\"https:\/\/www.facebook.com\/hudo.si\" \/>\n<meta property=\"article:published_time\" content=\"2022-01-13T15:17:00+00:00\" \/>\n<meta property=\"og:image\" content=\"https:\/\/hudo.com\/si\/wp-content\/uploads\/sites\/2\/2021\/09\/Screenshot-from-2021-09-08-11-07-03.jpg\" \/>\n\t<meta property=\"og:image:width\" content=\"639\" \/>\n\t<meta property=\"og:image:height\" content=\"424\" \/>\n\t<meta property=\"og:image:type\" content=\"image\/jpeg\" \/>\n<meta name=\"author\" content=\"M. N., STA\" \/>\n<meta name=\"twitter:card\" content=\"summary_large_image\" \/>\n<meta name=\"twitter:creator\" content=\"@hudo_si\" \/>\n<meta name=\"twitter:site\" content=\"@hudo_si\" \/>\n<meta name=\"twitter:label1\" content=\"Written by\" \/>\n\t<meta name=\"twitter:data1\" content=\"M. N., STA\" \/>\n\t<meta name=\"twitter:label2\" content=\"Est. reading time\" \/>\n\t<meta name=\"twitter:data2\" content=\"2 minuti\" \/>\n<script type=\"application\/ld+json\" class=\"yoast-schema-graph\">{\"@context\":\"https:\/\/schema.org\",\"@graph\":[{\"@type\":\"Article\",\"@id\":\"https:\/\/hudo.com\/si\/aktualno\/poklukar-zadovoljen-celotna-druzba-se-je-ob-tokratnih-dnevih-cepljenja-mobilizirala\/#article\",\"isPartOf\":{\"@id\":\"https:\/\/hudo.com\/si\/aktualno\/poklukar-zadovoljen-celotna-druzba-se-je-ob-tokratnih-dnevih-cepljenja-mobilizirala\/\"},\"author\":{\"name\":\"M. N., STA\",\"@id\":\"https:\/\/hudo.com\/si\/#\/schema\/person\/c2f10ce65d2e6ede2aeda5be2a0611fa\"},\"headline\":\"Poklukar zadovoljen: Celotna dru\u017eba se je ob tokratnih Dnevih cepljenja mobilizirala\",\"datePublished\":\"2022-01-13T15:17:00+00:00\",\"dateModified\":\"2022-01-13T15:17:00+00:00\",\"mainEntityOfPage\":{\"@id\":\"https:\/\/hudo.com\/si\/aktualno\/poklukar-zadovoljen-celotna-druzba-se-je-ob-tokratnih-dnevih-cepljenja-mobilizirala\/\"},\"wordCount\":480,\"publisher\":{\"@id\":\"https:\/\/hudo.com\/si\/#organization\"},\"keywords\":[\"cepljenje proti covid-19\",\"dnevi cepljenja\",\"Janez Poklukar\",\"Slovenija\"],\"articleSection\":[\"Aktualno\"],\"inLanguage\":\"sl-SI\"},{\"@type\":\"WebPage\",\"@id\":\"https:\/\/hudo.com\/si\/aktualno\/poklukar-zadovoljen-celotna-druzba-se-je-ob-tokratnih-dnevih-cepljenja-mobilizirala\/\",\"url\":\"https:\/\/hudo.com\/si\/aktualno\/poklukar-zadovoljen-celotna-druzba-se-je-ob-tokratnih-dnevih-cepljenja-mobilizirala\/\",\"name\":\"Poklukar zadovoljen: Celotna dru\u017eba se je ob tokratnih Dnevih cepljenja mobilizirala - Hudo Slovenija\",\"isPartOf\":{\"@id\":\"https:\/\/hudo.com\/si\/#website\"},\"datePublished\":\"2022-01-13T15:17:00+00:00\",\"dateModified\":\"2022-01-13T15:17:00+00:00\",\"breadcrumb\":{\"@id\":\"https:\/\/hudo.com\/si\/aktualno\/poklukar-zadovoljen-celotna-druzba-se-je-ob-tokratnih-dnevih-cepljenja-mobilizirala\/#breadcrumb\"},\"inLanguage\":\"sl-SI\",\"potentialAction\":[{\"@type\":\"ReadAction\",\"target\":[\"https:\/\/hudo.com\/si\/aktualno\/poklukar-zadovoljen-celotna-druzba-se-je-ob-tokratnih-dnevih-cepljenja-mobilizirala\/\"]}]},{\"@type\":\"BreadcrumbList\",\"@id\":\"https:\/\/hudo.com\/si\/aktualno\/poklukar-zadovoljen-celotna-druzba-se-je-ob-tokratnih-dnevih-cepljenja-mobilizirala\/#breadcrumb\",\"itemListElement\":[{\"@type\":\"ListItem\",\"position\":1,\"name\":\"Home\",\"item\":\"https:\/\/hudo.com\/si\/\"},{\"@type\":\"ListItem\",\"position\":2,\"name\":\"Poklukar zadovoljen: Celotna dru\u017eba se je ob tokratnih Dnevih cepljenja mobilizirala\"}]},{\"@type\":\"WebSite\",\"@id\":\"https:\/\/hudo.com\/si\/#website\",\"url\":\"https:\/\/hudo.com\/si\/\",\"name\":\"Hudo Slovenija\",\"description\":\"Vse novice iz Slovenije in sveta\",\"publisher\":{\"@id\":\"https:\/\/hudo.com\/si\/#organization\"},\"potentialAction\":[{\"@type\":\"SearchAction\",\"target\":{\"@type\":\"EntryPoint\",\"urlTemplate\":\"https:\/\/hudo.com\/si\/?s={search_term_string}\"},\"query-input\":\"required name=search_term_string\"}],\"inLanguage\":\"sl-SI\"},{\"@type\":\"Organization\",\"@id\":\"https:\/\/hudo.com\/si\/#organization\",\"name\":\"VSN Media\",\"url\":\"https:\/\/hudo.com\/si\/\",\"logo\":{\"@type\":\"ImageObject\",\"inLanguage\":\"sl-SI\",\"@id\":\"https:\/\/hudo.com\/si\/#\/schema\/logo\/image\/\",\"url\":\"https:\/\/hudo.com\/si\/wp-content\/uploads\/sites\/2\/2021\/03\/hudo-app-2.png\",\"contentUrl\":\"https:\/\/hudo.com\/si\/wp-content\/uploads\/sites\/2\/2021\/03\/hudo-app-2.png\",\"width\":2185,\"height\":2167,\"caption\":\"VSN Media\"},\"image\":{\"@id\":\"https:\/\/hudo.com\/si\/#\/schema\/logo\/image\/\"},\"sameAs\":[\"https:\/\/www.facebook.com\/hudo.si\",\"https:\/\/twitter.com\/hudo_si\"]},{\"@type\":\"Person\",\"@id\":\"https:\/\/hudo.com\/si\/#\/schema\/person\/c2f10ce65d2e6ede2aeda5be2a0611fa\",\"name\":\"M. N., STA\",\"image\":{\"@type\":\"ImageObject\",\"inLanguage\":\"sl-SI\",\"@id\":\"https:\/\/hudo.com\/si\/#\/schema\/person\/image\/\",\"url\":\"https:\/\/secure.gravatar.com\/avatar\/f370d38daa10467f755c5c766a4cac20?s=96&d=mm&r=g\",\"contentUrl\":\"https:\/\/secure.gravatar.com\/avatar\/f370d38daa10467f755c5c766a4cac20?s=96&d=mm&r=g\",\"caption\":\"M. N., STA\"},\"url\":\"https:\/\/hudo.com\/si\/author\/mana\/\"}]}<\/script>\n<!-- \/ Yoast SEO plugin. -->","yoast_head_json":{"title":"Poklukar zadovoljen: Celotna dru\u017eba se je ob tokratnih Dnevih cepljenja mobilizirala - Hudo Slovenija","robots":{"index":"index","follow":"follow","max-snippet":"max-snippet:-1","max-image-preview":"max-image-preview:large","max-video-preview":"max-video-preview:-1"},"canonical":"https:\/\/hudo.com\/si\/aktualno\/poklukar-zadovoljen-celotna-druzba-se-je-ob-tokratnih-dnevih-cepljenja-mobilizirala\/","og_locale":"sl_SI","og_type":"article","og_title":"Poklukar zadovoljen: Celotna dru\u017eba se je ob tokratnih Dnevih cepljenja mobilizirala - Hudo Slovenija","og_description":"Minister za zdravje Janez Poklukar je danes obiskal Thermano La\u0161ko, ki med drugim izvaja tudi rehabilitacijo bolnikov po prebolelem covidu-19. Kot je ob obisku ocenil minister, se je celotna dru\u017eba mobilizirala ob tokratnih Dnevih cepljenja, ki so se za\u010deli danes in bodo potekali do sobote. Znova pa je pozval dr\u017eavljane k cepljenju proti covidu-19.","og_url":"https:\/\/hudo.com\/si\/aktualno\/poklukar-zadovoljen-celotna-druzba-se-je-ob-tokratnih-dnevih-cepljenja-mobilizirala\/","og_site_name":"Hudo Slovenija","article_publisher":"https:\/\/www.facebook.com\/hudo.si","article_published_time":"2022-01-13T15:17:00+00:00","og_image":[{"width":639,"height":424,"url":"https:\/\/hudo.com\/si\/wp-content\/uploads\/sites\/2\/2021\/09\/Screenshot-from-2021-09-08-11-07-03.jpg","type":"image\/jpeg"}],"author":"M. N., STA","twitter_card":"summary_large_image","twitter_creator":"@hudo_si","twitter_site":"@hudo_si","twitter_misc":{"Written by":"M. N., STA","Est. reading time":"2 minuti"},"schema":{"@context":"https:\/\/schema.org","@graph":[{"@type":"Article","@id":"https:\/\/hudo.com\/si\/aktualno\/poklukar-zadovoljen-celotna-druzba-se-je-ob-tokratnih-dnevih-cepljenja-mobilizirala\/#article","isPartOf":{"@id":"https:\/\/hudo.com\/si\/aktualno\/poklukar-zadovoljen-celotna-druzba-se-je-ob-tokratnih-dnevih-cepljenja-mobilizirala\/"},"author":{"name":"M. N., STA","@id":"https:\/\/hudo.com\/si\/#\/schema\/person\/c2f10ce65d2e6ede2aeda5be2a0611fa"},"headline":"Poklukar zadovoljen: Celotna dru\u017eba se je ob tokratnih Dnevih cepljenja mobilizirala","datePublished":"2022-01-13T15:17:00+00:00","dateModified":"2022-01-13T15:17:00+00:00","mainEntityOfPage":{"@id":"https:\/\/hudo.com\/si\/aktualno\/poklukar-zadovoljen-celotna-druzba-se-je-ob-tokratnih-dnevih-cepljenja-mobilizirala\/"},"wordCount":480,"publisher":{"@id":"https:\/\/hudo.com\/si\/#organization"},"keywords":["cepljenje proti covid-19","dnevi cepljenja","Janez Poklukar","Slovenija"],"articleSection":["Aktualno"],"inLanguage":"sl-SI"},{"@type":"WebPage","@id":"https:\/\/hudo.com\/si\/aktualno\/poklukar-zadovoljen-celotna-druzba-se-je-ob-tokratnih-dnevih-cepljenja-mobilizirala\/","url":"https:\/\/hudo.com\/si\/aktualno\/poklukar-zadovoljen-celotna-druzba-se-je-ob-tokratnih-dnevih-cepljenja-mobilizirala\/","name":"Poklukar zadovoljen: Celotna dru\u017eba se je ob tokratnih Dnevih cepljenja mobilizirala - Hudo Slovenija","isPartOf":{"@id":"https:\/\/hudo.com\/si\/#website"},"datePublished":"2022-01-13T15:17:00+00:00","dateModified":"2022-01-13T15:17:00+00:00","breadcrumb":{"@id":"https:\/\/hudo.com\/si\/aktualno\/poklukar-zadovoljen-celotna-druzba-se-je-ob-tokratnih-dnevih-cepljenja-mobilizirala\/#breadcrumb"},"inLanguage":"sl-SI","potentialAction":[{"@type":"ReadAction","target":["https:\/\/hudo.com\/si\/aktualno\/poklukar-zadovoljen-celotna-druzba-se-je-ob-tokratnih-dnevih-cepljenja-mobilizirala\/"]}]},{"@type":"BreadcrumbList","@id":"https:\/\/hudo.com\/si\/aktualno\/poklukar-zadovoljen-celotna-druzba-se-je-ob-tokratnih-dnevih-cepljenja-mobilizirala\/#breadcrumb","itemListElement":[{"@type":"ListItem","position":1,"name":"Home","item":"https:\/\/hudo.com\/si\/"},{"@type":"ListItem","position":2,"name":"Poklukar zadovoljen: Celotna dru\u017eba se je ob tokratnih Dnevih cepljenja mobilizirala"}]},{"@type":"WebSite","@id":"https:\/\/hudo.com\/si\/#website","url":"https:\/\/hudo.com\/si\/","name":"Hudo Slovenija","description":"Vse novice iz Slovenije in sveta","publisher":{"@id":"https:\/\/hudo.com\/si\/#organization"},"potentialAction":[{"@type":"SearchAction","target":{"@type":"EntryPoint","urlTemplate":"https:\/\/hudo.com\/si\/?s={search_term_string}"},"query-input":"required name=search_term_string"}],"inLanguage":"sl-SI"},{"@type":"Organization","@id":"https:\/\/hudo.com\/si\/#organization","name":"VSN Media","url":"https:\/\/hudo.com\/si\/","logo":{"@type":"ImageObject","inLanguage":"sl-SI","@id":"https:\/\/hudo.com\/si\/#\/schema\/logo\/image\/","url":"https:\/\/hudo.com\/si\/wp-content\/uploads\/sites\/2\/2021\/03\/hudo-app-2.png","contentUrl":"https:\/\/hudo.com\/si\/wp-content\/uploads\/sites\/2\/2021\/03\/hudo-app-2.png","width":2185,"height":2167,"caption":"VSN Media"},"image":{"@id":"https:\/\/hudo.com\/si\/#\/schema\/logo\/image\/"},"sameAs":["https:\/\/www.facebook.com\/hudo.si","https:\/\/twitter.com\/hudo_si"]},{"@type":"Person","@id":"https:\/\/hudo.com\/si\/#\/schema\/person\/c2f10ce65d2e6ede2aeda5be2a0611fa","name":"M. N., STA","image":{"@type":"ImageObject","inLanguage":"sl-SI","@id":"https:\/\/hudo.com\/si\/#\/schema\/person\/image\/","url":"https:\/\/secure.gravatar.com\/avatar\/f370d38daa10467f755c5c766a4cac20?s=96&d=mm&r=g","contentUrl":"https:\/\/secure.gravatar.com\/avatar\/f370d38daa10467f755c5c766a4cac20?s=96&d=mm&r=g","caption":"M. N., STA"},"url":"https:\/\/hudo.com\/si\/author\/mana\/"}]}},"amp_enabled":true,"_links":{"self":[{"href":"https:\/\/hudo.com\/si\/wp-json\/wp\/v2\/posts\/463821"}],"collection":[{"href":"https:\/\/hudo.com\/si\/wp-json\/wp\/v2\/posts"}],"about":[{"href":"https:\/\/hudo.com\/si\/wp-json\/wp\/v2\/types\/post"}],"author":[{"embeddable":true,"href":"https:\/\/hudo.com\/si\/wp-json\/wp\/v2\/users\/8"}],"replies":[{"embeddable":true,"href":"https:\/\/hudo.com\/si\/wp-json\/wp\/v2\/comments?post=463821"}],"version-history":[{"count":1,"href":"https:\/\/hudo.com\/si\/wp-json\/wp\/v2\/posts\/463821\/revisions"}],"predecessor-version":[{"id":463822,"href":"https:\/\/hudo.com\/si\/wp-json\/wp\/v2\/posts\/463821\/revisions\/463822"}],"wp:featuredmedia":[{"embeddable":true,"href":"https:\/\/hudo.com\/si\/wp-json\/wp\/v2\/media\/457424"}],"wp:attachment":[{"href":"https:\/\/hudo.com\/si\/wp-json\/wp\/v2\/media?parent=463821"}],"wp:term":[{"taxonomy":"category","embeddable":true,"href":"https:\/\/hudo.com\/si\/wp-json\/wp\/v2\/categories?post=463821"},{"taxonomy":"post_tag","embeddable":true,"href":"https:\/\/hudo.com\/si\/wp-json\/wp\/v2\/tags?post=463821"},{"taxonomy":"source","embeddable":true,"href":"https:\/\/hudo.com\/si\/wp-json\/wp\/v2\/source?post=463821"},{"taxonomy":"supertag","embeddable":true,"href":"https:\/\/hudo.com\/si\/wp-json\/wp\/v2\/supertag?post=463821"}],"curies":[{"name":"wp","href":"https:\/\/api.w.org\/{rel}","templated":true}]}}