{"id":46387,"date":"2016-05-05T19:00:00","date_gmt":"2016-05-05T17:00:00","guid":{"rendered":"http:\/\/hudo.com\/si\/2016\/05\/05\/nemski-in-nasi-vojaki-v-varcevalnem-primezu\/"},"modified":"2016-05-05T22:11:12","modified_gmt":"2016-05-05T20:11:12","slug":"nemski-in-nasi-vojaki-v-varcevalnem-primezu","status":"publish","type":"post","link":"https:\/\/hudo.com\/si\/aktualno\/nemski-in-nasi-vojaki-v-varcevalnem-primezu\/","title":{"rendered":"Nem\u0161ki in na\u0161i vojaki v var\u010devalnem prime\u017eu"},"content":{"rendered":"<p>Kategorija: Politika Thu, 05 May 2016 21:00:00 +0200  Ljubljana \u2013 Slovenska vojska ni edina, ki jo pesti pomanjkanje denarja. Nem\u0161ki vojaki so zaradi pomanjkanja denarja pred\u010dasno zapustili vajo zveze Nato. Kot ka\u017ee dogajanje v dr\u017eavnem zboru, pa se finan\u010dni polo\u017eaj na\u0161e vojske, ki bi ji morali nameniti znatno ve\u010d sredstev, kmalu ne bo izbolj\u0161al. Poslanci so danes na predlog stranke SDS skupaj z voja\u0161ko-obrambnim vrhom pretresali stanje v Slovenski vojski (SV). Da je treba nekaj spremeniti, se zaveda tudi obrambna ministrica Andreja Kati\u010d, ki je poslancem (spet) povedala, da obrambni resor deli usodo stabilizacije javnih financ. To pomeni, je pojasnila, da bo postopno vi\u0161anje prora\u010dunskih sredstev, namenjenih vojski, mogo\u010de \u0161ele v srednjero\u010dnem, in ne v kratkoro\u010dnem obdobju: \u00bbZaradi tega je bilo sklicanih \u017ee 34 sej odbora za obrambo in nesporno dejstvo je, da obrambni resor zahteva celovito sistemsko\u00a0&#8230;<\/p>\n","protected":false},"excerpt":{"rendered":"<p>Kategorija: Politika Thu, 05 May 2016 21:00:00 +0200  Ljubljana \u2013 Slovenska vojska ni edina, ki jo pesti pomanjkanje denarja. Nem\u0161ki vojaki so zaradi pomanjkanja denarja pred\u010dasno zapustili vajo zveze Nato. Kot ka\u017ee dogajanje v dr\u017eavnem zboru, pa se finan\u010dni polo\u017eaj na\u0161e vojske, ki bi ji morali nameniti znatno ve\u010d sredstev, kmalu ne bo izbolj\u0161al. Poslanci so danes na predlog stranke SDS skupaj z voja\u0161ko-obrambnim vrhom pretresali stanje v Slovenski vojski (SV). Da je treba nekaj spremeniti, se zaveda tudi obrambna ministrica Andreja Kati\u010d, ki je poslancem (spet) povedala, da obrambni resor deli usodo stabilizacije javnih financ. To pomeni, je pojasnila, da bo postopno vi\u0161anje prora\u010dunskih sredstev, namenjenih vojski, mogo\u010de \u0161ele v srednjero\u010dnem, in ne v kratkoro\u010dnem obdobju: \u00bbZaradi tega je bilo sklicanih \u017ee 34 sej odbora za obrambo in nesporno dejstvo je, da obrambni resor zahteva celovito sistemsko\u00a0&#8230;<\/p>\n","protected":false},"author":1,"featured_media":0,"comment_status":"closed","ping_status":"closed","sticky":false,"template":"","format":"standard","meta":{"footnotes":""},"categories":[1179],"tags":[],"source":[4511],"supertag":[],"acf":[],"yoast_head":"<!-- This site is optimized with the Yoast SEO plugin v21.3 - https:\/\/yoast.com\/wordpress\/plugins\/seo\/ -->\n<title>Nem\u0161ki in na\u0161i vojaki v var\u010devalnem prime\u017eu - Hudo Slovenija<\/title>\n<meta name=\"robots\" content=\"index, follow, max-snippet:-1, max-image-preview:large, max-video-preview:-1\" \/>\n<link rel=\"canonical\" href=\"https:\/\/hudo.com\/si\/aktualno\/nemski-in-nasi-vojaki-v-varcevalnem-primezu\/\" \/>\n<meta property=\"og:locale\" content=\"sl_SI\" \/>\n<meta property=\"og:type\" content=\"article\" \/>\n<meta property=\"og:title\" content=\"Nem\u0161ki in na\u0161i vojaki v var\u010devalnem prime\u017eu - Hudo Slovenija\" \/>\n<meta property=\"og:description\" content=\"Kategorija: Politika Thu, 05 May 2016 21:00:00 +0200 Ljubljana \u2013 Slovenska vojska ni edina, ki jo pesti pomanjkanje denarja. Nem\u0161ki vojaki so zaradi pomanjkanja denarja pred\u010dasno zapustili vajo zveze Nato. Kot ka\u017ee dogajanje v dr\u017eavnem zboru, pa se finan\u010dni polo\u017eaj na\u0161e vojske, ki bi ji morali nameniti znatno ve\u010d sredstev, kmalu ne bo izbolj\u0161al. Poslanci so danes na predlog stranke SDS skupaj z voja\u0161ko-obrambnim vrhom pretresali stanje v Slovenski vojski (SV). Da je treba nekaj spremeniti, se zaveda tudi obrambna ministrica Andreja Kati\u010d, ki je poslancem (spet) povedala, da obrambni resor deli usodo stabilizacije javnih financ. To pomeni, je pojasnila, da bo postopno vi\u0161anje prora\u010dunskih sredstev, namenjenih vojski, mogo\u010de \u0161ele v srednjero\u010dnem, in ne v kratkoro\u010dnem obdobju: \u00bbZaradi tega je bilo sklicanih \u017ee 34 sej odbora za obrambo in nesporno dejstvo je, da obrambni resor zahteva celovito sistemsko\u00a0...\" \/>\n<meta property=\"og:url\" content=\"https:\/\/hudo.com\/si\/aktualno\/nemski-in-nasi-vojaki-v-varcevalnem-primezu\/\" \/>\n<meta property=\"og:site_name\" content=\"Hudo Slovenija\" \/>\n<meta property=\"article:publisher\" content=\"https:\/\/www.facebook.com\/hudo.si\" \/>\n<meta property=\"article:published_time\" content=\"2016-05-05T17:00:00+00:00\" \/>\n<meta property=\"article:modified_time\" content=\"2016-05-05T20:11:12+00:00\" \/>\n<meta property=\"og:image\" content=\"https:\/\/hudo.com\/si\/wp-content\/uploads\/sites\/2\/2016\/05\/480x290_2_stran__RTX1UVYM_hires0.jpeg\" \/>\n\t<meta property=\"og:image:width\" content=\"480\" \/>\n\t<meta property=\"og:image:height\" content=\"290\" \/>\n\t<meta property=\"og:image:type\" content=\"image\/jpeg\" \/>\n<meta name=\"author\" content=\"hudo\" \/>\n<meta name=\"twitter:card\" content=\"summary_large_image\" \/>\n<meta name=\"twitter:creator\" content=\"@hudo_si\" \/>\n<meta name=\"twitter:site\" content=\"@hudo_si\" \/>\n<meta name=\"twitter:label1\" content=\"Written by\" \/>\n\t<meta name=\"twitter:data1\" content=\"hudo\" \/>\n\t<meta name=\"twitter:label2\" content=\"Est. reading time\" \/>\n\t<meta name=\"twitter:data2\" content=\"1 minuta\" \/>\n<script type=\"application\/ld+json\" class=\"yoast-schema-graph\">{\"@context\":\"https:\/\/schema.org\",\"@graph\":[{\"@type\":\"Article\",\"@id\":\"https:\/\/hudo.com\/si\/aktualno\/nemski-in-nasi-vojaki-v-varcevalnem-primezu\/#article\",\"isPartOf\":{\"@id\":\"https:\/\/hudo.com\/si\/aktualno\/nemski-in-nasi-vojaki-v-varcevalnem-primezu\/\"},\"author\":{\"name\":\"hudo\",\"@id\":\"https:\/\/hudo.com\/si\/#\/schema\/person\/601cf3379633985b20f7e50f2bb47707\"},\"headline\":\"Nem\u0161ki in na\u0161i vojaki v var\u010devalnem prime\u017eu\",\"datePublished\":\"2016-05-05T17:00:00+00:00\",\"dateModified\":\"2016-05-05T20:11:12+00:00\",\"mainEntityOfPage\":{\"@id\":\"https:\/\/hudo.com\/si\/aktualno\/nemski-in-nasi-vojaki-v-varcevalnem-primezu\/\"},\"wordCount\":157,\"publisher\":{\"@id\":\"https:\/\/hudo.com\/si\/#organization\"},\"articleSection\":[\"Aktualno\"],\"inLanguage\":\"sl-SI\"},{\"@type\":\"WebPage\",\"@id\":\"https:\/\/hudo.com\/si\/aktualno\/nemski-in-nasi-vojaki-v-varcevalnem-primezu\/\",\"url\":\"https:\/\/hudo.com\/si\/aktualno\/nemski-in-nasi-vojaki-v-varcevalnem-primezu\/\",\"name\":\"Nem\u0161ki in na\u0161i vojaki v var\u010devalnem prime\u017eu - Hudo Slovenija\",\"isPartOf\":{\"@id\":\"https:\/\/hudo.com\/si\/#website\"},\"datePublished\":\"2016-05-05T17:00:00+00:00\",\"dateModified\":\"2016-05-05T20:11:12+00:00\",\"breadcrumb\":{\"@id\":\"https:\/\/hudo.com\/si\/aktualno\/nemski-in-nasi-vojaki-v-varcevalnem-primezu\/#breadcrumb\"},\"inLanguage\":\"sl-SI\",\"potentialAction\":[{\"@type\":\"ReadAction\",\"target\":[\"https:\/\/hudo.com\/si\/aktualno\/nemski-in-nasi-vojaki-v-varcevalnem-primezu\/\"]}]},{\"@type\":\"BreadcrumbList\",\"@id\":\"https:\/\/hudo.com\/si\/aktualno\/nemski-in-nasi-vojaki-v-varcevalnem-primezu\/#breadcrumb\",\"itemListElement\":[{\"@type\":\"ListItem\",\"position\":1,\"name\":\"Home\",\"item\":\"https:\/\/hudo.com\/si\/\"},{\"@type\":\"ListItem\",\"position\":2,\"name\":\"Nem\u0161ki in na\u0161i vojaki v var\u010devalnem prime\u017eu\"}]},{\"@type\":\"WebSite\",\"@id\":\"https:\/\/hudo.com\/si\/#website\",\"url\":\"https:\/\/hudo.com\/si\/\",\"name\":\"Hudo Slovenija\",\"description\":\"Vse novice iz Slovenije in sveta\",\"publisher\":{\"@id\":\"https:\/\/hudo.com\/si\/#organization\"},\"potentialAction\":[{\"@type\":\"SearchAction\",\"target\":{\"@type\":\"EntryPoint\",\"urlTemplate\":\"https:\/\/hudo.com\/si\/?s={search_term_string}\"},\"query-input\":\"required name=search_term_string\"}],\"inLanguage\":\"sl-SI\"},{\"@type\":\"Organization\",\"@id\":\"https:\/\/hudo.com\/si\/#organization\",\"name\":\"VSN Media\",\"url\":\"https:\/\/hudo.com\/si\/\",\"logo\":{\"@type\":\"ImageObject\",\"inLanguage\":\"sl-SI\",\"@id\":\"https:\/\/hudo.com\/si\/#\/schema\/logo\/image\/\",\"url\":\"https:\/\/hudo.com\/si\/wp-content\/uploads\/sites\/2\/2021\/03\/hudo-app-2.png\",\"contentUrl\":\"https:\/\/hudo.com\/si\/wp-content\/uploads\/sites\/2\/2021\/03\/hudo-app-2.png\",\"width\":2185,\"height\":2167,\"caption\":\"VSN Media\"},\"image\":{\"@id\":\"https:\/\/hudo.com\/si\/#\/schema\/logo\/image\/\"},\"sameAs\":[\"https:\/\/www.facebook.com\/hudo.si\",\"https:\/\/twitter.com\/hudo_si\"]},{\"@type\":\"Person\",\"@id\":\"https:\/\/hudo.com\/si\/#\/schema\/person\/601cf3379633985b20f7e50f2bb47707\",\"name\":\"hudo\",\"image\":{\"@type\":\"ImageObject\",\"inLanguage\":\"sl-SI\",\"@id\":\"https:\/\/hudo.com\/si\/#\/schema\/person\/image\/\",\"url\":\"https:\/\/secure.gravatar.com\/avatar\/c4ca25fa72cace7a696b52ff5db9e095?s=96&d=mm&r=g\",\"contentUrl\":\"https:\/\/secure.gravatar.com\/avatar\/c4ca25fa72cace7a696b52ff5db9e095?s=96&d=mm&r=g\",\"caption\":\"hudo\"},\"url\":\"https:\/\/hudo.com\/si\/author\/hudo\/\"}]}<\/script>\n<!-- \/ Yoast SEO plugin. -->","yoast_head_json":{"title":"Nem\u0161ki in na\u0161i vojaki v var\u010devalnem prime\u017eu - Hudo Slovenija","robots":{"index":"index","follow":"follow","max-snippet":"max-snippet:-1","max-image-preview":"max-image-preview:large","max-video-preview":"max-video-preview:-1"},"canonical":"https:\/\/hudo.com\/si\/aktualno\/nemski-in-nasi-vojaki-v-varcevalnem-primezu\/","og_locale":"sl_SI","og_type":"article","og_title":"Nem\u0161ki in na\u0161i vojaki v var\u010devalnem prime\u017eu - Hudo Slovenija","og_description":"Kategorija: Politika Thu, 05 May 2016 21:00:00 +0200 Ljubljana \u2013 Slovenska vojska ni edina, ki jo pesti pomanjkanje denarja. Nem\u0161ki vojaki so zaradi pomanjkanja denarja pred\u010dasno zapustili vajo zveze Nato. Kot ka\u017ee dogajanje v dr\u017eavnem zboru, pa se finan\u010dni polo\u017eaj na\u0161e vojske, ki bi ji morali nameniti znatno ve\u010d sredstev, kmalu ne bo izbolj\u0161al. Poslanci so danes na predlog stranke SDS skupaj z voja\u0161ko-obrambnim vrhom pretresali stanje v Slovenski vojski (SV). Da je treba nekaj spremeniti, se zaveda tudi obrambna ministrica Andreja Kati\u010d, ki je poslancem (spet) povedala, da obrambni resor deli usodo stabilizacije javnih financ. To pomeni, je pojasnila, da bo postopno vi\u0161anje prora\u010dunskih sredstev, namenjenih vojski, mogo\u010de \u0161ele v srednjero\u010dnem, in ne v kratkoro\u010dnem obdobju: \u00bbZaradi tega je bilo sklicanih \u017ee 34 sej odbora za obrambo in nesporno dejstvo je, da obrambni resor zahteva celovito sistemsko\u00a0...","og_url":"https:\/\/hudo.com\/si\/aktualno\/nemski-in-nasi-vojaki-v-varcevalnem-primezu\/","og_site_name":"Hudo Slovenija","article_publisher":"https:\/\/www.facebook.com\/hudo.si","article_published_time":"2016-05-05T17:00:00+00:00","article_modified_time":"2016-05-05T20:11:12+00:00","og_image":[{"width":480,"height":290,"url":"https:\/\/hudo.com\/si\/wp-content\/uploads\/sites\/2\/2016\/05\/480x290_2_stran__RTX1UVYM_hires0.jpeg","type":"image\/jpeg"}],"author":"hudo","twitter_card":"summary_large_image","twitter_creator":"@hudo_si","twitter_site":"@hudo_si","twitter_misc":{"Written by":"hudo","Est. reading time":"1 minuta"},"schema":{"@context":"https:\/\/schema.org","@graph":[{"@type":"Article","@id":"https:\/\/hudo.com\/si\/aktualno\/nemski-in-nasi-vojaki-v-varcevalnem-primezu\/#article","isPartOf":{"@id":"https:\/\/hudo.com\/si\/aktualno\/nemski-in-nasi-vojaki-v-varcevalnem-primezu\/"},"author":{"name":"hudo","@id":"https:\/\/hudo.com\/si\/#\/schema\/person\/601cf3379633985b20f7e50f2bb47707"},"headline":"Nem\u0161ki in na\u0161i vojaki v var\u010devalnem prime\u017eu","datePublished":"2016-05-05T17:00:00+00:00","dateModified":"2016-05-05T20:11:12+00:00","mainEntityOfPage":{"@id":"https:\/\/hudo.com\/si\/aktualno\/nemski-in-nasi-vojaki-v-varcevalnem-primezu\/"},"wordCount":157,"publisher":{"@id":"https:\/\/hudo.com\/si\/#organization"},"articleSection":["Aktualno"],"inLanguage":"sl-SI"},{"@type":"WebPage","@id":"https:\/\/hudo.com\/si\/aktualno\/nemski-in-nasi-vojaki-v-varcevalnem-primezu\/","url":"https:\/\/hudo.com\/si\/aktualno\/nemski-in-nasi-vojaki-v-varcevalnem-primezu\/","name":"Nem\u0161ki in na\u0161i vojaki v var\u010devalnem prime\u017eu - Hudo Slovenija","isPartOf":{"@id":"https:\/\/hudo.com\/si\/#website"},"datePublished":"2016-05-05T17:00:00+00:00","dateModified":"2016-05-05T20:11:12+00:00","breadcrumb":{"@id":"https:\/\/hudo.com\/si\/aktualno\/nemski-in-nasi-vojaki-v-varcevalnem-primezu\/#breadcrumb"},"inLanguage":"sl-SI","potentialAction":[{"@type":"ReadAction","target":["https:\/\/hudo.com\/si\/aktualno\/nemski-in-nasi-vojaki-v-varcevalnem-primezu\/"]}]},{"@type":"BreadcrumbList","@id":"https:\/\/hudo.com\/si\/aktualno\/nemski-in-nasi-vojaki-v-varcevalnem-primezu\/#breadcrumb","itemListElement":[{"@type":"ListItem","position":1,"name":"Home","item":"https:\/\/hudo.com\/si\/"},{"@type":"ListItem","position":2,"name":"Nem\u0161ki in na\u0161i vojaki v var\u010devalnem prime\u017eu"}]},{"@type":"WebSite","@id":"https:\/\/hudo.com\/si\/#website","url":"https:\/\/hudo.com\/si\/","name":"Hudo Slovenija","description":"Vse novice iz Slovenije in sveta","publisher":{"@id":"https:\/\/hudo.com\/si\/#organization"},"potentialAction":[{"@type":"SearchAction","target":{"@type":"EntryPoint","urlTemplate":"https:\/\/hudo.com\/si\/?s={search_term_string}"},"query-input":"required name=search_term_string"}],"inLanguage":"sl-SI"},{"@type":"Organization","@id":"https:\/\/hudo.com\/si\/#organization","name":"VSN Media","url":"https:\/\/hudo.com\/si\/","logo":{"@type":"ImageObject","inLanguage":"sl-SI","@id":"https:\/\/hudo.com\/si\/#\/schema\/logo\/image\/","url":"https:\/\/hudo.com\/si\/wp-content\/uploads\/sites\/2\/2021\/03\/hudo-app-2.png","contentUrl":"https:\/\/hudo.com\/si\/wp-content\/uploads\/sites\/2\/2021\/03\/hudo-app-2.png","width":2185,"height":2167,"caption":"VSN Media"},"image":{"@id":"https:\/\/hudo.com\/si\/#\/schema\/logo\/image\/"},"sameAs":["https:\/\/www.facebook.com\/hudo.si","https:\/\/twitter.com\/hudo_si"]},{"@type":"Person","@id":"https:\/\/hudo.com\/si\/#\/schema\/person\/601cf3379633985b20f7e50f2bb47707","name":"hudo","image":{"@type":"ImageObject","inLanguage":"sl-SI","@id":"https:\/\/hudo.com\/si\/#\/schema\/person\/image\/","url":"https:\/\/secure.gravatar.com\/avatar\/c4ca25fa72cace7a696b52ff5db9e095?s=96&d=mm&r=g","contentUrl":"https:\/\/secure.gravatar.com\/avatar\/c4ca25fa72cace7a696b52ff5db9e095?s=96&d=mm&r=g","caption":"hudo"},"url":"https:\/\/hudo.com\/si\/author\/hudo\/"}]}},"amp_enabled":true,"_links":{"self":[{"href":"https:\/\/hudo.com\/si\/wp-json\/wp\/v2\/posts\/46387"}],"collection":[{"href":"https:\/\/hudo.com\/si\/wp-json\/wp\/v2\/posts"}],"about":[{"href":"https:\/\/hudo.com\/si\/wp-json\/wp\/v2\/types\/post"}],"author":[{"embeddable":true,"href":"https:\/\/hudo.com\/si\/wp-json\/wp\/v2\/users\/1"}],"replies":[{"embeddable":true,"href":"https:\/\/hudo.com\/si\/wp-json\/wp\/v2\/comments?post=46387"}],"version-history":[{"count":1,"href":"https:\/\/hudo.com\/si\/wp-json\/wp\/v2\/posts\/46387\/revisions"}],"predecessor-version":[{"id":46420,"href":"https:\/\/hudo.com\/si\/wp-json\/wp\/v2\/posts\/46387\/revisions\/46420"}],"wp:attachment":[{"href":"https:\/\/hudo.com\/si\/wp-json\/wp\/v2\/media?parent=46387"}],"wp:term":[{"taxonomy":"category","embeddable":true,"href":"https:\/\/hudo.com\/si\/wp-json\/wp\/v2\/categories?post=46387"},{"taxonomy":"post_tag","embeddable":true,"href":"https:\/\/hudo.com\/si\/wp-json\/wp\/v2\/tags?post=46387"},{"taxonomy":"source","embeddable":true,"href":"https:\/\/hudo.com\/si\/wp-json\/wp\/v2\/source?post=46387"},{"taxonomy":"supertag","embeddable":true,"href":"https:\/\/hudo.com\/si\/wp-json\/wp\/v2\/supertag?post=46387"}],"curies":[{"name":"wp","href":"https:\/\/api.w.org\/{rel}","templated":true}]}}