{"id":463969,"date":"2022-01-17T11:32:13","date_gmt":"2022-01-17T10:32:13","guid":{"rendered":"https:\/\/hudo.com\/si\/?p=463969"},"modified":"2022-01-17T11:32:13","modified_gmt":"2022-01-17T10:32:13","slug":"crn-vikend-zahtevne-razmere-v-slovenskih-gorah-terjale-pet-zivljenj","status":"publish","type":"post","link":"https:\/\/hudo.com\/si\/aktualno\/slovenija\/crn-vikend-zahtevne-razmere-v-slovenskih-gorah-terjale-pet-zivljenj\/","title":{"rendered":"\u010crn vikend: Zahtevne razmere v slovenskih gorah terjale pet \u017eivljenj"},"content":{"rendered":"<p>Nesre\u010de s smrtnim izidom v soboto v Bosovi grapi v Kamni\u0161ko-Savinjskih Alpah in v nedeljo na obmo\u010dju Malega Triglava, v katerih so skupno umrli trije gorniki, so se zgodile pri vzponih, ki veljajo \u017ee za alpinisti\u010dne, je za STA danes dejal predsednik komisije za informiranje in analize pri Gorski re\u0161evalni zvezi Slovenije (GRZS) Jani Bele.<\/p>\n<p>V nedeljo zve\u010der se je tragi\u010dna bilanca minulega vikenda \u0161e poslab\u0161ala. Pri sestopu s Komne sta namre\u010d po navedbah centra za obve\u0161\u010danje gornika padla \u010dez prepadne stene. Gorski re\u0161evalci so v no\u010dni iskalno-re\u0161evalni akciji najprej na\u0161li enega preminulega, davi pa \u0161e drugega.<\/p>\n<p>Poleg omenjenih nesre\u010d s smrtnim izidom so re\u0161evalci v soboto posredovali tudi na obmo\u010dju ljubljanske postaje gorske re\u0161evalne slu\u017ebe, kjer je pohodnik umrl zaradi zastoja srca, ob vsem tem pa so konec tedna prisko\u010dili na pomo\u010d \u0161e na \u0160panovem vrhu, Jalenkamnu, Zelenici in gori Vitranc.<\/p>\n<p>Kot pravi Bele, se v zadnjih letih opazno pove\u010duje obisk hribov in gora. Tudi pozimi je obisk mno\u017ei\u010den, v gore zahajajo turni smu\u010darji, pohodniki, plezalci v grapah. To je opazno tudi v zadnjih dneh, ko imamo, razen v meglenih kotlinah, dalj\u0161e obdobje lepega vremena.<\/p>\n<p>Ob tem sicer Bele opa\u017ea, da so ljudje vedno bolj opremljeni, prav tako obstaja velika \u017eelja po pridobivanju znanja. Kar nekaj ponudnikov je, ki ponujajo te\u010daje, in pravijo, da je udele\u017eba zelo dobra, je dejal.<\/p>\n<p>Medtem pa se slovenski pohodniki \u0161e ne poslu\u017eujejo toliko gorskih vodnikov. &#8220;Pri nas je to vse skupaj \u0161e v za\u010detku. Res da nekateri najemajo gorske vodnike, a \u0161e vedno ne toliko kot v tujini, kjer je povpra\u0161evanje po uslugah gorskih vodnikov veliko,&#8221; je dejal Bele.<\/p>\n<p>Za tragi\u010dno ponesre\u010dene na obmo\u010dju Bosove grape, kjer je umrl hrva\u0161ki planinec, in pod Triglavom, kjer sta v lo\u010denih nesre\u010dah umrla slovenski in tuji dr\u017eavljan, je dejal, da so bili dobro pripravljeni za ture. Imeli so ustrezno opremo, a \u017eal nesre\u010da nikoli ne po\u010diva.<\/p>\n<p>Na obmo\u010dju Triglava, kjer je na istem mestu kot ob tokratnih nesre\u010dah pri sestopu z Malega Triglava do podobnih dogodkov prihajalo \u017ee v preteklosti, je pot zelo zahtevna, varovala so skrita pod snegom, nanje se ne more\u0161 zana\u0161ati, zana\u0161a\u0161 se lahko samo na svojo opremo in znanje, je poudaril Bele.<\/p>\n<p>Gorskih re\u0161evalcev je trenutno dovolj, a glede na trend nara\u0161\u010danja nesre\u010d v\u010dasih nastane te\u017eava dobiti zadostno \u0161tevilo re\u0161evalcev, \u0161e posebej, \u010de na obmo\u010dju ene postaje gorske re\u0161evalne slu\u017ebe poteka ve\u010d re\u0161evanj. Lani je bilo re\u0161evanj pri nas spet ve\u010d kot 600, je izpostavil.<\/p>\n<p>Vsem, ki se v zimskih razmerah podajajo v hribe in gore, Bele svetuje, da preu\u010dijo razmere in cilje prilagodijo svojim sposobnostim. Za zimski obisk gora potrebujejo ustrezno opremo in zadosti opreme, prav tako jo morajo znati uporabljati. Sicer pa je znano, da so svoje naredila tudi dru\u017ebena omre\u017eja, kjer objave drugih obiskovalcev hribov in visokogorja verjetno marsikoga zavedejo pri odlo\u010danju o tem, kam se bo podal.<\/p>\n<p>Po zadnjih podatkih Agencije RS za okolje je nevarnost sne\u017enih plazov nad nadmorsko vi\u0161ino okoli 2000 metrov zmerna (2. stopnje), ni\u017eje pa majhna (1. stopnje). Predvsem je na mestih, ki so zaradi vetra spihana, nevarnost zdrsa, opozarjajo na agenciji.<\/p>\n","protected":false},"excerpt":{"rendered":"<p>Lepo vreme je konec tedna mnoge zvabilo v gore, kjer pa so razmere zahtevne. Zgodilo se je ve\u010d nesre\u010d, v katerih je umrlo pet ljudi. Kot opozarja Jani Bele iz GRZS, so razmere zimske in znatno zahtevnej\u0161e od poletnih. Preminuli v Kamni\u0161ko-Savinjskih Alpah in na Triglavu so bili dobro pripravljeni, z ustrezno opremo, a nesre\u010da ne po\u010diva, je dodal.<\/p>\n","protected":false},"author":5,"featured_media":463970,"comment_status":"closed","ping_status":"closed","sticky":false,"template":"","format":"standard","meta":{"footnotes":""},"categories":[18201],"tags":[4688,19706,1595,1650],"source":[4511],"supertag":[7150,5675],"acf":[],"yoast_head":"<!-- This site is optimized with the Yoast SEO plugin v21.3 - https:\/\/yoast.com\/wordpress\/plugins\/seo\/ -->\n<title>\u010crn vikend: Zahtevne razmere v slovenskih gorah terjale pet \u017eivljenj - Hudo Slovenija<\/title>\n<meta name=\"robots\" content=\"index, follow, max-snippet:-1, max-image-preview:large, max-video-preview:-1\" \/>\n<link rel=\"canonical\" href=\"https:\/\/hudo.com\/si\/aktualno\/slovenija\/crn-vikend-zahtevne-razmere-v-slovenskih-gorah-terjale-pet-zivljenj\/\" \/>\n<meta property=\"og:locale\" content=\"sl_SI\" \/>\n<meta property=\"og:type\" content=\"article\" \/>\n<meta property=\"og:title\" content=\"\u010crn vikend: Zahtevne razmere v slovenskih gorah terjale pet \u017eivljenj - Hudo Slovenija\" \/>\n<meta property=\"og:description\" content=\"Lepo vreme je konec tedna mnoge zvabilo v gore, kjer pa so razmere zahtevne. Zgodilo se je ve\u010d nesre\u010d, v katerih je umrlo pet ljudi. Kot opozarja Jani Bele iz GRZS, so razmere zimske in znatno zahtevnej\u0161e od poletnih. Preminuli v Kamni\u0161ko-Savinjskih Alpah in na Triglavu so bili dobro pripravljeni, z ustrezno opremo, a nesre\u010da ne po\u010diva, je dodal.\" \/>\n<meta property=\"og:url\" content=\"https:\/\/hudo.com\/si\/aktualno\/slovenija\/crn-vikend-zahtevne-razmere-v-slovenskih-gorah-terjale-pet-zivljenj\/\" \/>\n<meta property=\"og:site_name\" content=\"Hudo Slovenija\" \/>\n<meta property=\"article:publisher\" content=\"https:\/\/www.facebook.com\/hudo.si\" \/>\n<meta property=\"article:published_time\" content=\"2022-01-17T10:32:13+00:00\" \/>\n<meta property=\"og:image\" content=\"https:\/\/hudo.com\/si\/wp-content\/uploads\/sites\/2\/2022\/01\/Screenshot-from-2022-01-17-11-31-38.jpg\" \/>\n\t<meta property=\"og:image:width\" content=\"912\" \/>\n\t<meta property=\"og:image:height\" content=\"608\" \/>\n\t<meta property=\"og:image:type\" content=\"image\/jpeg\" \/>\n<meta name=\"author\" content=\"A. G., STA\" \/>\n<meta name=\"twitter:card\" content=\"summary_large_image\" \/>\n<meta name=\"twitter:creator\" content=\"@hudo_si\" \/>\n<meta name=\"twitter:site\" content=\"@hudo_si\" \/>\n<meta name=\"twitter:label1\" content=\"Written by\" \/>\n\t<meta name=\"twitter:data1\" content=\"A. G., STA\" \/>\n\t<meta name=\"twitter:label2\" content=\"Est. reading time\" \/>\n\t<meta name=\"twitter:data2\" content=\"3 minute\" \/>\n<script type=\"application\/ld+json\" class=\"yoast-schema-graph\">{\"@context\":\"https:\/\/schema.org\",\"@graph\":[{\"@type\":\"Article\",\"@id\":\"https:\/\/hudo.com\/si\/aktualno\/slovenija\/crn-vikend-zahtevne-razmere-v-slovenskih-gorah-terjale-pet-zivljenj\/#article\",\"isPartOf\":{\"@id\":\"https:\/\/hudo.com\/si\/aktualno\/slovenija\/crn-vikend-zahtevne-razmere-v-slovenskih-gorah-terjale-pet-zivljenj\/\"},\"author\":{\"name\":\"A. G., STA\",\"@id\":\"https:\/\/hudo.com\/si\/#\/schema\/person\/2391667a63ea075ba94f2f2dc6b77537\"},\"headline\":\"\u010crn vikend: Zahtevne razmere v slovenskih gorah terjale pet \u017eivljenj\",\"datePublished\":\"2022-01-17T10:32:13+00:00\",\"dateModified\":\"2022-01-17T10:32:13+00:00\",\"mainEntityOfPage\":{\"@id\":\"https:\/\/hudo.com\/si\/aktualno\/slovenija\/crn-vikend-zahtevne-razmere-v-slovenskih-gorah-terjale-pet-zivljenj\/\"},\"wordCount\":573,\"publisher\":{\"@id\":\"https:\/\/hudo.com\/si\/#organization\"},\"keywords\":[\"\u010drna kronika\",\"gorska nesre\u010da\",\"Slovenija\",\"smrt\"],\"articleSection\":[\"Slovenija\"],\"inLanguage\":\"sl-SI\"},{\"@type\":\"WebPage\",\"@id\":\"https:\/\/hudo.com\/si\/aktualno\/slovenija\/crn-vikend-zahtevne-razmere-v-slovenskih-gorah-terjale-pet-zivljenj\/\",\"url\":\"https:\/\/hudo.com\/si\/aktualno\/slovenija\/crn-vikend-zahtevne-razmere-v-slovenskih-gorah-terjale-pet-zivljenj\/\",\"name\":\"\u010crn vikend: Zahtevne razmere v slovenskih gorah terjale pet \u017eivljenj - Hudo Slovenija\",\"isPartOf\":{\"@id\":\"https:\/\/hudo.com\/si\/#website\"},\"datePublished\":\"2022-01-17T10:32:13+00:00\",\"dateModified\":\"2022-01-17T10:32:13+00:00\",\"breadcrumb\":{\"@id\":\"https:\/\/hudo.com\/si\/aktualno\/slovenija\/crn-vikend-zahtevne-razmere-v-slovenskih-gorah-terjale-pet-zivljenj\/#breadcrumb\"},\"inLanguage\":\"sl-SI\",\"potentialAction\":[{\"@type\":\"ReadAction\",\"target\":[\"https:\/\/hudo.com\/si\/aktualno\/slovenija\/crn-vikend-zahtevne-razmere-v-slovenskih-gorah-terjale-pet-zivljenj\/\"]}]},{\"@type\":\"BreadcrumbList\",\"@id\":\"https:\/\/hudo.com\/si\/aktualno\/slovenija\/crn-vikend-zahtevne-razmere-v-slovenskih-gorah-terjale-pet-zivljenj\/#breadcrumb\",\"itemListElement\":[{\"@type\":\"ListItem\",\"position\":1,\"name\":\"Home\",\"item\":\"https:\/\/hudo.com\/si\/\"},{\"@type\":\"ListItem\",\"position\":2,\"name\":\"\u010crn vikend: Zahtevne razmere v slovenskih gorah terjale pet \u017eivljenj\"}]},{\"@type\":\"WebSite\",\"@id\":\"https:\/\/hudo.com\/si\/#website\",\"url\":\"https:\/\/hudo.com\/si\/\",\"name\":\"Hudo Slovenija\",\"description\":\"Vse novice iz Slovenije in sveta\",\"publisher\":{\"@id\":\"https:\/\/hudo.com\/si\/#organization\"},\"potentialAction\":[{\"@type\":\"SearchAction\",\"target\":{\"@type\":\"EntryPoint\",\"urlTemplate\":\"https:\/\/hudo.com\/si\/?s={search_term_string}\"},\"query-input\":\"required name=search_term_string\"}],\"inLanguage\":\"sl-SI\"},{\"@type\":\"Organization\",\"@id\":\"https:\/\/hudo.com\/si\/#organization\",\"name\":\"VSN Media\",\"url\":\"https:\/\/hudo.com\/si\/\",\"logo\":{\"@type\":\"ImageObject\",\"inLanguage\":\"sl-SI\",\"@id\":\"https:\/\/hudo.com\/si\/#\/schema\/logo\/image\/\",\"url\":\"https:\/\/hudo.com\/si\/wp-content\/uploads\/sites\/2\/2021\/03\/hudo-app-2.png\",\"contentUrl\":\"https:\/\/hudo.com\/si\/wp-content\/uploads\/sites\/2\/2021\/03\/hudo-app-2.png\",\"width\":2185,\"height\":2167,\"caption\":\"VSN Media\"},\"image\":{\"@id\":\"https:\/\/hudo.com\/si\/#\/schema\/logo\/image\/\"},\"sameAs\":[\"https:\/\/www.facebook.com\/hudo.si\",\"https:\/\/twitter.com\/hudo_si\"]},{\"@type\":\"Person\",\"@id\":\"https:\/\/hudo.com\/si\/#\/schema\/person\/2391667a63ea075ba94f2f2dc6b77537\",\"name\":\"A. G., STA\",\"image\":{\"@type\":\"ImageObject\",\"inLanguage\":\"sl-SI\",\"@id\":\"https:\/\/hudo.com\/si\/#\/schema\/person\/image\/\",\"url\":\"https:\/\/secure.gravatar.com\/avatar\/e13d22ac3e442658d5025fbbe6238a79?s=96&d=mm&r=g\",\"contentUrl\":\"https:\/\/secure.gravatar.com\/avatar\/e13d22ac3e442658d5025fbbe6238a79?s=96&d=mm&r=g\",\"caption\":\"A. G., STA\"},\"url\":\"https:\/\/hudo.com\/si\/author\/alenka\/\"}]}<\/script>\n<!-- \/ Yoast SEO plugin. -->","yoast_head_json":{"title":"\u010crn vikend: Zahtevne razmere v slovenskih gorah terjale pet \u017eivljenj - Hudo Slovenija","robots":{"index":"index","follow":"follow","max-snippet":"max-snippet:-1","max-image-preview":"max-image-preview:large","max-video-preview":"max-video-preview:-1"},"canonical":"https:\/\/hudo.com\/si\/aktualno\/slovenija\/crn-vikend-zahtevne-razmere-v-slovenskih-gorah-terjale-pet-zivljenj\/","og_locale":"sl_SI","og_type":"article","og_title":"\u010crn vikend: Zahtevne razmere v slovenskih gorah terjale pet \u017eivljenj - Hudo Slovenija","og_description":"Lepo vreme je konec tedna mnoge zvabilo v gore, kjer pa so razmere zahtevne. Zgodilo se je ve\u010d nesre\u010d, v katerih je umrlo pet ljudi. Kot opozarja Jani Bele iz GRZS, so razmere zimske in znatno zahtevnej\u0161e od poletnih. Preminuli v Kamni\u0161ko-Savinjskih Alpah in na Triglavu so bili dobro pripravljeni, z ustrezno opremo, a nesre\u010da ne po\u010diva, je dodal.","og_url":"https:\/\/hudo.com\/si\/aktualno\/slovenija\/crn-vikend-zahtevne-razmere-v-slovenskih-gorah-terjale-pet-zivljenj\/","og_site_name":"Hudo Slovenija","article_publisher":"https:\/\/www.facebook.com\/hudo.si","article_published_time":"2022-01-17T10:32:13+00:00","og_image":[{"width":912,"height":608,"url":"https:\/\/hudo.com\/si\/wp-content\/uploads\/sites\/2\/2022\/01\/Screenshot-from-2022-01-17-11-31-38.jpg","type":"image\/jpeg"}],"author":"A. G., STA","twitter_card":"summary_large_image","twitter_creator":"@hudo_si","twitter_site":"@hudo_si","twitter_misc":{"Written by":"A. G., STA","Est. reading time":"3 minute"},"schema":{"@context":"https:\/\/schema.org","@graph":[{"@type":"Article","@id":"https:\/\/hudo.com\/si\/aktualno\/slovenija\/crn-vikend-zahtevne-razmere-v-slovenskih-gorah-terjale-pet-zivljenj\/#article","isPartOf":{"@id":"https:\/\/hudo.com\/si\/aktualno\/slovenija\/crn-vikend-zahtevne-razmere-v-slovenskih-gorah-terjale-pet-zivljenj\/"},"author":{"name":"A. G., STA","@id":"https:\/\/hudo.com\/si\/#\/schema\/person\/2391667a63ea075ba94f2f2dc6b77537"},"headline":"\u010crn vikend: Zahtevne razmere v slovenskih gorah terjale pet \u017eivljenj","datePublished":"2022-01-17T10:32:13+00:00","dateModified":"2022-01-17T10:32:13+00:00","mainEntityOfPage":{"@id":"https:\/\/hudo.com\/si\/aktualno\/slovenija\/crn-vikend-zahtevne-razmere-v-slovenskih-gorah-terjale-pet-zivljenj\/"},"wordCount":573,"publisher":{"@id":"https:\/\/hudo.com\/si\/#organization"},"keywords":["\u010drna kronika","gorska nesre\u010da","Slovenija","smrt"],"articleSection":["Slovenija"],"inLanguage":"sl-SI"},{"@type":"WebPage","@id":"https:\/\/hudo.com\/si\/aktualno\/slovenija\/crn-vikend-zahtevne-razmere-v-slovenskih-gorah-terjale-pet-zivljenj\/","url":"https:\/\/hudo.com\/si\/aktualno\/slovenija\/crn-vikend-zahtevne-razmere-v-slovenskih-gorah-terjale-pet-zivljenj\/","name":"\u010crn vikend: Zahtevne razmere v slovenskih gorah terjale pet \u017eivljenj - Hudo Slovenija","isPartOf":{"@id":"https:\/\/hudo.com\/si\/#website"},"datePublished":"2022-01-17T10:32:13+00:00","dateModified":"2022-01-17T10:32:13+00:00","breadcrumb":{"@id":"https:\/\/hudo.com\/si\/aktualno\/slovenija\/crn-vikend-zahtevne-razmere-v-slovenskih-gorah-terjale-pet-zivljenj\/#breadcrumb"},"inLanguage":"sl-SI","potentialAction":[{"@type":"ReadAction","target":["https:\/\/hudo.com\/si\/aktualno\/slovenija\/crn-vikend-zahtevne-razmere-v-slovenskih-gorah-terjale-pet-zivljenj\/"]}]},{"@type":"BreadcrumbList","@id":"https:\/\/hudo.com\/si\/aktualno\/slovenija\/crn-vikend-zahtevne-razmere-v-slovenskih-gorah-terjale-pet-zivljenj\/#breadcrumb","itemListElement":[{"@type":"ListItem","position":1,"name":"Home","item":"https:\/\/hudo.com\/si\/"},{"@type":"ListItem","position":2,"name":"\u010crn vikend: Zahtevne razmere v slovenskih gorah terjale pet \u017eivljenj"}]},{"@type":"WebSite","@id":"https:\/\/hudo.com\/si\/#website","url":"https:\/\/hudo.com\/si\/","name":"Hudo Slovenija","description":"Vse novice iz Slovenije in sveta","publisher":{"@id":"https:\/\/hudo.com\/si\/#organization"},"potentialAction":[{"@type":"SearchAction","target":{"@type":"EntryPoint","urlTemplate":"https:\/\/hudo.com\/si\/?s={search_term_string}"},"query-input":"required name=search_term_string"}],"inLanguage":"sl-SI"},{"@type":"Organization","@id":"https:\/\/hudo.com\/si\/#organization","name":"VSN Media","url":"https:\/\/hudo.com\/si\/","logo":{"@type":"ImageObject","inLanguage":"sl-SI","@id":"https:\/\/hudo.com\/si\/#\/schema\/logo\/image\/","url":"https:\/\/hudo.com\/si\/wp-content\/uploads\/sites\/2\/2021\/03\/hudo-app-2.png","contentUrl":"https:\/\/hudo.com\/si\/wp-content\/uploads\/sites\/2\/2021\/03\/hudo-app-2.png","width":2185,"height":2167,"caption":"VSN Media"},"image":{"@id":"https:\/\/hudo.com\/si\/#\/schema\/logo\/image\/"},"sameAs":["https:\/\/www.facebook.com\/hudo.si","https:\/\/twitter.com\/hudo_si"]},{"@type":"Person","@id":"https:\/\/hudo.com\/si\/#\/schema\/person\/2391667a63ea075ba94f2f2dc6b77537","name":"A. G., STA","image":{"@type":"ImageObject","inLanguage":"sl-SI","@id":"https:\/\/hudo.com\/si\/#\/schema\/person\/image\/","url":"https:\/\/secure.gravatar.com\/avatar\/e13d22ac3e442658d5025fbbe6238a79?s=96&d=mm&r=g","contentUrl":"https:\/\/secure.gravatar.com\/avatar\/e13d22ac3e442658d5025fbbe6238a79?s=96&d=mm&r=g","caption":"A. G., STA"},"url":"https:\/\/hudo.com\/si\/author\/alenka\/"}]}},"amp_enabled":true,"_links":{"self":[{"href":"https:\/\/hudo.com\/si\/wp-json\/wp\/v2\/posts\/463969"}],"collection":[{"href":"https:\/\/hudo.com\/si\/wp-json\/wp\/v2\/posts"}],"about":[{"href":"https:\/\/hudo.com\/si\/wp-json\/wp\/v2\/types\/post"}],"author":[{"embeddable":true,"href":"https:\/\/hudo.com\/si\/wp-json\/wp\/v2\/users\/5"}],"replies":[{"embeddable":true,"href":"https:\/\/hudo.com\/si\/wp-json\/wp\/v2\/comments?post=463969"}],"version-history":[{"count":1,"href":"https:\/\/hudo.com\/si\/wp-json\/wp\/v2\/posts\/463969\/revisions"}],"predecessor-version":[{"id":463971,"href":"https:\/\/hudo.com\/si\/wp-json\/wp\/v2\/posts\/463969\/revisions\/463971"}],"wp:featuredmedia":[{"embeddable":true,"href":"https:\/\/hudo.com\/si\/wp-json\/wp\/v2\/media\/463970"}],"wp:attachment":[{"href":"https:\/\/hudo.com\/si\/wp-json\/wp\/v2\/media?parent=463969"}],"wp:term":[{"taxonomy":"category","embeddable":true,"href":"https:\/\/hudo.com\/si\/wp-json\/wp\/v2\/categories?post=463969"},{"taxonomy":"post_tag","embeddable":true,"href":"https:\/\/hudo.com\/si\/wp-json\/wp\/v2\/tags?post=463969"},{"taxonomy":"source","embeddable":true,"href":"https:\/\/hudo.com\/si\/wp-json\/wp\/v2\/source?post=463969"},{"taxonomy":"supertag","embeddable":true,"href":"https:\/\/hudo.com\/si\/wp-json\/wp\/v2\/supertag?post=463969"}],"curies":[{"name":"wp","href":"https:\/\/api.w.org\/{rel}","templated":true}]}}