{"id":464068,"date":"2022-01-19T10:01:51","date_gmt":"2022-01-19T09:01:51","guid":{"rendered":"https:\/\/hudo.com\/si\/?p=464068"},"modified":"2022-01-19T13:23:30","modified_gmt":"2022-01-19T12:23:30","slug":"stevilke-so-poletele-v-nebo-vceraj-dalec-najvecje-stevilo-potrjenih-primerov-v-enem-dnevu-doslej","status":"publish","type":"post","link":"https:\/\/hudo.com\/si\/aktualno\/slovenija\/stevilke-so-poletele-v-nebo-vceraj-dalec-najvecje-stevilo-potrjenih-primerov-v-enem-dnevu-doslej\/","title":{"rendered":"\u0160tevilke so poletele v nebo: V\u010deraj dale\u010d najve\u010dje \u0161tevilo potrjenih primerov v enem dnevu doslej"},"content":{"rendered":"<div class=\"lead\">\n<p>V torek so po podatkih NIJZ ob 19.438 PCR-testih potrdili 12.286 oku\u017eb z novim koronavirusom. Gre za dale\u010d najve\u010dje \u0161tevilo potrjenih primerov v enem dnevu doslej. Dele\u017e pozitivnih testov je bil 63,2-odstoten. Po podatkih vlade je hospitaliziranih 566 bolnikov, 151 jih potrebuje intenzivno nego. Umrlo je osem ljudi.<\/p>\n<\/div>\n<div class=\"fotos\" data-nid=\"2990902\">\n<div>\n<div class=\"foto w3h2\" data-eng=\"false\">\n<p>Hospitaliziranih je devet covidnih bolnikov manj kot dan prej, na intenzivnih covidnih oddelkih pa \u0161tirje manj. Najmlaj\u0161i hospitaliziran bolnik je star 14 let, najmlaj\u0161i bolnik na intenzivni negi pa 30 let. Zaradi covida-19 sta v torek umrli dve osebi manj kot dan prej.<\/p>\n<p>Prej\u0161nje najvi\u0161je dnevno \u0161tevilo potrjenih oku\u017eb, dose\u017eeno v ponedeljek, ko so jih potrdili 8681, so torkovi podatki presegli za 3605.<\/p>\n<p>Stanje v laboratorijih je, kot so v ponedeljek pojasnili z In\u0161tituta za mikrobiologijo in imunologijo (IMI), na meji zmogljivosti oziroma je to \u017ee preseglo. V ponedeljek, ko so po besedah direktorja IMI Miroslava Petrovca prejeli preko 8000 vzorcev za PCR-testiranje, je tako okoli 2300 vzorcev ostalo neanaliziranih.<\/p>\n<p>Dr\u017eavni sekretar na ministru za zdravje Franc Vindi\u0161ar je v dana\u0161nji oddaji Televizije Slovenija Dobro jutro dejal, da so tudi v torek del testov zaradi preobremenjenosti laboratorijev zopet prenesli na dana\u0161nji dan. Po njegovih besedah naj bi vrh petega vala epidemije covida-19 dosegli v naslednjem tednu, natan\u010dneje 26. januarja. Kasneje pa se bo najverjetneje odrazil tudi v povi\u0161anem \u0161tevilu bolnikov, ki bodo potrebovali bolni\u0161ni\u010dno oskrbo.<\/p>\n<p>Po oceni Nacionalnega in\u0161tituta za javno zdravje (NIJZ) je v Sloveniji trenutno 84.262 aktivnih oku\u017eb, sedemdnevno povpre\u010dje pa zna\u0161a 7576, kar je 694 ve\u010d kot dan prej. \u0160tevilo aktivnih oku\u017eb se je v primerjavi s prej\u0161njim dnevom pove\u010dalo za 8215. \u0160tevilo potrjenih primerov v zadnjih 14 dneh na 100.000 prebivalcev zna\u0161a 3982, kar je 390 ve\u010d kot dan prej.<\/p>\n<p>V torek so opravili tudi 88.244 hitrih testov, katerih pozitivne rezultate preverjajo \u0161e s PCR-testi.<\/p>\n<p>Zaradi nara\u0161\u010danja \u0161tevila oku\u017eb se je sicer spremenil protokol PCR-testiranja in je razen za rizi\u010dne skupine, PCR-testiranje namenjeno le \u0161e potrjevanju pozitivnih izvidov hitrega testa ali samotesta. Tako je mogo\u010de pri\u010dakovati, da se bo dele\u017e pozitivnih izvidov glede na opravljene PCR-teste, ki je danes zna\u0161al 63,2 odstotka, v naslednjih dneh \u0161e pove\u010dal.<\/p>\n<p>Z enim odmerkom cepiva proti covidu-19 je po podatkih vlade cepljenih 1.258.191 ljudi oz. 60 odstotkov populacije. Med starej\u0161imi od 18 let je cepljenih 70 odstotkov, med starej\u0161imi od 50 let pa 80 odstotkov.<\/p>\n<p>Polno cepljenih je 1.204.513 ljudi oz. 57 odstotkov populacije, od tega 67 odstotkov starej\u0161ih od 18 let in 78 odstotkov starej\u0161ih od 50 let. S po\u017eivitvenim odmerkom je po podatkih vlade cepljenih 562.383 prebivalcev.<\/p>\n<\/div>\n<\/div>\n<\/div>\n","protected":false},"excerpt":{"rendered":"<p>V torek potrjenih 12.286 oku\u017eb z novim koronavirusom.<\/p>\n","protected":false},"author":5,"featured_media":444087,"comment_status":"closed","ping_status":"closed","sticky":false,"template":"","format":"standard","meta":{"footnotes":""},"categories":[18201],"tags":[15632,1595,16211],"source":[4511],"supertag":[5675],"acf":[],"yoast_head":"<!-- This site is optimized with the Yoast SEO plugin v21.3 - https:\/\/yoast.com\/wordpress\/plugins\/seo\/ -->\n<title>\u0160tevilke so poletele v nebo: V\u010deraj dale\u010d najve\u010dje \u0161tevilo potrjenih primerov v enem dnevu doslej - Hudo Slovenija<\/title>\n<meta name=\"robots\" content=\"index, follow, max-snippet:-1, max-image-preview:large, max-video-preview:-1\" \/>\n<link rel=\"canonical\" href=\"https:\/\/hudo.com\/si\/aktualno\/slovenija\/stevilke-so-poletele-v-nebo-vceraj-dalec-najvecje-stevilo-potrjenih-primerov-v-enem-dnevu-doslej\/\" \/>\n<meta property=\"og:locale\" content=\"sl_SI\" \/>\n<meta property=\"og:type\" content=\"article\" \/>\n<meta property=\"og:title\" content=\"\u0160tevilke so poletele v nebo: V\u010deraj dale\u010d najve\u010dje \u0161tevilo potrjenih primerov v enem dnevu doslej - Hudo Slovenija\" \/>\n<meta property=\"og:description\" content=\"V torek potrjenih 12.286 oku\u017eb z novim koronavirusom.\" \/>\n<meta property=\"og:url\" content=\"https:\/\/hudo.com\/si\/aktualno\/slovenija\/stevilke-so-poletele-v-nebo-vceraj-dalec-najvecje-stevilo-potrjenih-primerov-v-enem-dnevu-doslej\/\" \/>\n<meta property=\"og:site_name\" content=\"Hudo Slovenija\" \/>\n<meta property=\"article:publisher\" content=\"https:\/\/www.facebook.com\/hudo.si\" \/>\n<meta property=\"article:published_time\" content=\"2022-01-19T09:01:51+00:00\" \/>\n<meta property=\"article:modified_time\" content=\"2022-01-19T12:23:30+00:00\" \/>\n<meta property=\"og:image\" content=\"https:\/\/hudo.com\/si\/wp-content\/uploads\/sites\/2\/2021\/02\/profimedia-0578390317.jpg\" \/>\n\t<meta property=\"og:image:width\" content=\"1250\" \/>\n\t<meta property=\"og:image:height\" content=\"833\" \/>\n\t<meta property=\"og:image:type\" content=\"image\/jpeg\" \/>\n<meta name=\"author\" content=\"A. G., STA\" \/>\n<meta name=\"twitter:card\" content=\"summary_large_image\" \/>\n<meta name=\"twitter:creator\" content=\"@hudo_si\" \/>\n<meta name=\"twitter:site\" content=\"@hudo_si\" \/>\n<meta name=\"twitter:label1\" content=\"Written by\" \/>\n\t<meta name=\"twitter:data1\" content=\"A. G., STA\" \/>\n\t<meta name=\"twitter:label2\" content=\"Est. reading time\" \/>\n\t<meta name=\"twitter:data2\" content=\"2 minuti\" \/>\n<script type=\"application\/ld+json\" class=\"yoast-schema-graph\">{\"@context\":\"https:\/\/schema.org\",\"@graph\":[{\"@type\":\"Article\",\"@id\":\"https:\/\/hudo.com\/si\/aktualno\/slovenija\/stevilke-so-poletele-v-nebo-vceraj-dalec-najvecje-stevilo-potrjenih-primerov-v-enem-dnevu-doslej\/#article\",\"isPartOf\":{\"@id\":\"https:\/\/hudo.com\/si\/aktualno\/slovenija\/stevilke-so-poletele-v-nebo-vceraj-dalec-najvecje-stevilo-potrjenih-primerov-v-enem-dnevu-doslej\/\"},\"author\":{\"name\":\"A. G., STA\",\"@id\":\"https:\/\/hudo.com\/si\/#\/schema\/person\/2391667a63ea075ba94f2f2dc6b77537\"},\"headline\":\"\u0160tevilke so poletele v nebo: V\u010deraj dale\u010d najve\u010dje \u0161tevilo potrjenih primerov v enem dnevu doslej\",\"datePublished\":\"2022-01-19T09:01:51+00:00\",\"dateModified\":\"2022-01-19T12:23:30+00:00\",\"mainEntityOfPage\":{\"@id\":\"https:\/\/hudo.com\/si\/aktualno\/slovenija\/stevilke-so-poletele-v-nebo-vceraj-dalec-najvecje-stevilo-potrjenih-primerov-v-enem-dnevu-doslej\/\"},\"wordCount\":437,\"publisher\":{\"@id\":\"https:\/\/hudo.com\/si\/#organization\"},\"keywords\":[\"koronavirus\",\"Slovenija\",\"\u0161tevilo oku\u017eenih\"],\"articleSection\":[\"Slovenija\"],\"inLanguage\":\"sl-SI\"},{\"@type\":\"WebPage\",\"@id\":\"https:\/\/hudo.com\/si\/aktualno\/slovenija\/stevilke-so-poletele-v-nebo-vceraj-dalec-najvecje-stevilo-potrjenih-primerov-v-enem-dnevu-doslej\/\",\"url\":\"https:\/\/hudo.com\/si\/aktualno\/slovenija\/stevilke-so-poletele-v-nebo-vceraj-dalec-najvecje-stevilo-potrjenih-primerov-v-enem-dnevu-doslej\/\",\"name\":\"\u0160tevilke so poletele v nebo: V\u010deraj dale\u010d najve\u010dje \u0161tevilo potrjenih primerov v enem dnevu doslej - Hudo Slovenija\",\"isPartOf\":{\"@id\":\"https:\/\/hudo.com\/si\/#website\"},\"datePublished\":\"2022-01-19T09:01:51+00:00\",\"dateModified\":\"2022-01-19T12:23:30+00:00\",\"breadcrumb\":{\"@id\":\"https:\/\/hudo.com\/si\/aktualno\/slovenija\/stevilke-so-poletele-v-nebo-vceraj-dalec-najvecje-stevilo-potrjenih-primerov-v-enem-dnevu-doslej\/#breadcrumb\"},\"inLanguage\":\"sl-SI\",\"potentialAction\":[{\"@type\":\"ReadAction\",\"target\":[\"https:\/\/hudo.com\/si\/aktualno\/slovenija\/stevilke-so-poletele-v-nebo-vceraj-dalec-najvecje-stevilo-potrjenih-primerov-v-enem-dnevu-doslej\/\"]}]},{\"@type\":\"BreadcrumbList\",\"@id\":\"https:\/\/hudo.com\/si\/aktualno\/slovenija\/stevilke-so-poletele-v-nebo-vceraj-dalec-najvecje-stevilo-potrjenih-primerov-v-enem-dnevu-doslej\/#breadcrumb\",\"itemListElement\":[{\"@type\":\"ListItem\",\"position\":1,\"name\":\"Home\",\"item\":\"https:\/\/hudo.com\/si\/\"},{\"@type\":\"ListItem\",\"position\":2,\"name\":\"\u0160tevilke so poletele v nebo: V\u010deraj dale\u010d najve\u010dje \u0161tevilo potrjenih primerov v enem dnevu doslej\"}]},{\"@type\":\"WebSite\",\"@id\":\"https:\/\/hudo.com\/si\/#website\",\"url\":\"https:\/\/hudo.com\/si\/\",\"name\":\"Hudo Slovenija\",\"description\":\"Vse novice iz Slovenije in sveta\",\"publisher\":{\"@id\":\"https:\/\/hudo.com\/si\/#organization\"},\"potentialAction\":[{\"@type\":\"SearchAction\",\"target\":{\"@type\":\"EntryPoint\",\"urlTemplate\":\"https:\/\/hudo.com\/si\/?s={search_term_string}\"},\"query-input\":\"required name=search_term_string\"}],\"inLanguage\":\"sl-SI\"},{\"@type\":\"Organization\",\"@id\":\"https:\/\/hudo.com\/si\/#organization\",\"name\":\"VSN Media\",\"url\":\"https:\/\/hudo.com\/si\/\",\"logo\":{\"@type\":\"ImageObject\",\"inLanguage\":\"sl-SI\",\"@id\":\"https:\/\/hudo.com\/si\/#\/schema\/logo\/image\/\",\"url\":\"https:\/\/hudo.com\/si\/wp-content\/uploads\/sites\/2\/2021\/03\/hudo-app-2.png\",\"contentUrl\":\"https:\/\/hudo.com\/si\/wp-content\/uploads\/sites\/2\/2021\/03\/hudo-app-2.png\",\"width\":2185,\"height\":2167,\"caption\":\"VSN Media\"},\"image\":{\"@id\":\"https:\/\/hudo.com\/si\/#\/schema\/logo\/image\/\"},\"sameAs\":[\"https:\/\/www.facebook.com\/hudo.si\",\"https:\/\/twitter.com\/hudo_si\"]},{\"@type\":\"Person\",\"@id\":\"https:\/\/hudo.com\/si\/#\/schema\/person\/2391667a63ea075ba94f2f2dc6b77537\",\"name\":\"A. G., STA\",\"image\":{\"@type\":\"ImageObject\",\"inLanguage\":\"sl-SI\",\"@id\":\"https:\/\/hudo.com\/si\/#\/schema\/person\/image\/\",\"url\":\"https:\/\/secure.gravatar.com\/avatar\/e13d22ac3e442658d5025fbbe6238a79?s=96&d=mm&r=g\",\"contentUrl\":\"https:\/\/secure.gravatar.com\/avatar\/e13d22ac3e442658d5025fbbe6238a79?s=96&d=mm&r=g\",\"caption\":\"A. G., STA\"},\"url\":\"https:\/\/hudo.com\/si\/author\/alenka\/\"}]}<\/script>\n<!-- \/ Yoast SEO plugin. -->","yoast_head_json":{"title":"\u0160tevilke so poletele v nebo: V\u010deraj dale\u010d najve\u010dje \u0161tevilo potrjenih primerov v enem dnevu doslej - Hudo Slovenija","robots":{"index":"index","follow":"follow","max-snippet":"max-snippet:-1","max-image-preview":"max-image-preview:large","max-video-preview":"max-video-preview:-1"},"canonical":"https:\/\/hudo.com\/si\/aktualno\/slovenija\/stevilke-so-poletele-v-nebo-vceraj-dalec-najvecje-stevilo-potrjenih-primerov-v-enem-dnevu-doslej\/","og_locale":"sl_SI","og_type":"article","og_title":"\u0160tevilke so poletele v nebo: V\u010deraj dale\u010d najve\u010dje \u0161tevilo potrjenih primerov v enem dnevu doslej - Hudo Slovenija","og_description":"V torek potrjenih 12.286 oku\u017eb z novim koronavirusom.","og_url":"https:\/\/hudo.com\/si\/aktualno\/slovenija\/stevilke-so-poletele-v-nebo-vceraj-dalec-najvecje-stevilo-potrjenih-primerov-v-enem-dnevu-doslej\/","og_site_name":"Hudo Slovenija","article_publisher":"https:\/\/www.facebook.com\/hudo.si","article_published_time":"2022-01-19T09:01:51+00:00","article_modified_time":"2022-01-19T12:23:30+00:00","og_image":[{"width":1250,"height":833,"url":"https:\/\/hudo.com\/si\/wp-content\/uploads\/sites\/2\/2021\/02\/profimedia-0578390317.jpg","type":"image\/jpeg"}],"author":"A. G., STA","twitter_card":"summary_large_image","twitter_creator":"@hudo_si","twitter_site":"@hudo_si","twitter_misc":{"Written by":"A. G., STA","Est. reading time":"2 minuti"},"schema":{"@context":"https:\/\/schema.org","@graph":[{"@type":"Article","@id":"https:\/\/hudo.com\/si\/aktualno\/slovenija\/stevilke-so-poletele-v-nebo-vceraj-dalec-najvecje-stevilo-potrjenih-primerov-v-enem-dnevu-doslej\/#article","isPartOf":{"@id":"https:\/\/hudo.com\/si\/aktualno\/slovenija\/stevilke-so-poletele-v-nebo-vceraj-dalec-najvecje-stevilo-potrjenih-primerov-v-enem-dnevu-doslej\/"},"author":{"name":"A. G., STA","@id":"https:\/\/hudo.com\/si\/#\/schema\/person\/2391667a63ea075ba94f2f2dc6b77537"},"headline":"\u0160tevilke so poletele v nebo: V\u010deraj dale\u010d najve\u010dje \u0161tevilo potrjenih primerov v enem dnevu doslej","datePublished":"2022-01-19T09:01:51+00:00","dateModified":"2022-01-19T12:23:30+00:00","mainEntityOfPage":{"@id":"https:\/\/hudo.com\/si\/aktualno\/slovenija\/stevilke-so-poletele-v-nebo-vceraj-dalec-najvecje-stevilo-potrjenih-primerov-v-enem-dnevu-doslej\/"},"wordCount":437,"publisher":{"@id":"https:\/\/hudo.com\/si\/#organization"},"keywords":["koronavirus","Slovenija","\u0161tevilo oku\u017eenih"],"articleSection":["Slovenija"],"inLanguage":"sl-SI"},{"@type":"WebPage","@id":"https:\/\/hudo.com\/si\/aktualno\/slovenija\/stevilke-so-poletele-v-nebo-vceraj-dalec-najvecje-stevilo-potrjenih-primerov-v-enem-dnevu-doslej\/","url":"https:\/\/hudo.com\/si\/aktualno\/slovenija\/stevilke-so-poletele-v-nebo-vceraj-dalec-najvecje-stevilo-potrjenih-primerov-v-enem-dnevu-doslej\/","name":"\u0160tevilke so poletele v nebo: V\u010deraj dale\u010d najve\u010dje \u0161tevilo potrjenih primerov v enem dnevu doslej - Hudo Slovenija","isPartOf":{"@id":"https:\/\/hudo.com\/si\/#website"},"datePublished":"2022-01-19T09:01:51+00:00","dateModified":"2022-01-19T12:23:30+00:00","breadcrumb":{"@id":"https:\/\/hudo.com\/si\/aktualno\/slovenija\/stevilke-so-poletele-v-nebo-vceraj-dalec-najvecje-stevilo-potrjenih-primerov-v-enem-dnevu-doslej\/#breadcrumb"},"inLanguage":"sl-SI","potentialAction":[{"@type":"ReadAction","target":["https:\/\/hudo.com\/si\/aktualno\/slovenija\/stevilke-so-poletele-v-nebo-vceraj-dalec-najvecje-stevilo-potrjenih-primerov-v-enem-dnevu-doslej\/"]}]},{"@type":"BreadcrumbList","@id":"https:\/\/hudo.com\/si\/aktualno\/slovenija\/stevilke-so-poletele-v-nebo-vceraj-dalec-najvecje-stevilo-potrjenih-primerov-v-enem-dnevu-doslej\/#breadcrumb","itemListElement":[{"@type":"ListItem","position":1,"name":"Home","item":"https:\/\/hudo.com\/si\/"},{"@type":"ListItem","position":2,"name":"\u0160tevilke so poletele v nebo: V\u010deraj dale\u010d najve\u010dje \u0161tevilo potrjenih primerov v enem dnevu doslej"}]},{"@type":"WebSite","@id":"https:\/\/hudo.com\/si\/#website","url":"https:\/\/hudo.com\/si\/","name":"Hudo Slovenija","description":"Vse novice iz Slovenije in sveta","publisher":{"@id":"https:\/\/hudo.com\/si\/#organization"},"potentialAction":[{"@type":"SearchAction","target":{"@type":"EntryPoint","urlTemplate":"https:\/\/hudo.com\/si\/?s={search_term_string}"},"query-input":"required name=search_term_string"}],"inLanguage":"sl-SI"},{"@type":"Organization","@id":"https:\/\/hudo.com\/si\/#organization","name":"VSN Media","url":"https:\/\/hudo.com\/si\/","logo":{"@type":"ImageObject","inLanguage":"sl-SI","@id":"https:\/\/hudo.com\/si\/#\/schema\/logo\/image\/","url":"https:\/\/hudo.com\/si\/wp-content\/uploads\/sites\/2\/2021\/03\/hudo-app-2.png","contentUrl":"https:\/\/hudo.com\/si\/wp-content\/uploads\/sites\/2\/2021\/03\/hudo-app-2.png","width":2185,"height":2167,"caption":"VSN Media"},"image":{"@id":"https:\/\/hudo.com\/si\/#\/schema\/logo\/image\/"},"sameAs":["https:\/\/www.facebook.com\/hudo.si","https:\/\/twitter.com\/hudo_si"]},{"@type":"Person","@id":"https:\/\/hudo.com\/si\/#\/schema\/person\/2391667a63ea075ba94f2f2dc6b77537","name":"A. G., STA","image":{"@type":"ImageObject","inLanguage":"sl-SI","@id":"https:\/\/hudo.com\/si\/#\/schema\/person\/image\/","url":"https:\/\/secure.gravatar.com\/avatar\/e13d22ac3e442658d5025fbbe6238a79?s=96&d=mm&r=g","contentUrl":"https:\/\/secure.gravatar.com\/avatar\/e13d22ac3e442658d5025fbbe6238a79?s=96&d=mm&r=g","caption":"A. G., STA"},"url":"https:\/\/hudo.com\/si\/author\/alenka\/"}]}},"amp_enabled":true,"_links":{"self":[{"href":"https:\/\/hudo.com\/si\/wp-json\/wp\/v2\/posts\/464068"}],"collection":[{"href":"https:\/\/hudo.com\/si\/wp-json\/wp\/v2\/posts"}],"about":[{"href":"https:\/\/hudo.com\/si\/wp-json\/wp\/v2\/types\/post"}],"author":[{"embeddable":true,"href":"https:\/\/hudo.com\/si\/wp-json\/wp\/v2\/users\/5"}],"replies":[{"embeddable":true,"href":"https:\/\/hudo.com\/si\/wp-json\/wp\/v2\/comments?post=464068"}],"version-history":[{"count":3,"href":"https:\/\/hudo.com\/si\/wp-json\/wp\/v2\/posts\/464068\/revisions"}],"predecessor-version":[{"id":464084,"href":"https:\/\/hudo.com\/si\/wp-json\/wp\/v2\/posts\/464068\/revisions\/464084"}],"wp:featuredmedia":[{"embeddable":true,"href":"https:\/\/hudo.com\/si\/wp-json\/wp\/v2\/media\/444087"}],"wp:attachment":[{"href":"https:\/\/hudo.com\/si\/wp-json\/wp\/v2\/media?parent=464068"}],"wp:term":[{"taxonomy":"category","embeddable":true,"href":"https:\/\/hudo.com\/si\/wp-json\/wp\/v2\/categories?post=464068"},{"taxonomy":"post_tag","embeddable":true,"href":"https:\/\/hudo.com\/si\/wp-json\/wp\/v2\/tags?post=464068"},{"taxonomy":"source","embeddable":true,"href":"https:\/\/hudo.com\/si\/wp-json\/wp\/v2\/source?post=464068"},{"taxonomy":"supertag","embeddable":true,"href":"https:\/\/hudo.com\/si\/wp-json\/wp\/v2\/supertag?post=464068"}],"curies":[{"name":"wp","href":"https:\/\/api.w.org\/{rel}","templated":true}]}}