{"id":46421,"date":"2016-05-05T18:49:00","date_gmt":"2016-05-05T16:49:00","guid":{"rendered":"http:\/\/hudo.com\/si\/2016\/05\/05\/na-ptuju-so-iz-reke-drave-potegnili-truplo\/"},"modified":"2016-05-06T12:22:19","modified_gmt":"2016-05-06T10:22:19","slug":"na-ptuju-so-iz-reke-drave-potegnili-truplo","status":"publish","type":"post","link":"https:\/\/hudo.com\/si\/aktualno\/na-ptuju-so-iz-reke-drave-potegnili-truplo\/","title":{"rendered":"Na Ptuju so iz reke Drave potegnili truplo"},"content":{"rendered":"<p>Kategorija: Kronika Thu, 05 May 2016 20:49:00 +0200  Ptuj &#8211; V reki Dravi na Ptuju so mimoido\u010di popoldne opazili truplo. Ptujski gasilci so truplo izvlekli iz reke in na kraju nesre\u010de opravili ogled in zbrali obvestila. Okoli\u0161\u010dine smrti in identiteta umrlega za zdaj \u0161e niso znani, so za Slovensko tiskovno agencijo pojasnili na mariborski policijski upravi.<\/p>\n","protected":false},"excerpt":{"rendered":"<p>Kategorija: Kronika Thu, 05 May 2016 20:49:00 +0200  Ptuj &#8211; V reki Dravi na Ptuju so mimoido\u010di popoldne opazili truplo. Ptujski gasilci so truplo izvlekli iz reke in na kraju nesre\u010de opravili ogled in zbrali obvestila. Okoli\u0161\u010dine smrti in identiteta umrlega za zdaj \u0161e niso znani, so za Slovensko tiskovno agencijo pojasnili na mariborski policijski upravi.<\/p>\n","protected":false},"author":1,"featured_media":0,"comment_status":"closed","ping_status":"closed","sticky":false,"template":"","format":"standard","meta":{"footnotes":""},"categories":[1179],"tags":[],"source":[4511],"supertag":[],"acf":[],"yoast_head":"<!-- This site is optimized with the Yoast SEO plugin v21.3 - https:\/\/yoast.com\/wordpress\/plugins\/seo\/ -->\n<title>Na Ptuju so iz reke Drave potegnili truplo - Hudo Slovenija<\/title>\n<meta name=\"robots\" content=\"index, follow, max-snippet:-1, max-image-preview:large, max-video-preview:-1\" \/>\n<link rel=\"canonical\" href=\"https:\/\/hudo.com\/si\/aktualno\/na-ptuju-so-iz-reke-drave-potegnili-truplo\/\" \/>\n<meta property=\"og:locale\" content=\"sl_SI\" \/>\n<meta property=\"og:type\" content=\"article\" \/>\n<meta property=\"og:title\" content=\"Na Ptuju so iz reke Drave potegnili truplo - Hudo Slovenija\" \/>\n<meta property=\"og:description\" content=\"Kategorija: Kronika Thu, 05 May 2016 20:49:00 +0200 Ptuj - V reki Dravi na Ptuju so mimoido\u010di popoldne opazili truplo. Ptujski gasilci so truplo izvlekli iz reke in na kraju nesre\u010de opravili ogled in zbrali obvestila. Okoli\u0161\u010dine smrti in identiteta umrlega za zdaj \u0161e niso znani, so za Slovensko tiskovno agencijo pojasnili na mariborski policijski upravi.\" \/>\n<meta property=\"og:url\" content=\"https:\/\/hudo.com\/si\/aktualno\/na-ptuju-so-iz-reke-drave-potegnili-truplo\/\" \/>\n<meta property=\"og:site_name\" content=\"Hudo Slovenija\" \/>\n<meta property=\"article:publisher\" content=\"https:\/\/www.facebook.com\/hudo.si\" \/>\n<meta property=\"article:published_time\" content=\"2016-05-05T16:49:00+00:00\" \/>\n<meta property=\"article:modified_time\" content=\"2016-05-06T10:22:19+00:00\" \/>\n<meta property=\"og:image\" content=\"https:\/\/hudo.com\/si\/wp-content\/uploads\/sites\/2\/2016\/05\/480x290_djvu_1953516_petancic_fmi-Ptuj.jpeg\" \/>\n\t<meta property=\"og:image:width\" content=\"480\" \/>\n\t<meta property=\"og:image:height\" content=\"290\" \/>\n\t<meta property=\"og:image:type\" content=\"image\/jpeg\" \/>\n<meta name=\"author\" content=\"hudo\" \/>\n<meta name=\"twitter:card\" content=\"summary_large_image\" \/>\n<meta name=\"twitter:creator\" content=\"@hudo_si\" \/>\n<meta name=\"twitter:site\" content=\"@hudo_si\" \/>\n<meta name=\"twitter:label1\" content=\"Written by\" \/>\n\t<meta name=\"twitter:data1\" content=\"hudo\" \/>\n<script type=\"application\/ld+json\" class=\"yoast-schema-graph\">{\"@context\":\"https:\/\/schema.org\",\"@graph\":[{\"@type\":\"Article\",\"@id\":\"https:\/\/hudo.com\/si\/aktualno\/na-ptuju-so-iz-reke-drave-potegnili-truplo\/#article\",\"isPartOf\":{\"@id\":\"https:\/\/hudo.com\/si\/aktualno\/na-ptuju-so-iz-reke-drave-potegnili-truplo\/\"},\"author\":{\"name\":\"hudo\",\"@id\":\"https:\/\/hudo.com\/si\/#\/schema\/person\/601cf3379633985b20f7e50f2bb47707\"},\"headline\":\"Na Ptuju so iz reke Drave potegnili truplo\",\"datePublished\":\"2016-05-05T16:49:00+00:00\",\"dateModified\":\"2016-05-06T10:22:19+00:00\",\"mainEntityOfPage\":{\"@id\":\"https:\/\/hudo.com\/si\/aktualno\/na-ptuju-so-iz-reke-drave-potegnili-truplo\/\"},\"wordCount\":63,\"publisher\":{\"@id\":\"https:\/\/hudo.com\/si\/#organization\"},\"articleSection\":[\"Aktualno\"],\"inLanguage\":\"sl-SI\"},{\"@type\":\"WebPage\",\"@id\":\"https:\/\/hudo.com\/si\/aktualno\/na-ptuju-so-iz-reke-drave-potegnili-truplo\/\",\"url\":\"https:\/\/hudo.com\/si\/aktualno\/na-ptuju-so-iz-reke-drave-potegnili-truplo\/\",\"name\":\"Na Ptuju so iz reke Drave potegnili truplo - Hudo Slovenija\",\"isPartOf\":{\"@id\":\"https:\/\/hudo.com\/si\/#website\"},\"datePublished\":\"2016-05-05T16:49:00+00:00\",\"dateModified\":\"2016-05-06T10:22:19+00:00\",\"breadcrumb\":{\"@id\":\"https:\/\/hudo.com\/si\/aktualno\/na-ptuju-so-iz-reke-drave-potegnili-truplo\/#breadcrumb\"},\"inLanguage\":\"sl-SI\",\"potentialAction\":[{\"@type\":\"ReadAction\",\"target\":[\"https:\/\/hudo.com\/si\/aktualno\/na-ptuju-so-iz-reke-drave-potegnili-truplo\/\"]}]},{\"@type\":\"BreadcrumbList\",\"@id\":\"https:\/\/hudo.com\/si\/aktualno\/na-ptuju-so-iz-reke-drave-potegnili-truplo\/#breadcrumb\",\"itemListElement\":[{\"@type\":\"ListItem\",\"position\":1,\"name\":\"Home\",\"item\":\"https:\/\/hudo.com\/si\/\"},{\"@type\":\"ListItem\",\"position\":2,\"name\":\"Na Ptuju so iz reke Drave potegnili truplo\"}]},{\"@type\":\"WebSite\",\"@id\":\"https:\/\/hudo.com\/si\/#website\",\"url\":\"https:\/\/hudo.com\/si\/\",\"name\":\"Hudo Slovenija\",\"description\":\"Vse novice iz Slovenije in sveta\",\"publisher\":{\"@id\":\"https:\/\/hudo.com\/si\/#organization\"},\"potentialAction\":[{\"@type\":\"SearchAction\",\"target\":{\"@type\":\"EntryPoint\",\"urlTemplate\":\"https:\/\/hudo.com\/si\/?s={search_term_string}\"},\"query-input\":\"required name=search_term_string\"}],\"inLanguage\":\"sl-SI\"},{\"@type\":\"Organization\",\"@id\":\"https:\/\/hudo.com\/si\/#organization\",\"name\":\"VSN Media\",\"url\":\"https:\/\/hudo.com\/si\/\",\"logo\":{\"@type\":\"ImageObject\",\"inLanguage\":\"sl-SI\",\"@id\":\"https:\/\/hudo.com\/si\/#\/schema\/logo\/image\/\",\"url\":\"https:\/\/hudo.com\/si\/wp-content\/uploads\/sites\/2\/2021\/03\/hudo-app-2.png\",\"contentUrl\":\"https:\/\/hudo.com\/si\/wp-content\/uploads\/sites\/2\/2021\/03\/hudo-app-2.png\",\"width\":2185,\"height\":2167,\"caption\":\"VSN Media\"},\"image\":{\"@id\":\"https:\/\/hudo.com\/si\/#\/schema\/logo\/image\/\"},\"sameAs\":[\"https:\/\/www.facebook.com\/hudo.si\",\"https:\/\/twitter.com\/hudo_si\"]},{\"@type\":\"Person\",\"@id\":\"https:\/\/hudo.com\/si\/#\/schema\/person\/601cf3379633985b20f7e50f2bb47707\",\"name\":\"hudo\",\"image\":{\"@type\":\"ImageObject\",\"inLanguage\":\"sl-SI\",\"@id\":\"https:\/\/hudo.com\/si\/#\/schema\/person\/image\/\",\"url\":\"https:\/\/secure.gravatar.com\/avatar\/c4ca25fa72cace7a696b52ff5db9e095?s=96&d=mm&r=g\",\"contentUrl\":\"https:\/\/secure.gravatar.com\/avatar\/c4ca25fa72cace7a696b52ff5db9e095?s=96&d=mm&r=g\",\"caption\":\"hudo\"},\"url\":\"https:\/\/hudo.com\/si\/author\/hudo\/\"}]}<\/script>\n<!-- \/ Yoast SEO plugin. -->","yoast_head_json":{"title":"Na Ptuju so iz reke Drave potegnili truplo - Hudo Slovenija","robots":{"index":"index","follow":"follow","max-snippet":"max-snippet:-1","max-image-preview":"max-image-preview:large","max-video-preview":"max-video-preview:-1"},"canonical":"https:\/\/hudo.com\/si\/aktualno\/na-ptuju-so-iz-reke-drave-potegnili-truplo\/","og_locale":"sl_SI","og_type":"article","og_title":"Na Ptuju so iz reke Drave potegnili truplo - Hudo Slovenija","og_description":"Kategorija: Kronika Thu, 05 May 2016 20:49:00 +0200 Ptuj - V reki Dravi na Ptuju so mimoido\u010di popoldne opazili truplo. Ptujski gasilci so truplo izvlekli iz reke in na kraju nesre\u010de opravili ogled in zbrali obvestila. Okoli\u0161\u010dine smrti in identiteta umrlega za zdaj \u0161e niso znani, so za Slovensko tiskovno agencijo pojasnili na mariborski policijski upravi.","og_url":"https:\/\/hudo.com\/si\/aktualno\/na-ptuju-so-iz-reke-drave-potegnili-truplo\/","og_site_name":"Hudo Slovenija","article_publisher":"https:\/\/www.facebook.com\/hudo.si","article_published_time":"2016-05-05T16:49:00+00:00","article_modified_time":"2016-05-06T10:22:19+00:00","og_image":[{"width":480,"height":290,"url":"https:\/\/hudo.com\/si\/wp-content\/uploads\/sites\/2\/2016\/05\/480x290_djvu_1953516_petancic_fmi-Ptuj.jpeg","type":"image\/jpeg"}],"author":"hudo","twitter_card":"summary_large_image","twitter_creator":"@hudo_si","twitter_site":"@hudo_si","twitter_misc":{"Written by":"hudo"},"schema":{"@context":"https:\/\/schema.org","@graph":[{"@type":"Article","@id":"https:\/\/hudo.com\/si\/aktualno\/na-ptuju-so-iz-reke-drave-potegnili-truplo\/#article","isPartOf":{"@id":"https:\/\/hudo.com\/si\/aktualno\/na-ptuju-so-iz-reke-drave-potegnili-truplo\/"},"author":{"name":"hudo","@id":"https:\/\/hudo.com\/si\/#\/schema\/person\/601cf3379633985b20f7e50f2bb47707"},"headline":"Na Ptuju so iz reke Drave potegnili truplo","datePublished":"2016-05-05T16:49:00+00:00","dateModified":"2016-05-06T10:22:19+00:00","mainEntityOfPage":{"@id":"https:\/\/hudo.com\/si\/aktualno\/na-ptuju-so-iz-reke-drave-potegnili-truplo\/"},"wordCount":63,"publisher":{"@id":"https:\/\/hudo.com\/si\/#organization"},"articleSection":["Aktualno"],"inLanguage":"sl-SI"},{"@type":"WebPage","@id":"https:\/\/hudo.com\/si\/aktualno\/na-ptuju-so-iz-reke-drave-potegnili-truplo\/","url":"https:\/\/hudo.com\/si\/aktualno\/na-ptuju-so-iz-reke-drave-potegnili-truplo\/","name":"Na Ptuju so iz reke Drave potegnili truplo - Hudo Slovenija","isPartOf":{"@id":"https:\/\/hudo.com\/si\/#website"},"datePublished":"2016-05-05T16:49:00+00:00","dateModified":"2016-05-06T10:22:19+00:00","breadcrumb":{"@id":"https:\/\/hudo.com\/si\/aktualno\/na-ptuju-so-iz-reke-drave-potegnili-truplo\/#breadcrumb"},"inLanguage":"sl-SI","potentialAction":[{"@type":"ReadAction","target":["https:\/\/hudo.com\/si\/aktualno\/na-ptuju-so-iz-reke-drave-potegnili-truplo\/"]}]},{"@type":"BreadcrumbList","@id":"https:\/\/hudo.com\/si\/aktualno\/na-ptuju-so-iz-reke-drave-potegnili-truplo\/#breadcrumb","itemListElement":[{"@type":"ListItem","position":1,"name":"Home","item":"https:\/\/hudo.com\/si\/"},{"@type":"ListItem","position":2,"name":"Na Ptuju so iz reke Drave potegnili truplo"}]},{"@type":"WebSite","@id":"https:\/\/hudo.com\/si\/#website","url":"https:\/\/hudo.com\/si\/","name":"Hudo Slovenija","description":"Vse novice iz Slovenije in sveta","publisher":{"@id":"https:\/\/hudo.com\/si\/#organization"},"potentialAction":[{"@type":"SearchAction","target":{"@type":"EntryPoint","urlTemplate":"https:\/\/hudo.com\/si\/?s={search_term_string}"},"query-input":"required name=search_term_string"}],"inLanguage":"sl-SI"},{"@type":"Organization","@id":"https:\/\/hudo.com\/si\/#organization","name":"VSN Media","url":"https:\/\/hudo.com\/si\/","logo":{"@type":"ImageObject","inLanguage":"sl-SI","@id":"https:\/\/hudo.com\/si\/#\/schema\/logo\/image\/","url":"https:\/\/hudo.com\/si\/wp-content\/uploads\/sites\/2\/2021\/03\/hudo-app-2.png","contentUrl":"https:\/\/hudo.com\/si\/wp-content\/uploads\/sites\/2\/2021\/03\/hudo-app-2.png","width":2185,"height":2167,"caption":"VSN Media"},"image":{"@id":"https:\/\/hudo.com\/si\/#\/schema\/logo\/image\/"},"sameAs":["https:\/\/www.facebook.com\/hudo.si","https:\/\/twitter.com\/hudo_si"]},{"@type":"Person","@id":"https:\/\/hudo.com\/si\/#\/schema\/person\/601cf3379633985b20f7e50f2bb47707","name":"hudo","image":{"@type":"ImageObject","inLanguage":"sl-SI","@id":"https:\/\/hudo.com\/si\/#\/schema\/person\/image\/","url":"https:\/\/secure.gravatar.com\/avatar\/c4ca25fa72cace7a696b52ff5db9e095?s=96&d=mm&r=g","contentUrl":"https:\/\/secure.gravatar.com\/avatar\/c4ca25fa72cace7a696b52ff5db9e095?s=96&d=mm&r=g","caption":"hudo"},"url":"https:\/\/hudo.com\/si\/author\/hudo\/"}]}},"amp_enabled":true,"_links":{"self":[{"href":"https:\/\/hudo.com\/si\/wp-json\/wp\/v2\/posts\/46421"}],"collection":[{"href":"https:\/\/hudo.com\/si\/wp-json\/wp\/v2\/posts"}],"about":[{"href":"https:\/\/hudo.com\/si\/wp-json\/wp\/v2\/types\/post"}],"author":[{"embeddable":true,"href":"https:\/\/hudo.com\/si\/wp-json\/wp\/v2\/users\/1"}],"replies":[{"embeddable":true,"href":"https:\/\/hudo.com\/si\/wp-json\/wp\/v2\/comments?post=46421"}],"version-history":[{"count":1,"href":"https:\/\/hudo.com\/si\/wp-json\/wp\/v2\/posts\/46421\/revisions"}],"predecessor-version":[{"id":46583,"href":"https:\/\/hudo.com\/si\/wp-json\/wp\/v2\/posts\/46421\/revisions\/46583"}],"wp:attachment":[{"href":"https:\/\/hudo.com\/si\/wp-json\/wp\/v2\/media?parent=46421"}],"wp:term":[{"taxonomy":"category","embeddable":true,"href":"https:\/\/hudo.com\/si\/wp-json\/wp\/v2\/categories?post=46421"},{"taxonomy":"post_tag","embeddable":true,"href":"https:\/\/hudo.com\/si\/wp-json\/wp\/v2\/tags?post=46421"},{"taxonomy":"source","embeddable":true,"href":"https:\/\/hudo.com\/si\/wp-json\/wp\/v2\/source?post=46421"},{"taxonomy":"supertag","embeddable":true,"href":"https:\/\/hudo.com\/si\/wp-json\/wp\/v2\/supertag?post=46421"}],"curies":[{"name":"wp","href":"https:\/\/api.w.org\/{rel}","templated":true}]}}