{"id":46430,"date":"2016-05-05T17:21:00","date_gmt":"2016-05-05T15:21:00","guid":{"rendered":"http:\/\/hudo.com\/si\/2016\/05\/05\/video-vse-vec-nejasnosti-glede-umora-direktorja-kemijskega-instituta\/"},"modified":"2016-05-08T20:17:08","modified_gmt":"2016-05-08T18:17:08","slug":"video-vse-vec-nejasnosti-glede-umora-direktorja-kemijskega-instituta","status":"publish","type":"post","link":"https:\/\/hudo.com\/si\/aktualno\/video-vse-vec-nejasnosti-glede-umora-direktorja-kemijskega-instituta\/","title":{"rendered":"[VIDEO] Vse ve\u010d nejasnosti glede umora direktorja kemijskega in\u0161tituta"},"content":{"rendered":"<p>So zaprli hladnokrvnega morilca ali nedol\u017enega \u010dloveka? To vpra\u0161anje je \u0161ele zdaj, leto in pol po umoru Janka Jamnika, nekdanjega direktorja Kemijskega in\u0161tituta, postalo dejansko aktualno. Vse ve\u010d je namre\u010d nejasnosti pri dokazovanju krivde priprtemu Milku Novi\u010du. Teorij je veliko, nepojasnjenih okoli\u0161\u010din pa \u0161e ve\u010d.<\/p>\n","protected":false},"excerpt":{"rendered":"<p>So zaprli hladnokrvnega morilca ali nedol\u017enega \u010dloveka? To vpra\u0161anje je \u0161ele zdaj, leto in pol po umoru Janka Jamnika, nekdanjega direktorja Kemijskega in\u0161tituta, postalo dejansko aktualno. Vse ve\u010d je namre\u010d nejasnosti pri dokazovanju krivde priprtemu Milku Novi\u010du. Teorij je veliko, nepojasnjenih okoli\u0161\u010din pa \u0161e ve\u010d.<\/p>\n","protected":false},"author":1,"featured_media":0,"comment_status":"closed","ping_status":"closed","sticky":false,"template":"","format":"standard","meta":{"footnotes":""},"categories":[1179],"tags":[],"source":[1706],"supertag":[],"acf":[],"yoast_head":"<!-- This site is optimized with the Yoast SEO plugin v21.3 - https:\/\/yoast.com\/wordpress\/plugins\/seo\/ -->\n<title>[VIDEO] Vse ve\u010d nejasnosti glede umora direktorja kemijskega in\u0161tituta - Hudo Slovenija<\/title>\n<meta name=\"robots\" content=\"index, follow, max-snippet:-1, max-image-preview:large, max-video-preview:-1\" \/>\n<link rel=\"canonical\" href=\"https:\/\/hudo.com\/si\/aktualno\/video-vse-vec-nejasnosti-glede-umora-direktorja-kemijskega-instituta\/\" \/>\n<meta property=\"og:locale\" content=\"sl_SI\" \/>\n<meta property=\"og:type\" content=\"article\" \/>\n<meta property=\"og:title\" content=\"[VIDEO] Vse ve\u010d nejasnosti glede umora direktorja kemijskega in\u0161tituta - Hudo Slovenija\" \/>\n<meta property=\"og:description\" content=\"So zaprli hladnokrvnega morilca ali nedol\u017enega \u010dloveka? To vpra\u0161anje je \u0161ele zdaj, leto in pol po umoru Janka Jamnika, nekdanjega direktorja Kemijskega in\u0161tituta, postalo dejansko aktualno. Vse ve\u010d je namre\u010d nejasnosti pri dokazovanju krivde priprtemu Milku Novi\u010du. Teorij je veliko, nepojasnjenih okoli\u0161\u010din pa \u0161e ve\u010d.\" \/>\n<meta property=\"og:url\" content=\"https:\/\/hudo.com\/si\/aktualno\/video-vse-vec-nejasnosti-glede-umora-direktorja-kemijskega-instituta\/\" \/>\n<meta property=\"og:site_name\" content=\"Hudo Slovenija\" \/>\n<meta property=\"article:publisher\" content=\"https:\/\/www.facebook.com\/hudo.si\" \/>\n<meta property=\"article:published_time\" content=\"2016-05-05T15:21:00+00:00\" \/>\n<meta property=\"article:modified_time\" content=\"2016-05-08T18:17:08+00:00\" \/>\n<meta property=\"og:image\" content=\"https:\/\/hudo.com\/si\/wp-content\/uploads\/sites\/2\/2016\/05\/042553ZeGvL.jpg\" \/>\n\t<meta property=\"og:image:width\" content=\"504\" \/>\n\t<meta property=\"og:image:height\" content=\"284\" \/>\n\t<meta property=\"og:image:type\" content=\"image\/jpeg\" \/>\n<meta name=\"author\" content=\"hudo\" \/>\n<meta name=\"twitter:card\" content=\"summary_large_image\" \/>\n<meta name=\"twitter:creator\" content=\"@hudo_si\" \/>\n<meta name=\"twitter:site\" content=\"@hudo_si\" \/>\n<meta name=\"twitter:label1\" content=\"Written by\" \/>\n\t<meta name=\"twitter:data1\" content=\"hudo\" \/>\n<script type=\"application\/ld+json\" class=\"yoast-schema-graph\">{\"@context\":\"https:\/\/schema.org\",\"@graph\":[{\"@type\":\"Article\",\"@id\":\"https:\/\/hudo.com\/si\/aktualno\/video-vse-vec-nejasnosti-glede-umora-direktorja-kemijskega-instituta\/#article\",\"isPartOf\":{\"@id\":\"https:\/\/hudo.com\/si\/aktualno\/video-vse-vec-nejasnosti-glede-umora-direktorja-kemijskega-instituta\/\"},\"author\":{\"name\":\"hudo\",\"@id\":\"https:\/\/hudo.com\/si\/#\/schema\/person\/601cf3379633985b20f7e50f2bb47707\"},\"headline\":\"[VIDEO] Vse ve\u010d nejasnosti glede umora direktorja kemijskega in\u0161tituta\",\"datePublished\":\"2016-05-05T15:21:00+00:00\",\"dateModified\":\"2016-05-08T18:17:08+00:00\",\"mainEntityOfPage\":{\"@id\":\"https:\/\/hudo.com\/si\/aktualno\/video-vse-vec-nejasnosti-glede-umora-direktorja-kemijskega-instituta\/\"},\"wordCount\":60,\"publisher\":{\"@id\":\"https:\/\/hudo.com\/si\/#organization\"},\"articleSection\":[\"Aktualno\"],\"inLanguage\":\"sl-SI\"},{\"@type\":\"WebPage\",\"@id\":\"https:\/\/hudo.com\/si\/aktualno\/video-vse-vec-nejasnosti-glede-umora-direktorja-kemijskega-instituta\/\",\"url\":\"https:\/\/hudo.com\/si\/aktualno\/video-vse-vec-nejasnosti-glede-umora-direktorja-kemijskega-instituta\/\",\"name\":\"[VIDEO] Vse ve\u010d nejasnosti glede umora direktorja kemijskega in\u0161tituta - Hudo Slovenija\",\"isPartOf\":{\"@id\":\"https:\/\/hudo.com\/si\/#website\"},\"datePublished\":\"2016-05-05T15:21:00+00:00\",\"dateModified\":\"2016-05-08T18:17:08+00:00\",\"breadcrumb\":{\"@id\":\"https:\/\/hudo.com\/si\/aktualno\/video-vse-vec-nejasnosti-glede-umora-direktorja-kemijskega-instituta\/#breadcrumb\"},\"inLanguage\":\"sl-SI\",\"potentialAction\":[{\"@type\":\"ReadAction\",\"target\":[\"https:\/\/hudo.com\/si\/aktualno\/video-vse-vec-nejasnosti-glede-umora-direktorja-kemijskega-instituta\/\"]}]},{\"@type\":\"BreadcrumbList\",\"@id\":\"https:\/\/hudo.com\/si\/aktualno\/video-vse-vec-nejasnosti-glede-umora-direktorja-kemijskega-instituta\/#breadcrumb\",\"itemListElement\":[{\"@type\":\"ListItem\",\"position\":1,\"name\":\"Home\",\"item\":\"https:\/\/hudo.com\/si\/\"},{\"@type\":\"ListItem\",\"position\":2,\"name\":\"[VIDEO] Vse ve\u010d nejasnosti glede umora direktorja kemijskega in\u0161tituta\"}]},{\"@type\":\"WebSite\",\"@id\":\"https:\/\/hudo.com\/si\/#website\",\"url\":\"https:\/\/hudo.com\/si\/\",\"name\":\"Hudo Slovenija\",\"description\":\"Vse novice iz Slovenije in sveta\",\"publisher\":{\"@id\":\"https:\/\/hudo.com\/si\/#organization\"},\"potentialAction\":[{\"@type\":\"SearchAction\",\"target\":{\"@type\":\"EntryPoint\",\"urlTemplate\":\"https:\/\/hudo.com\/si\/?s={search_term_string}\"},\"query-input\":\"required name=search_term_string\"}],\"inLanguage\":\"sl-SI\"},{\"@type\":\"Organization\",\"@id\":\"https:\/\/hudo.com\/si\/#organization\",\"name\":\"VSN Media\",\"url\":\"https:\/\/hudo.com\/si\/\",\"logo\":{\"@type\":\"ImageObject\",\"inLanguage\":\"sl-SI\",\"@id\":\"https:\/\/hudo.com\/si\/#\/schema\/logo\/image\/\",\"url\":\"https:\/\/hudo.com\/si\/wp-content\/uploads\/sites\/2\/2021\/03\/hudo-app-2.png\",\"contentUrl\":\"https:\/\/hudo.com\/si\/wp-content\/uploads\/sites\/2\/2021\/03\/hudo-app-2.png\",\"width\":2185,\"height\":2167,\"caption\":\"VSN Media\"},\"image\":{\"@id\":\"https:\/\/hudo.com\/si\/#\/schema\/logo\/image\/\"},\"sameAs\":[\"https:\/\/www.facebook.com\/hudo.si\",\"https:\/\/twitter.com\/hudo_si\"]},{\"@type\":\"Person\",\"@id\":\"https:\/\/hudo.com\/si\/#\/schema\/person\/601cf3379633985b20f7e50f2bb47707\",\"name\":\"hudo\",\"image\":{\"@type\":\"ImageObject\",\"inLanguage\":\"sl-SI\",\"@id\":\"https:\/\/hudo.com\/si\/#\/schema\/person\/image\/\",\"url\":\"https:\/\/secure.gravatar.com\/avatar\/c4ca25fa72cace7a696b52ff5db9e095?s=96&d=mm&r=g\",\"contentUrl\":\"https:\/\/secure.gravatar.com\/avatar\/c4ca25fa72cace7a696b52ff5db9e095?s=96&d=mm&r=g\",\"caption\":\"hudo\"},\"url\":\"https:\/\/hudo.com\/si\/author\/hudo\/\"}]}<\/script>\n<!-- \/ Yoast SEO plugin. -->","yoast_head_json":{"title":"[VIDEO] Vse ve\u010d nejasnosti glede umora direktorja kemijskega in\u0161tituta - Hudo Slovenija","robots":{"index":"index","follow":"follow","max-snippet":"max-snippet:-1","max-image-preview":"max-image-preview:large","max-video-preview":"max-video-preview:-1"},"canonical":"https:\/\/hudo.com\/si\/aktualno\/video-vse-vec-nejasnosti-glede-umora-direktorja-kemijskega-instituta\/","og_locale":"sl_SI","og_type":"article","og_title":"[VIDEO] Vse ve\u010d nejasnosti glede umora direktorja kemijskega in\u0161tituta - Hudo Slovenija","og_description":"So zaprli hladnokrvnega morilca ali nedol\u017enega \u010dloveka? To vpra\u0161anje je \u0161ele zdaj, leto in pol po umoru Janka Jamnika, nekdanjega direktorja Kemijskega in\u0161tituta, postalo dejansko aktualno. Vse ve\u010d je namre\u010d nejasnosti pri dokazovanju krivde priprtemu Milku Novi\u010du. Teorij je veliko, nepojasnjenih okoli\u0161\u010din pa \u0161e ve\u010d.","og_url":"https:\/\/hudo.com\/si\/aktualno\/video-vse-vec-nejasnosti-glede-umora-direktorja-kemijskega-instituta\/","og_site_name":"Hudo Slovenija","article_publisher":"https:\/\/www.facebook.com\/hudo.si","article_published_time":"2016-05-05T15:21:00+00:00","article_modified_time":"2016-05-08T18:17:08+00:00","og_image":[{"width":504,"height":284,"url":"https:\/\/hudo.com\/si\/wp-content\/uploads\/sites\/2\/2016\/05\/042553ZeGvL.jpg","type":"image\/jpeg"}],"author":"hudo","twitter_card":"summary_large_image","twitter_creator":"@hudo_si","twitter_site":"@hudo_si","twitter_misc":{"Written by":"hudo"},"schema":{"@context":"https:\/\/schema.org","@graph":[{"@type":"Article","@id":"https:\/\/hudo.com\/si\/aktualno\/video-vse-vec-nejasnosti-glede-umora-direktorja-kemijskega-instituta\/#article","isPartOf":{"@id":"https:\/\/hudo.com\/si\/aktualno\/video-vse-vec-nejasnosti-glede-umora-direktorja-kemijskega-instituta\/"},"author":{"name":"hudo","@id":"https:\/\/hudo.com\/si\/#\/schema\/person\/601cf3379633985b20f7e50f2bb47707"},"headline":"[VIDEO] Vse ve\u010d nejasnosti glede umora direktorja kemijskega in\u0161tituta","datePublished":"2016-05-05T15:21:00+00:00","dateModified":"2016-05-08T18:17:08+00:00","mainEntityOfPage":{"@id":"https:\/\/hudo.com\/si\/aktualno\/video-vse-vec-nejasnosti-glede-umora-direktorja-kemijskega-instituta\/"},"wordCount":60,"publisher":{"@id":"https:\/\/hudo.com\/si\/#organization"},"articleSection":["Aktualno"],"inLanguage":"sl-SI"},{"@type":"WebPage","@id":"https:\/\/hudo.com\/si\/aktualno\/video-vse-vec-nejasnosti-glede-umora-direktorja-kemijskega-instituta\/","url":"https:\/\/hudo.com\/si\/aktualno\/video-vse-vec-nejasnosti-glede-umora-direktorja-kemijskega-instituta\/","name":"[VIDEO] Vse ve\u010d nejasnosti glede umora direktorja kemijskega in\u0161tituta - Hudo Slovenija","isPartOf":{"@id":"https:\/\/hudo.com\/si\/#website"},"datePublished":"2016-05-05T15:21:00+00:00","dateModified":"2016-05-08T18:17:08+00:00","breadcrumb":{"@id":"https:\/\/hudo.com\/si\/aktualno\/video-vse-vec-nejasnosti-glede-umora-direktorja-kemijskega-instituta\/#breadcrumb"},"inLanguage":"sl-SI","potentialAction":[{"@type":"ReadAction","target":["https:\/\/hudo.com\/si\/aktualno\/video-vse-vec-nejasnosti-glede-umora-direktorja-kemijskega-instituta\/"]}]},{"@type":"BreadcrumbList","@id":"https:\/\/hudo.com\/si\/aktualno\/video-vse-vec-nejasnosti-glede-umora-direktorja-kemijskega-instituta\/#breadcrumb","itemListElement":[{"@type":"ListItem","position":1,"name":"Home","item":"https:\/\/hudo.com\/si\/"},{"@type":"ListItem","position":2,"name":"[VIDEO] Vse ve\u010d nejasnosti glede umora direktorja kemijskega in\u0161tituta"}]},{"@type":"WebSite","@id":"https:\/\/hudo.com\/si\/#website","url":"https:\/\/hudo.com\/si\/","name":"Hudo Slovenija","description":"Vse novice iz Slovenije in sveta","publisher":{"@id":"https:\/\/hudo.com\/si\/#organization"},"potentialAction":[{"@type":"SearchAction","target":{"@type":"EntryPoint","urlTemplate":"https:\/\/hudo.com\/si\/?s={search_term_string}"},"query-input":"required name=search_term_string"}],"inLanguage":"sl-SI"},{"@type":"Organization","@id":"https:\/\/hudo.com\/si\/#organization","name":"VSN Media","url":"https:\/\/hudo.com\/si\/","logo":{"@type":"ImageObject","inLanguage":"sl-SI","@id":"https:\/\/hudo.com\/si\/#\/schema\/logo\/image\/","url":"https:\/\/hudo.com\/si\/wp-content\/uploads\/sites\/2\/2021\/03\/hudo-app-2.png","contentUrl":"https:\/\/hudo.com\/si\/wp-content\/uploads\/sites\/2\/2021\/03\/hudo-app-2.png","width":2185,"height":2167,"caption":"VSN Media"},"image":{"@id":"https:\/\/hudo.com\/si\/#\/schema\/logo\/image\/"},"sameAs":["https:\/\/www.facebook.com\/hudo.si","https:\/\/twitter.com\/hudo_si"]},{"@type":"Person","@id":"https:\/\/hudo.com\/si\/#\/schema\/person\/601cf3379633985b20f7e50f2bb47707","name":"hudo","image":{"@type":"ImageObject","inLanguage":"sl-SI","@id":"https:\/\/hudo.com\/si\/#\/schema\/person\/image\/","url":"https:\/\/secure.gravatar.com\/avatar\/c4ca25fa72cace7a696b52ff5db9e095?s=96&d=mm&r=g","contentUrl":"https:\/\/secure.gravatar.com\/avatar\/c4ca25fa72cace7a696b52ff5db9e095?s=96&d=mm&r=g","caption":"hudo"},"url":"https:\/\/hudo.com\/si\/author\/hudo\/"}]}},"amp_enabled":true,"_links":{"self":[{"href":"https:\/\/hudo.com\/si\/wp-json\/wp\/v2\/posts\/46430"}],"collection":[{"href":"https:\/\/hudo.com\/si\/wp-json\/wp\/v2\/posts"}],"about":[{"href":"https:\/\/hudo.com\/si\/wp-json\/wp\/v2\/types\/post"}],"author":[{"embeddable":true,"href":"https:\/\/hudo.com\/si\/wp-json\/wp\/v2\/users\/1"}],"replies":[{"embeddable":true,"href":"https:\/\/hudo.com\/si\/wp-json\/wp\/v2\/comments?post=46430"}],"version-history":[{"count":1,"href":"https:\/\/hudo.com\/si\/wp-json\/wp\/v2\/posts\/46430\/revisions"}],"predecessor-version":[{"id":46444,"href":"https:\/\/hudo.com\/si\/wp-json\/wp\/v2\/posts\/46430\/revisions\/46444"}],"wp:attachment":[{"href":"https:\/\/hudo.com\/si\/wp-json\/wp\/v2\/media?parent=46430"}],"wp:term":[{"taxonomy":"category","embeddable":true,"href":"https:\/\/hudo.com\/si\/wp-json\/wp\/v2\/categories?post=46430"},{"taxonomy":"post_tag","embeddable":true,"href":"https:\/\/hudo.com\/si\/wp-json\/wp\/v2\/tags?post=46430"},{"taxonomy":"source","embeddable":true,"href":"https:\/\/hudo.com\/si\/wp-json\/wp\/v2\/source?post=46430"},{"taxonomy":"supertag","embeddable":true,"href":"https:\/\/hudo.com\/si\/wp-json\/wp\/v2\/supertag?post=46430"}],"curies":[{"name":"wp","href":"https:\/\/api.w.org\/{rel}","templated":true}]}}