{"id":464486,"date":"2022-01-27T16:09:46","date_gmt":"2022-01-27T15:09:46","guid":{"rendered":"https:\/\/hudo.com\/si\/?p=464486"},"modified":"2022-01-27T16:09:46","modified_gmt":"2022-01-27T15:09:46","slug":"v-sloveniji-potrdili-prvi-primer-nove-podrazlicice-omikrona","status":"publish","type":"post","link":"https:\/\/hudo.com\/si\/aktualno\/slovenija\/v-sloveniji-potrdili-prvi-primer-nove-podrazlicice-omikrona\/","title":{"rendered":"V Sloveniji potrdili prvi primer nove podrazli\u010dice omikrona"},"content":{"rendered":"<p>Po neuradnih podatkih naj bi dva primera podrazli\u010dice omikrona BA.2 potrdil tudi In\u0161titut za mikrobiologijo in imunologijo (IMI), je dejala direktorica Nacionalnega laboratorija za zdravje, okolje in hrano (NLZOH) \u017dohar \u010cretnikova.<\/p>\n<p>Doslej je v petem valu epidemije covida-19, ki ga zaznamuje koronavirusna razli\u010dica omikron, prevladovala podrazli\u010dica BA.1. Spomnila je, da je razli\u010dica v Sloveniji postala prevladujo\u010da v nekaj tednih, trenutno jo potrdijo v ve\u010d kot 95-odstotkih vzorcev za PCR-testiranje. Enotnih podatkov o razlikah v ku\u017enosti med podrazli\u010dicama \u0161e ni, je dejala.<\/p>\n<p>&#8220;Seveda nas skrbi, ker vsaka nova razli\u010dica predstavlja neko tveganje, ki ga je treba sproti ovrednotiti in seveda si ne \u017eelimo \u0161estega vala epidemije, ki bi bil \u0161e huj\u0161i od petega,&#8221; je poudarila.<\/p>\n<p>Agencija Zdru\u017eenega kraljestva za zdravstveno varnost (UKHSA) je v prvih desetih dneh januarja v Veliki Britaniji odkrila ve\u010d kot 400 primerov nove podrazli\u010dice in navedla, da so jo odkrili tudi v pribli\u017eno 40 drugih dr\u017eavah. Med njimi so tudi Indija, Danska in \u0160vedska, kjer ta podrazli\u010dica predstavlja ve\u010dino najnovej\u0161ih primerov.<\/p>\n","protected":false},"excerpt":{"rendered":"<p>V Sloveniji smo potrdili prvi primer nove podrazli\u010dice omikrona BA.2, je na novinarski konferenci potrdila direktorica NLZOH Tja\u0161a \u017dohar \u010cretnik. Podrazli\u010dico so potrdili pri osebi, ki prihaja iz obmo\u010dja Podravja. Po besedah \u017dohar \u010cretnikove \u0161e ni znano, \u010de je nova podrazli\u010dica bolj ku\u017ena od prvotne koronavirusne razli\u010dice omikron.<\/p>\n","protected":false},"author":5,"featured_media":462069,"comment_status":"closed","ping_status":"closed","sticky":false,"template":"","format":"standard","meta":{"footnotes":""},"categories":[18201],"tags":[15632,19605,1595],"source":[4511],"supertag":[5675],"acf":[],"yoast_head":"<!-- This site is optimized with the Yoast SEO plugin v21.3 - https:\/\/yoast.com\/wordpress\/plugins\/seo\/ -->\n<title>V Sloveniji potrdili prvi primer nove podrazli\u010dice omikrona - Hudo Slovenija<\/title>\n<meta name=\"robots\" content=\"index, follow, max-snippet:-1, max-image-preview:large, max-video-preview:-1\" \/>\n<link rel=\"canonical\" href=\"https:\/\/hudo.com\/si\/aktualno\/slovenija\/v-sloveniji-potrdili-prvi-primer-nove-podrazlicice-omikrona\/\" \/>\n<meta property=\"og:locale\" content=\"sl_SI\" \/>\n<meta property=\"og:type\" content=\"article\" \/>\n<meta property=\"og:title\" content=\"V Sloveniji potrdili prvi primer nove podrazli\u010dice omikrona - Hudo Slovenija\" \/>\n<meta property=\"og:description\" content=\"V Sloveniji smo potrdili prvi primer nove podrazli\u010dice omikrona BA.2, je na novinarski konferenci potrdila direktorica NLZOH Tja\u0161a \u017dohar \u010cretnik. Podrazli\u010dico so potrdili pri osebi, ki prihaja iz obmo\u010dja Podravja. Po besedah \u017dohar \u010cretnikove \u0161e ni znano, \u010de je nova podrazli\u010dica bolj ku\u017ena od prvotne koronavirusne razli\u010dice omikron.\" \/>\n<meta property=\"og:url\" content=\"https:\/\/hudo.com\/si\/aktualno\/slovenija\/v-sloveniji-potrdili-prvi-primer-nove-podrazlicice-omikrona\/\" \/>\n<meta property=\"og:site_name\" content=\"Hudo Slovenija\" \/>\n<meta property=\"article:publisher\" content=\"https:\/\/www.facebook.com\/hudo.si\" \/>\n<meta property=\"article:published_time\" content=\"2022-01-27T15:09:46+00:00\" \/>\n<meta property=\"og:image\" content=\"https:\/\/hudo.com\/si\/wp-content\/uploads\/sites\/2\/2021\/12\/Screenshot-from-2021-12-05-17-48-58.jpg\" \/>\n\t<meta property=\"og:image:width\" content=\"906\" \/>\n\t<meta property=\"og:image:height\" content=\"610\" \/>\n\t<meta property=\"og:image:type\" content=\"image\/jpeg\" \/>\n<meta name=\"author\" content=\"A. G., STA\" \/>\n<meta name=\"twitter:card\" content=\"summary_large_image\" \/>\n<meta name=\"twitter:creator\" content=\"@hudo_si\" \/>\n<meta name=\"twitter:site\" content=\"@hudo_si\" \/>\n<meta name=\"twitter:label1\" content=\"Written by\" \/>\n\t<meta name=\"twitter:data1\" content=\"A. G., STA\" \/>\n\t<meta name=\"twitter:label2\" content=\"Est. reading time\" \/>\n\t<meta name=\"twitter:data2\" content=\"1 minuta\" \/>\n<script type=\"application\/ld+json\" class=\"yoast-schema-graph\">{\"@context\":\"https:\/\/schema.org\",\"@graph\":[{\"@type\":\"Article\",\"@id\":\"https:\/\/hudo.com\/si\/aktualno\/slovenija\/v-sloveniji-potrdili-prvi-primer-nove-podrazlicice-omikrona\/#article\",\"isPartOf\":{\"@id\":\"https:\/\/hudo.com\/si\/aktualno\/slovenija\/v-sloveniji-potrdili-prvi-primer-nove-podrazlicice-omikrona\/\"},\"author\":{\"name\":\"A. G., STA\",\"@id\":\"https:\/\/hudo.com\/si\/#\/schema\/person\/2391667a63ea075ba94f2f2dc6b77537\"},\"headline\":\"V Sloveniji potrdili prvi primer nove podrazli\u010dice omikrona\",\"datePublished\":\"2022-01-27T15:09:46+00:00\",\"dateModified\":\"2022-01-27T15:09:46+00:00\",\"mainEntityOfPage\":{\"@id\":\"https:\/\/hudo.com\/si\/aktualno\/slovenija\/v-sloveniji-potrdili-prvi-primer-nove-podrazlicice-omikrona\/\"},\"wordCount\":188,\"publisher\":{\"@id\":\"https:\/\/hudo.com\/si\/#organization\"},\"keywords\":[\"koronavirus\",\"omikron\",\"Slovenija\"],\"articleSection\":[\"Slovenija\"],\"inLanguage\":\"sl-SI\"},{\"@type\":\"WebPage\",\"@id\":\"https:\/\/hudo.com\/si\/aktualno\/slovenija\/v-sloveniji-potrdili-prvi-primer-nove-podrazlicice-omikrona\/\",\"url\":\"https:\/\/hudo.com\/si\/aktualno\/slovenija\/v-sloveniji-potrdili-prvi-primer-nove-podrazlicice-omikrona\/\",\"name\":\"V Sloveniji potrdili prvi primer nove podrazli\u010dice omikrona - Hudo Slovenija\",\"isPartOf\":{\"@id\":\"https:\/\/hudo.com\/si\/#website\"},\"datePublished\":\"2022-01-27T15:09:46+00:00\",\"dateModified\":\"2022-01-27T15:09:46+00:00\",\"breadcrumb\":{\"@id\":\"https:\/\/hudo.com\/si\/aktualno\/slovenija\/v-sloveniji-potrdili-prvi-primer-nove-podrazlicice-omikrona\/#breadcrumb\"},\"inLanguage\":\"sl-SI\",\"potentialAction\":[{\"@type\":\"ReadAction\",\"target\":[\"https:\/\/hudo.com\/si\/aktualno\/slovenija\/v-sloveniji-potrdili-prvi-primer-nove-podrazlicice-omikrona\/\"]}]},{\"@type\":\"BreadcrumbList\",\"@id\":\"https:\/\/hudo.com\/si\/aktualno\/slovenija\/v-sloveniji-potrdili-prvi-primer-nove-podrazlicice-omikrona\/#breadcrumb\",\"itemListElement\":[{\"@type\":\"ListItem\",\"position\":1,\"name\":\"Home\",\"item\":\"https:\/\/hudo.com\/si\/\"},{\"@type\":\"ListItem\",\"position\":2,\"name\":\"V Sloveniji potrdili prvi primer nove podrazli\u010dice omikrona\"}]},{\"@type\":\"WebSite\",\"@id\":\"https:\/\/hudo.com\/si\/#website\",\"url\":\"https:\/\/hudo.com\/si\/\",\"name\":\"Hudo Slovenija\",\"description\":\"Vse novice iz Slovenije in sveta\",\"publisher\":{\"@id\":\"https:\/\/hudo.com\/si\/#organization\"},\"potentialAction\":[{\"@type\":\"SearchAction\",\"target\":{\"@type\":\"EntryPoint\",\"urlTemplate\":\"https:\/\/hudo.com\/si\/?s={search_term_string}\"},\"query-input\":\"required name=search_term_string\"}],\"inLanguage\":\"sl-SI\"},{\"@type\":\"Organization\",\"@id\":\"https:\/\/hudo.com\/si\/#organization\",\"name\":\"VSN Media\",\"url\":\"https:\/\/hudo.com\/si\/\",\"logo\":{\"@type\":\"ImageObject\",\"inLanguage\":\"sl-SI\",\"@id\":\"https:\/\/hudo.com\/si\/#\/schema\/logo\/image\/\",\"url\":\"https:\/\/hudo.com\/si\/wp-content\/uploads\/sites\/2\/2021\/03\/hudo-app-2.png\",\"contentUrl\":\"https:\/\/hudo.com\/si\/wp-content\/uploads\/sites\/2\/2021\/03\/hudo-app-2.png\",\"width\":2185,\"height\":2167,\"caption\":\"VSN Media\"},\"image\":{\"@id\":\"https:\/\/hudo.com\/si\/#\/schema\/logo\/image\/\"},\"sameAs\":[\"https:\/\/www.facebook.com\/hudo.si\",\"https:\/\/twitter.com\/hudo_si\"]},{\"@type\":\"Person\",\"@id\":\"https:\/\/hudo.com\/si\/#\/schema\/person\/2391667a63ea075ba94f2f2dc6b77537\",\"name\":\"A. G., STA\",\"image\":{\"@type\":\"ImageObject\",\"inLanguage\":\"sl-SI\",\"@id\":\"https:\/\/hudo.com\/si\/#\/schema\/person\/image\/\",\"url\":\"https:\/\/secure.gravatar.com\/avatar\/e13d22ac3e442658d5025fbbe6238a79?s=96&d=mm&r=g\",\"contentUrl\":\"https:\/\/secure.gravatar.com\/avatar\/e13d22ac3e442658d5025fbbe6238a79?s=96&d=mm&r=g\",\"caption\":\"A. G., STA\"},\"url\":\"https:\/\/hudo.com\/si\/author\/alenka\/\"}]}<\/script>\n<!-- \/ Yoast SEO plugin. -->","yoast_head_json":{"title":"V Sloveniji potrdili prvi primer nove podrazli\u010dice omikrona - Hudo Slovenija","robots":{"index":"index","follow":"follow","max-snippet":"max-snippet:-1","max-image-preview":"max-image-preview:large","max-video-preview":"max-video-preview:-1"},"canonical":"https:\/\/hudo.com\/si\/aktualno\/slovenija\/v-sloveniji-potrdili-prvi-primer-nove-podrazlicice-omikrona\/","og_locale":"sl_SI","og_type":"article","og_title":"V Sloveniji potrdili prvi primer nove podrazli\u010dice omikrona - Hudo Slovenija","og_description":"V Sloveniji smo potrdili prvi primer nove podrazli\u010dice omikrona BA.2, je na novinarski konferenci potrdila direktorica NLZOH Tja\u0161a \u017dohar \u010cretnik. Podrazli\u010dico so potrdili pri osebi, ki prihaja iz obmo\u010dja Podravja. Po besedah \u017dohar \u010cretnikove \u0161e ni znano, \u010de je nova podrazli\u010dica bolj ku\u017ena od prvotne koronavirusne razli\u010dice omikron.","og_url":"https:\/\/hudo.com\/si\/aktualno\/slovenija\/v-sloveniji-potrdili-prvi-primer-nove-podrazlicice-omikrona\/","og_site_name":"Hudo Slovenija","article_publisher":"https:\/\/www.facebook.com\/hudo.si","article_published_time":"2022-01-27T15:09:46+00:00","og_image":[{"width":906,"height":610,"url":"https:\/\/hudo.com\/si\/wp-content\/uploads\/sites\/2\/2021\/12\/Screenshot-from-2021-12-05-17-48-58.jpg","type":"image\/jpeg"}],"author":"A. G., STA","twitter_card":"summary_large_image","twitter_creator":"@hudo_si","twitter_site":"@hudo_si","twitter_misc":{"Written by":"A. G., STA","Est. reading time":"1 minuta"},"schema":{"@context":"https:\/\/schema.org","@graph":[{"@type":"Article","@id":"https:\/\/hudo.com\/si\/aktualno\/slovenija\/v-sloveniji-potrdili-prvi-primer-nove-podrazlicice-omikrona\/#article","isPartOf":{"@id":"https:\/\/hudo.com\/si\/aktualno\/slovenija\/v-sloveniji-potrdili-prvi-primer-nove-podrazlicice-omikrona\/"},"author":{"name":"A. G., STA","@id":"https:\/\/hudo.com\/si\/#\/schema\/person\/2391667a63ea075ba94f2f2dc6b77537"},"headline":"V Sloveniji potrdili prvi primer nove podrazli\u010dice omikrona","datePublished":"2022-01-27T15:09:46+00:00","dateModified":"2022-01-27T15:09:46+00:00","mainEntityOfPage":{"@id":"https:\/\/hudo.com\/si\/aktualno\/slovenija\/v-sloveniji-potrdili-prvi-primer-nove-podrazlicice-omikrona\/"},"wordCount":188,"publisher":{"@id":"https:\/\/hudo.com\/si\/#organization"},"keywords":["koronavirus","omikron","Slovenija"],"articleSection":["Slovenija"],"inLanguage":"sl-SI"},{"@type":"WebPage","@id":"https:\/\/hudo.com\/si\/aktualno\/slovenija\/v-sloveniji-potrdili-prvi-primer-nove-podrazlicice-omikrona\/","url":"https:\/\/hudo.com\/si\/aktualno\/slovenija\/v-sloveniji-potrdili-prvi-primer-nove-podrazlicice-omikrona\/","name":"V Sloveniji potrdili prvi primer nove podrazli\u010dice omikrona - Hudo Slovenija","isPartOf":{"@id":"https:\/\/hudo.com\/si\/#website"},"datePublished":"2022-01-27T15:09:46+00:00","dateModified":"2022-01-27T15:09:46+00:00","breadcrumb":{"@id":"https:\/\/hudo.com\/si\/aktualno\/slovenija\/v-sloveniji-potrdili-prvi-primer-nove-podrazlicice-omikrona\/#breadcrumb"},"inLanguage":"sl-SI","potentialAction":[{"@type":"ReadAction","target":["https:\/\/hudo.com\/si\/aktualno\/slovenija\/v-sloveniji-potrdili-prvi-primer-nove-podrazlicice-omikrona\/"]}]},{"@type":"BreadcrumbList","@id":"https:\/\/hudo.com\/si\/aktualno\/slovenija\/v-sloveniji-potrdili-prvi-primer-nove-podrazlicice-omikrona\/#breadcrumb","itemListElement":[{"@type":"ListItem","position":1,"name":"Home","item":"https:\/\/hudo.com\/si\/"},{"@type":"ListItem","position":2,"name":"V Sloveniji potrdili prvi primer nove podrazli\u010dice omikrona"}]},{"@type":"WebSite","@id":"https:\/\/hudo.com\/si\/#website","url":"https:\/\/hudo.com\/si\/","name":"Hudo Slovenija","description":"Vse novice iz Slovenije in sveta","publisher":{"@id":"https:\/\/hudo.com\/si\/#organization"},"potentialAction":[{"@type":"SearchAction","target":{"@type":"EntryPoint","urlTemplate":"https:\/\/hudo.com\/si\/?s={search_term_string}"},"query-input":"required name=search_term_string"}],"inLanguage":"sl-SI"},{"@type":"Organization","@id":"https:\/\/hudo.com\/si\/#organization","name":"VSN Media","url":"https:\/\/hudo.com\/si\/","logo":{"@type":"ImageObject","inLanguage":"sl-SI","@id":"https:\/\/hudo.com\/si\/#\/schema\/logo\/image\/","url":"https:\/\/hudo.com\/si\/wp-content\/uploads\/sites\/2\/2021\/03\/hudo-app-2.png","contentUrl":"https:\/\/hudo.com\/si\/wp-content\/uploads\/sites\/2\/2021\/03\/hudo-app-2.png","width":2185,"height":2167,"caption":"VSN Media"},"image":{"@id":"https:\/\/hudo.com\/si\/#\/schema\/logo\/image\/"},"sameAs":["https:\/\/www.facebook.com\/hudo.si","https:\/\/twitter.com\/hudo_si"]},{"@type":"Person","@id":"https:\/\/hudo.com\/si\/#\/schema\/person\/2391667a63ea075ba94f2f2dc6b77537","name":"A. G., STA","image":{"@type":"ImageObject","inLanguage":"sl-SI","@id":"https:\/\/hudo.com\/si\/#\/schema\/person\/image\/","url":"https:\/\/secure.gravatar.com\/avatar\/e13d22ac3e442658d5025fbbe6238a79?s=96&d=mm&r=g","contentUrl":"https:\/\/secure.gravatar.com\/avatar\/e13d22ac3e442658d5025fbbe6238a79?s=96&d=mm&r=g","caption":"A. G., STA"},"url":"https:\/\/hudo.com\/si\/author\/alenka\/"}]}},"amp_enabled":true,"_links":{"self":[{"href":"https:\/\/hudo.com\/si\/wp-json\/wp\/v2\/posts\/464486"}],"collection":[{"href":"https:\/\/hudo.com\/si\/wp-json\/wp\/v2\/posts"}],"about":[{"href":"https:\/\/hudo.com\/si\/wp-json\/wp\/v2\/types\/post"}],"author":[{"embeddable":true,"href":"https:\/\/hudo.com\/si\/wp-json\/wp\/v2\/users\/5"}],"replies":[{"embeddable":true,"href":"https:\/\/hudo.com\/si\/wp-json\/wp\/v2\/comments?post=464486"}],"version-history":[{"count":1,"href":"https:\/\/hudo.com\/si\/wp-json\/wp\/v2\/posts\/464486\/revisions"}],"predecessor-version":[{"id":464487,"href":"https:\/\/hudo.com\/si\/wp-json\/wp\/v2\/posts\/464486\/revisions\/464487"}],"wp:featuredmedia":[{"embeddable":true,"href":"https:\/\/hudo.com\/si\/wp-json\/wp\/v2\/media\/462069"}],"wp:attachment":[{"href":"https:\/\/hudo.com\/si\/wp-json\/wp\/v2\/media?parent=464486"}],"wp:term":[{"taxonomy":"category","embeddable":true,"href":"https:\/\/hudo.com\/si\/wp-json\/wp\/v2\/categories?post=464486"},{"taxonomy":"post_tag","embeddable":true,"href":"https:\/\/hudo.com\/si\/wp-json\/wp\/v2\/tags?post=464486"},{"taxonomy":"source","embeddable":true,"href":"https:\/\/hudo.com\/si\/wp-json\/wp\/v2\/source?post=464486"},{"taxonomy":"supertag","embeddable":true,"href":"https:\/\/hudo.com\/si\/wp-json\/wp\/v2\/supertag?post=464486"}],"curies":[{"name":"wp","href":"https:\/\/api.w.org\/{rel}","templated":true}]}}