{"id":464488,"date":"2022-01-27T16:11:31","date_gmt":"2022-01-27T15:11:31","guid":{"rendered":"https:\/\/hudo.com\/si\/?p=464488"},"modified":"2022-01-27T16:11:31","modified_gmt":"2022-01-27T15:11:31","slug":"stevilo-vdorov-okuzb-s-koronavirusom-v-necovidne-oddelke-skokovito-raste","status":"publish","type":"post","link":"https:\/\/hudo.com\/si\/aktualno\/slovenija\/stevilo-vdorov-okuzb-s-koronavirusom-v-necovidne-oddelke-skokovito-raste\/","title":{"rendered":"\u0160tevilo vdorov oku\u017eb s koronavirusom v necovidne oddelke skokovito raste"},"content":{"rendered":"<p>Po besedah Carotte bi trenutne \u0161tevilke oku\u017eenih bile v prej\u0161njih valovih nepredstavljive in bi pomenile ne le zlom zdravstvenega sistema, pa\u010d pa celotne dru\u017ebe in ogromno \u0161tevilo mrtvih. Ob tem je spomnil, da smo v leto 2022 vstopili s 179 covidnimi bolniki na intenzivnih oddelkih in 374 bolniki na navadnih covidnih oddelkih.<\/p>\n<p>Potem ko je omikron postal prevladujo\u010da razli\u010dica virusa in je \u0161tevilo oku\u017eb za\u010delo zelo nara\u0161\u010dati, pa je bilo do prej\u0161njega tedna kljub visokim \u0161tevilkam oku\u017eb zaznati le blag dvig sprejema na navadne oddelke in celo opazen trend upadanja zdravljenih na intenzivnih oddelkih.<\/p>\n<p>Je pa nova razli\u010dica precej udarila po zaposlenih v bolni\u0161nicah, ki so se oku\u017eili bodisi v slu\u017ebi ali doma, ali pa so bili v karanteni zaradi stikov z oku\u017eenimi. &#8220;V nekaterih bolni\u0161nicah je trenutno \u017ee ve\u010d kot petina zaposlenih odsotna zaradi omikrona, kar zelo ote\u017euje njihovo normalno delovanje,&#8221; je dejal Carotta.<\/p>\n<p>Sicer pa trenutne razmere precej vplivajo na t. i. \u010diste bolni\u0161ke oddelke. Gre za vse oddelke, kjer ne zdravijo covida-19, pa\u010d pa tja sprejemajo paciente zaradi drugih zdravstvenih te\u017eav. Na te oddelke vse bolj pogosto vdirajo tudi oku\u017ebe s koronavirusom. V ve\u010dini primerov gre pri teh bolnikih za bla\u017eje oblike prehladnih obolenj, a zaradi hitrega \u0161irjenja to po njegovih besedah najpogosteje pomeni, da se oku\u017ei skoraj ves oddelek.<\/p>\n<p>&#8220;Nenazadnje pa se vpliv ka\u017ee tudi na urgentnih centrih, kjer so obremenitve v tem \u010dasu najve\u010dje. Pri vse ve\u010d bolnikih, ki tja prihajajo zaradi drugih te\u017eav, namre\u010d pri testiranju ugotovijo so\u010dasno tudi koronavirusno oku\u017ebo,&#8221; je dejal Carotta.<\/p>\n<p>Po podatkih iz srede je bilo na navadnih covidnih oddelkih 551 pacientov, danes \u017ee 583, kar pomeni, da se je v primerjavi z za\u010detkom leta povi\u0161alo za okoli 200, je pa na intenzivni negi v primerjavi z za\u010detkom leta \u0161tevilka ni\u017eja za 39.<\/p>\n<p>&#8220;Opravka imamo torej z druga\u010dnim virusom, ki ima k sre\u010di bla\u017eji potek od predhodnih, a vseeno ne smemo bolezni zanemariti. Predvsem pri kroni\u010dnih bolnikih z imunsko oslabelostjo, ki jim \u0161e vedno lahko povzro\u010da te\u017eko obliko, zato je v petem valu zaradi velikega pritiska potrebno \u010dim prej umiriti razmere,&#8221; je \u0161e dodal Carotta.<\/p>\n<p>Kot je napovedal, bodo posteljne zmogljivosti za zdravljenje covida-19 pove\u010devali glede na potrebe in podatke, ki jih bodo prejemali. Pri tem bodo analizirali tudi \u0161tevilo obravnavanih pacientov, pri katerih je covid prva diagnoza, in koliko je med sprejetimi takih, ki so oku\u017eeni, a se v bolni\u0161nicah zdravijo zaradi drugih bolezni.<\/p>\n<p>Splo\u0161na bolni\u0161nica Murska Sobota je v teh dneh polno zasedena tako s covidnimi kot necovidnimi bolniki. V primeru mo\u010dno pove\u010danega pritiska bolnikov, ki so oku\u017eeni s covidom-19, bodo po besedah strokovne direktorice bolni\u0161nice Manuele Kuhar Makoter v naslednjih dneh vzpostavili rde\u010de in sive cone na ve\u010d oddelkih, s tem pa ukinili vso nenujno operativo in nenujna zdravljenja. &#8220;Tako se bomo lahko osredoto\u010dili samo na tiste, ki na\u0161o pomo\u010d nujno potrebujejo,&#8221; je povedala.<\/p>\n<p>V bolni\u0161nici je trenutno 20 odstotkov zaposlenih, ki so v bolni\u0161kem stale\u017eu. Deset odstotkov od njih, okoli 100, jih je bodisi pozitivnih na novi kronavirus ali pa so zaradi tesnega stika doma. \u017de 14 dni tako izvajajo samo posege z napotnico stopnje zelo hitro in nujne posege.<\/p>\n","protected":false},"excerpt":{"rendered":"<p>Dele\u017e bolni\u0161kih stale\u017eev v bolni\u0161nicah strmo raste in \u017ee resno ogro\u017ea normalno delovanje, je povedal koordinator za covidne bolni\u0161ke postelje Robert Carotta. Kot jim sporo\u010dajo iz nekaterih bolni\u0161nic, ob tem je Carotta omenil \u0161empetrsko, so zato \u017ee ustavili ves elektivni program. Skokovito pa raste tudi \u0161tevilo vdorov oku\u017eb v necovidne oddelke.<\/p>\n","protected":false},"author":5,"featured_media":460428,"comment_status":"closed","ping_status":"closed","sticky":false,"template":"","format":"standard","meta":{"footnotes":""},"categories":[18201],"tags":[15632,1595],"source":[4511],"supertag":[5675],"acf":[],"yoast_head":"<!-- This site is optimized with the Yoast SEO plugin v21.3 - https:\/\/yoast.com\/wordpress\/plugins\/seo\/ -->\n<title>\u0160tevilo vdorov oku\u017eb s koronavirusom v necovidne oddelke skokovito raste - Hudo Slovenija<\/title>\n<meta name=\"robots\" content=\"index, follow, max-snippet:-1, max-image-preview:large, max-video-preview:-1\" \/>\n<link rel=\"canonical\" href=\"https:\/\/hudo.com\/si\/aktualno\/slovenija\/stevilo-vdorov-okuzb-s-koronavirusom-v-necovidne-oddelke-skokovito-raste\/\" \/>\n<meta property=\"og:locale\" content=\"sl_SI\" \/>\n<meta property=\"og:type\" content=\"article\" \/>\n<meta property=\"og:title\" content=\"\u0160tevilo vdorov oku\u017eb s koronavirusom v necovidne oddelke skokovito raste - Hudo Slovenija\" \/>\n<meta property=\"og:description\" content=\"Dele\u017e bolni\u0161kih stale\u017eev v bolni\u0161nicah strmo raste in \u017ee resno ogro\u017ea normalno delovanje, je povedal koordinator za covidne bolni\u0161ke postelje Robert Carotta. Kot jim sporo\u010dajo iz nekaterih bolni\u0161nic, ob tem je Carotta omenil \u0161empetrsko, so zato \u017ee ustavili ves elektivni program. Skokovito pa raste tudi \u0161tevilo vdorov oku\u017eb v necovidne oddelke.\" \/>\n<meta property=\"og:url\" content=\"https:\/\/hudo.com\/si\/aktualno\/slovenija\/stevilo-vdorov-okuzb-s-koronavirusom-v-necovidne-oddelke-skokovito-raste\/\" \/>\n<meta property=\"og:site_name\" content=\"Hudo Slovenija\" \/>\n<meta property=\"article:publisher\" content=\"https:\/\/www.facebook.com\/hudo.si\" \/>\n<meta property=\"article:published_time\" content=\"2022-01-27T15:11:31+00:00\" \/>\n<meta property=\"og:image\" content=\"https:\/\/hudo.com\/si\/wp-content\/uploads\/sites\/2\/2021\/11\/20200409-00999471.jpg\" \/>\n\t<meta property=\"og:image:width\" content=\"1536\" \/>\n\t<meta property=\"og:image:height\" content=\"1024\" \/>\n\t<meta property=\"og:image:type\" content=\"image\/jpeg\" \/>\n<meta name=\"author\" content=\"A. G., STA\" \/>\n<meta name=\"twitter:card\" content=\"summary_large_image\" \/>\n<meta name=\"twitter:creator\" content=\"@hudo_si\" \/>\n<meta name=\"twitter:site\" content=\"@hudo_si\" \/>\n<meta name=\"twitter:label1\" content=\"Written by\" \/>\n\t<meta name=\"twitter:data1\" content=\"A. G., STA\" \/>\n\t<meta name=\"twitter:label2\" content=\"Est. reading time\" \/>\n\t<meta name=\"twitter:data2\" content=\"3 minute\" \/>\n<script type=\"application\/ld+json\" class=\"yoast-schema-graph\">{\"@context\":\"https:\/\/schema.org\",\"@graph\":[{\"@type\":\"Article\",\"@id\":\"https:\/\/hudo.com\/si\/aktualno\/slovenija\/stevilo-vdorov-okuzb-s-koronavirusom-v-necovidne-oddelke-skokovito-raste\/#article\",\"isPartOf\":{\"@id\":\"https:\/\/hudo.com\/si\/aktualno\/slovenija\/stevilo-vdorov-okuzb-s-koronavirusom-v-necovidne-oddelke-skokovito-raste\/\"},\"author\":{\"name\":\"A. G., STA\",\"@id\":\"https:\/\/hudo.com\/si\/#\/schema\/person\/2391667a63ea075ba94f2f2dc6b77537\"},\"headline\":\"\u0160tevilo vdorov oku\u017eb s koronavirusom v necovidne oddelke skokovito raste\",\"datePublished\":\"2022-01-27T15:11:31+00:00\",\"dateModified\":\"2022-01-27T15:11:31+00:00\",\"mainEntityOfPage\":{\"@id\":\"https:\/\/hudo.com\/si\/aktualno\/slovenija\/stevilo-vdorov-okuzb-s-koronavirusom-v-necovidne-oddelke-skokovito-raste\/\"},\"wordCount\":568,\"publisher\":{\"@id\":\"https:\/\/hudo.com\/si\/#organization\"},\"keywords\":[\"koronavirus\",\"Slovenija\"],\"articleSection\":[\"Slovenija\"],\"inLanguage\":\"sl-SI\"},{\"@type\":\"WebPage\",\"@id\":\"https:\/\/hudo.com\/si\/aktualno\/slovenija\/stevilo-vdorov-okuzb-s-koronavirusom-v-necovidne-oddelke-skokovito-raste\/\",\"url\":\"https:\/\/hudo.com\/si\/aktualno\/slovenija\/stevilo-vdorov-okuzb-s-koronavirusom-v-necovidne-oddelke-skokovito-raste\/\",\"name\":\"\u0160tevilo vdorov oku\u017eb s koronavirusom v necovidne oddelke skokovito raste - Hudo Slovenija\",\"isPartOf\":{\"@id\":\"https:\/\/hudo.com\/si\/#website\"},\"datePublished\":\"2022-01-27T15:11:31+00:00\",\"dateModified\":\"2022-01-27T15:11:31+00:00\",\"breadcrumb\":{\"@id\":\"https:\/\/hudo.com\/si\/aktualno\/slovenija\/stevilo-vdorov-okuzb-s-koronavirusom-v-necovidne-oddelke-skokovito-raste\/#breadcrumb\"},\"inLanguage\":\"sl-SI\",\"potentialAction\":[{\"@type\":\"ReadAction\",\"target\":[\"https:\/\/hudo.com\/si\/aktualno\/slovenija\/stevilo-vdorov-okuzb-s-koronavirusom-v-necovidne-oddelke-skokovito-raste\/\"]}]},{\"@type\":\"BreadcrumbList\",\"@id\":\"https:\/\/hudo.com\/si\/aktualno\/slovenija\/stevilo-vdorov-okuzb-s-koronavirusom-v-necovidne-oddelke-skokovito-raste\/#breadcrumb\",\"itemListElement\":[{\"@type\":\"ListItem\",\"position\":1,\"name\":\"Home\",\"item\":\"https:\/\/hudo.com\/si\/\"},{\"@type\":\"ListItem\",\"position\":2,\"name\":\"\u0160tevilo vdorov oku\u017eb s koronavirusom v necovidne oddelke skokovito raste\"}]},{\"@type\":\"WebSite\",\"@id\":\"https:\/\/hudo.com\/si\/#website\",\"url\":\"https:\/\/hudo.com\/si\/\",\"name\":\"Hudo Slovenija\",\"description\":\"Vse novice iz Slovenije in sveta\",\"publisher\":{\"@id\":\"https:\/\/hudo.com\/si\/#organization\"},\"potentialAction\":[{\"@type\":\"SearchAction\",\"target\":{\"@type\":\"EntryPoint\",\"urlTemplate\":\"https:\/\/hudo.com\/si\/?s={search_term_string}\"},\"query-input\":\"required name=search_term_string\"}],\"inLanguage\":\"sl-SI\"},{\"@type\":\"Organization\",\"@id\":\"https:\/\/hudo.com\/si\/#organization\",\"name\":\"VSN Media\",\"url\":\"https:\/\/hudo.com\/si\/\",\"logo\":{\"@type\":\"ImageObject\",\"inLanguage\":\"sl-SI\",\"@id\":\"https:\/\/hudo.com\/si\/#\/schema\/logo\/image\/\",\"url\":\"https:\/\/hudo.com\/si\/wp-content\/uploads\/sites\/2\/2021\/03\/hudo-app-2.png\",\"contentUrl\":\"https:\/\/hudo.com\/si\/wp-content\/uploads\/sites\/2\/2021\/03\/hudo-app-2.png\",\"width\":2185,\"height\":2167,\"caption\":\"VSN Media\"},\"image\":{\"@id\":\"https:\/\/hudo.com\/si\/#\/schema\/logo\/image\/\"},\"sameAs\":[\"https:\/\/www.facebook.com\/hudo.si\",\"https:\/\/twitter.com\/hudo_si\"]},{\"@type\":\"Person\",\"@id\":\"https:\/\/hudo.com\/si\/#\/schema\/person\/2391667a63ea075ba94f2f2dc6b77537\",\"name\":\"A. G., STA\",\"image\":{\"@type\":\"ImageObject\",\"inLanguage\":\"sl-SI\",\"@id\":\"https:\/\/hudo.com\/si\/#\/schema\/person\/image\/\",\"url\":\"https:\/\/secure.gravatar.com\/avatar\/e13d22ac3e442658d5025fbbe6238a79?s=96&d=mm&r=g\",\"contentUrl\":\"https:\/\/secure.gravatar.com\/avatar\/e13d22ac3e442658d5025fbbe6238a79?s=96&d=mm&r=g\",\"caption\":\"A. G., STA\"},\"url\":\"https:\/\/hudo.com\/si\/author\/alenka\/\"}]}<\/script>\n<!-- \/ Yoast SEO plugin. -->","yoast_head_json":{"title":"\u0160tevilo vdorov oku\u017eb s koronavirusom v necovidne oddelke skokovito raste - Hudo Slovenija","robots":{"index":"index","follow":"follow","max-snippet":"max-snippet:-1","max-image-preview":"max-image-preview:large","max-video-preview":"max-video-preview:-1"},"canonical":"https:\/\/hudo.com\/si\/aktualno\/slovenija\/stevilo-vdorov-okuzb-s-koronavirusom-v-necovidne-oddelke-skokovito-raste\/","og_locale":"sl_SI","og_type":"article","og_title":"\u0160tevilo vdorov oku\u017eb s koronavirusom v necovidne oddelke skokovito raste - Hudo Slovenija","og_description":"Dele\u017e bolni\u0161kih stale\u017eev v bolni\u0161nicah strmo raste in \u017ee resno ogro\u017ea normalno delovanje, je povedal koordinator za covidne bolni\u0161ke postelje Robert Carotta. Kot jim sporo\u010dajo iz nekaterih bolni\u0161nic, ob tem je Carotta omenil \u0161empetrsko, so zato \u017ee ustavili ves elektivni program. Skokovito pa raste tudi \u0161tevilo vdorov oku\u017eb v necovidne oddelke.","og_url":"https:\/\/hudo.com\/si\/aktualno\/slovenija\/stevilo-vdorov-okuzb-s-koronavirusom-v-necovidne-oddelke-skokovito-raste\/","og_site_name":"Hudo Slovenija","article_publisher":"https:\/\/www.facebook.com\/hudo.si","article_published_time":"2022-01-27T15:11:31+00:00","og_image":[{"width":1536,"height":1024,"url":"https:\/\/hudo.com\/si\/wp-content\/uploads\/sites\/2\/2021\/11\/20200409-00999471.jpg","type":"image\/jpeg"}],"author":"A. G., STA","twitter_card":"summary_large_image","twitter_creator":"@hudo_si","twitter_site":"@hudo_si","twitter_misc":{"Written by":"A. G., STA","Est. reading time":"3 minute"},"schema":{"@context":"https:\/\/schema.org","@graph":[{"@type":"Article","@id":"https:\/\/hudo.com\/si\/aktualno\/slovenija\/stevilo-vdorov-okuzb-s-koronavirusom-v-necovidne-oddelke-skokovito-raste\/#article","isPartOf":{"@id":"https:\/\/hudo.com\/si\/aktualno\/slovenija\/stevilo-vdorov-okuzb-s-koronavirusom-v-necovidne-oddelke-skokovito-raste\/"},"author":{"name":"A. G., STA","@id":"https:\/\/hudo.com\/si\/#\/schema\/person\/2391667a63ea075ba94f2f2dc6b77537"},"headline":"\u0160tevilo vdorov oku\u017eb s koronavirusom v necovidne oddelke skokovito raste","datePublished":"2022-01-27T15:11:31+00:00","dateModified":"2022-01-27T15:11:31+00:00","mainEntityOfPage":{"@id":"https:\/\/hudo.com\/si\/aktualno\/slovenija\/stevilo-vdorov-okuzb-s-koronavirusom-v-necovidne-oddelke-skokovito-raste\/"},"wordCount":568,"publisher":{"@id":"https:\/\/hudo.com\/si\/#organization"},"keywords":["koronavirus","Slovenija"],"articleSection":["Slovenija"],"inLanguage":"sl-SI"},{"@type":"WebPage","@id":"https:\/\/hudo.com\/si\/aktualno\/slovenija\/stevilo-vdorov-okuzb-s-koronavirusom-v-necovidne-oddelke-skokovito-raste\/","url":"https:\/\/hudo.com\/si\/aktualno\/slovenija\/stevilo-vdorov-okuzb-s-koronavirusom-v-necovidne-oddelke-skokovito-raste\/","name":"\u0160tevilo vdorov oku\u017eb s koronavirusom v necovidne oddelke skokovito raste - Hudo Slovenija","isPartOf":{"@id":"https:\/\/hudo.com\/si\/#website"},"datePublished":"2022-01-27T15:11:31+00:00","dateModified":"2022-01-27T15:11:31+00:00","breadcrumb":{"@id":"https:\/\/hudo.com\/si\/aktualno\/slovenija\/stevilo-vdorov-okuzb-s-koronavirusom-v-necovidne-oddelke-skokovito-raste\/#breadcrumb"},"inLanguage":"sl-SI","potentialAction":[{"@type":"ReadAction","target":["https:\/\/hudo.com\/si\/aktualno\/slovenija\/stevilo-vdorov-okuzb-s-koronavirusom-v-necovidne-oddelke-skokovito-raste\/"]}]},{"@type":"BreadcrumbList","@id":"https:\/\/hudo.com\/si\/aktualno\/slovenija\/stevilo-vdorov-okuzb-s-koronavirusom-v-necovidne-oddelke-skokovito-raste\/#breadcrumb","itemListElement":[{"@type":"ListItem","position":1,"name":"Home","item":"https:\/\/hudo.com\/si\/"},{"@type":"ListItem","position":2,"name":"\u0160tevilo vdorov oku\u017eb s koronavirusom v necovidne oddelke skokovito raste"}]},{"@type":"WebSite","@id":"https:\/\/hudo.com\/si\/#website","url":"https:\/\/hudo.com\/si\/","name":"Hudo Slovenija","description":"Vse novice iz Slovenije in sveta","publisher":{"@id":"https:\/\/hudo.com\/si\/#organization"},"potentialAction":[{"@type":"SearchAction","target":{"@type":"EntryPoint","urlTemplate":"https:\/\/hudo.com\/si\/?s={search_term_string}"},"query-input":"required name=search_term_string"}],"inLanguage":"sl-SI"},{"@type":"Organization","@id":"https:\/\/hudo.com\/si\/#organization","name":"VSN Media","url":"https:\/\/hudo.com\/si\/","logo":{"@type":"ImageObject","inLanguage":"sl-SI","@id":"https:\/\/hudo.com\/si\/#\/schema\/logo\/image\/","url":"https:\/\/hudo.com\/si\/wp-content\/uploads\/sites\/2\/2021\/03\/hudo-app-2.png","contentUrl":"https:\/\/hudo.com\/si\/wp-content\/uploads\/sites\/2\/2021\/03\/hudo-app-2.png","width":2185,"height":2167,"caption":"VSN Media"},"image":{"@id":"https:\/\/hudo.com\/si\/#\/schema\/logo\/image\/"},"sameAs":["https:\/\/www.facebook.com\/hudo.si","https:\/\/twitter.com\/hudo_si"]},{"@type":"Person","@id":"https:\/\/hudo.com\/si\/#\/schema\/person\/2391667a63ea075ba94f2f2dc6b77537","name":"A. G., STA","image":{"@type":"ImageObject","inLanguage":"sl-SI","@id":"https:\/\/hudo.com\/si\/#\/schema\/person\/image\/","url":"https:\/\/secure.gravatar.com\/avatar\/e13d22ac3e442658d5025fbbe6238a79?s=96&d=mm&r=g","contentUrl":"https:\/\/secure.gravatar.com\/avatar\/e13d22ac3e442658d5025fbbe6238a79?s=96&d=mm&r=g","caption":"A. G., STA"},"url":"https:\/\/hudo.com\/si\/author\/alenka\/"}]}},"amp_enabled":true,"_links":{"self":[{"href":"https:\/\/hudo.com\/si\/wp-json\/wp\/v2\/posts\/464488"}],"collection":[{"href":"https:\/\/hudo.com\/si\/wp-json\/wp\/v2\/posts"}],"about":[{"href":"https:\/\/hudo.com\/si\/wp-json\/wp\/v2\/types\/post"}],"author":[{"embeddable":true,"href":"https:\/\/hudo.com\/si\/wp-json\/wp\/v2\/users\/5"}],"replies":[{"embeddable":true,"href":"https:\/\/hudo.com\/si\/wp-json\/wp\/v2\/comments?post=464488"}],"version-history":[{"count":1,"href":"https:\/\/hudo.com\/si\/wp-json\/wp\/v2\/posts\/464488\/revisions"}],"predecessor-version":[{"id":464489,"href":"https:\/\/hudo.com\/si\/wp-json\/wp\/v2\/posts\/464488\/revisions\/464489"}],"wp:featuredmedia":[{"embeddable":true,"href":"https:\/\/hudo.com\/si\/wp-json\/wp\/v2\/media\/460428"}],"wp:attachment":[{"href":"https:\/\/hudo.com\/si\/wp-json\/wp\/v2\/media?parent=464488"}],"wp:term":[{"taxonomy":"category","embeddable":true,"href":"https:\/\/hudo.com\/si\/wp-json\/wp\/v2\/categories?post=464488"},{"taxonomy":"post_tag","embeddable":true,"href":"https:\/\/hudo.com\/si\/wp-json\/wp\/v2\/tags?post=464488"},{"taxonomy":"source","embeddable":true,"href":"https:\/\/hudo.com\/si\/wp-json\/wp\/v2\/source?post=464488"},{"taxonomy":"supertag","embeddable":true,"href":"https:\/\/hudo.com\/si\/wp-json\/wp\/v2\/supertag?post=464488"}],"curies":[{"name":"wp","href":"https:\/\/api.w.org\/{rel}","templated":true}]}}