{"id":464610,"date":"2022-01-30T18:11:04","date_gmt":"2022-01-30T17:11:04","guid":{"rendered":"https:\/\/hudo.com\/si\/?p=464610"},"modified":"2022-01-30T18:11:04","modified_gmt":"2022-01-30T17:11:04","slug":"cene-prevc-se-veseli-najvecjega-uspeha-kariere","status":"publish","type":"post","link":"https:\/\/hudo.com\/si\/sport\/cene-prevc-se-veseli-najvecjega-uspeha-kariere\/","title":{"rendered":"Cene Prevc se veseli najve\u010djega uspeha kariere"},"content":{"rendered":"<p>S tem je 25-letnik iz Sel\u0161ke doline prvi\u010d stal na stopni\u010dkah na posami\u010dnih tekmah za svetovni pokal. Pred tem je zbral dve uvrstitvi na oder za zmagovalce na me\u0161anih ekipnih tekmah, dvakrat pa tudi na ekipnih tekmah za mo\u0161ke.<\/p>\n<p>V petek je v Willingenu \u017ee slavil kot del me\u0161ane ekipe skupaj z An\u017eetom Lani\u0161kom ter Emo Klinec in Ur\u0161o Bogataj, obenem pa je dopolnil dana\u0161nji slovenski uspeh, potem ko je na tekmi z eno serijo v \u017eenski konkurenci slavila Nika Kri\u017enar.<\/p>\n<p>V finalu so nastopili \u0161e \u0161tirje slovenski predstavniki. Drugi najbolj\u0161i je bil Timi Zajc (207,1), ki je zasedel deveto mesto. V drugi seriji je sicer pridobil eno mesto. Tik za njim se je zvrstil Lovro Kos (206,7), ki je v finalni seriji sko\u010dil 138,5 metrov, a izgubil nekaj to\u010dk zaradi slab\u0161e vo\u017enje v iztek.<\/p>\n<p>Najbolj\u0161i slovenski skakalec to zimo An\u017ee Lani\u0161ek (194,1) je v drugi seriji pridobil \u0161est mest, potem ko je sko\u010dil 130,5 m in zasedel kon\u010dno 15. mesto.<\/p>\n<p>Do to\u010dk je pri\u0161el tudi Peter Prevc (179,6), ki je v finalu nekoliko nazadoval in zabele\u017eil kon\u010dno 20. mesto. Brez to\u010dk pa je ostal v soboto sedmouvr\u0161\u010deni \u017diga Jelar (70,1) na 35. mestu.<\/p>\n","protected":false},"excerpt":{"rendered":"<p>Norve\u017ean Marius Lindvik (243,8 to\u010dke) je zmagovalec posami\u010dne tekme za svetovni pokal smu\u010darskih skakalcev v nem\u0161kem Willingenu. Drugo mesto je pripadlo Nemcu Karlu Geigerju (238,7), tretji pa je bil z uspehom kariere slovenski skakalec Cene Prevc (235,6).<\/p>\n","protected":false},"author":7,"featured_media":464611,"comment_status":"closed","ping_status":"closed","sticky":false,"template":"","format":"standard","meta":{"footnotes":""},"categories":[18201,18176],"tags":[19763,2209],"source":[4511],"supertag":[6098],"acf":[],"yoast_head":"<!-- This site is optimized with the Yoast SEO plugin v21.3 - https:\/\/yoast.com\/wordpress\/plugins\/seo\/ -->\n<title>Cene Prevc se veseli najve\u010djega uspeha kariere - Hudo Slovenija<\/title>\n<meta name=\"robots\" content=\"index, follow, max-snippet:-1, max-image-preview:large, max-video-preview:-1\" \/>\n<link rel=\"canonical\" href=\"https:\/\/hudo.com\/si\/sport\/cene-prevc-se-veseli-najvecjega-uspeha-kariere\/\" \/>\n<meta property=\"og:locale\" content=\"sl_SI\" \/>\n<meta property=\"og:type\" content=\"article\" \/>\n<meta property=\"og:title\" content=\"Cene Prevc se veseli najve\u010djega uspeha kariere - Hudo Slovenija\" \/>\n<meta property=\"og:description\" content=\"Norve\u017ean Marius Lindvik (243,8 to\u010dke) je zmagovalec posami\u010dne tekme za svetovni pokal smu\u010darskih skakalcev v nem\u0161kem Willingenu. Drugo mesto je pripadlo Nemcu Karlu Geigerju (238,7), tretji pa je bil z uspehom kariere slovenski skakalec Cene Prevc (235,6).\" \/>\n<meta property=\"og:url\" content=\"https:\/\/hudo.com\/si\/sport\/cene-prevc-se-veseli-najvecjega-uspeha-kariere\/\" \/>\n<meta property=\"og:site_name\" content=\"Hudo Slovenija\" \/>\n<meta property=\"article:publisher\" content=\"https:\/\/www.facebook.com\/hudo.si\" \/>\n<meta property=\"article:published_time\" content=\"2022-01-30T17:11:04+00:00\" \/>\n<meta property=\"og:image\" content=\"https:\/\/hudo.com\/si\/wp-content\/uploads\/sites\/2\/2022\/01\/20211116-01094703.jpg\" \/>\n\t<meta property=\"og:image:width\" content=\"1536\" \/>\n\t<meta property=\"og:image:height\" content=\"1024\" \/>\n\t<meta property=\"og:image:type\" content=\"image\/jpeg\" \/>\n<meta name=\"author\" content=\"A. P., STA\" \/>\n<meta name=\"twitter:card\" content=\"summary_large_image\" \/>\n<meta name=\"twitter:creator\" content=\"@hudo_si\" \/>\n<meta name=\"twitter:site\" content=\"@hudo_si\" \/>\n<meta name=\"twitter:label1\" content=\"Written by\" \/>\n\t<meta name=\"twitter:data1\" content=\"A. P., STA\" \/>\n\t<meta name=\"twitter:label2\" content=\"Est. reading time\" \/>\n\t<meta name=\"twitter:data2\" content=\"1 minuta\" \/>\n<script type=\"application\/ld+json\" class=\"yoast-schema-graph\">{\"@context\":\"https:\/\/schema.org\",\"@graph\":[{\"@type\":\"Article\",\"@id\":\"https:\/\/hudo.com\/si\/sport\/cene-prevc-se-veseli-najvecjega-uspeha-kariere\/#article\",\"isPartOf\":{\"@id\":\"https:\/\/hudo.com\/si\/sport\/cene-prevc-se-veseli-najvecjega-uspeha-kariere\/\"},\"author\":{\"name\":\"A. P., STA\",\"@id\":\"https:\/\/hudo.com\/si\/#\/schema\/person\/18f09c02475ba9e606e941a565b80cff\"},\"headline\":\"Cene Prevc se veseli najve\u010djega uspeha kariere\",\"datePublished\":\"2022-01-30T17:11:04+00:00\",\"dateModified\":\"2022-01-30T17:11:04+00:00\",\"mainEntityOfPage\":{\"@id\":\"https:\/\/hudo.com\/si\/sport\/cene-prevc-se-veseli-najvecjega-uspeha-kariere\/\"},\"wordCount\":219,\"publisher\":{\"@id\":\"https:\/\/hudo.com\/si\/#organization\"},\"keywords\":[\"cene prevc\",\"smu\u010darski skoki\"],\"articleSection\":[\"Slovenija\",\"\u0160port\"],\"inLanguage\":\"sl-SI\"},{\"@type\":\"WebPage\",\"@id\":\"https:\/\/hudo.com\/si\/sport\/cene-prevc-se-veseli-najvecjega-uspeha-kariere\/\",\"url\":\"https:\/\/hudo.com\/si\/sport\/cene-prevc-se-veseli-najvecjega-uspeha-kariere\/\",\"name\":\"Cene Prevc se veseli najve\u010djega uspeha kariere - Hudo Slovenija\",\"isPartOf\":{\"@id\":\"https:\/\/hudo.com\/si\/#website\"},\"datePublished\":\"2022-01-30T17:11:04+00:00\",\"dateModified\":\"2022-01-30T17:11:04+00:00\",\"breadcrumb\":{\"@id\":\"https:\/\/hudo.com\/si\/sport\/cene-prevc-se-veseli-najvecjega-uspeha-kariere\/#breadcrumb\"},\"inLanguage\":\"sl-SI\",\"potentialAction\":[{\"@type\":\"ReadAction\",\"target\":[\"https:\/\/hudo.com\/si\/sport\/cene-prevc-se-veseli-najvecjega-uspeha-kariere\/\"]}]},{\"@type\":\"BreadcrumbList\",\"@id\":\"https:\/\/hudo.com\/si\/sport\/cene-prevc-se-veseli-najvecjega-uspeha-kariere\/#breadcrumb\",\"itemListElement\":[{\"@type\":\"ListItem\",\"position\":1,\"name\":\"Home\",\"item\":\"https:\/\/hudo.com\/si\/\"},{\"@type\":\"ListItem\",\"position\":2,\"name\":\"Cene Prevc se veseli najve\u010djega uspeha kariere\"}]},{\"@type\":\"WebSite\",\"@id\":\"https:\/\/hudo.com\/si\/#website\",\"url\":\"https:\/\/hudo.com\/si\/\",\"name\":\"Hudo Slovenija\",\"description\":\"Vse novice iz Slovenije in sveta\",\"publisher\":{\"@id\":\"https:\/\/hudo.com\/si\/#organization\"},\"potentialAction\":[{\"@type\":\"SearchAction\",\"target\":{\"@type\":\"EntryPoint\",\"urlTemplate\":\"https:\/\/hudo.com\/si\/?s={search_term_string}\"},\"query-input\":\"required name=search_term_string\"}],\"inLanguage\":\"sl-SI\"},{\"@type\":\"Organization\",\"@id\":\"https:\/\/hudo.com\/si\/#organization\",\"name\":\"VSN Media\",\"url\":\"https:\/\/hudo.com\/si\/\",\"logo\":{\"@type\":\"ImageObject\",\"inLanguage\":\"sl-SI\",\"@id\":\"https:\/\/hudo.com\/si\/#\/schema\/logo\/image\/\",\"url\":\"https:\/\/hudo.com\/si\/wp-content\/uploads\/sites\/2\/2021\/03\/hudo-app-2.png\",\"contentUrl\":\"https:\/\/hudo.com\/si\/wp-content\/uploads\/sites\/2\/2021\/03\/hudo-app-2.png\",\"width\":2185,\"height\":2167,\"caption\":\"VSN Media\"},\"image\":{\"@id\":\"https:\/\/hudo.com\/si\/#\/schema\/logo\/image\/\"},\"sameAs\":[\"https:\/\/www.facebook.com\/hudo.si\",\"https:\/\/twitter.com\/hudo_si\"]},{\"@type\":\"Person\",\"@id\":\"https:\/\/hudo.com\/si\/#\/schema\/person\/18f09c02475ba9e606e941a565b80cff\",\"name\":\"A. P., STA\",\"image\":{\"@type\":\"ImageObject\",\"inLanguage\":\"sl-SI\",\"@id\":\"https:\/\/hudo.com\/si\/#\/schema\/person\/image\/\",\"url\":\"https:\/\/secure.gravatar.com\/avatar\/03eac8e609f5f04383125d80eaeaaf3e?s=96&d=mm&r=g\",\"contentUrl\":\"https:\/\/secure.gravatar.com\/avatar\/03eac8e609f5f04383125d80eaeaaf3e?s=96&d=mm&r=g\",\"caption\":\"A. P., STA\"},\"url\":\"https:\/\/hudo.com\/si\/author\/lubu\/\"}]}<\/script>\n<!-- \/ Yoast SEO plugin. -->","yoast_head_json":{"title":"Cene Prevc se veseli najve\u010djega uspeha kariere - Hudo Slovenija","robots":{"index":"index","follow":"follow","max-snippet":"max-snippet:-1","max-image-preview":"max-image-preview:large","max-video-preview":"max-video-preview:-1"},"canonical":"https:\/\/hudo.com\/si\/sport\/cene-prevc-se-veseli-najvecjega-uspeha-kariere\/","og_locale":"sl_SI","og_type":"article","og_title":"Cene Prevc se veseli najve\u010djega uspeha kariere - Hudo Slovenija","og_description":"Norve\u017ean Marius Lindvik (243,8 to\u010dke) je zmagovalec posami\u010dne tekme za svetovni pokal smu\u010darskih skakalcev v nem\u0161kem Willingenu. Drugo mesto je pripadlo Nemcu Karlu Geigerju (238,7), tretji pa je bil z uspehom kariere slovenski skakalec Cene Prevc (235,6).","og_url":"https:\/\/hudo.com\/si\/sport\/cene-prevc-se-veseli-najvecjega-uspeha-kariere\/","og_site_name":"Hudo Slovenija","article_publisher":"https:\/\/www.facebook.com\/hudo.si","article_published_time":"2022-01-30T17:11:04+00:00","og_image":[{"width":1536,"height":1024,"url":"https:\/\/hudo.com\/si\/wp-content\/uploads\/sites\/2\/2022\/01\/20211116-01094703.jpg","type":"image\/jpeg"}],"author":"A. P., STA","twitter_card":"summary_large_image","twitter_creator":"@hudo_si","twitter_site":"@hudo_si","twitter_misc":{"Written by":"A. P., STA","Est. reading time":"1 minuta"},"schema":{"@context":"https:\/\/schema.org","@graph":[{"@type":"Article","@id":"https:\/\/hudo.com\/si\/sport\/cene-prevc-se-veseli-najvecjega-uspeha-kariere\/#article","isPartOf":{"@id":"https:\/\/hudo.com\/si\/sport\/cene-prevc-se-veseli-najvecjega-uspeha-kariere\/"},"author":{"name":"A. P., STA","@id":"https:\/\/hudo.com\/si\/#\/schema\/person\/18f09c02475ba9e606e941a565b80cff"},"headline":"Cene Prevc se veseli najve\u010djega uspeha kariere","datePublished":"2022-01-30T17:11:04+00:00","dateModified":"2022-01-30T17:11:04+00:00","mainEntityOfPage":{"@id":"https:\/\/hudo.com\/si\/sport\/cene-prevc-se-veseli-najvecjega-uspeha-kariere\/"},"wordCount":219,"publisher":{"@id":"https:\/\/hudo.com\/si\/#organization"},"keywords":["cene prevc","smu\u010darski skoki"],"articleSection":["Slovenija","\u0160port"],"inLanguage":"sl-SI"},{"@type":"WebPage","@id":"https:\/\/hudo.com\/si\/sport\/cene-prevc-se-veseli-najvecjega-uspeha-kariere\/","url":"https:\/\/hudo.com\/si\/sport\/cene-prevc-se-veseli-najvecjega-uspeha-kariere\/","name":"Cene Prevc se veseli najve\u010djega uspeha kariere - Hudo Slovenija","isPartOf":{"@id":"https:\/\/hudo.com\/si\/#website"},"datePublished":"2022-01-30T17:11:04+00:00","dateModified":"2022-01-30T17:11:04+00:00","breadcrumb":{"@id":"https:\/\/hudo.com\/si\/sport\/cene-prevc-se-veseli-najvecjega-uspeha-kariere\/#breadcrumb"},"inLanguage":"sl-SI","potentialAction":[{"@type":"ReadAction","target":["https:\/\/hudo.com\/si\/sport\/cene-prevc-se-veseli-najvecjega-uspeha-kariere\/"]}]},{"@type":"BreadcrumbList","@id":"https:\/\/hudo.com\/si\/sport\/cene-prevc-se-veseli-najvecjega-uspeha-kariere\/#breadcrumb","itemListElement":[{"@type":"ListItem","position":1,"name":"Home","item":"https:\/\/hudo.com\/si\/"},{"@type":"ListItem","position":2,"name":"Cene Prevc se veseli najve\u010djega uspeha kariere"}]},{"@type":"WebSite","@id":"https:\/\/hudo.com\/si\/#website","url":"https:\/\/hudo.com\/si\/","name":"Hudo Slovenija","description":"Vse novice iz Slovenije in sveta","publisher":{"@id":"https:\/\/hudo.com\/si\/#organization"},"potentialAction":[{"@type":"SearchAction","target":{"@type":"EntryPoint","urlTemplate":"https:\/\/hudo.com\/si\/?s={search_term_string}"},"query-input":"required name=search_term_string"}],"inLanguage":"sl-SI"},{"@type":"Organization","@id":"https:\/\/hudo.com\/si\/#organization","name":"VSN Media","url":"https:\/\/hudo.com\/si\/","logo":{"@type":"ImageObject","inLanguage":"sl-SI","@id":"https:\/\/hudo.com\/si\/#\/schema\/logo\/image\/","url":"https:\/\/hudo.com\/si\/wp-content\/uploads\/sites\/2\/2021\/03\/hudo-app-2.png","contentUrl":"https:\/\/hudo.com\/si\/wp-content\/uploads\/sites\/2\/2021\/03\/hudo-app-2.png","width":2185,"height":2167,"caption":"VSN Media"},"image":{"@id":"https:\/\/hudo.com\/si\/#\/schema\/logo\/image\/"},"sameAs":["https:\/\/www.facebook.com\/hudo.si","https:\/\/twitter.com\/hudo_si"]},{"@type":"Person","@id":"https:\/\/hudo.com\/si\/#\/schema\/person\/18f09c02475ba9e606e941a565b80cff","name":"A. P., STA","image":{"@type":"ImageObject","inLanguage":"sl-SI","@id":"https:\/\/hudo.com\/si\/#\/schema\/person\/image\/","url":"https:\/\/secure.gravatar.com\/avatar\/03eac8e609f5f04383125d80eaeaaf3e?s=96&d=mm&r=g","contentUrl":"https:\/\/secure.gravatar.com\/avatar\/03eac8e609f5f04383125d80eaeaaf3e?s=96&d=mm&r=g","caption":"A. P., STA"},"url":"https:\/\/hudo.com\/si\/author\/lubu\/"}]}},"amp_enabled":true,"_links":{"self":[{"href":"https:\/\/hudo.com\/si\/wp-json\/wp\/v2\/posts\/464610"}],"collection":[{"href":"https:\/\/hudo.com\/si\/wp-json\/wp\/v2\/posts"}],"about":[{"href":"https:\/\/hudo.com\/si\/wp-json\/wp\/v2\/types\/post"}],"author":[{"embeddable":true,"href":"https:\/\/hudo.com\/si\/wp-json\/wp\/v2\/users\/7"}],"replies":[{"embeddable":true,"href":"https:\/\/hudo.com\/si\/wp-json\/wp\/v2\/comments?post=464610"}],"version-history":[{"count":1,"href":"https:\/\/hudo.com\/si\/wp-json\/wp\/v2\/posts\/464610\/revisions"}],"predecessor-version":[{"id":464612,"href":"https:\/\/hudo.com\/si\/wp-json\/wp\/v2\/posts\/464610\/revisions\/464612"}],"wp:featuredmedia":[{"embeddable":true,"href":"https:\/\/hudo.com\/si\/wp-json\/wp\/v2\/media\/464611"}],"wp:attachment":[{"href":"https:\/\/hudo.com\/si\/wp-json\/wp\/v2\/media?parent=464610"}],"wp:term":[{"taxonomy":"category","embeddable":true,"href":"https:\/\/hudo.com\/si\/wp-json\/wp\/v2\/categories?post=464610"},{"taxonomy":"post_tag","embeddable":true,"href":"https:\/\/hudo.com\/si\/wp-json\/wp\/v2\/tags?post=464610"},{"taxonomy":"source","embeddable":true,"href":"https:\/\/hudo.com\/si\/wp-json\/wp\/v2\/source?post=464610"},{"taxonomy":"supertag","embeddable":true,"href":"https:\/\/hudo.com\/si\/wp-json\/wp\/v2\/supertag?post=464610"}],"curies":[{"name":"wp","href":"https:\/\/api.w.org\/{rel}","templated":true}]}}