{"id":464892,"date":"2022-02-08T13:47:28","date_gmt":"2022-02-08T12:47:28","guid":{"rendered":"https:\/\/hudo.com\/si\/?p=464892"},"modified":"2022-02-08T13:47:28","modified_gmt":"2022-02-08T12:47:28","slug":"macron-v-kijevu-zatrdil-da-je-putina-odvrnil-od-zaostrovanja-razmer","status":"publish","type":"post","link":"https:\/\/hudo.com\/si\/aktualno\/svet\/macron-v-kijevu-zatrdil-da-je-putina-odvrnil-od-zaostrovanja-razmer\/","title":{"rendered":"Macron v Kijevu zatrdil, da je Putina odvrnil od zaostrovanja razmer"},"content":{"rendered":"<p>&#8220;Moj namen je bil zamrzniti igro, prepre\u010diti zaostritev in odpreti vrata novim perspektivam. Ta cilj je zame izpolnjen,&#8221; je novinarjem v Kijevu po poro\u010danju francoske tiskovne agencije AFP sporo\u010dil Macron. Glede Putinovega odziva je dejal, da ni &#8220;niti za trenutek pomislil&#8221;, da bi lahko ta kak\u0161ne poteze sprejel \u017ee v ponedeljek.<\/p>\n<p>Putin, ki je od zveze Nato in ZDA zahteval po oceni Zahoda nesprejemljiva varnostna jamstva, je Macronu sicer v ponedeljek zatrdil, da bo naredil vse, da bi na\u0161li &#8220;kompromise, ki bodo ustrezali vsem&#8221;. Ocenil je, da dolo\u010deni Macronovi predlogi &#8220;predstavljajo osnovo za nadaljnje korake&#8221; v smeri umiritve ukrajinske krize. Podrobnosti ni razkril.<\/p>\n<p>Po navedbah Elizejske pala\u010de Macron med drugim predlaga zavezo obeh strani, da ne bosta spro\u017eili kakr\u0161nekoli nove voja\u0161ke akcije, za\u010detek strate\u0161kega dialoga med njima ter obnovo mirovnega procesa za kon\u010danje konflikta s proruskimi separatisti na vzhodu Ukrajine. Dogovor naj bi tudi zagotovil umik 30.000 ruskih vojakov iz Belorusije takoj po koncu voja\u0161kih vaj, ki naj bi se za\u010dele ta \u010detrtek.<\/p>\n<p>Ruski mediji sicer poro\u010dajo, da so se na jugu Rusije danes za\u010dele nove voja\u0161ke vaje, v katerih sodelujejo raketni sistemi in oklepna vozila. Zaenkrat ni jasno, ali gre za nov razvoj dogodkov ali so te vaje del dolgoro\u010dnih na\u010drtov, ki jih je ruska vojska objavila konec lanskega leta.<\/p>\n<p>Predsednik Francije, ki trenutno predseduje Svetu EU, je prvi zahodni voditelj, ki se je po decembrski zaostritvi ukrajinske krize osebno sestal z ruskim voditeljem. Danes ga \u010daka zahtevna naloga, da sku\u0161a v sprejetje kompromisov prepri\u010dati \u0161e ukrajinskega predsednika Volodimirja Zelenskega.<\/p>\n<p>V Kijevu so ob tem danes ponovili, da so odprti za dialog, konstruktivni in si \u017eelijo diplomatske re\u0161itve, a ne nameravajo popustiti pri treh vpra\u0161anjih. Kijev ni pripravljen popusti pri vpra\u0161anju ozemeljske celovitosti Ukrajine, zavra\u010da neposredne pogovore s separatisti in ne dovoli vme\u0161avanja v svojo zunanjo politiko.<\/p>\n<p>To je na novinarski konferenci z avstrijskim, \u010de\u0161kim in slova\u0161kim kolegom &#8211; Alexandrom Schallenbergom, Janom Lipavskym in Ivanom Kor\u010dokom &#8211; poudaril ukrajinski zunanji minister Dmitro Kuleba. Obenem je po poro\u010danju avstrijske tiskovne agencije APA ocenil, da kljub diplomatskim prizadevanjem \u0161e naprej obstaja potencialna gro\u017enja ruske invazije, medtem ko je trojica gostov soglasno izpostavila svojo solidarnost z Ukrajino.<\/p>\n<p>Putin je Macrona v ponedeljek posvaril, da ga \u010daka tudi v Kijevu te\u017eka naloga. Po pogovorih Macrona z Zelenskim naj bi se francoski in ruski predsednik nato znova sli\u0161ala. Poleg tega Macrona \u017ee nocoj pri\u010dakujejo v Berlinu, kjer bo o Ukrajini govoril z nem\u0161kim kanclerjem Olafom Scholzom in poljskim predsednikom Andrzejem Dudo.<\/p>\n","protected":false},"excerpt":{"rendered":"<p>Francoski predsednik Emmanuel Macron je danes ob prihodu v Kijevu izjavil, da je ruskega kolega Vladimirja Putina na ponedeljkovem pet ur trajajo\u010dem sre\u010danju v Moskvi uspel prepri\u010dati, da glede Ukrajine ne bo dodatnih &#8220;degradacij niti eskalacij&#8221;. Kot je dodal, je Putinu ponudil &#8220;konkretna varnostna jamstva&#8221; in v zameno dobil omenjeno zagotovilo.<\/p>\n","protected":false},"author":8,"featured_media":440427,"comment_status":"closed","ping_status":"closed","sticky":false,"template":"","format":"standard","meta":{"footnotes":""},"categories":[18202],"tags":[8549,1354,3673,4219],"source":[4511],"supertag":[6103],"acf":[],"yoast_head":"<!-- This site is optimized with the Yoast SEO plugin v21.3 - https:\/\/yoast.com\/wordpress\/plugins\/seo\/ -->\n<title>Macron v Kijevu zatrdil, da je Putina odvrnil od zaostrovanja razmer - Hudo Slovenija<\/title>\n<meta name=\"robots\" content=\"index, follow, max-snippet:-1, max-image-preview:large, max-video-preview:-1\" \/>\n<link rel=\"canonical\" href=\"https:\/\/hudo.com\/si\/aktualno\/svet\/macron-v-kijevu-zatrdil-da-je-putina-odvrnil-od-zaostrovanja-razmer\/\" \/>\n<meta property=\"og:locale\" content=\"sl_SI\" \/>\n<meta property=\"og:type\" content=\"article\" \/>\n<meta property=\"og:title\" content=\"Macron v Kijevu zatrdil, da je Putina odvrnil od zaostrovanja razmer - Hudo Slovenija\" \/>\n<meta property=\"og:description\" content=\"Francoski predsednik Emmanuel Macron je danes ob prihodu v Kijevu izjavil, da je ruskega kolega Vladimirja Putina na ponedeljkovem pet ur trajajo\u010dem sre\u010danju v Moskvi uspel prepri\u010dati, da glede Ukrajine ne bo dodatnih &quot;degradacij niti eskalacij&quot;. Kot je dodal, je Putinu ponudil &quot;konkretna varnostna jamstva&quot; in v zameno dobil omenjeno zagotovilo.\" \/>\n<meta property=\"og:url\" content=\"https:\/\/hudo.com\/si\/aktualno\/svet\/macron-v-kijevu-zatrdil-da-je-putina-odvrnil-od-zaostrovanja-razmer\/\" \/>\n<meta property=\"og:site_name\" content=\"Hudo Slovenija\" \/>\n<meta property=\"article:publisher\" content=\"https:\/\/www.facebook.com\/hudo.si\" \/>\n<meta property=\"article:published_time\" content=\"2022-02-08T12:47:28+00:00\" \/>\n<meta property=\"og:image\" content=\"https:\/\/hudo.com\/si\/wp-content\/uploads\/sites\/2\/2020\/12\/profimedia-0576715873-scaled.jpg\" \/>\n\t<meta property=\"og:image:width\" content=\"2560\" \/>\n\t<meta property=\"og:image:height\" content=\"2034\" \/>\n\t<meta property=\"og:image:type\" content=\"image\/jpeg\" \/>\n<meta name=\"author\" content=\"M. N., STA\" \/>\n<meta name=\"twitter:card\" content=\"summary_large_image\" \/>\n<meta name=\"twitter:creator\" content=\"@hudo_si\" \/>\n<meta name=\"twitter:site\" content=\"@hudo_si\" \/>\n<meta name=\"twitter:label1\" content=\"Written by\" \/>\n\t<meta name=\"twitter:data1\" content=\"M. N., STA\" \/>\n\t<meta name=\"twitter:label2\" content=\"Est. reading time\" \/>\n\t<meta name=\"twitter:data2\" content=\"2 minuti\" \/>\n<script type=\"application\/ld+json\" class=\"yoast-schema-graph\">{\"@context\":\"https:\/\/schema.org\",\"@graph\":[{\"@type\":\"Article\",\"@id\":\"https:\/\/hudo.com\/si\/aktualno\/svet\/macron-v-kijevu-zatrdil-da-je-putina-odvrnil-od-zaostrovanja-razmer\/#article\",\"isPartOf\":{\"@id\":\"https:\/\/hudo.com\/si\/aktualno\/svet\/macron-v-kijevu-zatrdil-da-je-putina-odvrnil-od-zaostrovanja-razmer\/\"},\"author\":{\"name\":\"M. N., STA\",\"@id\":\"https:\/\/hudo.com\/si\/#\/schema\/person\/c2f10ce65d2e6ede2aeda5be2a0611fa\"},\"headline\":\"Macron v Kijevu zatrdil, da je Putina odvrnil od zaostrovanja razmer\",\"datePublished\":\"2022-02-08T12:47:28+00:00\",\"dateModified\":\"2022-02-08T12:47:28+00:00\",\"mainEntityOfPage\":{\"@id\":\"https:\/\/hudo.com\/si\/aktualno\/svet\/macron-v-kijevu-zatrdil-da-je-putina-odvrnil-od-zaostrovanja-razmer\/\"},\"wordCount\":453,\"publisher\":{\"@id\":\"https:\/\/hudo.com\/si\/#organization\"},\"keywords\":[\"Emmanuel Macron\",\"Rusija\",\"ukrajina\",\"Vladimir Putin\"],\"articleSection\":[\"Svet\"],\"inLanguage\":\"sl-SI\"},{\"@type\":\"WebPage\",\"@id\":\"https:\/\/hudo.com\/si\/aktualno\/svet\/macron-v-kijevu-zatrdil-da-je-putina-odvrnil-od-zaostrovanja-razmer\/\",\"url\":\"https:\/\/hudo.com\/si\/aktualno\/svet\/macron-v-kijevu-zatrdil-da-je-putina-odvrnil-od-zaostrovanja-razmer\/\",\"name\":\"Macron v Kijevu zatrdil, da je Putina odvrnil od zaostrovanja razmer - Hudo Slovenija\",\"isPartOf\":{\"@id\":\"https:\/\/hudo.com\/si\/#website\"},\"datePublished\":\"2022-02-08T12:47:28+00:00\",\"dateModified\":\"2022-02-08T12:47:28+00:00\",\"breadcrumb\":{\"@id\":\"https:\/\/hudo.com\/si\/aktualno\/svet\/macron-v-kijevu-zatrdil-da-je-putina-odvrnil-od-zaostrovanja-razmer\/#breadcrumb\"},\"inLanguage\":\"sl-SI\",\"potentialAction\":[{\"@type\":\"ReadAction\",\"target\":[\"https:\/\/hudo.com\/si\/aktualno\/svet\/macron-v-kijevu-zatrdil-da-je-putina-odvrnil-od-zaostrovanja-razmer\/\"]}]},{\"@type\":\"BreadcrumbList\",\"@id\":\"https:\/\/hudo.com\/si\/aktualno\/svet\/macron-v-kijevu-zatrdil-da-je-putina-odvrnil-od-zaostrovanja-razmer\/#breadcrumb\",\"itemListElement\":[{\"@type\":\"ListItem\",\"position\":1,\"name\":\"Home\",\"item\":\"https:\/\/hudo.com\/si\/\"},{\"@type\":\"ListItem\",\"position\":2,\"name\":\"Macron v Kijevu zatrdil, da je Putina odvrnil od zaostrovanja razmer\"}]},{\"@type\":\"WebSite\",\"@id\":\"https:\/\/hudo.com\/si\/#website\",\"url\":\"https:\/\/hudo.com\/si\/\",\"name\":\"Hudo Slovenija\",\"description\":\"Vse novice iz Slovenije in sveta\",\"publisher\":{\"@id\":\"https:\/\/hudo.com\/si\/#organization\"},\"potentialAction\":[{\"@type\":\"SearchAction\",\"target\":{\"@type\":\"EntryPoint\",\"urlTemplate\":\"https:\/\/hudo.com\/si\/?s={search_term_string}\"},\"query-input\":\"required name=search_term_string\"}],\"inLanguage\":\"sl-SI\"},{\"@type\":\"Organization\",\"@id\":\"https:\/\/hudo.com\/si\/#organization\",\"name\":\"VSN Media\",\"url\":\"https:\/\/hudo.com\/si\/\",\"logo\":{\"@type\":\"ImageObject\",\"inLanguage\":\"sl-SI\",\"@id\":\"https:\/\/hudo.com\/si\/#\/schema\/logo\/image\/\",\"url\":\"https:\/\/hudo.com\/si\/wp-content\/uploads\/sites\/2\/2021\/03\/hudo-app-2.png\",\"contentUrl\":\"https:\/\/hudo.com\/si\/wp-content\/uploads\/sites\/2\/2021\/03\/hudo-app-2.png\",\"width\":2185,\"height\":2167,\"caption\":\"VSN Media\"},\"image\":{\"@id\":\"https:\/\/hudo.com\/si\/#\/schema\/logo\/image\/\"},\"sameAs\":[\"https:\/\/www.facebook.com\/hudo.si\",\"https:\/\/twitter.com\/hudo_si\"]},{\"@type\":\"Person\",\"@id\":\"https:\/\/hudo.com\/si\/#\/schema\/person\/c2f10ce65d2e6ede2aeda5be2a0611fa\",\"name\":\"M. N., STA\",\"image\":{\"@type\":\"ImageObject\",\"inLanguage\":\"sl-SI\",\"@id\":\"https:\/\/hudo.com\/si\/#\/schema\/person\/image\/\",\"url\":\"https:\/\/secure.gravatar.com\/avatar\/f370d38daa10467f755c5c766a4cac20?s=96&d=mm&r=g\",\"contentUrl\":\"https:\/\/secure.gravatar.com\/avatar\/f370d38daa10467f755c5c766a4cac20?s=96&d=mm&r=g\",\"caption\":\"M. N., STA\"},\"url\":\"https:\/\/hudo.com\/si\/author\/mana\/\"}]}<\/script>\n<!-- \/ Yoast SEO plugin. -->","yoast_head_json":{"title":"Macron v Kijevu zatrdil, da je Putina odvrnil od zaostrovanja razmer - Hudo Slovenija","robots":{"index":"index","follow":"follow","max-snippet":"max-snippet:-1","max-image-preview":"max-image-preview:large","max-video-preview":"max-video-preview:-1"},"canonical":"https:\/\/hudo.com\/si\/aktualno\/svet\/macron-v-kijevu-zatrdil-da-je-putina-odvrnil-od-zaostrovanja-razmer\/","og_locale":"sl_SI","og_type":"article","og_title":"Macron v Kijevu zatrdil, da je Putina odvrnil od zaostrovanja razmer - Hudo Slovenija","og_description":"Francoski predsednik Emmanuel Macron je danes ob prihodu v Kijevu izjavil, da je ruskega kolega Vladimirja Putina na ponedeljkovem pet ur trajajo\u010dem sre\u010danju v Moskvi uspel prepri\u010dati, da glede Ukrajine ne bo dodatnih \"degradacij niti eskalacij\". Kot je dodal, je Putinu ponudil \"konkretna varnostna jamstva\" in v zameno dobil omenjeno zagotovilo.","og_url":"https:\/\/hudo.com\/si\/aktualno\/svet\/macron-v-kijevu-zatrdil-da-je-putina-odvrnil-od-zaostrovanja-razmer\/","og_site_name":"Hudo Slovenija","article_publisher":"https:\/\/www.facebook.com\/hudo.si","article_published_time":"2022-02-08T12:47:28+00:00","og_image":[{"width":2560,"height":2034,"url":"https:\/\/hudo.com\/si\/wp-content\/uploads\/sites\/2\/2020\/12\/profimedia-0576715873-scaled.jpg","type":"image\/jpeg"}],"author":"M. N., STA","twitter_card":"summary_large_image","twitter_creator":"@hudo_si","twitter_site":"@hudo_si","twitter_misc":{"Written by":"M. N., STA","Est. reading time":"2 minuti"},"schema":{"@context":"https:\/\/schema.org","@graph":[{"@type":"Article","@id":"https:\/\/hudo.com\/si\/aktualno\/svet\/macron-v-kijevu-zatrdil-da-je-putina-odvrnil-od-zaostrovanja-razmer\/#article","isPartOf":{"@id":"https:\/\/hudo.com\/si\/aktualno\/svet\/macron-v-kijevu-zatrdil-da-je-putina-odvrnil-od-zaostrovanja-razmer\/"},"author":{"name":"M. N., STA","@id":"https:\/\/hudo.com\/si\/#\/schema\/person\/c2f10ce65d2e6ede2aeda5be2a0611fa"},"headline":"Macron v Kijevu zatrdil, da je Putina odvrnil od zaostrovanja razmer","datePublished":"2022-02-08T12:47:28+00:00","dateModified":"2022-02-08T12:47:28+00:00","mainEntityOfPage":{"@id":"https:\/\/hudo.com\/si\/aktualno\/svet\/macron-v-kijevu-zatrdil-da-je-putina-odvrnil-od-zaostrovanja-razmer\/"},"wordCount":453,"publisher":{"@id":"https:\/\/hudo.com\/si\/#organization"},"keywords":["Emmanuel Macron","Rusija","ukrajina","Vladimir Putin"],"articleSection":["Svet"],"inLanguage":"sl-SI"},{"@type":"WebPage","@id":"https:\/\/hudo.com\/si\/aktualno\/svet\/macron-v-kijevu-zatrdil-da-je-putina-odvrnil-od-zaostrovanja-razmer\/","url":"https:\/\/hudo.com\/si\/aktualno\/svet\/macron-v-kijevu-zatrdil-da-je-putina-odvrnil-od-zaostrovanja-razmer\/","name":"Macron v Kijevu zatrdil, da je Putina odvrnil od zaostrovanja razmer - Hudo Slovenija","isPartOf":{"@id":"https:\/\/hudo.com\/si\/#website"},"datePublished":"2022-02-08T12:47:28+00:00","dateModified":"2022-02-08T12:47:28+00:00","breadcrumb":{"@id":"https:\/\/hudo.com\/si\/aktualno\/svet\/macron-v-kijevu-zatrdil-da-je-putina-odvrnil-od-zaostrovanja-razmer\/#breadcrumb"},"inLanguage":"sl-SI","potentialAction":[{"@type":"ReadAction","target":["https:\/\/hudo.com\/si\/aktualno\/svet\/macron-v-kijevu-zatrdil-da-je-putina-odvrnil-od-zaostrovanja-razmer\/"]}]},{"@type":"BreadcrumbList","@id":"https:\/\/hudo.com\/si\/aktualno\/svet\/macron-v-kijevu-zatrdil-da-je-putina-odvrnil-od-zaostrovanja-razmer\/#breadcrumb","itemListElement":[{"@type":"ListItem","position":1,"name":"Home","item":"https:\/\/hudo.com\/si\/"},{"@type":"ListItem","position":2,"name":"Macron v Kijevu zatrdil, da je Putina odvrnil od zaostrovanja razmer"}]},{"@type":"WebSite","@id":"https:\/\/hudo.com\/si\/#website","url":"https:\/\/hudo.com\/si\/","name":"Hudo Slovenija","description":"Vse novice iz Slovenije in sveta","publisher":{"@id":"https:\/\/hudo.com\/si\/#organization"},"potentialAction":[{"@type":"SearchAction","target":{"@type":"EntryPoint","urlTemplate":"https:\/\/hudo.com\/si\/?s={search_term_string}"},"query-input":"required name=search_term_string"}],"inLanguage":"sl-SI"},{"@type":"Organization","@id":"https:\/\/hudo.com\/si\/#organization","name":"VSN Media","url":"https:\/\/hudo.com\/si\/","logo":{"@type":"ImageObject","inLanguage":"sl-SI","@id":"https:\/\/hudo.com\/si\/#\/schema\/logo\/image\/","url":"https:\/\/hudo.com\/si\/wp-content\/uploads\/sites\/2\/2021\/03\/hudo-app-2.png","contentUrl":"https:\/\/hudo.com\/si\/wp-content\/uploads\/sites\/2\/2021\/03\/hudo-app-2.png","width":2185,"height":2167,"caption":"VSN Media"},"image":{"@id":"https:\/\/hudo.com\/si\/#\/schema\/logo\/image\/"},"sameAs":["https:\/\/www.facebook.com\/hudo.si","https:\/\/twitter.com\/hudo_si"]},{"@type":"Person","@id":"https:\/\/hudo.com\/si\/#\/schema\/person\/c2f10ce65d2e6ede2aeda5be2a0611fa","name":"M. N., STA","image":{"@type":"ImageObject","inLanguage":"sl-SI","@id":"https:\/\/hudo.com\/si\/#\/schema\/person\/image\/","url":"https:\/\/secure.gravatar.com\/avatar\/f370d38daa10467f755c5c766a4cac20?s=96&d=mm&r=g","contentUrl":"https:\/\/secure.gravatar.com\/avatar\/f370d38daa10467f755c5c766a4cac20?s=96&d=mm&r=g","caption":"M. N., STA"},"url":"https:\/\/hudo.com\/si\/author\/mana\/"}]}},"amp_enabled":true,"_links":{"self":[{"href":"https:\/\/hudo.com\/si\/wp-json\/wp\/v2\/posts\/464892"}],"collection":[{"href":"https:\/\/hudo.com\/si\/wp-json\/wp\/v2\/posts"}],"about":[{"href":"https:\/\/hudo.com\/si\/wp-json\/wp\/v2\/types\/post"}],"author":[{"embeddable":true,"href":"https:\/\/hudo.com\/si\/wp-json\/wp\/v2\/users\/8"}],"replies":[{"embeddable":true,"href":"https:\/\/hudo.com\/si\/wp-json\/wp\/v2\/comments?post=464892"}],"version-history":[{"count":1,"href":"https:\/\/hudo.com\/si\/wp-json\/wp\/v2\/posts\/464892\/revisions"}],"predecessor-version":[{"id":464893,"href":"https:\/\/hudo.com\/si\/wp-json\/wp\/v2\/posts\/464892\/revisions\/464893"}],"wp:featuredmedia":[{"embeddable":true,"href":"https:\/\/hudo.com\/si\/wp-json\/wp\/v2\/media\/440427"}],"wp:attachment":[{"href":"https:\/\/hudo.com\/si\/wp-json\/wp\/v2\/media?parent=464892"}],"wp:term":[{"taxonomy":"category","embeddable":true,"href":"https:\/\/hudo.com\/si\/wp-json\/wp\/v2\/categories?post=464892"},{"taxonomy":"post_tag","embeddable":true,"href":"https:\/\/hudo.com\/si\/wp-json\/wp\/v2\/tags?post=464892"},{"taxonomy":"source","embeddable":true,"href":"https:\/\/hudo.com\/si\/wp-json\/wp\/v2\/source?post=464892"},{"taxonomy":"supertag","embeddable":true,"href":"https:\/\/hudo.com\/si\/wp-json\/wp\/v2\/supertag?post=464892"}],"curies":[{"name":"wp","href":"https:\/\/api.w.org\/{rel}","templated":true}]}}