{"id":465296,"date":"2022-02-19T12:20:33","date_gmt":"2022-02-19T11:20:33","guid":{"rendered":"https:\/\/hudo.com\/si\/?p=465296"},"modified":"2022-02-19T12:20:33","modified_gmt":"2022-02-19T11:20:33","slug":"vec-mrtvih-zaradi-nevihte-eunice","status":"publish","type":"post","link":"https:\/\/hudo.com\/si\/aktualno\/svet\/vec-mrtvih-zaradi-nevihte-eunice\/","title":{"rendered":"Ve\u010d mrtvih zaradi nevihte Eunice"},"content":{"rendered":"<p>Nevihta Eunice je z rekordno mo\u010dnimi sunki vetra zajela vso zahodno Evropo. Iz Velike Britanije poro\u010dajo o najmanj dveh smrtnih \u017ertvah, z Nizozemske o treh ter z Irske o dveh, za ve\u010dino pa so bila usodna padajo\u010da drevesa. V Belgiji naj bi bilo neurje usodno za 79-letnega mo\u0161kega, v Nem\u010diji pa je zaradi neurja umrl motorist.<\/p>\n<p>Londonske ulice ostajajo stra\u0161ljivo prazne, potem ko so za britansko prestolnico prvi\u010d v zgodovini izdali rde\u010de vremensko opozorilo, kar pomeni, da so ogro\u017eena \u017eivljenja me\u0161\u010danov. Enaka stopnja opozorila je veljala tudi v ju\u017eni Angliji, ju\u017enem Walesu in na Nizozemskem, kjer so bile zaprte \u0161tevilne \u0161ole in ohromljen promet.<\/p>\n<p>Zaradi nevihte je brez elektrike ostalo ve\u010d kot 140.000 gospodinjstev prete\u017eno na jugozahodu Anglije, 130.000 gospodinjstev na severu Francije in 80.000 gospodinjstev in podjetij na Irskem.<\/p>\n<p>Na otoku Wight ob ju\u017eni obali Anglije so izmerili sunek vetra s hitrostjo 196 kilometrov na uro, kar je najve\u010dja zabele\u017eena hitrost vetra v Angliji, je sporo\u010dil meteorolo\u0161ki urad.<\/p>\n<p>Britanske oblasti so \u017ee napovedale za\u010detek obse\u017ene \u010distilne akcije, ki pa bi lahko bila ote\u017eena, saj v nekaterih delih dr\u017eave \u0161e vedno veljajo rumena opozorila o vetru in poledici, poro\u010da nem\u0161ka tiskovna agencija dpa.<\/p>\n<p>Nevihta, ki jo sicer v Nem\u010diji imenujejo Zeynep, je mo\u010dno prizadela predvsem Hamburg in Schleswig-Holstein. Gasilci in policija so do jutranjih ur poro\u010dali o \u0161tevilnih incidentih, ve\u010dinoma o materialni \u0161kodi in podrtih drevesih. Po podatkih ministrstva za razvoj pode\u017eelja pa bo nevihta povzro\u010dala nev\u0161e\u010dnosti najmanj do ponedeljka.<\/p>\n<p>Nem\u0161ka vremenska slu\u017eba (DWD) je sicer danes preklicala opozorila pred rekordnimi vetrovi in pred nevihtami za najbolj naseljeno zvezno de\u017eelo Severno Porenje-Vestfalija. Vseeno pa ministrstvo \u0161e naprej opozarja na resne razmere.<\/p>\n<p>Po podatkih DWD naj bi se nevihta danes prek baltskih dr\u017eav pomaknila proti Rusiji.<\/p>\n","protected":false},"excerpt":{"rendered":"<p>Nevihta Eunice je v petek po Evropi terjala najmanj devet smrtnih \u017ertev, z rekordno mo\u010dnimi sunki vetra pa je bilo ve\u010d milijonov ljudi prisiljenih, da se zate\u010dejo na varno. Po vsej zahodni Evropi so zaradi nevihte prekinjeni leti, vlaki in trajekti, mnoga gospodinjstva pa so ostala brez elektrike, poro\u010da francoska tiskovna agencija AFP.<\/p>\n","protected":false},"author":7,"featured_media":183866,"comment_status":"closed","ping_status":"closed","sticky":false,"template":"","format":"standard","meta":{"footnotes":""},"categories":[18202],"tags":[3706],"source":[4511],"supertag":[],"acf":[],"yoast_head":"<!-- This site is optimized with the Yoast SEO plugin v21.3 - https:\/\/yoast.com\/wordpress\/plugins\/seo\/ -->\n<title>Ve\u010d mrtvih zaradi nevihte Eunice - Hudo Slovenija<\/title>\n<meta name=\"robots\" content=\"index, follow, max-snippet:-1, max-image-preview:large, max-video-preview:-1\" \/>\n<link rel=\"canonical\" href=\"https:\/\/hudo.com\/si\/aktualno\/svet\/vec-mrtvih-zaradi-nevihte-eunice\/\" \/>\n<meta property=\"og:locale\" content=\"sl_SI\" \/>\n<meta property=\"og:type\" content=\"article\" \/>\n<meta property=\"og:title\" content=\"Ve\u010d mrtvih zaradi nevihte Eunice - Hudo Slovenija\" \/>\n<meta property=\"og:description\" content=\"Nevihta Eunice je v petek po Evropi terjala najmanj devet smrtnih \u017ertev, z rekordno mo\u010dnimi sunki vetra pa je bilo ve\u010d milijonov ljudi prisiljenih, da se zate\u010dejo na varno. Po vsej zahodni Evropi so zaradi nevihte prekinjeni leti, vlaki in trajekti, mnoga gospodinjstva pa so ostala brez elektrike, poro\u010da francoska tiskovna agencija AFP.\" \/>\n<meta property=\"og:url\" content=\"https:\/\/hudo.com\/si\/aktualno\/svet\/vec-mrtvih-zaradi-nevihte-eunice\/\" \/>\n<meta property=\"og:site_name\" content=\"Hudo Slovenija\" \/>\n<meta property=\"article:publisher\" content=\"https:\/\/www.facebook.com\/hudo.si\" \/>\n<meta property=\"article:published_time\" content=\"2022-02-19T11:20:33+00:00\" \/>\n<meta property=\"og:image\" content=\"https:\/\/hudo.com\/si\/wp-content\/uploads\/sites\/2\/2017\/01\/profimedia-0166595356.jpg\" \/>\n\t<meta property=\"og:image:width\" content=\"1250\" \/>\n\t<meta property=\"og:image:height\" content=\"833\" \/>\n\t<meta property=\"og:image:type\" content=\"image\/jpeg\" \/>\n<meta name=\"author\" content=\"A. P., STA\" \/>\n<meta name=\"twitter:card\" content=\"summary_large_image\" \/>\n<meta name=\"twitter:creator\" content=\"@hudo_si\" \/>\n<meta name=\"twitter:site\" content=\"@hudo_si\" \/>\n<meta name=\"twitter:label1\" content=\"Written by\" \/>\n\t<meta name=\"twitter:data1\" content=\"A. P., STA\" \/>\n\t<meta name=\"twitter:label2\" content=\"Est. reading time\" \/>\n\t<meta name=\"twitter:data2\" content=\"2 minuti\" \/>\n<script type=\"application\/ld+json\" class=\"yoast-schema-graph\">{\"@context\":\"https:\/\/schema.org\",\"@graph\":[{\"@type\":\"Article\",\"@id\":\"https:\/\/hudo.com\/si\/aktualno\/svet\/vec-mrtvih-zaradi-nevihte-eunice\/#article\",\"isPartOf\":{\"@id\":\"https:\/\/hudo.com\/si\/aktualno\/svet\/vec-mrtvih-zaradi-nevihte-eunice\/\"},\"author\":{\"name\":\"A. P., STA\",\"@id\":\"https:\/\/hudo.com\/si\/#\/schema\/person\/18f09c02475ba9e606e941a565b80cff\"},\"headline\":\"Ve\u010d mrtvih zaradi nevihte Eunice\",\"datePublished\":\"2022-02-19T11:20:33+00:00\",\"dateModified\":\"2022-02-19T11:20:33+00:00\",\"mainEntityOfPage\":{\"@id\":\"https:\/\/hudo.com\/si\/aktualno\/svet\/vec-mrtvih-zaradi-nevihte-eunice\/\"},\"wordCount\":322,\"publisher\":{\"@id\":\"https:\/\/hudo.com\/si\/#organization\"},\"keywords\":[\"nevihte\"],\"articleSection\":[\"Svet\"],\"inLanguage\":\"sl-SI\"},{\"@type\":\"WebPage\",\"@id\":\"https:\/\/hudo.com\/si\/aktualno\/svet\/vec-mrtvih-zaradi-nevihte-eunice\/\",\"url\":\"https:\/\/hudo.com\/si\/aktualno\/svet\/vec-mrtvih-zaradi-nevihte-eunice\/\",\"name\":\"Ve\u010d mrtvih zaradi nevihte Eunice - Hudo Slovenija\",\"isPartOf\":{\"@id\":\"https:\/\/hudo.com\/si\/#website\"},\"datePublished\":\"2022-02-19T11:20:33+00:00\",\"dateModified\":\"2022-02-19T11:20:33+00:00\",\"breadcrumb\":{\"@id\":\"https:\/\/hudo.com\/si\/aktualno\/svet\/vec-mrtvih-zaradi-nevihte-eunice\/#breadcrumb\"},\"inLanguage\":\"sl-SI\",\"potentialAction\":[{\"@type\":\"ReadAction\",\"target\":[\"https:\/\/hudo.com\/si\/aktualno\/svet\/vec-mrtvih-zaradi-nevihte-eunice\/\"]}]},{\"@type\":\"BreadcrumbList\",\"@id\":\"https:\/\/hudo.com\/si\/aktualno\/svet\/vec-mrtvih-zaradi-nevihte-eunice\/#breadcrumb\",\"itemListElement\":[{\"@type\":\"ListItem\",\"position\":1,\"name\":\"Home\",\"item\":\"https:\/\/hudo.com\/si\/\"},{\"@type\":\"ListItem\",\"position\":2,\"name\":\"Ve\u010d mrtvih zaradi nevihte Eunice\"}]},{\"@type\":\"WebSite\",\"@id\":\"https:\/\/hudo.com\/si\/#website\",\"url\":\"https:\/\/hudo.com\/si\/\",\"name\":\"Hudo Slovenija\",\"description\":\"Vse novice iz Slovenije in sveta\",\"publisher\":{\"@id\":\"https:\/\/hudo.com\/si\/#organization\"},\"potentialAction\":[{\"@type\":\"SearchAction\",\"target\":{\"@type\":\"EntryPoint\",\"urlTemplate\":\"https:\/\/hudo.com\/si\/?s={search_term_string}\"},\"query-input\":\"required name=search_term_string\"}],\"inLanguage\":\"sl-SI\"},{\"@type\":\"Organization\",\"@id\":\"https:\/\/hudo.com\/si\/#organization\",\"name\":\"VSN Media\",\"url\":\"https:\/\/hudo.com\/si\/\",\"logo\":{\"@type\":\"ImageObject\",\"inLanguage\":\"sl-SI\",\"@id\":\"https:\/\/hudo.com\/si\/#\/schema\/logo\/image\/\",\"url\":\"https:\/\/hudo.com\/si\/wp-content\/uploads\/sites\/2\/2021\/03\/hudo-app-2.png\",\"contentUrl\":\"https:\/\/hudo.com\/si\/wp-content\/uploads\/sites\/2\/2021\/03\/hudo-app-2.png\",\"width\":2185,\"height\":2167,\"caption\":\"VSN Media\"},\"image\":{\"@id\":\"https:\/\/hudo.com\/si\/#\/schema\/logo\/image\/\"},\"sameAs\":[\"https:\/\/www.facebook.com\/hudo.si\",\"https:\/\/twitter.com\/hudo_si\"]},{\"@type\":\"Person\",\"@id\":\"https:\/\/hudo.com\/si\/#\/schema\/person\/18f09c02475ba9e606e941a565b80cff\",\"name\":\"A. P., STA\",\"image\":{\"@type\":\"ImageObject\",\"inLanguage\":\"sl-SI\",\"@id\":\"https:\/\/hudo.com\/si\/#\/schema\/person\/image\/\",\"url\":\"https:\/\/secure.gravatar.com\/avatar\/03eac8e609f5f04383125d80eaeaaf3e?s=96&d=mm&r=g\",\"contentUrl\":\"https:\/\/secure.gravatar.com\/avatar\/03eac8e609f5f04383125d80eaeaaf3e?s=96&d=mm&r=g\",\"caption\":\"A. P., STA\"},\"url\":\"https:\/\/hudo.com\/si\/author\/lubu\/\"}]}<\/script>\n<!-- \/ Yoast SEO plugin. -->","yoast_head_json":{"title":"Ve\u010d mrtvih zaradi nevihte Eunice - Hudo Slovenija","robots":{"index":"index","follow":"follow","max-snippet":"max-snippet:-1","max-image-preview":"max-image-preview:large","max-video-preview":"max-video-preview:-1"},"canonical":"https:\/\/hudo.com\/si\/aktualno\/svet\/vec-mrtvih-zaradi-nevihte-eunice\/","og_locale":"sl_SI","og_type":"article","og_title":"Ve\u010d mrtvih zaradi nevihte Eunice - Hudo Slovenija","og_description":"Nevihta Eunice je v petek po Evropi terjala najmanj devet smrtnih \u017ertev, z rekordno mo\u010dnimi sunki vetra pa je bilo ve\u010d milijonov ljudi prisiljenih, da se zate\u010dejo na varno. Po vsej zahodni Evropi so zaradi nevihte prekinjeni leti, vlaki in trajekti, mnoga gospodinjstva pa so ostala brez elektrike, poro\u010da francoska tiskovna agencija AFP.","og_url":"https:\/\/hudo.com\/si\/aktualno\/svet\/vec-mrtvih-zaradi-nevihte-eunice\/","og_site_name":"Hudo Slovenija","article_publisher":"https:\/\/www.facebook.com\/hudo.si","article_published_time":"2022-02-19T11:20:33+00:00","og_image":[{"width":1250,"height":833,"url":"https:\/\/hudo.com\/si\/wp-content\/uploads\/sites\/2\/2017\/01\/profimedia-0166595356.jpg","type":"image\/jpeg"}],"author":"A. P., STA","twitter_card":"summary_large_image","twitter_creator":"@hudo_si","twitter_site":"@hudo_si","twitter_misc":{"Written by":"A. P., STA","Est. reading time":"2 minuti"},"schema":{"@context":"https:\/\/schema.org","@graph":[{"@type":"Article","@id":"https:\/\/hudo.com\/si\/aktualno\/svet\/vec-mrtvih-zaradi-nevihte-eunice\/#article","isPartOf":{"@id":"https:\/\/hudo.com\/si\/aktualno\/svet\/vec-mrtvih-zaradi-nevihte-eunice\/"},"author":{"name":"A. P., STA","@id":"https:\/\/hudo.com\/si\/#\/schema\/person\/18f09c02475ba9e606e941a565b80cff"},"headline":"Ve\u010d mrtvih zaradi nevihte Eunice","datePublished":"2022-02-19T11:20:33+00:00","dateModified":"2022-02-19T11:20:33+00:00","mainEntityOfPage":{"@id":"https:\/\/hudo.com\/si\/aktualno\/svet\/vec-mrtvih-zaradi-nevihte-eunice\/"},"wordCount":322,"publisher":{"@id":"https:\/\/hudo.com\/si\/#organization"},"keywords":["nevihte"],"articleSection":["Svet"],"inLanguage":"sl-SI"},{"@type":"WebPage","@id":"https:\/\/hudo.com\/si\/aktualno\/svet\/vec-mrtvih-zaradi-nevihte-eunice\/","url":"https:\/\/hudo.com\/si\/aktualno\/svet\/vec-mrtvih-zaradi-nevihte-eunice\/","name":"Ve\u010d mrtvih zaradi nevihte Eunice - Hudo Slovenija","isPartOf":{"@id":"https:\/\/hudo.com\/si\/#website"},"datePublished":"2022-02-19T11:20:33+00:00","dateModified":"2022-02-19T11:20:33+00:00","breadcrumb":{"@id":"https:\/\/hudo.com\/si\/aktualno\/svet\/vec-mrtvih-zaradi-nevihte-eunice\/#breadcrumb"},"inLanguage":"sl-SI","potentialAction":[{"@type":"ReadAction","target":["https:\/\/hudo.com\/si\/aktualno\/svet\/vec-mrtvih-zaradi-nevihte-eunice\/"]}]},{"@type":"BreadcrumbList","@id":"https:\/\/hudo.com\/si\/aktualno\/svet\/vec-mrtvih-zaradi-nevihte-eunice\/#breadcrumb","itemListElement":[{"@type":"ListItem","position":1,"name":"Home","item":"https:\/\/hudo.com\/si\/"},{"@type":"ListItem","position":2,"name":"Ve\u010d mrtvih zaradi nevihte Eunice"}]},{"@type":"WebSite","@id":"https:\/\/hudo.com\/si\/#website","url":"https:\/\/hudo.com\/si\/","name":"Hudo Slovenija","description":"Vse novice iz Slovenije in sveta","publisher":{"@id":"https:\/\/hudo.com\/si\/#organization"},"potentialAction":[{"@type":"SearchAction","target":{"@type":"EntryPoint","urlTemplate":"https:\/\/hudo.com\/si\/?s={search_term_string}"},"query-input":"required name=search_term_string"}],"inLanguage":"sl-SI"},{"@type":"Organization","@id":"https:\/\/hudo.com\/si\/#organization","name":"VSN Media","url":"https:\/\/hudo.com\/si\/","logo":{"@type":"ImageObject","inLanguage":"sl-SI","@id":"https:\/\/hudo.com\/si\/#\/schema\/logo\/image\/","url":"https:\/\/hudo.com\/si\/wp-content\/uploads\/sites\/2\/2021\/03\/hudo-app-2.png","contentUrl":"https:\/\/hudo.com\/si\/wp-content\/uploads\/sites\/2\/2021\/03\/hudo-app-2.png","width":2185,"height":2167,"caption":"VSN Media"},"image":{"@id":"https:\/\/hudo.com\/si\/#\/schema\/logo\/image\/"},"sameAs":["https:\/\/www.facebook.com\/hudo.si","https:\/\/twitter.com\/hudo_si"]},{"@type":"Person","@id":"https:\/\/hudo.com\/si\/#\/schema\/person\/18f09c02475ba9e606e941a565b80cff","name":"A. P., STA","image":{"@type":"ImageObject","inLanguage":"sl-SI","@id":"https:\/\/hudo.com\/si\/#\/schema\/person\/image\/","url":"https:\/\/secure.gravatar.com\/avatar\/03eac8e609f5f04383125d80eaeaaf3e?s=96&d=mm&r=g","contentUrl":"https:\/\/secure.gravatar.com\/avatar\/03eac8e609f5f04383125d80eaeaaf3e?s=96&d=mm&r=g","caption":"A. P., STA"},"url":"https:\/\/hudo.com\/si\/author\/lubu\/"}]}},"amp_enabled":true,"_links":{"self":[{"href":"https:\/\/hudo.com\/si\/wp-json\/wp\/v2\/posts\/465296"}],"collection":[{"href":"https:\/\/hudo.com\/si\/wp-json\/wp\/v2\/posts"}],"about":[{"href":"https:\/\/hudo.com\/si\/wp-json\/wp\/v2\/types\/post"}],"author":[{"embeddable":true,"href":"https:\/\/hudo.com\/si\/wp-json\/wp\/v2\/users\/7"}],"replies":[{"embeddable":true,"href":"https:\/\/hudo.com\/si\/wp-json\/wp\/v2\/comments?post=465296"}],"version-history":[{"count":1,"href":"https:\/\/hudo.com\/si\/wp-json\/wp\/v2\/posts\/465296\/revisions"}],"predecessor-version":[{"id":465297,"href":"https:\/\/hudo.com\/si\/wp-json\/wp\/v2\/posts\/465296\/revisions\/465297"}],"wp:featuredmedia":[{"embeddable":true,"href":"https:\/\/hudo.com\/si\/wp-json\/wp\/v2\/media\/183866"}],"wp:attachment":[{"href":"https:\/\/hudo.com\/si\/wp-json\/wp\/v2\/media?parent=465296"}],"wp:term":[{"taxonomy":"category","embeddable":true,"href":"https:\/\/hudo.com\/si\/wp-json\/wp\/v2\/categories?post=465296"},{"taxonomy":"post_tag","embeddable":true,"href":"https:\/\/hudo.com\/si\/wp-json\/wp\/v2\/tags?post=465296"},{"taxonomy":"source","embeddable":true,"href":"https:\/\/hudo.com\/si\/wp-json\/wp\/v2\/source?post=465296"},{"taxonomy":"supertag","embeddable":true,"href":"https:\/\/hudo.com\/si\/wp-json\/wp\/v2\/supertag?post=465296"}],"curies":[{"name":"wp","href":"https:\/\/api.w.org\/{rel}","templated":true}]}}