{"id":465363,"date":"2022-02-21T13:23:57","date_gmt":"2022-02-21T12:23:57","guid":{"rendered":"https:\/\/hudo.com\/si\/?p=465363"},"modified":"2022-02-21T13:23:57","modified_gmt":"2022-02-21T12:23:57","slug":"toninu-ne-gre-za-varnost-slovenije-temvec-za-hlapcevanje-tujim-diplomatom-in-generalom-nata","status":"publish","type":"post","link":"https:\/\/hudo.com\/si\/aktualno\/slovenija\/toninu-ne-gre-za-varnost-slovenije-temvec-za-hlapcevanje-tujim-diplomatom-in-generalom-nata\/","title":{"rendered":"&#8221;Toninu ne gre za varnost Slovenije, temve\u010d za hlap\u010devanje tujim diplomatom in generalom Nata!&#8221;"},"content":{"rendered":"<p>Levica\u00a0je \u017eelela z referendumom prepre\u010diti vladne na\u010drte za nakup osemkolesnih oklepnikov tipa boxer. Vlada na\u010drtuje nakup 45 vozil. Cena uradno \u0161e ni znana. V zadnjih petih letih je sicer od prvotnega povpra\u0161evanja s tedanjih 207 milijonov evrov za 56 oklepnikov narasla na 412 milijonov evrov za 53 vozil.<\/p>\n<p>Obrambni minister Matej Tonin je v imenu vlade, ki je predlagala sklep o nedopustnosti referenduma, v razpravi pred glasovanjem poudaril, da ustava dolo\u010da, da referenduma ni mogo\u010de razpisati o zakonih o ratifikacijah mednarodnih pogodb. Zakon o ratifikaciji sporazuma med vlado in OCCAR pa po njegovih besedah je mednarodna pogodba. &#8220;Predlagana pobuda\u00a0Levice\u00a0je eklatantna zloraba instituta referenduma, s katerim se \u017eeli prepre\u010diti modernizacijo Slovenske vojske,&#8221; je \u0161e poudaril minister.<\/p>\n<h2>Hlap\u010devanje tujim generalom in NATU<\/h2>\n<p>Poslanec\u00a0Levice\u00a0Matej T. Vatovec pa je nasprotno menil, da &#8220;ne gre za nek mednarodni sporazum, s katerim bi se Slovenija povezovala v neko resno mednarodno organizacijo, ampak gre v bistvu za nek konzorcij dr\u017eav, ki bodo kupovale te oklepnike&#8221;. &#8220;Tako da to utemeljevanje, da je referendum nedopusten, ker gre za mednarodno pogodbo, je iz trte izvit,&#8221; je povedal.<\/p>\n<p>V Levici dodajajo, da je nakup oklepnikov mogo\u010de dobra novica za Nem\u010dijo, nikakor pa ne za Slovenijo: &#8220;\u010ce bi bilo Mateju Toninu mar za ogro\u017eenost Slovenije, potem bi teh 412 milijonov evrov porabil za gradnjo najemnih stanovanj ali skraj\u0161evanje \u010dakalnih dob v javnem zdravstvu ali za pomo\u010d ljudem v \u010dasu splo\u0161ne draginje. Ampak v resnici mu ne gre za varnost, temve\u010d za hlap\u010devanje tujim diplomatom in generalom Nata.&#8221;<\/p>\n<p>Tudi poslanec SAB Branislav Raji\u0107 je poudaril, da v primeru sporazuma med vlado in OCCAR ne gre za najbolj tipi\u010den primer mednarodne pogodbe. &#8220;Pri sporazumu gre namre\u010d za posel in to ne katerikoli, gre za najve\u010dji oro\u017earski posel v zgodovini Slovenije,&#8221; je dejal Raji\u0107, ki je napovedal, da predloga sklepa poslanci SAB ne bodo podprli.<\/p>\n<p>Podobno je izpostavil Nik Prebil iz LM\u0160. &#8220;Pri tem sporazumu zagotovo ne gre za tovrstno ratifikacijo mednarodne pogodbe, zato poskus prepovedi referendumske iniciative ponovno predstavlja va\u0161o zlorabo oblasti in zlonamerno uporabo normativne podlage,&#8221; je povedal.<\/p>\n<h2>NSi v nasprotovanju oro\u017earskim poslom vidi &#8216;nacionalno izdajo&#8217;<\/h2>\n<p>Da gre &#8220;za \u0161olski primer mednarodne pogodbe&#8221;, je medtem na drugi strani menil poslanec NSi Jo\u017eef Horvat. &#8220;Konstantni poskusi razgradnje Slovenske vojske s strani predlagateljev referenduma, se pravi s strani\u00a0Levice, prakti\u010dno mejijo \u017ee na nacionalno izdajo,&#8221; je poudaril. Zavrnil je o\u010ditke\u00a0Levice, da vlada namesto v zdravstvo in \u0161olstvo vlaga v vojsko.<\/p>\n<p>Tudi Jani Ivanu\u0161a iz vrst SNS je te o\u010ditke ozna\u010dil za neresnice. Dejal je, da so dejstva, da je Slovenija \u010dlanica zveze Nato in da 90. \u010dlen ustave dolo\u010da, da referenduma ni mogo\u010de razpisati o ratifikacijah mednarodnih pogodb.<\/p>\n","protected":false},"excerpt":{"rendered":"<p>Dr\u017eavni zbor je danes potrdil sklep vlade o nedopustnosti referenduma o zakonu o ratifikaciji sporazuma z Organizacijo za sodelovanje pri skupnem oboro\u017eevanju (OCCAR) o programu Boxer. Od 77 poslancev, ki so bili prisotni, jih je za sklep glasovalo 43, proti pa 30. Pobudo za zakonodajni referendum je vlo\u017eila stranka Levica.<\/p>\n","protected":false},"author":7,"featured_media":465368,"comment_status":"closed","ping_status":"closed","sticky":false,"template":"","format":"standard","meta":{"footnotes":""},"categories":[18201],"tags":[8983,10450,19772],"source":[4511],"supertag":[],"acf":[],"yoast_head":"<!-- This site is optimized with the Yoast SEO plugin v21.3 - https:\/\/yoast.com\/wordpress\/plugins\/seo\/ -->\n<title>&#039;&#039;Toninu ne gre za varnost Slovenije, temve\u010d za hlap\u010devanje tujim diplomatom in generalom Nata!&#039;&#039; - Hudo Slovenija<\/title>\n<meta name=\"robots\" content=\"index, follow, max-snippet:-1, max-image-preview:large, max-video-preview:-1\" \/>\n<link rel=\"canonical\" href=\"https:\/\/hudo.com\/si\/aktualno\/slovenija\/toninu-ne-gre-za-varnost-slovenije-temvec-za-hlapcevanje-tujim-diplomatom-in-generalom-nata\/\" \/>\n<meta property=\"og:locale\" content=\"sl_SI\" \/>\n<meta property=\"og:type\" content=\"article\" \/>\n<meta property=\"og:title\" content=\"&#039;&#039;Toninu ne gre za varnost Slovenije, temve\u010d za hlap\u010devanje tujim diplomatom in generalom Nata!&#039;&#039; - Hudo Slovenija\" \/>\n<meta property=\"og:description\" content=\"Dr\u017eavni zbor je danes potrdil sklep vlade o nedopustnosti referenduma o zakonu o ratifikaciji sporazuma z Organizacijo za sodelovanje pri skupnem oboro\u017eevanju (OCCAR) o programu Boxer. Od 77 poslancev, ki so bili prisotni, jih je za sklep glasovalo 43, proti pa 30. Pobudo za zakonodajni referendum je vlo\u017eila stranka Levica.\" \/>\n<meta property=\"og:url\" content=\"https:\/\/hudo.com\/si\/aktualno\/slovenija\/toninu-ne-gre-za-varnost-slovenije-temvec-za-hlapcevanje-tujim-diplomatom-in-generalom-nata\/\" \/>\n<meta property=\"og:site_name\" content=\"Hudo Slovenija\" \/>\n<meta property=\"article:publisher\" content=\"https:\/\/www.facebook.com\/hudo.si\" \/>\n<meta property=\"article:published_time\" content=\"2022-02-21T12:23:57+00:00\" \/>\n<meta property=\"og:image\" content=\"https:\/\/hudo.com\/si\/wp-content\/uploads\/sites\/2\/2022\/02\/20220211-01111702.jpg\" \/>\n\t<meta property=\"og:image:width\" content=\"640\" \/>\n\t<meta property=\"og:image:height\" content=\"426\" \/>\n\t<meta property=\"og:image:type\" content=\"image\/jpeg\" \/>\n<meta name=\"author\" content=\"A. P., STA\" \/>\n<meta name=\"twitter:card\" content=\"summary_large_image\" \/>\n<meta name=\"twitter:creator\" content=\"@hudo_si\" \/>\n<meta name=\"twitter:site\" content=\"@hudo_si\" \/>\n<meta name=\"twitter:label1\" content=\"Written by\" \/>\n\t<meta name=\"twitter:data1\" content=\"A. P., STA\" \/>\n\t<meta name=\"twitter:label2\" content=\"Est. reading time\" \/>\n\t<meta name=\"twitter:data2\" content=\"2 minuti\" \/>\n<script type=\"application\/ld+json\" class=\"yoast-schema-graph\">{\"@context\":\"https:\/\/schema.org\",\"@graph\":[{\"@type\":\"Article\",\"@id\":\"https:\/\/hudo.com\/si\/aktualno\/slovenija\/toninu-ne-gre-za-varnost-slovenije-temvec-za-hlapcevanje-tujim-diplomatom-in-generalom-nata\/#article\",\"isPartOf\":{\"@id\":\"https:\/\/hudo.com\/si\/aktualno\/slovenija\/toninu-ne-gre-za-varnost-slovenije-temvec-za-hlapcevanje-tujim-diplomatom-in-generalom-nata\/\"},\"author\":{\"name\":\"A. P., STA\",\"@id\":\"https:\/\/hudo.com\/si\/#\/schema\/person\/18f09c02475ba9e606e941a565b80cff\"},\"headline\":\"&#8221;Toninu ne gre za varnost Slovenije, temve\u010d za hlap\u010devanje tujim diplomatom in generalom Nata!&#8221;\",\"datePublished\":\"2022-02-21T12:23:57+00:00\",\"dateModified\":\"2022-02-21T12:23:57+00:00\",\"mainEntityOfPage\":{\"@id\":\"https:\/\/hudo.com\/si\/aktualno\/slovenija\/toninu-ne-gre-za-varnost-slovenije-temvec-za-hlapcevanje-tujim-diplomatom-in-generalom-nata\/\"},\"wordCount\":476,\"publisher\":{\"@id\":\"https:\/\/hudo.com\/si\/#organization\"},\"keywords\":[\"levica\",\"Matej Tonin\",\"oklepniki boxer\"],\"articleSection\":[\"Slovenija\"],\"inLanguage\":\"sl-SI\"},{\"@type\":\"WebPage\",\"@id\":\"https:\/\/hudo.com\/si\/aktualno\/slovenija\/toninu-ne-gre-za-varnost-slovenije-temvec-za-hlapcevanje-tujim-diplomatom-in-generalom-nata\/\",\"url\":\"https:\/\/hudo.com\/si\/aktualno\/slovenija\/toninu-ne-gre-za-varnost-slovenije-temvec-za-hlapcevanje-tujim-diplomatom-in-generalom-nata\/\",\"name\":\"''Toninu ne gre za varnost Slovenije, temve\u010d za hlap\u010devanje tujim diplomatom in generalom Nata!'' - Hudo Slovenija\",\"isPartOf\":{\"@id\":\"https:\/\/hudo.com\/si\/#website\"},\"datePublished\":\"2022-02-21T12:23:57+00:00\",\"dateModified\":\"2022-02-21T12:23:57+00:00\",\"breadcrumb\":{\"@id\":\"https:\/\/hudo.com\/si\/aktualno\/slovenija\/toninu-ne-gre-za-varnost-slovenije-temvec-za-hlapcevanje-tujim-diplomatom-in-generalom-nata\/#breadcrumb\"},\"inLanguage\":\"sl-SI\",\"potentialAction\":[{\"@type\":\"ReadAction\",\"target\":[\"https:\/\/hudo.com\/si\/aktualno\/slovenija\/toninu-ne-gre-za-varnost-slovenije-temvec-za-hlapcevanje-tujim-diplomatom-in-generalom-nata\/\"]}]},{\"@type\":\"BreadcrumbList\",\"@id\":\"https:\/\/hudo.com\/si\/aktualno\/slovenija\/toninu-ne-gre-za-varnost-slovenije-temvec-za-hlapcevanje-tujim-diplomatom-in-generalom-nata\/#breadcrumb\",\"itemListElement\":[{\"@type\":\"ListItem\",\"position\":1,\"name\":\"Home\",\"item\":\"https:\/\/hudo.com\/si\/\"},{\"@type\":\"ListItem\",\"position\":2,\"name\":\"&#8221;Toninu ne gre za varnost Slovenije, temve\u010d za hlap\u010devanje tujim diplomatom in generalom Nata!&#8221;\"}]},{\"@type\":\"WebSite\",\"@id\":\"https:\/\/hudo.com\/si\/#website\",\"url\":\"https:\/\/hudo.com\/si\/\",\"name\":\"Hudo Slovenija\",\"description\":\"Vse novice iz Slovenije in sveta\",\"publisher\":{\"@id\":\"https:\/\/hudo.com\/si\/#organization\"},\"potentialAction\":[{\"@type\":\"SearchAction\",\"target\":{\"@type\":\"EntryPoint\",\"urlTemplate\":\"https:\/\/hudo.com\/si\/?s={search_term_string}\"},\"query-input\":\"required name=search_term_string\"}],\"inLanguage\":\"sl-SI\"},{\"@type\":\"Organization\",\"@id\":\"https:\/\/hudo.com\/si\/#organization\",\"name\":\"VSN Media\",\"url\":\"https:\/\/hudo.com\/si\/\",\"logo\":{\"@type\":\"ImageObject\",\"inLanguage\":\"sl-SI\",\"@id\":\"https:\/\/hudo.com\/si\/#\/schema\/logo\/image\/\",\"url\":\"https:\/\/hudo.com\/si\/wp-content\/uploads\/sites\/2\/2021\/03\/hudo-app-2.png\",\"contentUrl\":\"https:\/\/hudo.com\/si\/wp-content\/uploads\/sites\/2\/2021\/03\/hudo-app-2.png\",\"width\":2185,\"height\":2167,\"caption\":\"VSN Media\"},\"image\":{\"@id\":\"https:\/\/hudo.com\/si\/#\/schema\/logo\/image\/\"},\"sameAs\":[\"https:\/\/www.facebook.com\/hudo.si\",\"https:\/\/twitter.com\/hudo_si\"]},{\"@type\":\"Person\",\"@id\":\"https:\/\/hudo.com\/si\/#\/schema\/person\/18f09c02475ba9e606e941a565b80cff\",\"name\":\"A. P., STA\",\"image\":{\"@type\":\"ImageObject\",\"inLanguage\":\"sl-SI\",\"@id\":\"https:\/\/hudo.com\/si\/#\/schema\/person\/image\/\",\"url\":\"https:\/\/secure.gravatar.com\/avatar\/03eac8e609f5f04383125d80eaeaaf3e?s=96&d=mm&r=g\",\"contentUrl\":\"https:\/\/secure.gravatar.com\/avatar\/03eac8e609f5f04383125d80eaeaaf3e?s=96&d=mm&r=g\",\"caption\":\"A. P., STA\"},\"url\":\"https:\/\/hudo.com\/si\/author\/lubu\/\"}]}<\/script>\n<!-- \/ Yoast SEO plugin. -->","yoast_head_json":{"title":"''Toninu ne gre za varnost Slovenije, temve\u010d za hlap\u010devanje tujim diplomatom in generalom Nata!'' - Hudo Slovenija","robots":{"index":"index","follow":"follow","max-snippet":"max-snippet:-1","max-image-preview":"max-image-preview:large","max-video-preview":"max-video-preview:-1"},"canonical":"https:\/\/hudo.com\/si\/aktualno\/slovenija\/toninu-ne-gre-za-varnost-slovenije-temvec-za-hlapcevanje-tujim-diplomatom-in-generalom-nata\/","og_locale":"sl_SI","og_type":"article","og_title":"''Toninu ne gre za varnost Slovenije, temve\u010d za hlap\u010devanje tujim diplomatom in generalom Nata!'' - Hudo Slovenija","og_description":"Dr\u017eavni zbor je danes potrdil sklep vlade o nedopustnosti referenduma o zakonu o ratifikaciji sporazuma z Organizacijo za sodelovanje pri skupnem oboro\u017eevanju (OCCAR) o programu Boxer. Od 77 poslancev, ki so bili prisotni, jih je za sklep glasovalo 43, proti pa 30. Pobudo za zakonodajni referendum je vlo\u017eila stranka Levica.","og_url":"https:\/\/hudo.com\/si\/aktualno\/slovenija\/toninu-ne-gre-za-varnost-slovenije-temvec-za-hlapcevanje-tujim-diplomatom-in-generalom-nata\/","og_site_name":"Hudo Slovenija","article_publisher":"https:\/\/www.facebook.com\/hudo.si","article_published_time":"2022-02-21T12:23:57+00:00","og_image":[{"width":640,"height":426,"url":"https:\/\/hudo.com\/si\/wp-content\/uploads\/sites\/2\/2022\/02\/20220211-01111702.jpg","type":"image\/jpeg"}],"author":"A. P., STA","twitter_card":"summary_large_image","twitter_creator":"@hudo_si","twitter_site":"@hudo_si","twitter_misc":{"Written by":"A. P., STA","Est. reading time":"2 minuti"},"schema":{"@context":"https:\/\/schema.org","@graph":[{"@type":"Article","@id":"https:\/\/hudo.com\/si\/aktualno\/slovenija\/toninu-ne-gre-za-varnost-slovenije-temvec-za-hlapcevanje-tujim-diplomatom-in-generalom-nata\/#article","isPartOf":{"@id":"https:\/\/hudo.com\/si\/aktualno\/slovenija\/toninu-ne-gre-za-varnost-slovenije-temvec-za-hlapcevanje-tujim-diplomatom-in-generalom-nata\/"},"author":{"name":"A. P., STA","@id":"https:\/\/hudo.com\/si\/#\/schema\/person\/18f09c02475ba9e606e941a565b80cff"},"headline":"&#8221;Toninu ne gre za varnost Slovenije, temve\u010d za hlap\u010devanje tujim diplomatom in generalom Nata!&#8221;","datePublished":"2022-02-21T12:23:57+00:00","dateModified":"2022-02-21T12:23:57+00:00","mainEntityOfPage":{"@id":"https:\/\/hudo.com\/si\/aktualno\/slovenija\/toninu-ne-gre-za-varnost-slovenije-temvec-za-hlapcevanje-tujim-diplomatom-in-generalom-nata\/"},"wordCount":476,"publisher":{"@id":"https:\/\/hudo.com\/si\/#organization"},"keywords":["levica","Matej Tonin","oklepniki boxer"],"articleSection":["Slovenija"],"inLanguage":"sl-SI"},{"@type":"WebPage","@id":"https:\/\/hudo.com\/si\/aktualno\/slovenija\/toninu-ne-gre-za-varnost-slovenije-temvec-za-hlapcevanje-tujim-diplomatom-in-generalom-nata\/","url":"https:\/\/hudo.com\/si\/aktualno\/slovenija\/toninu-ne-gre-za-varnost-slovenije-temvec-za-hlapcevanje-tujim-diplomatom-in-generalom-nata\/","name":"''Toninu ne gre za varnost Slovenije, temve\u010d za hlap\u010devanje tujim diplomatom in generalom Nata!'' - Hudo Slovenija","isPartOf":{"@id":"https:\/\/hudo.com\/si\/#website"},"datePublished":"2022-02-21T12:23:57+00:00","dateModified":"2022-02-21T12:23:57+00:00","breadcrumb":{"@id":"https:\/\/hudo.com\/si\/aktualno\/slovenija\/toninu-ne-gre-za-varnost-slovenije-temvec-za-hlapcevanje-tujim-diplomatom-in-generalom-nata\/#breadcrumb"},"inLanguage":"sl-SI","potentialAction":[{"@type":"ReadAction","target":["https:\/\/hudo.com\/si\/aktualno\/slovenija\/toninu-ne-gre-za-varnost-slovenije-temvec-za-hlapcevanje-tujim-diplomatom-in-generalom-nata\/"]}]},{"@type":"BreadcrumbList","@id":"https:\/\/hudo.com\/si\/aktualno\/slovenija\/toninu-ne-gre-za-varnost-slovenije-temvec-za-hlapcevanje-tujim-diplomatom-in-generalom-nata\/#breadcrumb","itemListElement":[{"@type":"ListItem","position":1,"name":"Home","item":"https:\/\/hudo.com\/si\/"},{"@type":"ListItem","position":2,"name":"&#8221;Toninu ne gre za varnost Slovenije, temve\u010d za hlap\u010devanje tujim diplomatom in generalom Nata!&#8221;"}]},{"@type":"WebSite","@id":"https:\/\/hudo.com\/si\/#website","url":"https:\/\/hudo.com\/si\/","name":"Hudo Slovenija","description":"Vse novice iz Slovenije in sveta","publisher":{"@id":"https:\/\/hudo.com\/si\/#organization"},"potentialAction":[{"@type":"SearchAction","target":{"@type":"EntryPoint","urlTemplate":"https:\/\/hudo.com\/si\/?s={search_term_string}"},"query-input":"required name=search_term_string"}],"inLanguage":"sl-SI"},{"@type":"Organization","@id":"https:\/\/hudo.com\/si\/#organization","name":"VSN Media","url":"https:\/\/hudo.com\/si\/","logo":{"@type":"ImageObject","inLanguage":"sl-SI","@id":"https:\/\/hudo.com\/si\/#\/schema\/logo\/image\/","url":"https:\/\/hudo.com\/si\/wp-content\/uploads\/sites\/2\/2021\/03\/hudo-app-2.png","contentUrl":"https:\/\/hudo.com\/si\/wp-content\/uploads\/sites\/2\/2021\/03\/hudo-app-2.png","width":2185,"height":2167,"caption":"VSN Media"},"image":{"@id":"https:\/\/hudo.com\/si\/#\/schema\/logo\/image\/"},"sameAs":["https:\/\/www.facebook.com\/hudo.si","https:\/\/twitter.com\/hudo_si"]},{"@type":"Person","@id":"https:\/\/hudo.com\/si\/#\/schema\/person\/18f09c02475ba9e606e941a565b80cff","name":"A. P., STA","image":{"@type":"ImageObject","inLanguage":"sl-SI","@id":"https:\/\/hudo.com\/si\/#\/schema\/person\/image\/","url":"https:\/\/secure.gravatar.com\/avatar\/03eac8e609f5f04383125d80eaeaaf3e?s=96&d=mm&r=g","contentUrl":"https:\/\/secure.gravatar.com\/avatar\/03eac8e609f5f04383125d80eaeaaf3e?s=96&d=mm&r=g","caption":"A. P., STA"},"url":"https:\/\/hudo.com\/si\/author\/lubu\/"}]}},"amp_enabled":true,"_links":{"self":[{"href":"https:\/\/hudo.com\/si\/wp-json\/wp\/v2\/posts\/465363"}],"collection":[{"href":"https:\/\/hudo.com\/si\/wp-json\/wp\/v2\/posts"}],"about":[{"href":"https:\/\/hudo.com\/si\/wp-json\/wp\/v2\/types\/post"}],"author":[{"embeddable":true,"href":"https:\/\/hudo.com\/si\/wp-json\/wp\/v2\/users\/7"}],"replies":[{"embeddable":true,"href":"https:\/\/hudo.com\/si\/wp-json\/wp\/v2\/comments?post=465363"}],"version-history":[{"count":1,"href":"https:\/\/hudo.com\/si\/wp-json\/wp\/v2\/posts\/465363\/revisions"}],"predecessor-version":[{"id":465369,"href":"https:\/\/hudo.com\/si\/wp-json\/wp\/v2\/posts\/465363\/revisions\/465369"}],"wp:featuredmedia":[{"embeddable":true,"href":"https:\/\/hudo.com\/si\/wp-json\/wp\/v2\/media\/465368"}],"wp:attachment":[{"href":"https:\/\/hudo.com\/si\/wp-json\/wp\/v2\/media?parent=465363"}],"wp:term":[{"taxonomy":"category","embeddable":true,"href":"https:\/\/hudo.com\/si\/wp-json\/wp\/v2\/categories?post=465363"},{"taxonomy":"post_tag","embeddable":true,"href":"https:\/\/hudo.com\/si\/wp-json\/wp\/v2\/tags?post=465363"},{"taxonomy":"source","embeddable":true,"href":"https:\/\/hudo.com\/si\/wp-json\/wp\/v2\/source?post=465363"},{"taxonomy":"supertag","embeddable":true,"href":"https:\/\/hudo.com\/si\/wp-json\/wp\/v2\/supertag?post=465363"}],"curies":[{"name":"wp","href":"https:\/\/api.w.org\/{rel}","templated":true}]}}