{"id":465480,"date":"2022-02-23T19:06:57","date_gmt":"2022-02-23T18:06:57","guid":{"rendered":"https:\/\/hudo.com\/si\/?p=465480"},"modified":"2022-02-23T19:06:57","modified_gmt":"2022-02-23T18:06:57","slug":"v-primeru-ruskega-napada-na-ukrajino-se-bo-v-evropo-zateklo-milijone-beguncev","status":"publish","type":"post","link":"https:\/\/hudo.com\/si\/aktualno\/svet\/v-primeru-ruskega-napada-na-ukrajino-se-bo-v-evropo-zateklo-milijone-beguncev\/","title":{"rendered":"V primeru ruskega napada na Ukrajino se bo v Evropo zateklo milijone beguncev"},"content":{"rendered":"<p>&#8220;\u010ce bo Rusija nadaljevala to pot, bi lahko &#8211; po na\u0161ih ocenah &#8211; nastala nova begunska kriza, eno od najve\u010djih, s katerimi se soo\u010da svet danes,&#8221; je po poro\u010danju francoske tiskovne agencije AFP opozorila ameri\u0161ka veleposlanica pri ZN Linda Thomas-Greenfield.<\/p>\n<p>Na morebiten prihod beguncev iz Ukrajine zaradi ruske invazije se \u017ee pripravlja ve\u010d evropskih dr\u017eav, predvsem tiste, ki mejijo na to z naravnimi viri bogato \u017eitnica nekdanje Sovjetske zveze. Evropska komisarka za notranje zadeve Ylva Johansson ocenjuje, da je EU dobro pripravljena.<\/p>\n<p>Komisarka ni \u017eelela podati ocene, koliko ljudi bi lahko v primeru obse\u017enej\u0161ega ruskega napada zbe\u017ealo iz Ukrajine. Je pa podpredsednik Evropske komisije Margaritis Schinas konec tedna za \u010dasnik Welt ocenil, da bi lahko pri\u0161lo med 20.000 in ve\u010d kot milijon beguncev iz Ukrajine.<\/p>\n","protected":false},"excerpt":{"rendered":"<p>ZDA so danes Generalni skup\u0161\u010dini Zdru\u017eenih narodov sporo\u010dile, da bi lahko v primeru ruske invazije na Ukrajino bilo prisiljeno domove zapustiti skoraj pet milijonov ljudi.<\/p>\n","protected":false},"author":7,"featured_media":465299,"comment_status":"closed","ping_status":"closed","sticky":false,"template":"","format":"standard","meta":{"footnotes":""},"categories":[18202],"tags":[1606,1354,3673],"source":[4511],"supertag":[6103],"acf":[],"yoast_head":"<!-- This site is optimized with the Yoast SEO plugin v21.3 - https:\/\/yoast.com\/wordpress\/plugins\/seo\/ -->\n<title>V primeru ruskega napada na Ukrajino se bo v Evropo zateklo milijone beguncev - Hudo Slovenija<\/title>\n<meta name=\"robots\" content=\"index, follow, max-snippet:-1, max-image-preview:large, max-video-preview:-1\" \/>\n<link rel=\"canonical\" href=\"https:\/\/hudo.com\/si\/aktualno\/svet\/v-primeru-ruskega-napada-na-ukrajino-se-bo-v-evropo-zateklo-milijone-beguncev\/\" \/>\n<meta property=\"og:locale\" content=\"sl_SI\" \/>\n<meta property=\"og:type\" content=\"article\" \/>\n<meta property=\"og:title\" content=\"V primeru ruskega napada na Ukrajino se bo v Evropo zateklo milijone beguncev - Hudo Slovenija\" \/>\n<meta property=\"og:description\" content=\"ZDA so danes Generalni skup\u0161\u010dini Zdru\u017eenih narodov sporo\u010dile, da bi lahko v primeru ruske invazije na Ukrajino bilo prisiljeno domove zapustiti skoraj pet milijonov ljudi.\" \/>\n<meta property=\"og:url\" content=\"https:\/\/hudo.com\/si\/aktualno\/svet\/v-primeru-ruskega-napada-na-ukrajino-se-bo-v-evropo-zateklo-milijone-beguncev\/\" \/>\n<meta property=\"og:site_name\" content=\"Hudo Slovenija\" \/>\n<meta property=\"article:publisher\" content=\"https:\/\/www.facebook.com\/hudo.si\" \/>\n<meta property=\"article:published_time\" content=\"2022-02-23T18:06:57+00:00\" \/>\n<meta property=\"og:image\" content=\"https:\/\/hudo.com\/si\/wp-content\/uploads\/sites\/2\/2022\/02\/profimedia-0663637555.jpg\" \/>\n\t<meta property=\"og:image:width\" content=\"1250\" \/>\n\t<meta property=\"og:image:height\" content=\"709\" \/>\n\t<meta property=\"og:image:type\" content=\"image\/jpeg\" \/>\n<meta name=\"author\" content=\"A. P., STA\" \/>\n<meta name=\"twitter:card\" content=\"summary_large_image\" \/>\n<meta name=\"twitter:creator\" content=\"@hudo_si\" \/>\n<meta name=\"twitter:site\" content=\"@hudo_si\" \/>\n<meta name=\"twitter:label1\" content=\"Written by\" \/>\n\t<meta name=\"twitter:data1\" content=\"A. P., STA\" \/>\n\t<meta name=\"twitter:label2\" content=\"Est. reading time\" \/>\n\t<meta name=\"twitter:data2\" content=\"1 minuta\" \/>\n<script type=\"application\/ld+json\" class=\"yoast-schema-graph\">{\"@context\":\"https:\/\/schema.org\",\"@graph\":[{\"@type\":\"Article\",\"@id\":\"https:\/\/hudo.com\/si\/aktualno\/svet\/v-primeru-ruskega-napada-na-ukrajino-se-bo-v-evropo-zateklo-milijone-beguncev\/#article\",\"isPartOf\":{\"@id\":\"https:\/\/hudo.com\/si\/aktualno\/svet\/v-primeru-ruskega-napada-na-ukrajino-se-bo-v-evropo-zateklo-milijone-beguncev\/\"},\"author\":{\"name\":\"A. P., STA\",\"@id\":\"https:\/\/hudo.com\/si\/#\/schema\/person\/18f09c02475ba9e606e941a565b80cff\"},\"headline\":\"V primeru ruskega napada na Ukrajino se bo v Evropo zateklo milijone beguncev\",\"datePublished\":\"2022-02-23T18:06:57+00:00\",\"dateModified\":\"2022-02-23T18:06:57+00:00\",\"mainEntityOfPage\":{\"@id\":\"https:\/\/hudo.com\/si\/aktualno\/svet\/v-primeru-ruskega-napada-na-ukrajino-se-bo-v-evropo-zateklo-milijone-beguncev\/\"},\"wordCount\":147,\"publisher\":{\"@id\":\"https:\/\/hudo.com\/si\/#organization\"},\"keywords\":[\"begunci\",\"Rusija\",\"ukrajina\"],\"articleSection\":[\"Svet\"],\"inLanguage\":\"sl-SI\"},{\"@type\":\"WebPage\",\"@id\":\"https:\/\/hudo.com\/si\/aktualno\/svet\/v-primeru-ruskega-napada-na-ukrajino-se-bo-v-evropo-zateklo-milijone-beguncev\/\",\"url\":\"https:\/\/hudo.com\/si\/aktualno\/svet\/v-primeru-ruskega-napada-na-ukrajino-se-bo-v-evropo-zateklo-milijone-beguncev\/\",\"name\":\"V primeru ruskega napada na Ukrajino se bo v Evropo zateklo milijone beguncev - Hudo Slovenija\",\"isPartOf\":{\"@id\":\"https:\/\/hudo.com\/si\/#website\"},\"datePublished\":\"2022-02-23T18:06:57+00:00\",\"dateModified\":\"2022-02-23T18:06:57+00:00\",\"breadcrumb\":{\"@id\":\"https:\/\/hudo.com\/si\/aktualno\/svet\/v-primeru-ruskega-napada-na-ukrajino-se-bo-v-evropo-zateklo-milijone-beguncev\/#breadcrumb\"},\"inLanguage\":\"sl-SI\",\"potentialAction\":[{\"@type\":\"ReadAction\",\"target\":[\"https:\/\/hudo.com\/si\/aktualno\/svet\/v-primeru-ruskega-napada-na-ukrajino-se-bo-v-evropo-zateklo-milijone-beguncev\/\"]}]},{\"@type\":\"BreadcrumbList\",\"@id\":\"https:\/\/hudo.com\/si\/aktualno\/svet\/v-primeru-ruskega-napada-na-ukrajino-se-bo-v-evropo-zateklo-milijone-beguncev\/#breadcrumb\",\"itemListElement\":[{\"@type\":\"ListItem\",\"position\":1,\"name\":\"Home\",\"item\":\"https:\/\/hudo.com\/si\/\"},{\"@type\":\"ListItem\",\"position\":2,\"name\":\"V primeru ruskega napada na Ukrajino se bo v Evropo zateklo milijone beguncev\"}]},{\"@type\":\"WebSite\",\"@id\":\"https:\/\/hudo.com\/si\/#website\",\"url\":\"https:\/\/hudo.com\/si\/\",\"name\":\"Hudo Slovenija\",\"description\":\"Vse novice iz Slovenije in sveta\",\"publisher\":{\"@id\":\"https:\/\/hudo.com\/si\/#organization\"},\"potentialAction\":[{\"@type\":\"SearchAction\",\"target\":{\"@type\":\"EntryPoint\",\"urlTemplate\":\"https:\/\/hudo.com\/si\/?s={search_term_string}\"},\"query-input\":\"required name=search_term_string\"}],\"inLanguage\":\"sl-SI\"},{\"@type\":\"Organization\",\"@id\":\"https:\/\/hudo.com\/si\/#organization\",\"name\":\"VSN Media\",\"url\":\"https:\/\/hudo.com\/si\/\",\"logo\":{\"@type\":\"ImageObject\",\"inLanguage\":\"sl-SI\",\"@id\":\"https:\/\/hudo.com\/si\/#\/schema\/logo\/image\/\",\"url\":\"https:\/\/hudo.com\/si\/wp-content\/uploads\/sites\/2\/2021\/03\/hudo-app-2.png\",\"contentUrl\":\"https:\/\/hudo.com\/si\/wp-content\/uploads\/sites\/2\/2021\/03\/hudo-app-2.png\",\"width\":2185,\"height\":2167,\"caption\":\"VSN Media\"},\"image\":{\"@id\":\"https:\/\/hudo.com\/si\/#\/schema\/logo\/image\/\"},\"sameAs\":[\"https:\/\/www.facebook.com\/hudo.si\",\"https:\/\/twitter.com\/hudo_si\"]},{\"@type\":\"Person\",\"@id\":\"https:\/\/hudo.com\/si\/#\/schema\/person\/18f09c02475ba9e606e941a565b80cff\",\"name\":\"A. P., STA\",\"image\":{\"@type\":\"ImageObject\",\"inLanguage\":\"sl-SI\",\"@id\":\"https:\/\/hudo.com\/si\/#\/schema\/person\/image\/\",\"url\":\"https:\/\/secure.gravatar.com\/avatar\/03eac8e609f5f04383125d80eaeaaf3e?s=96&d=mm&r=g\",\"contentUrl\":\"https:\/\/secure.gravatar.com\/avatar\/03eac8e609f5f04383125d80eaeaaf3e?s=96&d=mm&r=g\",\"caption\":\"A. P., STA\"},\"url\":\"https:\/\/hudo.com\/si\/author\/lubu\/\"}]}<\/script>\n<!-- \/ Yoast SEO plugin. -->","yoast_head_json":{"title":"V primeru ruskega napada na Ukrajino se bo v Evropo zateklo milijone beguncev - Hudo Slovenija","robots":{"index":"index","follow":"follow","max-snippet":"max-snippet:-1","max-image-preview":"max-image-preview:large","max-video-preview":"max-video-preview:-1"},"canonical":"https:\/\/hudo.com\/si\/aktualno\/svet\/v-primeru-ruskega-napada-na-ukrajino-se-bo-v-evropo-zateklo-milijone-beguncev\/","og_locale":"sl_SI","og_type":"article","og_title":"V primeru ruskega napada na Ukrajino se bo v Evropo zateklo milijone beguncev - Hudo Slovenija","og_description":"ZDA so danes Generalni skup\u0161\u010dini Zdru\u017eenih narodov sporo\u010dile, da bi lahko v primeru ruske invazije na Ukrajino bilo prisiljeno domove zapustiti skoraj pet milijonov ljudi.","og_url":"https:\/\/hudo.com\/si\/aktualno\/svet\/v-primeru-ruskega-napada-na-ukrajino-se-bo-v-evropo-zateklo-milijone-beguncev\/","og_site_name":"Hudo Slovenija","article_publisher":"https:\/\/www.facebook.com\/hudo.si","article_published_time":"2022-02-23T18:06:57+00:00","og_image":[{"width":1250,"height":709,"url":"https:\/\/hudo.com\/si\/wp-content\/uploads\/sites\/2\/2022\/02\/profimedia-0663637555.jpg","type":"image\/jpeg"}],"author":"A. P., STA","twitter_card":"summary_large_image","twitter_creator":"@hudo_si","twitter_site":"@hudo_si","twitter_misc":{"Written by":"A. P., STA","Est. reading time":"1 minuta"},"schema":{"@context":"https:\/\/schema.org","@graph":[{"@type":"Article","@id":"https:\/\/hudo.com\/si\/aktualno\/svet\/v-primeru-ruskega-napada-na-ukrajino-se-bo-v-evropo-zateklo-milijone-beguncev\/#article","isPartOf":{"@id":"https:\/\/hudo.com\/si\/aktualno\/svet\/v-primeru-ruskega-napada-na-ukrajino-se-bo-v-evropo-zateklo-milijone-beguncev\/"},"author":{"name":"A. P., STA","@id":"https:\/\/hudo.com\/si\/#\/schema\/person\/18f09c02475ba9e606e941a565b80cff"},"headline":"V primeru ruskega napada na Ukrajino se bo v Evropo zateklo milijone beguncev","datePublished":"2022-02-23T18:06:57+00:00","dateModified":"2022-02-23T18:06:57+00:00","mainEntityOfPage":{"@id":"https:\/\/hudo.com\/si\/aktualno\/svet\/v-primeru-ruskega-napada-na-ukrajino-se-bo-v-evropo-zateklo-milijone-beguncev\/"},"wordCount":147,"publisher":{"@id":"https:\/\/hudo.com\/si\/#organization"},"keywords":["begunci","Rusija","ukrajina"],"articleSection":["Svet"],"inLanguage":"sl-SI"},{"@type":"WebPage","@id":"https:\/\/hudo.com\/si\/aktualno\/svet\/v-primeru-ruskega-napada-na-ukrajino-se-bo-v-evropo-zateklo-milijone-beguncev\/","url":"https:\/\/hudo.com\/si\/aktualno\/svet\/v-primeru-ruskega-napada-na-ukrajino-se-bo-v-evropo-zateklo-milijone-beguncev\/","name":"V primeru ruskega napada na Ukrajino se bo v Evropo zateklo milijone beguncev - Hudo Slovenija","isPartOf":{"@id":"https:\/\/hudo.com\/si\/#website"},"datePublished":"2022-02-23T18:06:57+00:00","dateModified":"2022-02-23T18:06:57+00:00","breadcrumb":{"@id":"https:\/\/hudo.com\/si\/aktualno\/svet\/v-primeru-ruskega-napada-na-ukrajino-se-bo-v-evropo-zateklo-milijone-beguncev\/#breadcrumb"},"inLanguage":"sl-SI","potentialAction":[{"@type":"ReadAction","target":["https:\/\/hudo.com\/si\/aktualno\/svet\/v-primeru-ruskega-napada-na-ukrajino-se-bo-v-evropo-zateklo-milijone-beguncev\/"]}]},{"@type":"BreadcrumbList","@id":"https:\/\/hudo.com\/si\/aktualno\/svet\/v-primeru-ruskega-napada-na-ukrajino-se-bo-v-evropo-zateklo-milijone-beguncev\/#breadcrumb","itemListElement":[{"@type":"ListItem","position":1,"name":"Home","item":"https:\/\/hudo.com\/si\/"},{"@type":"ListItem","position":2,"name":"V primeru ruskega napada na Ukrajino se bo v Evropo zateklo milijone beguncev"}]},{"@type":"WebSite","@id":"https:\/\/hudo.com\/si\/#website","url":"https:\/\/hudo.com\/si\/","name":"Hudo Slovenija","description":"Vse novice iz Slovenije in sveta","publisher":{"@id":"https:\/\/hudo.com\/si\/#organization"},"potentialAction":[{"@type":"SearchAction","target":{"@type":"EntryPoint","urlTemplate":"https:\/\/hudo.com\/si\/?s={search_term_string}"},"query-input":"required name=search_term_string"}],"inLanguage":"sl-SI"},{"@type":"Organization","@id":"https:\/\/hudo.com\/si\/#organization","name":"VSN Media","url":"https:\/\/hudo.com\/si\/","logo":{"@type":"ImageObject","inLanguage":"sl-SI","@id":"https:\/\/hudo.com\/si\/#\/schema\/logo\/image\/","url":"https:\/\/hudo.com\/si\/wp-content\/uploads\/sites\/2\/2021\/03\/hudo-app-2.png","contentUrl":"https:\/\/hudo.com\/si\/wp-content\/uploads\/sites\/2\/2021\/03\/hudo-app-2.png","width":2185,"height":2167,"caption":"VSN Media"},"image":{"@id":"https:\/\/hudo.com\/si\/#\/schema\/logo\/image\/"},"sameAs":["https:\/\/www.facebook.com\/hudo.si","https:\/\/twitter.com\/hudo_si"]},{"@type":"Person","@id":"https:\/\/hudo.com\/si\/#\/schema\/person\/18f09c02475ba9e606e941a565b80cff","name":"A. P., STA","image":{"@type":"ImageObject","inLanguage":"sl-SI","@id":"https:\/\/hudo.com\/si\/#\/schema\/person\/image\/","url":"https:\/\/secure.gravatar.com\/avatar\/03eac8e609f5f04383125d80eaeaaf3e?s=96&d=mm&r=g","contentUrl":"https:\/\/secure.gravatar.com\/avatar\/03eac8e609f5f04383125d80eaeaaf3e?s=96&d=mm&r=g","caption":"A. P., STA"},"url":"https:\/\/hudo.com\/si\/author\/lubu\/"}]}},"amp_enabled":true,"_links":{"self":[{"href":"https:\/\/hudo.com\/si\/wp-json\/wp\/v2\/posts\/465480"}],"collection":[{"href":"https:\/\/hudo.com\/si\/wp-json\/wp\/v2\/posts"}],"about":[{"href":"https:\/\/hudo.com\/si\/wp-json\/wp\/v2\/types\/post"}],"author":[{"embeddable":true,"href":"https:\/\/hudo.com\/si\/wp-json\/wp\/v2\/users\/7"}],"replies":[{"embeddable":true,"href":"https:\/\/hudo.com\/si\/wp-json\/wp\/v2\/comments?post=465480"}],"version-history":[{"count":1,"href":"https:\/\/hudo.com\/si\/wp-json\/wp\/v2\/posts\/465480\/revisions"}],"predecessor-version":[{"id":465481,"href":"https:\/\/hudo.com\/si\/wp-json\/wp\/v2\/posts\/465480\/revisions\/465481"}],"wp:featuredmedia":[{"embeddable":true,"href":"https:\/\/hudo.com\/si\/wp-json\/wp\/v2\/media\/465299"}],"wp:attachment":[{"href":"https:\/\/hudo.com\/si\/wp-json\/wp\/v2\/media?parent=465480"}],"wp:term":[{"taxonomy":"category","embeddable":true,"href":"https:\/\/hudo.com\/si\/wp-json\/wp\/v2\/categories?post=465480"},{"taxonomy":"post_tag","embeddable":true,"href":"https:\/\/hudo.com\/si\/wp-json\/wp\/v2\/tags?post=465480"},{"taxonomy":"source","embeddable":true,"href":"https:\/\/hudo.com\/si\/wp-json\/wp\/v2\/source?post=465480"},{"taxonomy":"supertag","embeddable":true,"href":"https:\/\/hudo.com\/si\/wp-json\/wp\/v2\/supertag?post=465480"}],"curies":[{"name":"wp","href":"https:\/\/api.w.org\/{rel}","templated":true}]}}