{"id":46559,"date":"2016-05-06T04:00:00","date_gmt":"2016-05-06T02:00:00","guid":{"rendered":"http:\/\/hudo.com\/si\/2016\/05\/06\/petsto-gostov-iz-vse-evrope-bosta-nagovorila-cerar-in-infantino\/"},"modified":"2016-05-06T04:00:00","modified_gmt":"2016-05-06T02:00:00","slug":"petsto-gostov-iz-vse-evrope-bosta-nagovorila-cerar-in-infantino","status":"publish","type":"post","link":"https:\/\/hudo.com\/si\/aktualno\/petsto-gostov-iz-vse-evrope-bosta-nagovorila-cerar-in-infantino\/","title":{"rendered":"Petsto gostov iz vse Evrope bosta nagovorila Cerar in Infantino"},"content":{"rendered":"<p>Kategorija: Nogomet Fri, 06 May 2016 06:00:00 +0200  Brdo pri Kranju \u2013 Nogomet kot najbolj raz\u0161irjena \u0161portna panoga na svetu bo zve\u010der tudi v Sloveniji do\u010dakal poseben trenutek. Na Brdu pri Kranju bodo uradno odprli nacionalno vadbeno sredi\u0161\u010de, ki ga nogometna dru\u017eina resda uporablja \u017ee od jeseni. Med 500 gosti iz Slovenije in tujine bosta tudi premier Miro Cerar in prvi mo\u017e Svetovne nogometne zveze (FIFA) Gianni Infantino. Na prostorih nekdanjih hipodroma in konju\u0161nice je na Brdu zrastlo ve\u010d zgradb, ki so arhitekturno ume\u0161\u010dene v krajinsko infrastrukturo. Gostje si bodo ogledali upravno stavbo NZS, tri nogometna igri\u0161\u010da in \u0161portni objekt, ki je za\u017eivel \u017ee oktobra, ko se je na njem za\u010dela pripravljati reprezentanca selektorja Sre\u010dka Katanca. Najprej bodo z navzo\u010dimi govorili predsednik NZS Aleksander \u010ceferin, Gianni Infantino in generalni sekretar Evropske nogometne zveze (UEFA) Teodor Teodoridis, nato se\u00a0&#8230;<\/p>\n","protected":false},"excerpt":{"rendered":"<p>Kategorija: Nogomet Fri, 06 May 2016 06:00:00 +0200  Brdo pri Kranju \u2013 Nogomet kot najbolj raz\u0161irjena \u0161portna panoga na svetu bo zve\u010der tudi v Sloveniji do\u010dakal poseben trenutek. Na Brdu pri Kranju bodo uradno odprli nacionalno vadbeno sredi\u0161\u010de, ki ga nogometna dru\u017eina resda uporablja \u017ee od jeseni. Med 500 gosti iz Slovenije in tujine bosta tudi premier Miro Cerar in prvi mo\u017e Svetovne nogometne zveze (FIFA) Gianni Infantino. Na prostorih nekdanjih hipodroma in konju\u0161nice je na Brdu zrastlo ve\u010d zgradb, ki so arhitekturno ume\u0161\u010dene v krajinsko infrastrukturo. Gostje si bodo ogledali upravno stavbo NZS, tri nogometna igri\u0161\u010da in \u0161portni objekt, ki je za\u017eivel \u017ee oktobra, ko se je na njem za\u010dela pripravljati reprezentanca selektorja Sre\u010dka Katanca. Najprej bodo z navzo\u010dimi govorili predsednik NZS Aleksander \u010ceferin, Gianni Infantino in generalni sekretar Evropske nogometne zveze (UEFA) Teodor Teodoridis, nato se\u00a0&#8230;<\/p>\n","protected":false},"author":1,"featured_media":0,"comment_status":"closed","ping_status":"closed","sticky":false,"template":"","format":"standard","meta":{"footnotes":""},"categories":[1179],"tags":[],"source":[4511],"supertag":[],"acf":[],"yoast_head":"<!-- This site is optimized with the Yoast SEO plugin v21.3 - https:\/\/yoast.com\/wordpress\/plugins\/seo\/ -->\n<title>Petsto gostov iz vse Evrope bosta nagovorila Cerar in Infantino - Hudo Slovenija<\/title>\n<meta name=\"robots\" content=\"index, follow, max-snippet:-1, max-image-preview:large, max-video-preview:-1\" \/>\n<link rel=\"canonical\" href=\"https:\/\/hudo.com\/si\/aktualno\/petsto-gostov-iz-vse-evrope-bosta-nagovorila-cerar-in-infantino\/\" \/>\n<meta property=\"og:locale\" content=\"sl_SI\" \/>\n<meta property=\"og:type\" content=\"article\" \/>\n<meta property=\"og:title\" content=\"Petsto gostov iz vse Evrope bosta nagovorila Cerar in Infantino - Hudo Slovenija\" \/>\n<meta property=\"og:description\" content=\"Kategorija: Nogomet Fri, 06 May 2016 06:00:00 +0200 Brdo pri Kranju \u2013 Nogomet kot najbolj raz\u0161irjena \u0161portna panoga na svetu bo zve\u010der tudi v Sloveniji do\u010dakal poseben trenutek. Na Brdu pri Kranju bodo uradno odprli nacionalno vadbeno sredi\u0161\u010de, ki ga nogometna dru\u017eina resda uporablja \u017ee od jeseni. Med 500 gosti iz Slovenije in tujine bosta tudi premier Miro Cerar in prvi mo\u017e Svetovne nogometne zveze (FIFA) Gianni Infantino. Na prostorih nekdanjih hipodroma in konju\u0161nice je na Brdu zrastlo ve\u010d zgradb, ki so arhitekturno ume\u0161\u010dene v krajinsko infrastrukturo. Gostje si bodo ogledali upravno stavbo NZS, tri nogometna igri\u0161\u010da in \u0161portni objekt, ki je za\u017eivel \u017ee oktobra, ko se je na njem za\u010dela pripravljati reprezentanca selektorja Sre\u010dka Katanca. Najprej bodo z navzo\u010dimi govorili predsednik NZS Aleksander \u010ceferin, Gianni Infantino in generalni sekretar Evropske nogometne zveze (UEFA) Teodor Teodoridis, nato se\u00a0...\" \/>\n<meta property=\"og:url\" content=\"https:\/\/hudo.com\/si\/aktualno\/petsto-gostov-iz-vse-evrope-bosta-nagovorila-cerar-in-infantino\/\" \/>\n<meta property=\"og:site_name\" content=\"Hudo Slovenija\" \/>\n<meta property=\"article:publisher\" content=\"https:\/\/www.facebook.com\/hudo.si\" \/>\n<meta property=\"article:published_time\" content=\"2016-05-06T02:00:00+00:00\" \/>\n<meta property=\"og:image\" content=\"https:\/\/hudo.com\/si\/wp-content\/uploads\/sites\/2\/2016\/05\/480x290_Delo_Foto-20160504121856-06186700.jpeg\" \/>\n\t<meta property=\"og:image:width\" content=\"480\" \/>\n\t<meta property=\"og:image:height\" content=\"290\" \/>\n\t<meta property=\"og:image:type\" content=\"image\/jpeg\" \/>\n<meta name=\"author\" content=\"hudo\" \/>\n<meta name=\"twitter:card\" content=\"summary_large_image\" \/>\n<meta name=\"twitter:creator\" content=\"@hudo_si\" \/>\n<meta name=\"twitter:site\" content=\"@hudo_si\" \/>\n<meta name=\"twitter:label1\" content=\"Written by\" \/>\n\t<meta name=\"twitter:data1\" content=\"hudo\" \/>\n\t<meta name=\"twitter:label2\" content=\"Est. reading time\" \/>\n\t<meta name=\"twitter:data2\" content=\"1 minuta\" \/>\n<script type=\"application\/ld+json\" class=\"yoast-schema-graph\">{\"@context\":\"https:\/\/schema.org\",\"@graph\":[{\"@type\":\"Article\",\"@id\":\"https:\/\/hudo.com\/si\/aktualno\/petsto-gostov-iz-vse-evrope-bosta-nagovorila-cerar-in-infantino\/#article\",\"isPartOf\":{\"@id\":\"https:\/\/hudo.com\/si\/aktualno\/petsto-gostov-iz-vse-evrope-bosta-nagovorila-cerar-in-infantino\/\"},\"author\":{\"name\":\"hudo\",\"@id\":\"https:\/\/hudo.com\/si\/#\/schema\/person\/601cf3379633985b20f7e50f2bb47707\"},\"headline\":\"Petsto gostov iz vse Evrope bosta nagovorila Cerar in Infantino\",\"datePublished\":\"2016-05-06T02:00:00+00:00\",\"dateModified\":\"2016-05-06T02:00:00+00:00\",\"mainEntityOfPage\":{\"@id\":\"https:\/\/hudo.com\/si\/aktualno\/petsto-gostov-iz-vse-evrope-bosta-nagovorila-cerar-in-infantino\/\"},\"wordCount\":154,\"publisher\":{\"@id\":\"https:\/\/hudo.com\/si\/#organization\"},\"articleSection\":[\"Aktualno\"],\"inLanguage\":\"sl-SI\"},{\"@type\":\"WebPage\",\"@id\":\"https:\/\/hudo.com\/si\/aktualno\/petsto-gostov-iz-vse-evrope-bosta-nagovorila-cerar-in-infantino\/\",\"url\":\"https:\/\/hudo.com\/si\/aktualno\/petsto-gostov-iz-vse-evrope-bosta-nagovorila-cerar-in-infantino\/\",\"name\":\"Petsto gostov iz vse Evrope bosta nagovorila Cerar in Infantino - Hudo Slovenija\",\"isPartOf\":{\"@id\":\"https:\/\/hudo.com\/si\/#website\"},\"datePublished\":\"2016-05-06T02:00:00+00:00\",\"dateModified\":\"2016-05-06T02:00:00+00:00\",\"breadcrumb\":{\"@id\":\"https:\/\/hudo.com\/si\/aktualno\/petsto-gostov-iz-vse-evrope-bosta-nagovorila-cerar-in-infantino\/#breadcrumb\"},\"inLanguage\":\"sl-SI\",\"potentialAction\":[{\"@type\":\"ReadAction\",\"target\":[\"https:\/\/hudo.com\/si\/aktualno\/petsto-gostov-iz-vse-evrope-bosta-nagovorila-cerar-in-infantino\/\"]}]},{\"@type\":\"BreadcrumbList\",\"@id\":\"https:\/\/hudo.com\/si\/aktualno\/petsto-gostov-iz-vse-evrope-bosta-nagovorila-cerar-in-infantino\/#breadcrumb\",\"itemListElement\":[{\"@type\":\"ListItem\",\"position\":1,\"name\":\"Home\",\"item\":\"https:\/\/hudo.com\/si\/\"},{\"@type\":\"ListItem\",\"position\":2,\"name\":\"Petsto gostov iz vse Evrope bosta nagovorila Cerar in Infantino\"}]},{\"@type\":\"WebSite\",\"@id\":\"https:\/\/hudo.com\/si\/#website\",\"url\":\"https:\/\/hudo.com\/si\/\",\"name\":\"Hudo Slovenija\",\"description\":\"Vse novice iz Slovenije in sveta\",\"publisher\":{\"@id\":\"https:\/\/hudo.com\/si\/#organization\"},\"potentialAction\":[{\"@type\":\"SearchAction\",\"target\":{\"@type\":\"EntryPoint\",\"urlTemplate\":\"https:\/\/hudo.com\/si\/?s={search_term_string}\"},\"query-input\":\"required name=search_term_string\"}],\"inLanguage\":\"sl-SI\"},{\"@type\":\"Organization\",\"@id\":\"https:\/\/hudo.com\/si\/#organization\",\"name\":\"VSN Media\",\"url\":\"https:\/\/hudo.com\/si\/\",\"logo\":{\"@type\":\"ImageObject\",\"inLanguage\":\"sl-SI\",\"@id\":\"https:\/\/hudo.com\/si\/#\/schema\/logo\/image\/\",\"url\":\"https:\/\/hudo.com\/si\/wp-content\/uploads\/sites\/2\/2021\/03\/hudo-app-2.png\",\"contentUrl\":\"https:\/\/hudo.com\/si\/wp-content\/uploads\/sites\/2\/2021\/03\/hudo-app-2.png\",\"width\":2185,\"height\":2167,\"caption\":\"VSN Media\"},\"image\":{\"@id\":\"https:\/\/hudo.com\/si\/#\/schema\/logo\/image\/\"},\"sameAs\":[\"https:\/\/www.facebook.com\/hudo.si\",\"https:\/\/twitter.com\/hudo_si\"]},{\"@type\":\"Person\",\"@id\":\"https:\/\/hudo.com\/si\/#\/schema\/person\/601cf3379633985b20f7e50f2bb47707\",\"name\":\"hudo\",\"image\":{\"@type\":\"ImageObject\",\"inLanguage\":\"sl-SI\",\"@id\":\"https:\/\/hudo.com\/si\/#\/schema\/person\/image\/\",\"url\":\"https:\/\/secure.gravatar.com\/avatar\/c4ca25fa72cace7a696b52ff5db9e095?s=96&d=mm&r=g\",\"contentUrl\":\"https:\/\/secure.gravatar.com\/avatar\/c4ca25fa72cace7a696b52ff5db9e095?s=96&d=mm&r=g\",\"caption\":\"hudo\"},\"url\":\"https:\/\/hudo.com\/si\/author\/hudo\/\"}]}<\/script>\n<!-- \/ Yoast SEO plugin. -->","yoast_head_json":{"title":"Petsto gostov iz vse Evrope bosta nagovorila Cerar in Infantino - Hudo Slovenija","robots":{"index":"index","follow":"follow","max-snippet":"max-snippet:-1","max-image-preview":"max-image-preview:large","max-video-preview":"max-video-preview:-1"},"canonical":"https:\/\/hudo.com\/si\/aktualno\/petsto-gostov-iz-vse-evrope-bosta-nagovorila-cerar-in-infantino\/","og_locale":"sl_SI","og_type":"article","og_title":"Petsto gostov iz vse Evrope bosta nagovorila Cerar in Infantino - Hudo Slovenija","og_description":"Kategorija: Nogomet Fri, 06 May 2016 06:00:00 +0200 Brdo pri Kranju \u2013 Nogomet kot najbolj raz\u0161irjena \u0161portna panoga na svetu bo zve\u010der tudi v Sloveniji do\u010dakal poseben trenutek. Na Brdu pri Kranju bodo uradno odprli nacionalno vadbeno sredi\u0161\u010de, ki ga nogometna dru\u017eina resda uporablja \u017ee od jeseni. Med 500 gosti iz Slovenije in tujine bosta tudi premier Miro Cerar in prvi mo\u017e Svetovne nogometne zveze (FIFA) Gianni Infantino. Na prostorih nekdanjih hipodroma in konju\u0161nice je na Brdu zrastlo ve\u010d zgradb, ki so arhitekturno ume\u0161\u010dene v krajinsko infrastrukturo. Gostje si bodo ogledali upravno stavbo NZS, tri nogometna igri\u0161\u010da in \u0161portni objekt, ki je za\u017eivel \u017ee oktobra, ko se je na njem za\u010dela pripravljati reprezentanca selektorja Sre\u010dka Katanca. Najprej bodo z navzo\u010dimi govorili predsednik NZS Aleksander \u010ceferin, Gianni Infantino in generalni sekretar Evropske nogometne zveze (UEFA) Teodor Teodoridis, nato se\u00a0...","og_url":"https:\/\/hudo.com\/si\/aktualno\/petsto-gostov-iz-vse-evrope-bosta-nagovorila-cerar-in-infantino\/","og_site_name":"Hudo Slovenija","article_publisher":"https:\/\/www.facebook.com\/hudo.si","article_published_time":"2016-05-06T02:00:00+00:00","og_image":[{"width":480,"height":290,"url":"https:\/\/hudo.com\/si\/wp-content\/uploads\/sites\/2\/2016\/05\/480x290_Delo_Foto-20160504121856-06186700.jpeg","type":"image\/jpeg"}],"author":"hudo","twitter_card":"summary_large_image","twitter_creator":"@hudo_si","twitter_site":"@hudo_si","twitter_misc":{"Written by":"hudo","Est. reading time":"1 minuta"},"schema":{"@context":"https:\/\/schema.org","@graph":[{"@type":"Article","@id":"https:\/\/hudo.com\/si\/aktualno\/petsto-gostov-iz-vse-evrope-bosta-nagovorila-cerar-in-infantino\/#article","isPartOf":{"@id":"https:\/\/hudo.com\/si\/aktualno\/petsto-gostov-iz-vse-evrope-bosta-nagovorila-cerar-in-infantino\/"},"author":{"name":"hudo","@id":"https:\/\/hudo.com\/si\/#\/schema\/person\/601cf3379633985b20f7e50f2bb47707"},"headline":"Petsto gostov iz vse Evrope bosta nagovorila Cerar in Infantino","datePublished":"2016-05-06T02:00:00+00:00","dateModified":"2016-05-06T02:00:00+00:00","mainEntityOfPage":{"@id":"https:\/\/hudo.com\/si\/aktualno\/petsto-gostov-iz-vse-evrope-bosta-nagovorila-cerar-in-infantino\/"},"wordCount":154,"publisher":{"@id":"https:\/\/hudo.com\/si\/#organization"},"articleSection":["Aktualno"],"inLanguage":"sl-SI"},{"@type":"WebPage","@id":"https:\/\/hudo.com\/si\/aktualno\/petsto-gostov-iz-vse-evrope-bosta-nagovorila-cerar-in-infantino\/","url":"https:\/\/hudo.com\/si\/aktualno\/petsto-gostov-iz-vse-evrope-bosta-nagovorila-cerar-in-infantino\/","name":"Petsto gostov iz vse Evrope bosta nagovorila Cerar in Infantino - Hudo Slovenija","isPartOf":{"@id":"https:\/\/hudo.com\/si\/#website"},"datePublished":"2016-05-06T02:00:00+00:00","dateModified":"2016-05-06T02:00:00+00:00","breadcrumb":{"@id":"https:\/\/hudo.com\/si\/aktualno\/petsto-gostov-iz-vse-evrope-bosta-nagovorila-cerar-in-infantino\/#breadcrumb"},"inLanguage":"sl-SI","potentialAction":[{"@type":"ReadAction","target":["https:\/\/hudo.com\/si\/aktualno\/petsto-gostov-iz-vse-evrope-bosta-nagovorila-cerar-in-infantino\/"]}]},{"@type":"BreadcrumbList","@id":"https:\/\/hudo.com\/si\/aktualno\/petsto-gostov-iz-vse-evrope-bosta-nagovorila-cerar-in-infantino\/#breadcrumb","itemListElement":[{"@type":"ListItem","position":1,"name":"Home","item":"https:\/\/hudo.com\/si\/"},{"@type":"ListItem","position":2,"name":"Petsto gostov iz vse Evrope bosta nagovorila Cerar in Infantino"}]},{"@type":"WebSite","@id":"https:\/\/hudo.com\/si\/#website","url":"https:\/\/hudo.com\/si\/","name":"Hudo Slovenija","description":"Vse novice iz Slovenije in sveta","publisher":{"@id":"https:\/\/hudo.com\/si\/#organization"},"potentialAction":[{"@type":"SearchAction","target":{"@type":"EntryPoint","urlTemplate":"https:\/\/hudo.com\/si\/?s={search_term_string}"},"query-input":"required name=search_term_string"}],"inLanguage":"sl-SI"},{"@type":"Organization","@id":"https:\/\/hudo.com\/si\/#organization","name":"VSN Media","url":"https:\/\/hudo.com\/si\/","logo":{"@type":"ImageObject","inLanguage":"sl-SI","@id":"https:\/\/hudo.com\/si\/#\/schema\/logo\/image\/","url":"https:\/\/hudo.com\/si\/wp-content\/uploads\/sites\/2\/2021\/03\/hudo-app-2.png","contentUrl":"https:\/\/hudo.com\/si\/wp-content\/uploads\/sites\/2\/2021\/03\/hudo-app-2.png","width":2185,"height":2167,"caption":"VSN Media"},"image":{"@id":"https:\/\/hudo.com\/si\/#\/schema\/logo\/image\/"},"sameAs":["https:\/\/www.facebook.com\/hudo.si","https:\/\/twitter.com\/hudo_si"]},{"@type":"Person","@id":"https:\/\/hudo.com\/si\/#\/schema\/person\/601cf3379633985b20f7e50f2bb47707","name":"hudo","image":{"@type":"ImageObject","inLanguage":"sl-SI","@id":"https:\/\/hudo.com\/si\/#\/schema\/person\/image\/","url":"https:\/\/secure.gravatar.com\/avatar\/c4ca25fa72cace7a696b52ff5db9e095?s=96&d=mm&r=g","contentUrl":"https:\/\/secure.gravatar.com\/avatar\/c4ca25fa72cace7a696b52ff5db9e095?s=96&d=mm&r=g","caption":"hudo"},"url":"https:\/\/hudo.com\/si\/author\/hudo\/"}]}},"amp_enabled":true,"_links":{"self":[{"href":"https:\/\/hudo.com\/si\/wp-json\/wp\/v2\/posts\/46559"}],"collection":[{"href":"https:\/\/hudo.com\/si\/wp-json\/wp\/v2\/posts"}],"about":[{"href":"https:\/\/hudo.com\/si\/wp-json\/wp\/v2\/types\/post"}],"author":[{"embeddable":true,"href":"https:\/\/hudo.com\/si\/wp-json\/wp\/v2\/users\/1"}],"replies":[{"embeddable":true,"href":"https:\/\/hudo.com\/si\/wp-json\/wp\/v2\/comments?post=46559"}],"version-history":[{"count":0,"href":"https:\/\/hudo.com\/si\/wp-json\/wp\/v2\/posts\/46559\/revisions"}],"wp:attachment":[{"href":"https:\/\/hudo.com\/si\/wp-json\/wp\/v2\/media?parent=46559"}],"wp:term":[{"taxonomy":"category","embeddable":true,"href":"https:\/\/hudo.com\/si\/wp-json\/wp\/v2\/categories?post=46559"},{"taxonomy":"post_tag","embeddable":true,"href":"https:\/\/hudo.com\/si\/wp-json\/wp\/v2\/tags?post=46559"},{"taxonomy":"source","embeddable":true,"href":"https:\/\/hudo.com\/si\/wp-json\/wp\/v2\/source?post=46559"},{"taxonomy":"supertag","embeddable":true,"href":"https:\/\/hudo.com\/si\/wp-json\/wp\/v2\/supertag?post=46559"}],"curies":[{"name":"wp","href":"https:\/\/api.w.org\/{rel}","templated":true}]}}