{"id":465828,"date":"2022-03-03T10:46:34","date_gmt":"2022-03-03T09:46:34","guid":{"rendered":"https:\/\/hudo.com\/si\/?p=465828"},"modified":"2022-03-03T10:46:34","modified_gmt":"2022-03-03T09:46:34","slug":"3-marec-je-svetovni-dan-prostozivecih-zivalskih-in-rastlinskih-vrst","status":"publish","type":"post","link":"https:\/\/hudo.com\/si\/znanost-tehnika\/3-marec-je-svetovni-dan-prostozivecih-zivalskih-in-rastlinskih-vrst\/","title":{"rendered":"3. marec je svetovni dan prosto\u017eive\u010dih \u017eivalskih in rastlinskih vrst"},"content":{"rendered":"<p>Po podatkih z rde\u010dega seznama Mednarodne zveze za ohranjanje narave in naravnih virov (IUCN) je po svetu kriti\u010dno ogro\u017eenih ve\u010d kot 8400 \u017eivalskih in rastlinskih vrst, \u0161e skoraj 30.000 pa jih je ogro\u017eenih ali ranljivih. &#8220;Na podlagi teh ocen lahko sklepamo, da izumrtje grozi ve\u010d kot milijonu vrst,&#8221; so ob dana\u0161njem svetovnem dnevu zapisali pri Zdru\u017eenih narodih.<\/p>\n<p>Opozarjajo, da so od prosto \u017eive\u010dih \u017eivali in rastlin ter virov, ki jih ustvarjajo, odvisni ljudje po vsem svetu tako na podro\u010dju hrane in zdravil kot obla\u010dil in bivali\u0161\u010d. Od narave so odvisni tudi pre\u017eivljanje in gospodarske prilo\u017enosti milijonov ljudi po svetu.<\/p>\n<p>O biotski pestrosti Slovenije pri\u010da podatek, da je ve\u010d kot 37 odstotkov njenega ozemlja vklju\u010denega v omre\u017eje evropsko pomembnih habitatov in vrst Natura 2000, poudarjajo na ministrstvu za okolje in prostor. Doslej je bilo na obmo\u010dju Slovenije zabele\u017eenih pribli\u017eno 15.000 \u017eivalskih vrst, 6000 rastlinskih vrst in 5000 vrst gliv.<\/p>\n<p>Med njimi je veliko endemi\u010dnih vrst, od tega med vi\u0161jimi rastlinami 40 taksonov z 22 endemiti v o\u017ejem smislu, torej s prevladujo\u010do raz\u0161irjenostjo v Sloveniji. Na na\u0161em ozemlju \u017eivi okrog 850 \u017eivalskih endemitov, vklju\u010dno z jamskimi \u017eivalmi. Med njimi so vrste, ki so v neugodnem stanju, pojasnjujejo na okoljskem ministrstvu.<\/p>\n<p>Kot primer dobre prakse pa izpostavljajo primer doseljevanje risa v Sloveniji v okviru projekta Life Lynx. V projekt je vklju\u010denih pet dr\u017eav (Slovenija, Hrva\u0161ka, Italija, Slova\u0161ka in Romunija), njegov glavni cilj pa je prepre\u010diti ponovno izumrtje dinarsko-jugovzhodne alpske populacije evrazijskega risa in njena dolgoro\u010dna ohranitev.<\/p>\n<p>Medtem pa Svetovna organizacija za varstvo narave (WWF) opozarja na upadanje populacije \u0161tevilnih \u017eivalskih vrst. &#8220;Najnovej\u0161e poro\u010dilo WWF o stanju na\u0161ega planeta nam ka\u017ee da se je populacija sesalcev, ptic, rib, dvo\u017eivk in plazilcev v zadnjih petdesetih letih zmanj\u0161ala za kar 68 odstotkov. Na\u0161e dr\u017eave so izjemno bogate z divjimi vrstami, ki ohranjajo ravnote\u017eje ekosistemov. Izumrtje samo ene vrste pomeni nevarnost za veliko \u0161tevilo drugih,&#8221; je izpostavila Nevenka Luki\u0107 Roj\u0161ek iz WWF Adria.<\/p>\n<p>Eno od glavnih oro\u017eij mednarodne skupnosti v boju za ohranitev prosto\u017eive\u010dih \u017eivalskih in rastlinskih vrst je konvencija o mednarodni trgovini z ogro\u017eenimi prosto \u017eive\u010dimi \u017eivalskimi in rastlinskimi vrstami (konvencija Cites), ki je bila sklenjena 3. marca 1973 v Washingtonu.<\/p>\n<p>Klju\u010d trajnostne rabe v povezavi s to konvencijo je v skladnosti nacionalnih zakonodaj, popolnosti izvajanja le-teh in u\u010dinkovitem nadzoru ter kaznovanju kr\u0161itev. A tudi nekatere dolgoletne pogodbenice \u0161e vedno ne uresni\u010dujejo osnovnih zahtev konvencije, predvsem zaradi pomanjkanja finan\u010dnih in \u010dlove\u0161kih virov, politi\u010dne volje, skrajne rev\u0161\u010dine in drugih razlogov. Zato klju\u010dno vlogo pri u\u010dinkovitosti sistema igra ozave\u0161\u010danje na vseh ravneh, zlasti na strani dr\u017eav uvoznic, poudarjajo na ministrstvu.<\/p>\n<p>Za odvra\u010danje in zmanj\u0161anje krivolova, izbolj\u0161anje sodelovanja med ustreznimi institucijami in izbolj\u0161anje izvajanja nacionalnih in mednarodnih okoljskih predpisov si preko projekta Uspe\u0161en pregon kaznivih dejanj zoper divje \u017eivali v Evropi (LIFE SWiPE) prizadeva tudi WWF. &#8220;Zlo\u010dini zoper prosto\u017eive\u010de \u017eivali so med najbolj donosnimi dejavnostmi organiziranega kriminala na svetu, skupaj s trgovino z ljudmi, mamili in oro\u017ejem,&#8221; opozarjajo pri organizaciji za varstvo narave.<\/p>\n","protected":false},"excerpt":{"rendered":"<p>Obele\u017eujemo svetovni dan prosto\u017eive\u010dih \u017eivalskih in rastlinskih vrst, ki letos posebej poudarja pomen \u017eivalskih in rastlinskih vrst pri ohranjanju in obnovi ekosistemov. Nadaljevanje izgub vrst, habitatov in ekosistemov namre\u010d ogro\u017ea \u017eivljenje na Zemlji, tudi pre\u017eivetje \u010dloveka, svarijo Zdru\u017eeni narodi.<\/p>\n","protected":false},"author":7,"featured_media":465829,"comment_status":"closed","ping_status":"closed","sticky":false,"template":"","format":"standard","meta":{"footnotes":""},"categories":[18201,18174],"tags":[1674,2171],"source":[4511],"supertag":[16390],"acf":[],"yoast_head":"<!-- This site is optimized with the Yoast SEO plugin v21.3 - https:\/\/yoast.com\/wordpress\/plugins\/seo\/ -->\n<title>3. marec je svetovni dan prosto\u017eive\u010dih \u017eivalskih in rastlinskih vrst - Hudo Slovenija<\/title>\n<meta name=\"robots\" content=\"index, follow, max-snippet:-1, max-image-preview:large, max-video-preview:-1\" \/>\n<link rel=\"canonical\" href=\"https:\/\/hudo.com\/si\/znanost-tehnika\/3-marec-je-svetovni-dan-prostozivecih-zivalskih-in-rastlinskih-vrst\/\" \/>\n<meta property=\"og:locale\" content=\"sl_SI\" \/>\n<meta property=\"og:type\" content=\"article\" \/>\n<meta property=\"og:title\" content=\"3. marec je svetovni dan prosto\u017eive\u010dih \u017eivalskih in rastlinskih vrst - Hudo Slovenija\" \/>\n<meta property=\"og:description\" content=\"Obele\u017eujemo svetovni dan prosto\u017eive\u010dih \u017eivalskih in rastlinskih vrst, ki letos posebej poudarja pomen \u017eivalskih in rastlinskih vrst pri ohranjanju in obnovi ekosistemov. Nadaljevanje izgub vrst, habitatov in ekosistemov namre\u010d ogro\u017ea \u017eivljenje na Zemlji, tudi pre\u017eivetje \u010dloveka, svarijo Zdru\u017eeni narodi.\" \/>\n<meta property=\"og:url\" content=\"https:\/\/hudo.com\/si\/znanost-tehnika\/3-marec-je-svetovni-dan-prostozivecih-zivalskih-in-rastlinskih-vrst\/\" \/>\n<meta property=\"og:site_name\" content=\"Hudo Slovenija\" \/>\n<meta property=\"article:publisher\" content=\"https:\/\/www.facebook.com\/hudo.si\" \/>\n<meta property=\"article:published_time\" content=\"2022-03-03T09:46:34+00:00\" \/>\n<meta property=\"og:image\" content=\"https:\/\/hudo.com\/si\/wp-content\/uploads\/sites\/2\/2022\/03\/profimedia-0617575306.jpg\" \/>\n\t<meta property=\"og:image:width\" content=\"1250\" \/>\n\t<meta property=\"og:image:height\" content=\"911\" \/>\n\t<meta property=\"og:image:type\" content=\"image\/jpeg\" \/>\n<meta name=\"author\" content=\"A. P., STA\" \/>\n<meta name=\"twitter:card\" content=\"summary_large_image\" \/>\n<meta name=\"twitter:creator\" content=\"@hudo_si\" \/>\n<meta name=\"twitter:site\" content=\"@hudo_si\" \/>\n<meta name=\"twitter:label1\" content=\"Written by\" \/>\n\t<meta name=\"twitter:data1\" content=\"A. P., STA\" \/>\n\t<meta name=\"twitter:label2\" content=\"Est. reading time\" \/>\n\t<meta name=\"twitter:data2\" content=\"3 minute\" \/>\n<script type=\"application\/ld+json\" class=\"yoast-schema-graph\">{\"@context\":\"https:\/\/schema.org\",\"@graph\":[{\"@type\":\"Article\",\"@id\":\"https:\/\/hudo.com\/si\/znanost-tehnika\/3-marec-je-svetovni-dan-prostozivecih-zivalskih-in-rastlinskih-vrst\/#article\",\"isPartOf\":{\"@id\":\"https:\/\/hudo.com\/si\/znanost-tehnika\/3-marec-je-svetovni-dan-prostozivecih-zivalskih-in-rastlinskih-vrst\/\"},\"author\":{\"name\":\"A. P., STA\",\"@id\":\"https:\/\/hudo.com\/si\/#\/schema\/person\/18f09c02475ba9e606e941a565b80cff\"},\"headline\":\"3. marec je svetovni dan prosto\u017eive\u010dih \u017eivalskih in rastlinskih vrst\",\"datePublished\":\"2022-03-03T09:46:34+00:00\",\"dateModified\":\"2022-03-03T09:46:34+00:00\",\"mainEntityOfPage\":{\"@id\":\"https:\/\/hudo.com\/si\/znanost-tehnika\/3-marec-je-svetovni-dan-prostozivecih-zivalskih-in-rastlinskih-vrst\/\"},\"wordCount\":547,\"publisher\":{\"@id\":\"https:\/\/hudo.com\/si\/#organization\"},\"keywords\":[\"divje \u017eivali\",\"ekologija\"],\"articleSection\":[\"Slovenija\",\"Znanost &amp; tehnika\"],\"inLanguage\":\"sl-SI\"},{\"@type\":\"WebPage\",\"@id\":\"https:\/\/hudo.com\/si\/znanost-tehnika\/3-marec-je-svetovni-dan-prostozivecih-zivalskih-in-rastlinskih-vrst\/\",\"url\":\"https:\/\/hudo.com\/si\/znanost-tehnika\/3-marec-je-svetovni-dan-prostozivecih-zivalskih-in-rastlinskih-vrst\/\",\"name\":\"3. marec je svetovni dan prosto\u017eive\u010dih \u017eivalskih in rastlinskih vrst - Hudo Slovenija\",\"isPartOf\":{\"@id\":\"https:\/\/hudo.com\/si\/#website\"},\"datePublished\":\"2022-03-03T09:46:34+00:00\",\"dateModified\":\"2022-03-03T09:46:34+00:00\",\"breadcrumb\":{\"@id\":\"https:\/\/hudo.com\/si\/znanost-tehnika\/3-marec-je-svetovni-dan-prostozivecih-zivalskih-in-rastlinskih-vrst\/#breadcrumb\"},\"inLanguage\":\"sl-SI\",\"potentialAction\":[{\"@type\":\"ReadAction\",\"target\":[\"https:\/\/hudo.com\/si\/znanost-tehnika\/3-marec-je-svetovni-dan-prostozivecih-zivalskih-in-rastlinskih-vrst\/\"]}]},{\"@type\":\"BreadcrumbList\",\"@id\":\"https:\/\/hudo.com\/si\/znanost-tehnika\/3-marec-je-svetovni-dan-prostozivecih-zivalskih-in-rastlinskih-vrst\/#breadcrumb\",\"itemListElement\":[{\"@type\":\"ListItem\",\"position\":1,\"name\":\"Home\",\"item\":\"https:\/\/hudo.com\/si\/\"},{\"@type\":\"ListItem\",\"position\":2,\"name\":\"3. marec je svetovni dan prosto\u017eive\u010dih \u017eivalskih in rastlinskih vrst\"}]},{\"@type\":\"WebSite\",\"@id\":\"https:\/\/hudo.com\/si\/#website\",\"url\":\"https:\/\/hudo.com\/si\/\",\"name\":\"Hudo Slovenija\",\"description\":\"Vse novice iz Slovenije in sveta\",\"publisher\":{\"@id\":\"https:\/\/hudo.com\/si\/#organization\"},\"potentialAction\":[{\"@type\":\"SearchAction\",\"target\":{\"@type\":\"EntryPoint\",\"urlTemplate\":\"https:\/\/hudo.com\/si\/?s={search_term_string}\"},\"query-input\":\"required name=search_term_string\"}],\"inLanguage\":\"sl-SI\"},{\"@type\":\"Organization\",\"@id\":\"https:\/\/hudo.com\/si\/#organization\",\"name\":\"VSN Media\",\"url\":\"https:\/\/hudo.com\/si\/\",\"logo\":{\"@type\":\"ImageObject\",\"inLanguage\":\"sl-SI\",\"@id\":\"https:\/\/hudo.com\/si\/#\/schema\/logo\/image\/\",\"url\":\"https:\/\/hudo.com\/si\/wp-content\/uploads\/sites\/2\/2021\/03\/hudo-app-2.png\",\"contentUrl\":\"https:\/\/hudo.com\/si\/wp-content\/uploads\/sites\/2\/2021\/03\/hudo-app-2.png\",\"width\":2185,\"height\":2167,\"caption\":\"VSN Media\"},\"image\":{\"@id\":\"https:\/\/hudo.com\/si\/#\/schema\/logo\/image\/\"},\"sameAs\":[\"https:\/\/www.facebook.com\/hudo.si\",\"https:\/\/twitter.com\/hudo_si\"]},{\"@type\":\"Person\",\"@id\":\"https:\/\/hudo.com\/si\/#\/schema\/person\/18f09c02475ba9e606e941a565b80cff\",\"name\":\"A. P., STA\",\"image\":{\"@type\":\"ImageObject\",\"inLanguage\":\"sl-SI\",\"@id\":\"https:\/\/hudo.com\/si\/#\/schema\/person\/image\/\",\"url\":\"https:\/\/secure.gravatar.com\/avatar\/03eac8e609f5f04383125d80eaeaaf3e?s=96&d=mm&r=g\",\"contentUrl\":\"https:\/\/secure.gravatar.com\/avatar\/03eac8e609f5f04383125d80eaeaaf3e?s=96&d=mm&r=g\",\"caption\":\"A. P., STA\"},\"url\":\"https:\/\/hudo.com\/si\/author\/lubu\/\"}]}<\/script>\n<!-- \/ Yoast SEO plugin. -->","yoast_head_json":{"title":"3. marec je svetovni dan prosto\u017eive\u010dih \u017eivalskih in rastlinskih vrst - Hudo Slovenija","robots":{"index":"index","follow":"follow","max-snippet":"max-snippet:-1","max-image-preview":"max-image-preview:large","max-video-preview":"max-video-preview:-1"},"canonical":"https:\/\/hudo.com\/si\/znanost-tehnika\/3-marec-je-svetovni-dan-prostozivecih-zivalskih-in-rastlinskih-vrst\/","og_locale":"sl_SI","og_type":"article","og_title":"3. marec je svetovni dan prosto\u017eive\u010dih \u017eivalskih in rastlinskih vrst - Hudo Slovenija","og_description":"Obele\u017eujemo svetovni dan prosto\u017eive\u010dih \u017eivalskih in rastlinskih vrst, ki letos posebej poudarja pomen \u017eivalskih in rastlinskih vrst pri ohranjanju in obnovi ekosistemov. Nadaljevanje izgub vrst, habitatov in ekosistemov namre\u010d ogro\u017ea \u017eivljenje na Zemlji, tudi pre\u017eivetje \u010dloveka, svarijo Zdru\u017eeni narodi.","og_url":"https:\/\/hudo.com\/si\/znanost-tehnika\/3-marec-je-svetovni-dan-prostozivecih-zivalskih-in-rastlinskih-vrst\/","og_site_name":"Hudo Slovenija","article_publisher":"https:\/\/www.facebook.com\/hudo.si","article_published_time":"2022-03-03T09:46:34+00:00","og_image":[{"width":1250,"height":911,"url":"https:\/\/hudo.com\/si\/wp-content\/uploads\/sites\/2\/2022\/03\/profimedia-0617575306.jpg","type":"image\/jpeg"}],"author":"A. P., STA","twitter_card":"summary_large_image","twitter_creator":"@hudo_si","twitter_site":"@hudo_si","twitter_misc":{"Written by":"A. P., STA","Est. reading time":"3 minute"},"schema":{"@context":"https:\/\/schema.org","@graph":[{"@type":"Article","@id":"https:\/\/hudo.com\/si\/znanost-tehnika\/3-marec-je-svetovni-dan-prostozivecih-zivalskih-in-rastlinskih-vrst\/#article","isPartOf":{"@id":"https:\/\/hudo.com\/si\/znanost-tehnika\/3-marec-je-svetovni-dan-prostozivecih-zivalskih-in-rastlinskih-vrst\/"},"author":{"name":"A. P., STA","@id":"https:\/\/hudo.com\/si\/#\/schema\/person\/18f09c02475ba9e606e941a565b80cff"},"headline":"3. marec je svetovni dan prosto\u017eive\u010dih \u017eivalskih in rastlinskih vrst","datePublished":"2022-03-03T09:46:34+00:00","dateModified":"2022-03-03T09:46:34+00:00","mainEntityOfPage":{"@id":"https:\/\/hudo.com\/si\/znanost-tehnika\/3-marec-je-svetovni-dan-prostozivecih-zivalskih-in-rastlinskih-vrst\/"},"wordCount":547,"publisher":{"@id":"https:\/\/hudo.com\/si\/#organization"},"keywords":["divje \u017eivali","ekologija"],"articleSection":["Slovenija","Znanost &amp; tehnika"],"inLanguage":"sl-SI"},{"@type":"WebPage","@id":"https:\/\/hudo.com\/si\/znanost-tehnika\/3-marec-je-svetovni-dan-prostozivecih-zivalskih-in-rastlinskih-vrst\/","url":"https:\/\/hudo.com\/si\/znanost-tehnika\/3-marec-je-svetovni-dan-prostozivecih-zivalskih-in-rastlinskih-vrst\/","name":"3. marec je svetovni dan prosto\u017eive\u010dih \u017eivalskih in rastlinskih vrst - Hudo Slovenija","isPartOf":{"@id":"https:\/\/hudo.com\/si\/#website"},"datePublished":"2022-03-03T09:46:34+00:00","dateModified":"2022-03-03T09:46:34+00:00","breadcrumb":{"@id":"https:\/\/hudo.com\/si\/znanost-tehnika\/3-marec-je-svetovni-dan-prostozivecih-zivalskih-in-rastlinskih-vrst\/#breadcrumb"},"inLanguage":"sl-SI","potentialAction":[{"@type":"ReadAction","target":["https:\/\/hudo.com\/si\/znanost-tehnika\/3-marec-je-svetovni-dan-prostozivecih-zivalskih-in-rastlinskih-vrst\/"]}]},{"@type":"BreadcrumbList","@id":"https:\/\/hudo.com\/si\/znanost-tehnika\/3-marec-je-svetovni-dan-prostozivecih-zivalskih-in-rastlinskih-vrst\/#breadcrumb","itemListElement":[{"@type":"ListItem","position":1,"name":"Home","item":"https:\/\/hudo.com\/si\/"},{"@type":"ListItem","position":2,"name":"3. marec je svetovni dan prosto\u017eive\u010dih \u017eivalskih in rastlinskih vrst"}]},{"@type":"WebSite","@id":"https:\/\/hudo.com\/si\/#website","url":"https:\/\/hudo.com\/si\/","name":"Hudo Slovenija","description":"Vse novice iz Slovenije in sveta","publisher":{"@id":"https:\/\/hudo.com\/si\/#organization"},"potentialAction":[{"@type":"SearchAction","target":{"@type":"EntryPoint","urlTemplate":"https:\/\/hudo.com\/si\/?s={search_term_string}"},"query-input":"required name=search_term_string"}],"inLanguage":"sl-SI"},{"@type":"Organization","@id":"https:\/\/hudo.com\/si\/#organization","name":"VSN Media","url":"https:\/\/hudo.com\/si\/","logo":{"@type":"ImageObject","inLanguage":"sl-SI","@id":"https:\/\/hudo.com\/si\/#\/schema\/logo\/image\/","url":"https:\/\/hudo.com\/si\/wp-content\/uploads\/sites\/2\/2021\/03\/hudo-app-2.png","contentUrl":"https:\/\/hudo.com\/si\/wp-content\/uploads\/sites\/2\/2021\/03\/hudo-app-2.png","width":2185,"height":2167,"caption":"VSN Media"},"image":{"@id":"https:\/\/hudo.com\/si\/#\/schema\/logo\/image\/"},"sameAs":["https:\/\/www.facebook.com\/hudo.si","https:\/\/twitter.com\/hudo_si"]},{"@type":"Person","@id":"https:\/\/hudo.com\/si\/#\/schema\/person\/18f09c02475ba9e606e941a565b80cff","name":"A. P., STA","image":{"@type":"ImageObject","inLanguage":"sl-SI","@id":"https:\/\/hudo.com\/si\/#\/schema\/person\/image\/","url":"https:\/\/secure.gravatar.com\/avatar\/03eac8e609f5f04383125d80eaeaaf3e?s=96&d=mm&r=g","contentUrl":"https:\/\/secure.gravatar.com\/avatar\/03eac8e609f5f04383125d80eaeaaf3e?s=96&d=mm&r=g","caption":"A. P., STA"},"url":"https:\/\/hudo.com\/si\/author\/lubu\/"}]}},"amp_enabled":true,"_links":{"self":[{"href":"https:\/\/hudo.com\/si\/wp-json\/wp\/v2\/posts\/465828"}],"collection":[{"href":"https:\/\/hudo.com\/si\/wp-json\/wp\/v2\/posts"}],"about":[{"href":"https:\/\/hudo.com\/si\/wp-json\/wp\/v2\/types\/post"}],"author":[{"embeddable":true,"href":"https:\/\/hudo.com\/si\/wp-json\/wp\/v2\/users\/7"}],"replies":[{"embeddable":true,"href":"https:\/\/hudo.com\/si\/wp-json\/wp\/v2\/comments?post=465828"}],"version-history":[{"count":1,"href":"https:\/\/hudo.com\/si\/wp-json\/wp\/v2\/posts\/465828\/revisions"}],"predecessor-version":[{"id":465830,"href":"https:\/\/hudo.com\/si\/wp-json\/wp\/v2\/posts\/465828\/revisions\/465830"}],"wp:featuredmedia":[{"embeddable":true,"href":"https:\/\/hudo.com\/si\/wp-json\/wp\/v2\/media\/465829"}],"wp:attachment":[{"href":"https:\/\/hudo.com\/si\/wp-json\/wp\/v2\/media?parent=465828"}],"wp:term":[{"taxonomy":"category","embeddable":true,"href":"https:\/\/hudo.com\/si\/wp-json\/wp\/v2\/categories?post=465828"},{"taxonomy":"post_tag","embeddable":true,"href":"https:\/\/hudo.com\/si\/wp-json\/wp\/v2\/tags?post=465828"},{"taxonomy":"source","embeddable":true,"href":"https:\/\/hudo.com\/si\/wp-json\/wp\/v2\/source?post=465828"},{"taxonomy":"supertag","embeddable":true,"href":"https:\/\/hudo.com\/si\/wp-json\/wp\/v2\/supertag?post=465828"}],"curies":[{"name":"wp","href":"https:\/\/api.w.org\/{rel}","templated":true}]}}