{"id":465832,"date":"2022-03-03T11:27:01","date_gmt":"2022-03-03T10:27:01","guid":{"rendered":"https:\/\/hudo.com\/si\/?p=465832"},"modified":"2022-03-03T11:27:01","modified_gmt":"2022-03-03T10:27:01","slug":"v-ukrajini-verjetno-ostaja-se-nekaj-slovenskih-drzavljanov","status":"publish","type":"post","link":"https:\/\/hudo.com\/si\/aktualno\/slovenija\/v-ukrajini-verjetno-ostaja-se-nekaj-slovenskih-drzavljanov\/","title":{"rendered":"V Ukrajini verjetno ostaja \u0161e nekaj slovenskih dr\u017eavljanov"},"content":{"rendered":"<p>\u0160ter je dodal, da je v Ukrajino v zadnjih dneh verjetno tudi od\u0161lo \u0161e nekaj slovenskih dr\u017eavljanov, med drugim novinarji.<\/p>\n<p>\u0160e vedno se najdejo tudi osebe, ki prosijo za pomo\u010d konzularno slu\u017ebo, vendar je ta zelo omejena. Tako lahko ve\u010dinoma nudijo le informacije o poteh do meje, je pojasnil.<\/p>\n<p>Medtem ko v Kijevu ni ve\u010d slovenskih diplomatov, konzularno poslovanje veleposlani\u0161tva pa je ustavljeno, ostajata tam aktivna de\u017eurna telefonska \u0161tevilka in elektronski naslov. Sicer pa lahko slovenski dr\u017eavljani najbolj aktualne informacije dobijo na konzularni slu\u017ebi v Ljubljani, je dodal.<\/p>\n<p>Zunanje ministrstvo sicer \u0161e vedno odsvetuje potovanja v Ukrajino. Tistim slovenskim dr\u017eavljanom, ki se za\u010dasno nahajajo v Ukrajini, pa svetujejo, da poskrbijo za varno vrnitev.<\/p>\n<p>Vsem, ki se nahajajo v Ukrajini oz. tja potujejo, pa zaradi la\u017eje in u\u010dinkovitej\u0161e konzularne pomo\u010di \u0161e svetujejo, da izpolnijo spletni obrazec obve\u0161\u010danje o potovanju, ki je dosegljiv na\u00a0<a href=\"https:\/\/svvmzz.adapta.si\/applicationturist.php\" target=\"_blank\" rel=\"noopener noreferrer\">https:\/\/svvmzz.adapta.si\/applicationturist.php<\/a><\/p>\n","protected":false},"excerpt":{"rendered":"<p>V Ukrajini verjetno ostaja \u0161e okoli pet ali celo manj slovenskih dr\u017eavljanov, je za STA ocenil vodja konzularne slu\u017ebe na MZZ Andrej \u0160ter. Domneva, da gre za Slovence, ki morda ne morejo potovati zaradi obstreljevanja oz. drugih razlogov ali pa so se odlo\u010dili, da bodo ostali v Ukrajini.<\/p>\n","protected":false},"author":8,"featured_media":450056,"comment_status":"closed","ping_status":"closed","sticky":false,"template":"","format":"standard","meta":{"footnotes":""},"categories":[18201],"tags":[16082,1595,3673],"source":[4511],"supertag":[5675],"acf":[],"yoast_head":"<!-- This site is optimized with the Yoast SEO plugin v21.3 - https:\/\/yoast.com\/wordpress\/plugins\/seo\/ -->\n<title>V Ukrajini verjetno ostaja \u0161e nekaj slovenskih dr\u017eavljanov - Hudo Slovenija<\/title>\n<meta name=\"robots\" content=\"index, follow, max-snippet:-1, max-image-preview:large, max-video-preview:-1\" \/>\n<link rel=\"canonical\" href=\"https:\/\/hudo.com\/si\/aktualno\/slovenija\/v-ukrajini-verjetno-ostaja-se-nekaj-slovenskih-drzavljanov\/\" \/>\n<meta property=\"og:locale\" content=\"sl_SI\" \/>\n<meta property=\"og:type\" content=\"article\" \/>\n<meta property=\"og:title\" content=\"V Ukrajini verjetno ostaja \u0161e nekaj slovenskih dr\u017eavljanov - Hudo Slovenija\" \/>\n<meta property=\"og:description\" content=\"V Ukrajini verjetno ostaja \u0161e okoli pet ali celo manj slovenskih dr\u017eavljanov, je za STA ocenil vodja konzularne slu\u017ebe na MZZ Andrej \u0160ter. Domneva, da gre za Slovence, ki morda ne morejo potovati zaradi obstreljevanja oz. drugih razlogov ali pa so se odlo\u010dili, da bodo ostali v Ukrajini.\" \/>\n<meta property=\"og:url\" content=\"https:\/\/hudo.com\/si\/aktualno\/slovenija\/v-ukrajini-verjetno-ostaja-se-nekaj-slovenskih-drzavljanov\/\" \/>\n<meta property=\"og:site_name\" content=\"Hudo Slovenija\" \/>\n<meta property=\"article:publisher\" content=\"https:\/\/www.facebook.com\/hudo.si\" \/>\n<meta property=\"article:published_time\" content=\"2022-03-03T10:27:01+00:00\" \/>\n<meta property=\"og:image\" content=\"https:\/\/hudo.com\/si\/wp-content\/uploads\/sites\/2\/2021\/04\/Screenshot-from-2021-04-21-13-39-48.jpg\" \/>\n\t<meta property=\"og:image:width\" content=\"910\" \/>\n\t<meta property=\"og:image:height\" content=\"599\" \/>\n\t<meta property=\"og:image:type\" content=\"image\/jpeg\" \/>\n<meta name=\"author\" content=\"M. N., STA\" \/>\n<meta name=\"twitter:card\" content=\"summary_large_image\" \/>\n<meta name=\"twitter:creator\" content=\"@hudo_si\" \/>\n<meta name=\"twitter:site\" content=\"@hudo_si\" \/>\n<meta name=\"twitter:label1\" content=\"Written by\" \/>\n\t<meta name=\"twitter:data1\" content=\"M. N., STA\" \/>\n\t<meta name=\"twitter:label2\" content=\"Est. reading time\" \/>\n\t<meta name=\"twitter:data2\" content=\"1 minuta\" \/>\n<script type=\"application\/ld+json\" class=\"yoast-schema-graph\">{\"@context\":\"https:\/\/schema.org\",\"@graph\":[{\"@type\":\"Article\",\"@id\":\"https:\/\/hudo.com\/si\/aktualno\/slovenija\/v-ukrajini-verjetno-ostaja-se-nekaj-slovenskih-drzavljanov\/#article\",\"isPartOf\":{\"@id\":\"https:\/\/hudo.com\/si\/aktualno\/slovenija\/v-ukrajini-verjetno-ostaja-se-nekaj-slovenskih-drzavljanov\/\"},\"author\":{\"name\":\"M. N., STA\",\"@id\":\"https:\/\/hudo.com\/si\/#\/schema\/person\/c2f10ce65d2e6ede2aeda5be2a0611fa\"},\"headline\":\"V Ukrajini verjetno ostaja \u0161e nekaj slovenskih dr\u017eavljanov\",\"datePublished\":\"2022-03-03T10:27:01+00:00\",\"dateModified\":\"2022-03-03T10:27:01+00:00\",\"mainEntityOfPage\":{\"@id\":\"https:\/\/hudo.com\/si\/aktualno\/slovenija\/v-ukrajini-verjetno-ostaja-se-nekaj-slovenskih-drzavljanov\/\"},\"wordCount\":172,\"publisher\":{\"@id\":\"https:\/\/hudo.com\/si\/#organization\"},\"keywords\":[\"Andrej \u0160ter\",\"Slovenija\",\"ukrajina\"],\"articleSection\":[\"Slovenija\"],\"inLanguage\":\"sl-SI\"},{\"@type\":\"WebPage\",\"@id\":\"https:\/\/hudo.com\/si\/aktualno\/slovenija\/v-ukrajini-verjetno-ostaja-se-nekaj-slovenskih-drzavljanov\/\",\"url\":\"https:\/\/hudo.com\/si\/aktualno\/slovenija\/v-ukrajini-verjetno-ostaja-se-nekaj-slovenskih-drzavljanov\/\",\"name\":\"V Ukrajini verjetno ostaja \u0161e nekaj slovenskih dr\u017eavljanov - Hudo Slovenija\",\"isPartOf\":{\"@id\":\"https:\/\/hudo.com\/si\/#website\"},\"datePublished\":\"2022-03-03T10:27:01+00:00\",\"dateModified\":\"2022-03-03T10:27:01+00:00\",\"breadcrumb\":{\"@id\":\"https:\/\/hudo.com\/si\/aktualno\/slovenija\/v-ukrajini-verjetno-ostaja-se-nekaj-slovenskih-drzavljanov\/#breadcrumb\"},\"inLanguage\":\"sl-SI\",\"potentialAction\":[{\"@type\":\"ReadAction\",\"target\":[\"https:\/\/hudo.com\/si\/aktualno\/slovenija\/v-ukrajini-verjetno-ostaja-se-nekaj-slovenskih-drzavljanov\/\"]}]},{\"@type\":\"BreadcrumbList\",\"@id\":\"https:\/\/hudo.com\/si\/aktualno\/slovenija\/v-ukrajini-verjetno-ostaja-se-nekaj-slovenskih-drzavljanov\/#breadcrumb\",\"itemListElement\":[{\"@type\":\"ListItem\",\"position\":1,\"name\":\"Home\",\"item\":\"https:\/\/hudo.com\/si\/\"},{\"@type\":\"ListItem\",\"position\":2,\"name\":\"V Ukrajini verjetno ostaja \u0161e nekaj slovenskih dr\u017eavljanov\"}]},{\"@type\":\"WebSite\",\"@id\":\"https:\/\/hudo.com\/si\/#website\",\"url\":\"https:\/\/hudo.com\/si\/\",\"name\":\"Hudo Slovenija\",\"description\":\"Vse novice iz Slovenije in sveta\",\"publisher\":{\"@id\":\"https:\/\/hudo.com\/si\/#organization\"},\"potentialAction\":[{\"@type\":\"SearchAction\",\"target\":{\"@type\":\"EntryPoint\",\"urlTemplate\":\"https:\/\/hudo.com\/si\/?s={search_term_string}\"},\"query-input\":\"required name=search_term_string\"}],\"inLanguage\":\"sl-SI\"},{\"@type\":\"Organization\",\"@id\":\"https:\/\/hudo.com\/si\/#organization\",\"name\":\"VSN Media\",\"url\":\"https:\/\/hudo.com\/si\/\",\"logo\":{\"@type\":\"ImageObject\",\"inLanguage\":\"sl-SI\",\"@id\":\"https:\/\/hudo.com\/si\/#\/schema\/logo\/image\/\",\"url\":\"https:\/\/hudo.com\/si\/wp-content\/uploads\/sites\/2\/2021\/03\/hudo-app-2.png\",\"contentUrl\":\"https:\/\/hudo.com\/si\/wp-content\/uploads\/sites\/2\/2021\/03\/hudo-app-2.png\",\"width\":2185,\"height\":2167,\"caption\":\"VSN Media\"},\"image\":{\"@id\":\"https:\/\/hudo.com\/si\/#\/schema\/logo\/image\/\"},\"sameAs\":[\"https:\/\/www.facebook.com\/hudo.si\",\"https:\/\/twitter.com\/hudo_si\"]},{\"@type\":\"Person\",\"@id\":\"https:\/\/hudo.com\/si\/#\/schema\/person\/c2f10ce65d2e6ede2aeda5be2a0611fa\",\"name\":\"M. N., STA\",\"image\":{\"@type\":\"ImageObject\",\"inLanguage\":\"sl-SI\",\"@id\":\"https:\/\/hudo.com\/si\/#\/schema\/person\/image\/\",\"url\":\"https:\/\/secure.gravatar.com\/avatar\/f370d38daa10467f755c5c766a4cac20?s=96&d=mm&r=g\",\"contentUrl\":\"https:\/\/secure.gravatar.com\/avatar\/f370d38daa10467f755c5c766a4cac20?s=96&d=mm&r=g\",\"caption\":\"M. N., STA\"},\"url\":\"https:\/\/hudo.com\/si\/author\/mana\/\"}]}<\/script>\n<!-- \/ Yoast SEO plugin. -->","yoast_head_json":{"title":"V Ukrajini verjetno ostaja \u0161e nekaj slovenskih dr\u017eavljanov - Hudo Slovenija","robots":{"index":"index","follow":"follow","max-snippet":"max-snippet:-1","max-image-preview":"max-image-preview:large","max-video-preview":"max-video-preview:-1"},"canonical":"https:\/\/hudo.com\/si\/aktualno\/slovenija\/v-ukrajini-verjetno-ostaja-se-nekaj-slovenskih-drzavljanov\/","og_locale":"sl_SI","og_type":"article","og_title":"V Ukrajini verjetno ostaja \u0161e nekaj slovenskih dr\u017eavljanov - Hudo Slovenija","og_description":"V Ukrajini verjetno ostaja \u0161e okoli pet ali celo manj slovenskih dr\u017eavljanov, je za STA ocenil vodja konzularne slu\u017ebe na MZZ Andrej \u0160ter. Domneva, da gre za Slovence, ki morda ne morejo potovati zaradi obstreljevanja oz. drugih razlogov ali pa so se odlo\u010dili, da bodo ostali v Ukrajini.","og_url":"https:\/\/hudo.com\/si\/aktualno\/slovenija\/v-ukrajini-verjetno-ostaja-se-nekaj-slovenskih-drzavljanov\/","og_site_name":"Hudo Slovenija","article_publisher":"https:\/\/www.facebook.com\/hudo.si","article_published_time":"2022-03-03T10:27:01+00:00","og_image":[{"width":910,"height":599,"url":"https:\/\/hudo.com\/si\/wp-content\/uploads\/sites\/2\/2021\/04\/Screenshot-from-2021-04-21-13-39-48.jpg","type":"image\/jpeg"}],"author":"M. N., STA","twitter_card":"summary_large_image","twitter_creator":"@hudo_si","twitter_site":"@hudo_si","twitter_misc":{"Written by":"M. N., STA","Est. reading time":"1 minuta"},"schema":{"@context":"https:\/\/schema.org","@graph":[{"@type":"Article","@id":"https:\/\/hudo.com\/si\/aktualno\/slovenija\/v-ukrajini-verjetno-ostaja-se-nekaj-slovenskih-drzavljanov\/#article","isPartOf":{"@id":"https:\/\/hudo.com\/si\/aktualno\/slovenija\/v-ukrajini-verjetno-ostaja-se-nekaj-slovenskih-drzavljanov\/"},"author":{"name":"M. N., STA","@id":"https:\/\/hudo.com\/si\/#\/schema\/person\/c2f10ce65d2e6ede2aeda5be2a0611fa"},"headline":"V Ukrajini verjetno ostaja \u0161e nekaj slovenskih dr\u017eavljanov","datePublished":"2022-03-03T10:27:01+00:00","dateModified":"2022-03-03T10:27:01+00:00","mainEntityOfPage":{"@id":"https:\/\/hudo.com\/si\/aktualno\/slovenija\/v-ukrajini-verjetno-ostaja-se-nekaj-slovenskih-drzavljanov\/"},"wordCount":172,"publisher":{"@id":"https:\/\/hudo.com\/si\/#organization"},"keywords":["Andrej \u0160ter","Slovenija","ukrajina"],"articleSection":["Slovenija"],"inLanguage":"sl-SI"},{"@type":"WebPage","@id":"https:\/\/hudo.com\/si\/aktualno\/slovenija\/v-ukrajini-verjetno-ostaja-se-nekaj-slovenskih-drzavljanov\/","url":"https:\/\/hudo.com\/si\/aktualno\/slovenija\/v-ukrajini-verjetno-ostaja-se-nekaj-slovenskih-drzavljanov\/","name":"V Ukrajini verjetno ostaja \u0161e nekaj slovenskih dr\u017eavljanov - Hudo Slovenija","isPartOf":{"@id":"https:\/\/hudo.com\/si\/#website"},"datePublished":"2022-03-03T10:27:01+00:00","dateModified":"2022-03-03T10:27:01+00:00","breadcrumb":{"@id":"https:\/\/hudo.com\/si\/aktualno\/slovenija\/v-ukrajini-verjetno-ostaja-se-nekaj-slovenskih-drzavljanov\/#breadcrumb"},"inLanguage":"sl-SI","potentialAction":[{"@type":"ReadAction","target":["https:\/\/hudo.com\/si\/aktualno\/slovenija\/v-ukrajini-verjetno-ostaja-se-nekaj-slovenskih-drzavljanov\/"]}]},{"@type":"BreadcrumbList","@id":"https:\/\/hudo.com\/si\/aktualno\/slovenija\/v-ukrajini-verjetno-ostaja-se-nekaj-slovenskih-drzavljanov\/#breadcrumb","itemListElement":[{"@type":"ListItem","position":1,"name":"Home","item":"https:\/\/hudo.com\/si\/"},{"@type":"ListItem","position":2,"name":"V Ukrajini verjetno ostaja \u0161e nekaj slovenskih dr\u017eavljanov"}]},{"@type":"WebSite","@id":"https:\/\/hudo.com\/si\/#website","url":"https:\/\/hudo.com\/si\/","name":"Hudo Slovenija","description":"Vse novice iz Slovenije in sveta","publisher":{"@id":"https:\/\/hudo.com\/si\/#organization"},"potentialAction":[{"@type":"SearchAction","target":{"@type":"EntryPoint","urlTemplate":"https:\/\/hudo.com\/si\/?s={search_term_string}"},"query-input":"required name=search_term_string"}],"inLanguage":"sl-SI"},{"@type":"Organization","@id":"https:\/\/hudo.com\/si\/#organization","name":"VSN Media","url":"https:\/\/hudo.com\/si\/","logo":{"@type":"ImageObject","inLanguage":"sl-SI","@id":"https:\/\/hudo.com\/si\/#\/schema\/logo\/image\/","url":"https:\/\/hudo.com\/si\/wp-content\/uploads\/sites\/2\/2021\/03\/hudo-app-2.png","contentUrl":"https:\/\/hudo.com\/si\/wp-content\/uploads\/sites\/2\/2021\/03\/hudo-app-2.png","width":2185,"height":2167,"caption":"VSN Media"},"image":{"@id":"https:\/\/hudo.com\/si\/#\/schema\/logo\/image\/"},"sameAs":["https:\/\/www.facebook.com\/hudo.si","https:\/\/twitter.com\/hudo_si"]},{"@type":"Person","@id":"https:\/\/hudo.com\/si\/#\/schema\/person\/c2f10ce65d2e6ede2aeda5be2a0611fa","name":"M. N., STA","image":{"@type":"ImageObject","inLanguage":"sl-SI","@id":"https:\/\/hudo.com\/si\/#\/schema\/person\/image\/","url":"https:\/\/secure.gravatar.com\/avatar\/f370d38daa10467f755c5c766a4cac20?s=96&d=mm&r=g","contentUrl":"https:\/\/secure.gravatar.com\/avatar\/f370d38daa10467f755c5c766a4cac20?s=96&d=mm&r=g","caption":"M. N., STA"},"url":"https:\/\/hudo.com\/si\/author\/mana\/"}]}},"amp_enabled":true,"_links":{"self":[{"href":"https:\/\/hudo.com\/si\/wp-json\/wp\/v2\/posts\/465832"}],"collection":[{"href":"https:\/\/hudo.com\/si\/wp-json\/wp\/v2\/posts"}],"about":[{"href":"https:\/\/hudo.com\/si\/wp-json\/wp\/v2\/types\/post"}],"author":[{"embeddable":true,"href":"https:\/\/hudo.com\/si\/wp-json\/wp\/v2\/users\/8"}],"replies":[{"embeddable":true,"href":"https:\/\/hudo.com\/si\/wp-json\/wp\/v2\/comments?post=465832"}],"version-history":[{"count":1,"href":"https:\/\/hudo.com\/si\/wp-json\/wp\/v2\/posts\/465832\/revisions"}],"predecessor-version":[{"id":465833,"href":"https:\/\/hudo.com\/si\/wp-json\/wp\/v2\/posts\/465832\/revisions\/465833"}],"wp:featuredmedia":[{"embeddable":true,"href":"https:\/\/hudo.com\/si\/wp-json\/wp\/v2\/media\/450056"}],"wp:attachment":[{"href":"https:\/\/hudo.com\/si\/wp-json\/wp\/v2\/media?parent=465832"}],"wp:term":[{"taxonomy":"category","embeddable":true,"href":"https:\/\/hudo.com\/si\/wp-json\/wp\/v2\/categories?post=465832"},{"taxonomy":"post_tag","embeddable":true,"href":"https:\/\/hudo.com\/si\/wp-json\/wp\/v2\/tags?post=465832"},{"taxonomy":"source","embeddable":true,"href":"https:\/\/hudo.com\/si\/wp-json\/wp\/v2\/source?post=465832"},{"taxonomy":"supertag","embeddable":true,"href":"https:\/\/hudo.com\/si\/wp-json\/wp\/v2\/supertag?post=465832"}],"curies":[{"name":"wp","href":"https:\/\/api.w.org\/{rel}","templated":true}]}}