{"id":465915,"date":"2022-03-05T09:56:23","date_gmt":"2022-03-05T08:56:23","guid":{"rendered":"https:\/\/hudo.com\/si\/?p=465915"},"modified":"2022-03-05T09:56:23","modified_gmt":"2022-03-05T08:56:23","slug":"vreme-danes-na-zahodu-soncno-drugod-spremenljivo-oblacno","status":"publish","type":"post","link":"https:\/\/hudo.com\/si\/vreme\/vreme-danes-na-zahodu-soncno-drugod-spremenljivo-oblacno\/","title":{"rendered":"Vreme: Danes na zahodu son\u010dno, drugod spremenljivo obla\u010dno"},"content":{"rendered":"<p>V nedeljo bo spremenljivo do prete\u017eno obla\u010dno, tudi v zahodni Sloveniji se bo obla\u010dnost pove\u010dala. Ponekod na Notranjskem in Ko\u010devskem bo ob\u010dasno naletaval sneg. Pihal bo severovzhodni veter, na Primorskem \u0161ibka do zmerna burja. Jutranje temperature bodo od -7 do -1, na Gori\u0161kem in ob morju od 0 do 4, najvi\u0161je dnevne od 1 do 6, na Primorskem do okoli 9 stopinj Celzija.<\/p>\n<p><strong>Obeti:<\/strong> V ponedeljek in torek bo na zahodu delno jasno, drugod spremenljivo obla\u010dno. Na Primorskem bo \u0161e pihala \u0161ibka burja. Razmeroma hladno bo.<\/p>\n<p><strong>Vremenska slika:<\/strong> Nad severozahodno in srednjo Evropo je obmo\u010dje visokega zra\u010dnega tlaka, nad osrednjim Sredozemljem pa ciklonsko obmo\u010dje. Od severovzhoda priteka nad na\u0161e kraje hladen in vla\u017een zrak.<\/p>\n<p><strong>Napoved za sosednje pokrajine:<\/strong> Danes bo ob severnem Jadranu in v krajih zahodno od nas prete\u017eno jasno, drugod bo spremenljivo do prete\u017eno obla\u010dno. Pihal bo severovzhodni veter, ob severnem Jadranu zmerna, pod Velebitom pa mo\u010dna burja.<\/p>\n<p>V nedeljo bo spremenljivo do prete\u017eno obla\u010dno, v Gorskem Kotarju bo rahlo sne\u017eilo. Ob severnem Jadranu bo pihala zmerna, pod Velebitom pa mo\u010dna burja.<\/p>\n<p><strong>Biovreme:<\/strong> Danes in jutri bo vpliv vremena na po\u010dutje zmerno obremenilen, ob\u010dutljivi ljudje bodo imeli manj\u0161e vremensko pogojene te\u017eave.<\/p>\n","protected":false},"excerpt":{"rendered":"<p>Danes bo na zahodu dokaj son\u010dno, drugod spremenljivo do prete\u017eno obla\u010dno, mo\u017ena bo kak\u0161na kratkotrajna ploha. Pihal bo severovzhodni veter, na Primorskem \u0161ibka do zmerna burja. Najvi\u0161je dnevne temperature bodo od 2 do 6, na Primorskem do 9 stopinj Celzija, je zapisano na spletnih straneh Agencije RS za okolje.<\/p>\n","protected":false},"author":8,"featured_media":395882,"comment_status":"closed","ping_status":"closed","sticky":false,"template":"","format":"standard","meta":{"footnotes":""},"categories":[18175],"tags":[1595,2149],"source":[4511],"supertag":[5675,12922],"acf":[],"yoast_head":"<!-- This site is optimized with the Yoast SEO plugin v21.3 - https:\/\/yoast.com\/wordpress\/plugins\/seo\/ -->\n<title>Vreme: Danes na zahodu son\u010dno, drugod spremenljivo obla\u010dno - Hudo Slovenija<\/title>\n<meta name=\"robots\" content=\"index, follow, max-snippet:-1, max-image-preview:large, max-video-preview:-1\" \/>\n<link rel=\"canonical\" href=\"https:\/\/hudo.com\/si\/vreme\/vreme-danes-na-zahodu-soncno-drugod-spremenljivo-oblacno\/\" \/>\n<meta property=\"og:locale\" content=\"sl_SI\" \/>\n<meta property=\"og:type\" content=\"article\" \/>\n<meta property=\"og:title\" content=\"Vreme: Danes na zahodu son\u010dno, drugod spremenljivo obla\u010dno - Hudo Slovenija\" \/>\n<meta property=\"og:description\" content=\"Danes bo na zahodu dokaj son\u010dno, drugod spremenljivo do prete\u017eno obla\u010dno, mo\u017ena bo kak\u0161na kratkotrajna ploha. Pihal bo severovzhodni veter, na Primorskem \u0161ibka do zmerna burja. Najvi\u0161je dnevne temperature bodo od 2 do 6, na Primorskem do 9 stopinj Celzija, je zapisano na spletnih straneh Agencije RS za okolje.\" \/>\n<meta property=\"og:url\" content=\"https:\/\/hudo.com\/si\/vreme\/vreme-danes-na-zahodu-soncno-drugod-spremenljivo-oblacno\/\" \/>\n<meta property=\"og:site_name\" content=\"Hudo Slovenija\" \/>\n<meta property=\"article:publisher\" content=\"https:\/\/www.facebook.com\/hudo.si\" \/>\n<meta property=\"article:published_time\" content=\"2022-03-05T08:56:23+00:00\" \/>\n<meta property=\"og:image\" content=\"https:\/\/hudo.com\/si\/wp-content\/uploads\/sites\/2\/2019\/03\/profimedia-0422412579.jpg\" \/>\n\t<meta property=\"og:image:width\" content=\"1250\" \/>\n\t<meta property=\"og:image:height\" content=\"833\" \/>\n\t<meta property=\"og:image:type\" content=\"image\/jpeg\" \/>\n<meta name=\"author\" content=\"M. N., STA\" \/>\n<meta name=\"twitter:card\" content=\"summary_large_image\" \/>\n<meta name=\"twitter:creator\" content=\"@hudo_si\" \/>\n<meta name=\"twitter:site\" content=\"@hudo_si\" \/>\n<meta name=\"twitter:label1\" content=\"Written by\" \/>\n\t<meta name=\"twitter:data1\" content=\"M. N., STA\" \/>\n\t<meta name=\"twitter:label2\" content=\"Est. reading time\" \/>\n\t<meta name=\"twitter:data2\" content=\"1 minuta\" \/>\n<script type=\"application\/ld+json\" class=\"yoast-schema-graph\">{\"@context\":\"https:\/\/schema.org\",\"@graph\":[{\"@type\":\"Article\",\"@id\":\"https:\/\/hudo.com\/si\/vreme\/vreme-danes-na-zahodu-soncno-drugod-spremenljivo-oblacno\/#article\",\"isPartOf\":{\"@id\":\"https:\/\/hudo.com\/si\/vreme\/vreme-danes-na-zahodu-soncno-drugod-spremenljivo-oblacno\/\"},\"author\":{\"name\":\"M. N., STA\",\"@id\":\"https:\/\/hudo.com\/si\/#\/schema\/person\/c2f10ce65d2e6ede2aeda5be2a0611fa\"},\"headline\":\"Vreme: Danes na zahodu son\u010dno, drugod spremenljivo obla\u010dno\",\"datePublished\":\"2022-03-05T08:56:23+00:00\",\"dateModified\":\"2022-03-05T08:56:23+00:00\",\"mainEntityOfPage\":{\"@id\":\"https:\/\/hudo.com\/si\/vreme\/vreme-danes-na-zahodu-soncno-drugod-spremenljivo-oblacno\/\"},\"wordCount\":224,\"publisher\":{\"@id\":\"https:\/\/hudo.com\/si\/#organization\"},\"keywords\":[\"Slovenija\",\"vreme\"],\"articleSection\":[\"Vreme\"],\"inLanguage\":\"sl-SI\"},{\"@type\":\"WebPage\",\"@id\":\"https:\/\/hudo.com\/si\/vreme\/vreme-danes-na-zahodu-soncno-drugod-spremenljivo-oblacno\/\",\"url\":\"https:\/\/hudo.com\/si\/vreme\/vreme-danes-na-zahodu-soncno-drugod-spremenljivo-oblacno\/\",\"name\":\"Vreme: Danes na zahodu son\u010dno, drugod spremenljivo obla\u010dno - Hudo Slovenija\",\"isPartOf\":{\"@id\":\"https:\/\/hudo.com\/si\/#website\"},\"datePublished\":\"2022-03-05T08:56:23+00:00\",\"dateModified\":\"2022-03-05T08:56:23+00:00\",\"breadcrumb\":{\"@id\":\"https:\/\/hudo.com\/si\/vreme\/vreme-danes-na-zahodu-soncno-drugod-spremenljivo-oblacno\/#breadcrumb\"},\"inLanguage\":\"sl-SI\",\"potentialAction\":[{\"@type\":\"ReadAction\",\"target\":[\"https:\/\/hudo.com\/si\/vreme\/vreme-danes-na-zahodu-soncno-drugod-spremenljivo-oblacno\/\"]}]},{\"@type\":\"BreadcrumbList\",\"@id\":\"https:\/\/hudo.com\/si\/vreme\/vreme-danes-na-zahodu-soncno-drugod-spremenljivo-oblacno\/#breadcrumb\",\"itemListElement\":[{\"@type\":\"ListItem\",\"position\":1,\"name\":\"Home\",\"item\":\"https:\/\/hudo.com\/si\/\"},{\"@type\":\"ListItem\",\"position\":2,\"name\":\"Vreme: Danes na zahodu son\u010dno, drugod spremenljivo obla\u010dno\"}]},{\"@type\":\"WebSite\",\"@id\":\"https:\/\/hudo.com\/si\/#website\",\"url\":\"https:\/\/hudo.com\/si\/\",\"name\":\"Hudo Slovenija\",\"description\":\"Vse novice iz Slovenije in sveta\",\"publisher\":{\"@id\":\"https:\/\/hudo.com\/si\/#organization\"},\"potentialAction\":[{\"@type\":\"SearchAction\",\"target\":{\"@type\":\"EntryPoint\",\"urlTemplate\":\"https:\/\/hudo.com\/si\/?s={search_term_string}\"},\"query-input\":\"required name=search_term_string\"}],\"inLanguage\":\"sl-SI\"},{\"@type\":\"Organization\",\"@id\":\"https:\/\/hudo.com\/si\/#organization\",\"name\":\"VSN Media\",\"url\":\"https:\/\/hudo.com\/si\/\",\"logo\":{\"@type\":\"ImageObject\",\"inLanguage\":\"sl-SI\",\"@id\":\"https:\/\/hudo.com\/si\/#\/schema\/logo\/image\/\",\"url\":\"https:\/\/hudo.com\/si\/wp-content\/uploads\/sites\/2\/2021\/03\/hudo-app-2.png\",\"contentUrl\":\"https:\/\/hudo.com\/si\/wp-content\/uploads\/sites\/2\/2021\/03\/hudo-app-2.png\",\"width\":2185,\"height\":2167,\"caption\":\"VSN Media\"},\"image\":{\"@id\":\"https:\/\/hudo.com\/si\/#\/schema\/logo\/image\/\"},\"sameAs\":[\"https:\/\/www.facebook.com\/hudo.si\",\"https:\/\/twitter.com\/hudo_si\"]},{\"@type\":\"Person\",\"@id\":\"https:\/\/hudo.com\/si\/#\/schema\/person\/c2f10ce65d2e6ede2aeda5be2a0611fa\",\"name\":\"M. N., STA\",\"image\":{\"@type\":\"ImageObject\",\"inLanguage\":\"sl-SI\",\"@id\":\"https:\/\/hudo.com\/si\/#\/schema\/person\/image\/\",\"url\":\"https:\/\/secure.gravatar.com\/avatar\/f370d38daa10467f755c5c766a4cac20?s=96&d=mm&r=g\",\"contentUrl\":\"https:\/\/secure.gravatar.com\/avatar\/f370d38daa10467f755c5c766a4cac20?s=96&d=mm&r=g\",\"caption\":\"M. N., STA\"},\"url\":\"https:\/\/hudo.com\/si\/author\/mana\/\"}]}<\/script>\n<!-- \/ Yoast SEO plugin. -->","yoast_head_json":{"title":"Vreme: Danes na zahodu son\u010dno, drugod spremenljivo obla\u010dno - Hudo Slovenija","robots":{"index":"index","follow":"follow","max-snippet":"max-snippet:-1","max-image-preview":"max-image-preview:large","max-video-preview":"max-video-preview:-1"},"canonical":"https:\/\/hudo.com\/si\/vreme\/vreme-danes-na-zahodu-soncno-drugod-spremenljivo-oblacno\/","og_locale":"sl_SI","og_type":"article","og_title":"Vreme: Danes na zahodu son\u010dno, drugod spremenljivo obla\u010dno - Hudo Slovenija","og_description":"Danes bo na zahodu dokaj son\u010dno, drugod spremenljivo do prete\u017eno obla\u010dno, mo\u017ena bo kak\u0161na kratkotrajna ploha. Pihal bo severovzhodni veter, na Primorskem \u0161ibka do zmerna burja. Najvi\u0161je dnevne temperature bodo od 2 do 6, na Primorskem do 9 stopinj Celzija, je zapisano na spletnih straneh Agencije RS za okolje.","og_url":"https:\/\/hudo.com\/si\/vreme\/vreme-danes-na-zahodu-soncno-drugod-spremenljivo-oblacno\/","og_site_name":"Hudo Slovenija","article_publisher":"https:\/\/www.facebook.com\/hudo.si","article_published_time":"2022-03-05T08:56:23+00:00","og_image":[{"width":1250,"height":833,"url":"https:\/\/hudo.com\/si\/wp-content\/uploads\/sites\/2\/2019\/03\/profimedia-0422412579.jpg","type":"image\/jpeg"}],"author":"M. N., STA","twitter_card":"summary_large_image","twitter_creator":"@hudo_si","twitter_site":"@hudo_si","twitter_misc":{"Written by":"M. N., STA","Est. reading time":"1 minuta"},"schema":{"@context":"https:\/\/schema.org","@graph":[{"@type":"Article","@id":"https:\/\/hudo.com\/si\/vreme\/vreme-danes-na-zahodu-soncno-drugod-spremenljivo-oblacno\/#article","isPartOf":{"@id":"https:\/\/hudo.com\/si\/vreme\/vreme-danes-na-zahodu-soncno-drugod-spremenljivo-oblacno\/"},"author":{"name":"M. N., STA","@id":"https:\/\/hudo.com\/si\/#\/schema\/person\/c2f10ce65d2e6ede2aeda5be2a0611fa"},"headline":"Vreme: Danes na zahodu son\u010dno, drugod spremenljivo obla\u010dno","datePublished":"2022-03-05T08:56:23+00:00","dateModified":"2022-03-05T08:56:23+00:00","mainEntityOfPage":{"@id":"https:\/\/hudo.com\/si\/vreme\/vreme-danes-na-zahodu-soncno-drugod-spremenljivo-oblacno\/"},"wordCount":224,"publisher":{"@id":"https:\/\/hudo.com\/si\/#organization"},"keywords":["Slovenija","vreme"],"articleSection":["Vreme"],"inLanguage":"sl-SI"},{"@type":"WebPage","@id":"https:\/\/hudo.com\/si\/vreme\/vreme-danes-na-zahodu-soncno-drugod-spremenljivo-oblacno\/","url":"https:\/\/hudo.com\/si\/vreme\/vreme-danes-na-zahodu-soncno-drugod-spremenljivo-oblacno\/","name":"Vreme: Danes na zahodu son\u010dno, drugod spremenljivo obla\u010dno - Hudo Slovenija","isPartOf":{"@id":"https:\/\/hudo.com\/si\/#website"},"datePublished":"2022-03-05T08:56:23+00:00","dateModified":"2022-03-05T08:56:23+00:00","breadcrumb":{"@id":"https:\/\/hudo.com\/si\/vreme\/vreme-danes-na-zahodu-soncno-drugod-spremenljivo-oblacno\/#breadcrumb"},"inLanguage":"sl-SI","potentialAction":[{"@type":"ReadAction","target":["https:\/\/hudo.com\/si\/vreme\/vreme-danes-na-zahodu-soncno-drugod-spremenljivo-oblacno\/"]}]},{"@type":"BreadcrumbList","@id":"https:\/\/hudo.com\/si\/vreme\/vreme-danes-na-zahodu-soncno-drugod-spremenljivo-oblacno\/#breadcrumb","itemListElement":[{"@type":"ListItem","position":1,"name":"Home","item":"https:\/\/hudo.com\/si\/"},{"@type":"ListItem","position":2,"name":"Vreme: Danes na zahodu son\u010dno, drugod spremenljivo obla\u010dno"}]},{"@type":"WebSite","@id":"https:\/\/hudo.com\/si\/#website","url":"https:\/\/hudo.com\/si\/","name":"Hudo Slovenija","description":"Vse novice iz Slovenije in sveta","publisher":{"@id":"https:\/\/hudo.com\/si\/#organization"},"potentialAction":[{"@type":"SearchAction","target":{"@type":"EntryPoint","urlTemplate":"https:\/\/hudo.com\/si\/?s={search_term_string}"},"query-input":"required name=search_term_string"}],"inLanguage":"sl-SI"},{"@type":"Organization","@id":"https:\/\/hudo.com\/si\/#organization","name":"VSN Media","url":"https:\/\/hudo.com\/si\/","logo":{"@type":"ImageObject","inLanguage":"sl-SI","@id":"https:\/\/hudo.com\/si\/#\/schema\/logo\/image\/","url":"https:\/\/hudo.com\/si\/wp-content\/uploads\/sites\/2\/2021\/03\/hudo-app-2.png","contentUrl":"https:\/\/hudo.com\/si\/wp-content\/uploads\/sites\/2\/2021\/03\/hudo-app-2.png","width":2185,"height":2167,"caption":"VSN Media"},"image":{"@id":"https:\/\/hudo.com\/si\/#\/schema\/logo\/image\/"},"sameAs":["https:\/\/www.facebook.com\/hudo.si","https:\/\/twitter.com\/hudo_si"]},{"@type":"Person","@id":"https:\/\/hudo.com\/si\/#\/schema\/person\/c2f10ce65d2e6ede2aeda5be2a0611fa","name":"M. N., STA","image":{"@type":"ImageObject","inLanguage":"sl-SI","@id":"https:\/\/hudo.com\/si\/#\/schema\/person\/image\/","url":"https:\/\/secure.gravatar.com\/avatar\/f370d38daa10467f755c5c766a4cac20?s=96&d=mm&r=g","contentUrl":"https:\/\/secure.gravatar.com\/avatar\/f370d38daa10467f755c5c766a4cac20?s=96&d=mm&r=g","caption":"M. N., STA"},"url":"https:\/\/hudo.com\/si\/author\/mana\/"}]}},"amp_enabled":true,"_links":{"self":[{"href":"https:\/\/hudo.com\/si\/wp-json\/wp\/v2\/posts\/465915"}],"collection":[{"href":"https:\/\/hudo.com\/si\/wp-json\/wp\/v2\/posts"}],"about":[{"href":"https:\/\/hudo.com\/si\/wp-json\/wp\/v2\/types\/post"}],"author":[{"embeddable":true,"href":"https:\/\/hudo.com\/si\/wp-json\/wp\/v2\/users\/8"}],"replies":[{"embeddable":true,"href":"https:\/\/hudo.com\/si\/wp-json\/wp\/v2\/comments?post=465915"}],"version-history":[{"count":1,"href":"https:\/\/hudo.com\/si\/wp-json\/wp\/v2\/posts\/465915\/revisions"}],"predecessor-version":[{"id":465916,"href":"https:\/\/hudo.com\/si\/wp-json\/wp\/v2\/posts\/465915\/revisions\/465916"}],"wp:featuredmedia":[{"embeddable":true,"href":"https:\/\/hudo.com\/si\/wp-json\/wp\/v2\/media\/395882"}],"wp:attachment":[{"href":"https:\/\/hudo.com\/si\/wp-json\/wp\/v2\/media?parent=465915"}],"wp:term":[{"taxonomy":"category","embeddable":true,"href":"https:\/\/hudo.com\/si\/wp-json\/wp\/v2\/categories?post=465915"},{"taxonomy":"post_tag","embeddable":true,"href":"https:\/\/hudo.com\/si\/wp-json\/wp\/v2\/tags?post=465915"},{"taxonomy":"source","embeddable":true,"href":"https:\/\/hudo.com\/si\/wp-json\/wp\/v2\/source?post=465915"},{"taxonomy":"supertag","embeddable":true,"href":"https:\/\/hudo.com\/si\/wp-json\/wp\/v2\/supertag?post=465915"}],"curies":[{"name":"wp","href":"https:\/\/api.w.org\/{rel}","templated":true}]}}