{"id":465948,"date":"2022-03-06T10:45:16","date_gmt":"2022-03-06T09:45:16","guid":{"rendered":"https:\/\/hudo.com\/si\/?p=465948"},"modified":"2022-03-06T10:45:16","modified_gmt":"2022-03-06T09:45:16","slug":"v-eksploziji-in-pozaru-v-kopru-en-mrtev-in-en-poskodovan-evakuirali-18-oseb","status":"publish","type":"post","link":"https:\/\/hudo.com\/si\/aktualno\/slovenija\/v-eksploziji-in-pozaru-v-kopru-en-mrtev-in-en-poskodovan-evakuirali-18-oseb\/","title":{"rendered":"V eksploziji in po\u017earu v Kopru en mrtev in en po\u0161kodovan, evakuirali 18 oseb"},"content":{"rendered":"<p>Koprski gasilci so ogenj pogasili, izklopili elektri\u010dne varovalke in zaprli ventil plinskega dovoda. Prezra\u010dili so stanovanje in zaprli ventil vode, saj je pu\u0161\u010dala po\u010dena cev, so sporo\u010dili iz uprave za za\u0161\u010dito in re\u0161evanje.<\/p>\n<p>S policije so \u0161e sporo\u010dili, da je zdravnik za 54-letnika na kraju potrdil smrt in odredil sanitarno obdukcijo. Vzrok po\u017eara za enkrat ni znan. Danes bodo kriminalisti opravljali ogled kraja in ugotavljali okoli\u0161\u010dine po\u017eara.<\/p>\n","protected":false},"excerpt":{"rendered":"<p>V Ulici II. Prekomorske brigade v Kopru je v soboto ob 21.46 po\u010dilo in zagorelo v stanovanju ve\u010dstanovanjske hi\u0161e. Gasilci so za\u010deli gasiti po\u017ear, evakuirali so 18 oseb. Koprski kriminalisti so v stanovanju na\u0161li mrtvega 54-letnega mo\u0161kega in po\u0161kodovanega 83-letnika, ki so ga odpeljali v bolni\u0161nico, so danes sporo\u010dili s Policijske uprave Koper.<\/p>\n","protected":false},"author":8,"featured_media":410368,"comment_status":"closed","ping_status":"closed","sticky":false,"template":"","format":"standard","meta":{"footnotes":""},"categories":[18201],"tags":[4688,5494,5016,1595],"source":[4511],"supertag":[5675],"acf":[],"yoast_head":"<!-- This site is optimized with the Yoast SEO plugin v21.3 - https:\/\/yoast.com\/wordpress\/plugins\/seo\/ -->\n<title>V eksploziji in po\u017earu v Kopru en mrtev in en po\u0161kodovan, evakuirali 18 oseb - Hudo Slovenija<\/title>\n<meta name=\"robots\" content=\"index, follow, max-snippet:-1, max-image-preview:large, max-video-preview:-1\" \/>\n<link rel=\"canonical\" href=\"https:\/\/hudo.com\/si\/aktualno\/slovenija\/v-eksploziji-in-pozaru-v-kopru-en-mrtev-in-en-poskodovan-evakuirali-18-oseb\/\" \/>\n<meta property=\"og:locale\" content=\"sl_SI\" \/>\n<meta property=\"og:type\" content=\"article\" \/>\n<meta property=\"og:title\" content=\"V eksploziji in po\u017earu v Kopru en mrtev in en po\u0161kodovan, evakuirali 18 oseb - Hudo Slovenija\" \/>\n<meta property=\"og:description\" content=\"V Ulici II. Prekomorske brigade v Kopru je v soboto ob 21.46 po\u010dilo in zagorelo v stanovanju ve\u010dstanovanjske hi\u0161e. Gasilci so za\u010deli gasiti po\u017ear, evakuirali so 18 oseb. Koprski kriminalisti so v stanovanju na\u0161li mrtvega 54-letnega mo\u0161kega in po\u0161kodovanega 83-letnika, ki so ga odpeljali v bolni\u0161nico, so danes sporo\u010dili s Policijske uprave Koper.\" \/>\n<meta property=\"og:url\" content=\"https:\/\/hudo.com\/si\/aktualno\/slovenija\/v-eksploziji-in-pozaru-v-kopru-en-mrtev-in-en-poskodovan-evakuirali-18-oseb\/\" \/>\n<meta property=\"og:site_name\" content=\"Hudo Slovenija\" \/>\n<meta property=\"article:publisher\" content=\"https:\/\/www.facebook.com\/hudo.si\" \/>\n<meta property=\"article:published_time\" content=\"2022-03-06T09:45:16+00:00\" \/>\n<meta property=\"og:image\" content=\"https:\/\/hudo.com\/si\/wp-content\/uploads\/sites\/2\/2019\/11\/profimedia-0256850077.jpg\" \/>\n\t<meta property=\"og:image:width\" content=\"1250\" \/>\n\t<meta property=\"og:image:height\" content=\"839\" \/>\n\t<meta property=\"og:image:type\" content=\"image\/jpeg\" \/>\n<meta name=\"author\" content=\"M. N., STA\" \/>\n<meta name=\"twitter:card\" content=\"summary_large_image\" \/>\n<meta name=\"twitter:creator\" content=\"@hudo_si\" \/>\n<meta name=\"twitter:site\" content=\"@hudo_si\" \/>\n<meta name=\"twitter:label1\" content=\"Written by\" \/>\n\t<meta name=\"twitter:data1\" content=\"M. N., STA\" \/>\n<script type=\"application\/ld+json\" class=\"yoast-schema-graph\">{\"@context\":\"https:\/\/schema.org\",\"@graph\":[{\"@type\":\"Article\",\"@id\":\"https:\/\/hudo.com\/si\/aktualno\/slovenija\/v-eksploziji-in-pozaru-v-kopru-en-mrtev-in-en-poskodovan-evakuirali-18-oseb\/#article\",\"isPartOf\":{\"@id\":\"https:\/\/hudo.com\/si\/aktualno\/slovenija\/v-eksploziji-in-pozaru-v-kopru-en-mrtev-in-en-poskodovan-evakuirali-18-oseb\/\"},\"author\":{\"name\":\"M. N., STA\",\"@id\":\"https:\/\/hudo.com\/si\/#\/schema\/person\/c2f10ce65d2e6ede2aeda5be2a0611fa\"},\"headline\":\"V eksploziji in po\u017earu v Kopru en mrtev in en po\u0161kodovan, evakuirali 18 oseb\",\"datePublished\":\"2022-03-06T09:45:16+00:00\",\"dateModified\":\"2022-03-06T09:45:16+00:00\",\"mainEntityOfPage\":{\"@id\":\"https:\/\/hudo.com\/si\/aktualno\/slovenija\/v-eksploziji-in-pozaru-v-kopru-en-mrtev-in-en-poskodovan-evakuirali-18-oseb\/\"},\"wordCount\":93,\"publisher\":{\"@id\":\"https:\/\/hudo.com\/si\/#organization\"},\"keywords\":[\"\u010drna kronika\",\"koper\",\"po\u017ear\",\"Slovenija\"],\"articleSection\":[\"Slovenija\"],\"inLanguage\":\"sl-SI\"},{\"@type\":\"WebPage\",\"@id\":\"https:\/\/hudo.com\/si\/aktualno\/slovenija\/v-eksploziji-in-pozaru-v-kopru-en-mrtev-in-en-poskodovan-evakuirali-18-oseb\/\",\"url\":\"https:\/\/hudo.com\/si\/aktualno\/slovenija\/v-eksploziji-in-pozaru-v-kopru-en-mrtev-in-en-poskodovan-evakuirali-18-oseb\/\",\"name\":\"V eksploziji in po\u017earu v Kopru en mrtev in en po\u0161kodovan, evakuirali 18 oseb - Hudo Slovenija\",\"isPartOf\":{\"@id\":\"https:\/\/hudo.com\/si\/#website\"},\"datePublished\":\"2022-03-06T09:45:16+00:00\",\"dateModified\":\"2022-03-06T09:45:16+00:00\",\"breadcrumb\":{\"@id\":\"https:\/\/hudo.com\/si\/aktualno\/slovenija\/v-eksploziji-in-pozaru-v-kopru-en-mrtev-in-en-poskodovan-evakuirali-18-oseb\/#breadcrumb\"},\"inLanguage\":\"sl-SI\",\"potentialAction\":[{\"@type\":\"ReadAction\",\"target\":[\"https:\/\/hudo.com\/si\/aktualno\/slovenija\/v-eksploziji-in-pozaru-v-kopru-en-mrtev-in-en-poskodovan-evakuirali-18-oseb\/\"]}]},{\"@type\":\"BreadcrumbList\",\"@id\":\"https:\/\/hudo.com\/si\/aktualno\/slovenija\/v-eksploziji-in-pozaru-v-kopru-en-mrtev-in-en-poskodovan-evakuirali-18-oseb\/#breadcrumb\",\"itemListElement\":[{\"@type\":\"ListItem\",\"position\":1,\"name\":\"Home\",\"item\":\"https:\/\/hudo.com\/si\/\"},{\"@type\":\"ListItem\",\"position\":2,\"name\":\"V eksploziji in po\u017earu v Kopru en mrtev in en po\u0161kodovan, evakuirali 18 oseb\"}]},{\"@type\":\"WebSite\",\"@id\":\"https:\/\/hudo.com\/si\/#website\",\"url\":\"https:\/\/hudo.com\/si\/\",\"name\":\"Hudo Slovenija\",\"description\":\"Vse novice iz Slovenije in sveta\",\"publisher\":{\"@id\":\"https:\/\/hudo.com\/si\/#organization\"},\"potentialAction\":[{\"@type\":\"SearchAction\",\"target\":{\"@type\":\"EntryPoint\",\"urlTemplate\":\"https:\/\/hudo.com\/si\/?s={search_term_string}\"},\"query-input\":\"required name=search_term_string\"}],\"inLanguage\":\"sl-SI\"},{\"@type\":\"Organization\",\"@id\":\"https:\/\/hudo.com\/si\/#organization\",\"name\":\"VSN Media\",\"url\":\"https:\/\/hudo.com\/si\/\",\"logo\":{\"@type\":\"ImageObject\",\"inLanguage\":\"sl-SI\",\"@id\":\"https:\/\/hudo.com\/si\/#\/schema\/logo\/image\/\",\"url\":\"https:\/\/hudo.com\/si\/wp-content\/uploads\/sites\/2\/2021\/03\/hudo-app-2.png\",\"contentUrl\":\"https:\/\/hudo.com\/si\/wp-content\/uploads\/sites\/2\/2021\/03\/hudo-app-2.png\",\"width\":2185,\"height\":2167,\"caption\":\"VSN Media\"},\"image\":{\"@id\":\"https:\/\/hudo.com\/si\/#\/schema\/logo\/image\/\"},\"sameAs\":[\"https:\/\/www.facebook.com\/hudo.si\",\"https:\/\/twitter.com\/hudo_si\"]},{\"@type\":\"Person\",\"@id\":\"https:\/\/hudo.com\/si\/#\/schema\/person\/c2f10ce65d2e6ede2aeda5be2a0611fa\",\"name\":\"M. N., STA\",\"image\":{\"@type\":\"ImageObject\",\"inLanguage\":\"sl-SI\",\"@id\":\"https:\/\/hudo.com\/si\/#\/schema\/person\/image\/\",\"url\":\"https:\/\/secure.gravatar.com\/avatar\/f370d38daa10467f755c5c766a4cac20?s=96&d=mm&r=g\",\"contentUrl\":\"https:\/\/secure.gravatar.com\/avatar\/f370d38daa10467f755c5c766a4cac20?s=96&d=mm&r=g\",\"caption\":\"M. N., STA\"},\"url\":\"https:\/\/hudo.com\/si\/author\/mana\/\"}]}<\/script>\n<!-- \/ Yoast SEO plugin. -->","yoast_head_json":{"title":"V eksploziji in po\u017earu v Kopru en mrtev in en po\u0161kodovan, evakuirali 18 oseb - Hudo Slovenija","robots":{"index":"index","follow":"follow","max-snippet":"max-snippet:-1","max-image-preview":"max-image-preview:large","max-video-preview":"max-video-preview:-1"},"canonical":"https:\/\/hudo.com\/si\/aktualno\/slovenija\/v-eksploziji-in-pozaru-v-kopru-en-mrtev-in-en-poskodovan-evakuirali-18-oseb\/","og_locale":"sl_SI","og_type":"article","og_title":"V eksploziji in po\u017earu v Kopru en mrtev in en po\u0161kodovan, evakuirali 18 oseb - Hudo Slovenija","og_description":"V Ulici II. Prekomorske brigade v Kopru je v soboto ob 21.46 po\u010dilo in zagorelo v stanovanju ve\u010dstanovanjske hi\u0161e. Gasilci so za\u010deli gasiti po\u017ear, evakuirali so 18 oseb. Koprski kriminalisti so v stanovanju na\u0161li mrtvega 54-letnega mo\u0161kega in po\u0161kodovanega 83-letnika, ki so ga odpeljali v bolni\u0161nico, so danes sporo\u010dili s Policijske uprave Koper.","og_url":"https:\/\/hudo.com\/si\/aktualno\/slovenija\/v-eksploziji-in-pozaru-v-kopru-en-mrtev-in-en-poskodovan-evakuirali-18-oseb\/","og_site_name":"Hudo Slovenija","article_publisher":"https:\/\/www.facebook.com\/hudo.si","article_published_time":"2022-03-06T09:45:16+00:00","og_image":[{"width":1250,"height":839,"url":"https:\/\/hudo.com\/si\/wp-content\/uploads\/sites\/2\/2019\/11\/profimedia-0256850077.jpg","type":"image\/jpeg"}],"author":"M. N., STA","twitter_card":"summary_large_image","twitter_creator":"@hudo_si","twitter_site":"@hudo_si","twitter_misc":{"Written by":"M. N., STA"},"schema":{"@context":"https:\/\/schema.org","@graph":[{"@type":"Article","@id":"https:\/\/hudo.com\/si\/aktualno\/slovenija\/v-eksploziji-in-pozaru-v-kopru-en-mrtev-in-en-poskodovan-evakuirali-18-oseb\/#article","isPartOf":{"@id":"https:\/\/hudo.com\/si\/aktualno\/slovenija\/v-eksploziji-in-pozaru-v-kopru-en-mrtev-in-en-poskodovan-evakuirali-18-oseb\/"},"author":{"name":"M. N., STA","@id":"https:\/\/hudo.com\/si\/#\/schema\/person\/c2f10ce65d2e6ede2aeda5be2a0611fa"},"headline":"V eksploziji in po\u017earu v Kopru en mrtev in en po\u0161kodovan, evakuirali 18 oseb","datePublished":"2022-03-06T09:45:16+00:00","dateModified":"2022-03-06T09:45:16+00:00","mainEntityOfPage":{"@id":"https:\/\/hudo.com\/si\/aktualno\/slovenija\/v-eksploziji-in-pozaru-v-kopru-en-mrtev-in-en-poskodovan-evakuirali-18-oseb\/"},"wordCount":93,"publisher":{"@id":"https:\/\/hudo.com\/si\/#organization"},"keywords":["\u010drna kronika","koper","po\u017ear","Slovenija"],"articleSection":["Slovenija"],"inLanguage":"sl-SI"},{"@type":"WebPage","@id":"https:\/\/hudo.com\/si\/aktualno\/slovenija\/v-eksploziji-in-pozaru-v-kopru-en-mrtev-in-en-poskodovan-evakuirali-18-oseb\/","url":"https:\/\/hudo.com\/si\/aktualno\/slovenija\/v-eksploziji-in-pozaru-v-kopru-en-mrtev-in-en-poskodovan-evakuirali-18-oseb\/","name":"V eksploziji in po\u017earu v Kopru en mrtev in en po\u0161kodovan, evakuirali 18 oseb - Hudo Slovenija","isPartOf":{"@id":"https:\/\/hudo.com\/si\/#website"},"datePublished":"2022-03-06T09:45:16+00:00","dateModified":"2022-03-06T09:45:16+00:00","breadcrumb":{"@id":"https:\/\/hudo.com\/si\/aktualno\/slovenija\/v-eksploziji-in-pozaru-v-kopru-en-mrtev-in-en-poskodovan-evakuirali-18-oseb\/#breadcrumb"},"inLanguage":"sl-SI","potentialAction":[{"@type":"ReadAction","target":["https:\/\/hudo.com\/si\/aktualno\/slovenija\/v-eksploziji-in-pozaru-v-kopru-en-mrtev-in-en-poskodovan-evakuirali-18-oseb\/"]}]},{"@type":"BreadcrumbList","@id":"https:\/\/hudo.com\/si\/aktualno\/slovenija\/v-eksploziji-in-pozaru-v-kopru-en-mrtev-in-en-poskodovan-evakuirali-18-oseb\/#breadcrumb","itemListElement":[{"@type":"ListItem","position":1,"name":"Home","item":"https:\/\/hudo.com\/si\/"},{"@type":"ListItem","position":2,"name":"V eksploziji in po\u017earu v Kopru en mrtev in en po\u0161kodovan, evakuirali 18 oseb"}]},{"@type":"WebSite","@id":"https:\/\/hudo.com\/si\/#website","url":"https:\/\/hudo.com\/si\/","name":"Hudo Slovenija","description":"Vse novice iz Slovenije in sveta","publisher":{"@id":"https:\/\/hudo.com\/si\/#organization"},"potentialAction":[{"@type":"SearchAction","target":{"@type":"EntryPoint","urlTemplate":"https:\/\/hudo.com\/si\/?s={search_term_string}"},"query-input":"required name=search_term_string"}],"inLanguage":"sl-SI"},{"@type":"Organization","@id":"https:\/\/hudo.com\/si\/#organization","name":"VSN Media","url":"https:\/\/hudo.com\/si\/","logo":{"@type":"ImageObject","inLanguage":"sl-SI","@id":"https:\/\/hudo.com\/si\/#\/schema\/logo\/image\/","url":"https:\/\/hudo.com\/si\/wp-content\/uploads\/sites\/2\/2021\/03\/hudo-app-2.png","contentUrl":"https:\/\/hudo.com\/si\/wp-content\/uploads\/sites\/2\/2021\/03\/hudo-app-2.png","width":2185,"height":2167,"caption":"VSN Media"},"image":{"@id":"https:\/\/hudo.com\/si\/#\/schema\/logo\/image\/"},"sameAs":["https:\/\/www.facebook.com\/hudo.si","https:\/\/twitter.com\/hudo_si"]},{"@type":"Person","@id":"https:\/\/hudo.com\/si\/#\/schema\/person\/c2f10ce65d2e6ede2aeda5be2a0611fa","name":"M. N., STA","image":{"@type":"ImageObject","inLanguage":"sl-SI","@id":"https:\/\/hudo.com\/si\/#\/schema\/person\/image\/","url":"https:\/\/secure.gravatar.com\/avatar\/f370d38daa10467f755c5c766a4cac20?s=96&d=mm&r=g","contentUrl":"https:\/\/secure.gravatar.com\/avatar\/f370d38daa10467f755c5c766a4cac20?s=96&d=mm&r=g","caption":"M. N., STA"},"url":"https:\/\/hudo.com\/si\/author\/mana\/"}]}},"amp_enabled":true,"_links":{"self":[{"href":"https:\/\/hudo.com\/si\/wp-json\/wp\/v2\/posts\/465948"}],"collection":[{"href":"https:\/\/hudo.com\/si\/wp-json\/wp\/v2\/posts"}],"about":[{"href":"https:\/\/hudo.com\/si\/wp-json\/wp\/v2\/types\/post"}],"author":[{"embeddable":true,"href":"https:\/\/hudo.com\/si\/wp-json\/wp\/v2\/users\/8"}],"replies":[{"embeddable":true,"href":"https:\/\/hudo.com\/si\/wp-json\/wp\/v2\/comments?post=465948"}],"version-history":[{"count":1,"href":"https:\/\/hudo.com\/si\/wp-json\/wp\/v2\/posts\/465948\/revisions"}],"predecessor-version":[{"id":465949,"href":"https:\/\/hudo.com\/si\/wp-json\/wp\/v2\/posts\/465948\/revisions\/465949"}],"wp:featuredmedia":[{"embeddable":true,"href":"https:\/\/hudo.com\/si\/wp-json\/wp\/v2\/media\/410368"}],"wp:attachment":[{"href":"https:\/\/hudo.com\/si\/wp-json\/wp\/v2\/media?parent=465948"}],"wp:term":[{"taxonomy":"category","embeddable":true,"href":"https:\/\/hudo.com\/si\/wp-json\/wp\/v2\/categories?post=465948"},{"taxonomy":"post_tag","embeddable":true,"href":"https:\/\/hudo.com\/si\/wp-json\/wp\/v2\/tags?post=465948"},{"taxonomy":"source","embeddable":true,"href":"https:\/\/hudo.com\/si\/wp-json\/wp\/v2\/source?post=465948"},{"taxonomy":"supertag","embeddable":true,"href":"https:\/\/hudo.com\/si\/wp-json\/wp\/v2\/supertag?post=465948"}],"curies":[{"name":"wp","href":"https:\/\/api.w.org\/{rel}","templated":true}]}}