{"id":466256,"date":"2022-03-15T10:03:59","date_gmt":"2022-03-15T09:03:59","guid":{"rendered":"https:\/\/hudo.com\/si\/?p=466256"},"modified":"2022-03-15T10:03:59","modified_gmt":"2022-03-15T09:03:59","slug":"v-kijevu-odjeknilo-vec-eksplozij-umrli-najmanj-dve-osebi","status":"publish","type":"post","link":"https:\/\/hudo.com\/si\/aktualno\/svet\/v-kijevu-odjeknilo-vec-eksplozij-umrli-najmanj-dve-osebi\/","title":{"rendered":"V Kijevu odjeknilo ve\u010d eksplozij, umrli najmanj dve osebi"},"content":{"rendered":"<p>V napadih na stanovanjska obmo\u010dja v Kijevu sta davi umrli najmanj dve osebi, poro\u010da nem\u0161ka tiskovna agencija dpa. Po napadu na 16-nadstropni stanovanjski blok v okro\u017eju Svijato\u0161inski so iz ru\u0161evin potegnili dve trupli, je na Facebooku sporo\u010dila slu\u017eba za nujne primere in dodala, da so iz zgradbe re\u0161ili 27 stanovalcev.<\/p>\n<p>Novinar francoske tiskovne agencije AFP je iz Kijeva poro\u010dal o najmanj treh eksplozijah in dimu, ki se dviga v daljavi.<\/p>\n<p>Lokalna televizija Ukraine 24 je poro\u010dala, da sta na zahodnih obronkih mesta odjeknili dve ve\u010dji eksploziji. Glede na navedbe televizije so raketi izstrelili z beloruske strani. Britanski BBC teh navedb ni uspel preveriti.<\/p>\n<p>Po eksplozijah naj bi izbruhnil po\u017ear v stanovanjski stavbi, je \u0161e poro\u010dala ukrajinska tiskovna agencija Ukriform.<\/p>\n<p>V zadnjih dneh so se spopadi v bli\u017eini Kijeva okrepili. V ponedeljek je v zra\u010dnih napadih v razli\u010dnih delih prestolnice umrlo ve\u010d civilistov.<\/p>\n<p>Pono\u010di so se sicer alarmi pred zra\u010dnimi napadi spro\u017eili v Kijevu, Odesi na jugu dr\u017eave, Umanu v osrednji Ukrajini, pa tudi v regiji Hmeljnicki na zahodu.<\/p>\n<p>Po navedbah visokega predstavnika Pentagona naj bi sicer zastale vse ruske voja\u0161ke operacije, tudi konec tedna jim ni uspelo narediti nekega napredka.<\/p>\n<p>Ukrajinski predsednik Volodimir Zelenski je v videonagovoru zagotovil, da bodo odgovorni za vojno kaznovani za svoja dejanja: &#8220;Vsak, odgovoren za vojno. Vsak, odgovoren za uni\u010denje demokracije. Vsak, odgovoren za represijo proti ljudem.&#8221; &#8220;Sodelujemo s partnerji pri pripravi novih ukrepov proti ruski dr\u017eavi,&#8221; je povedal.<\/p>\n<p>Izrazil je \u0161e prepri\u010danje, da je ruska vojska odgovorna vojnih zlo\u010dinov, ker namerno ustvarja humanitarno katastrofo v ukrajinskih mestih. Po\u010dasi pa tudi Rusija spoznava, da z vojno ne bo dosegla ni\u010desar, saj niso pri\u010dakovali tak\u0161nega odpora, je dodal.<\/p>\n","protected":false},"excerpt":{"rendered":"<p>V sredi\u0161\u010du ukrajinske prestolnice Kijev je danes odjeknilo ve\u010d eksplozij. Po poro\u010danju tamkaj\u0161nje civilne za\u0161\u010dite so ruske sile raketirale \u0161tiri stanovanjske stavbe v ve\u010d okro\u017ejih, pri tem sta umrli najmanj dve osebi. Pono\u010di so se alarmi pred zra\u010dnimi napadi spro\u017eili tako v Kijevu kot tudi v Odesi, Umanu ter v regiji Hmeljnicki.<\/p>\n","protected":false},"author":5,"featured_media":466257,"comment_status":"closed","ping_status":"closed","sticky":false,"template":"","format":"standard","meta":{"footnotes":""},"categories":[18202],"tags":[1354,3673,2291],"source":[4511],"supertag":[7150,6103],"acf":[],"yoast_head":"<!-- This site is optimized with the Yoast SEO plugin v21.3 - https:\/\/yoast.com\/wordpress\/plugins\/seo\/ -->\n<title>V Kijevu odjeknilo ve\u010d eksplozij, umrli najmanj dve osebi - Hudo Slovenija<\/title>\n<meta name=\"robots\" content=\"index, follow, max-snippet:-1, max-image-preview:large, max-video-preview:-1\" \/>\n<link rel=\"canonical\" href=\"https:\/\/hudo.com\/si\/aktualno\/svet\/v-kijevu-odjeknilo-vec-eksplozij-umrli-najmanj-dve-osebi\/\" \/>\n<meta property=\"og:locale\" content=\"sl_SI\" \/>\n<meta property=\"og:type\" content=\"article\" \/>\n<meta property=\"og:title\" content=\"V Kijevu odjeknilo ve\u010d eksplozij, umrli najmanj dve osebi - Hudo Slovenija\" \/>\n<meta property=\"og:description\" content=\"V sredi\u0161\u010du ukrajinske prestolnice Kijev je danes odjeknilo ve\u010d eksplozij. Po poro\u010danju tamkaj\u0161nje civilne za\u0161\u010dite so ruske sile raketirale \u0161tiri stanovanjske stavbe v ve\u010d okro\u017ejih, pri tem sta umrli najmanj dve osebi. Pono\u010di so se alarmi pred zra\u010dnimi napadi spro\u017eili tako v Kijevu kot tudi v Odesi, Umanu ter v regiji Hmeljnicki.\" \/>\n<meta property=\"og:url\" content=\"https:\/\/hudo.com\/si\/aktualno\/svet\/v-kijevu-odjeknilo-vec-eksplozij-umrli-najmanj-dve-osebi\/\" \/>\n<meta property=\"og:site_name\" content=\"Hudo Slovenija\" \/>\n<meta property=\"article:publisher\" content=\"https:\/\/www.facebook.com\/hudo.si\" \/>\n<meta property=\"article:published_time\" content=\"2022-03-15T09:03:59+00:00\" \/>\n<meta property=\"og:image\" content=\"https:\/\/hudo.com\/si\/wp-content\/uploads\/sites\/2\/2022\/03\/Screenshot-from-2022-03-15-10-03-14.jpg\" \/>\n\t<meta property=\"og:image:width\" content=\"955\" \/>\n\t<meta property=\"og:image:height\" content=\"636\" \/>\n\t<meta property=\"og:image:type\" content=\"image\/jpeg\" \/>\n<meta name=\"author\" content=\"A. G., STA\" \/>\n<meta name=\"twitter:card\" content=\"summary_large_image\" \/>\n<meta name=\"twitter:creator\" content=\"@hudo_si\" \/>\n<meta name=\"twitter:site\" content=\"@hudo_si\" \/>\n<meta name=\"twitter:label1\" content=\"Written by\" \/>\n\t<meta name=\"twitter:data1\" content=\"A. G., STA\" \/>\n\t<meta name=\"twitter:label2\" content=\"Est. reading time\" \/>\n\t<meta name=\"twitter:data2\" content=\"2 minuti\" \/>\n<script type=\"application\/ld+json\" class=\"yoast-schema-graph\">{\"@context\":\"https:\/\/schema.org\",\"@graph\":[{\"@type\":\"Article\",\"@id\":\"https:\/\/hudo.com\/si\/aktualno\/svet\/v-kijevu-odjeknilo-vec-eksplozij-umrli-najmanj-dve-osebi\/#article\",\"isPartOf\":{\"@id\":\"https:\/\/hudo.com\/si\/aktualno\/svet\/v-kijevu-odjeknilo-vec-eksplozij-umrli-najmanj-dve-osebi\/\"},\"author\":{\"name\":\"A. G., STA\",\"@id\":\"https:\/\/hudo.com\/si\/#\/schema\/person\/2391667a63ea075ba94f2f2dc6b77537\"},\"headline\":\"V Kijevu odjeknilo ve\u010d eksplozij, umrli najmanj dve osebi\",\"datePublished\":\"2022-03-15T09:03:59+00:00\",\"dateModified\":\"2022-03-15T09:03:59+00:00\",\"mainEntityOfPage\":{\"@id\":\"https:\/\/hudo.com\/si\/aktualno\/svet\/v-kijevu-odjeknilo-vec-eksplozij-umrli-najmanj-dve-osebi\/\"},\"wordCount\":309,\"publisher\":{\"@id\":\"https:\/\/hudo.com\/si\/#organization\"},\"keywords\":[\"Rusija\",\"ukrajina\",\"vojna\"],\"articleSection\":[\"Svet\"],\"inLanguage\":\"sl-SI\"},{\"@type\":\"WebPage\",\"@id\":\"https:\/\/hudo.com\/si\/aktualno\/svet\/v-kijevu-odjeknilo-vec-eksplozij-umrli-najmanj-dve-osebi\/\",\"url\":\"https:\/\/hudo.com\/si\/aktualno\/svet\/v-kijevu-odjeknilo-vec-eksplozij-umrli-najmanj-dve-osebi\/\",\"name\":\"V Kijevu odjeknilo ve\u010d eksplozij, umrli najmanj dve osebi - Hudo Slovenija\",\"isPartOf\":{\"@id\":\"https:\/\/hudo.com\/si\/#website\"},\"datePublished\":\"2022-03-15T09:03:59+00:00\",\"dateModified\":\"2022-03-15T09:03:59+00:00\",\"breadcrumb\":{\"@id\":\"https:\/\/hudo.com\/si\/aktualno\/svet\/v-kijevu-odjeknilo-vec-eksplozij-umrli-najmanj-dve-osebi\/#breadcrumb\"},\"inLanguage\":\"sl-SI\",\"potentialAction\":[{\"@type\":\"ReadAction\",\"target\":[\"https:\/\/hudo.com\/si\/aktualno\/svet\/v-kijevu-odjeknilo-vec-eksplozij-umrli-najmanj-dve-osebi\/\"]}]},{\"@type\":\"BreadcrumbList\",\"@id\":\"https:\/\/hudo.com\/si\/aktualno\/svet\/v-kijevu-odjeknilo-vec-eksplozij-umrli-najmanj-dve-osebi\/#breadcrumb\",\"itemListElement\":[{\"@type\":\"ListItem\",\"position\":1,\"name\":\"Home\",\"item\":\"https:\/\/hudo.com\/si\/\"},{\"@type\":\"ListItem\",\"position\":2,\"name\":\"V Kijevu odjeknilo ve\u010d eksplozij, umrli najmanj dve osebi\"}]},{\"@type\":\"WebSite\",\"@id\":\"https:\/\/hudo.com\/si\/#website\",\"url\":\"https:\/\/hudo.com\/si\/\",\"name\":\"Hudo Slovenija\",\"description\":\"Vse novice iz Slovenije in sveta\",\"publisher\":{\"@id\":\"https:\/\/hudo.com\/si\/#organization\"},\"potentialAction\":[{\"@type\":\"SearchAction\",\"target\":{\"@type\":\"EntryPoint\",\"urlTemplate\":\"https:\/\/hudo.com\/si\/?s={search_term_string}\"},\"query-input\":\"required name=search_term_string\"}],\"inLanguage\":\"sl-SI\"},{\"@type\":\"Organization\",\"@id\":\"https:\/\/hudo.com\/si\/#organization\",\"name\":\"VSN Media\",\"url\":\"https:\/\/hudo.com\/si\/\",\"logo\":{\"@type\":\"ImageObject\",\"inLanguage\":\"sl-SI\",\"@id\":\"https:\/\/hudo.com\/si\/#\/schema\/logo\/image\/\",\"url\":\"https:\/\/hudo.com\/si\/wp-content\/uploads\/sites\/2\/2021\/03\/hudo-app-2.png\",\"contentUrl\":\"https:\/\/hudo.com\/si\/wp-content\/uploads\/sites\/2\/2021\/03\/hudo-app-2.png\",\"width\":2185,\"height\":2167,\"caption\":\"VSN Media\"},\"image\":{\"@id\":\"https:\/\/hudo.com\/si\/#\/schema\/logo\/image\/\"},\"sameAs\":[\"https:\/\/www.facebook.com\/hudo.si\",\"https:\/\/twitter.com\/hudo_si\"]},{\"@type\":\"Person\",\"@id\":\"https:\/\/hudo.com\/si\/#\/schema\/person\/2391667a63ea075ba94f2f2dc6b77537\",\"name\":\"A. G., STA\",\"image\":{\"@type\":\"ImageObject\",\"inLanguage\":\"sl-SI\",\"@id\":\"https:\/\/hudo.com\/si\/#\/schema\/person\/image\/\",\"url\":\"https:\/\/secure.gravatar.com\/avatar\/e13d22ac3e442658d5025fbbe6238a79?s=96&d=mm&r=g\",\"contentUrl\":\"https:\/\/secure.gravatar.com\/avatar\/e13d22ac3e442658d5025fbbe6238a79?s=96&d=mm&r=g\",\"caption\":\"A. G., STA\"},\"url\":\"https:\/\/hudo.com\/si\/author\/alenka\/\"}]}<\/script>\n<!-- \/ Yoast SEO plugin. -->","yoast_head_json":{"title":"V Kijevu odjeknilo ve\u010d eksplozij, umrli najmanj dve osebi - Hudo Slovenija","robots":{"index":"index","follow":"follow","max-snippet":"max-snippet:-1","max-image-preview":"max-image-preview:large","max-video-preview":"max-video-preview:-1"},"canonical":"https:\/\/hudo.com\/si\/aktualno\/svet\/v-kijevu-odjeknilo-vec-eksplozij-umrli-najmanj-dve-osebi\/","og_locale":"sl_SI","og_type":"article","og_title":"V Kijevu odjeknilo ve\u010d eksplozij, umrli najmanj dve osebi - Hudo Slovenija","og_description":"V sredi\u0161\u010du ukrajinske prestolnice Kijev je danes odjeknilo ve\u010d eksplozij. Po poro\u010danju tamkaj\u0161nje civilne za\u0161\u010dite so ruske sile raketirale \u0161tiri stanovanjske stavbe v ve\u010d okro\u017ejih, pri tem sta umrli najmanj dve osebi. Pono\u010di so se alarmi pred zra\u010dnimi napadi spro\u017eili tako v Kijevu kot tudi v Odesi, Umanu ter v regiji Hmeljnicki.","og_url":"https:\/\/hudo.com\/si\/aktualno\/svet\/v-kijevu-odjeknilo-vec-eksplozij-umrli-najmanj-dve-osebi\/","og_site_name":"Hudo Slovenija","article_publisher":"https:\/\/www.facebook.com\/hudo.si","article_published_time":"2022-03-15T09:03:59+00:00","og_image":[{"width":955,"height":636,"url":"https:\/\/hudo.com\/si\/wp-content\/uploads\/sites\/2\/2022\/03\/Screenshot-from-2022-03-15-10-03-14.jpg","type":"image\/jpeg"}],"author":"A. G., STA","twitter_card":"summary_large_image","twitter_creator":"@hudo_si","twitter_site":"@hudo_si","twitter_misc":{"Written by":"A. G., STA","Est. reading time":"2 minuti"},"schema":{"@context":"https:\/\/schema.org","@graph":[{"@type":"Article","@id":"https:\/\/hudo.com\/si\/aktualno\/svet\/v-kijevu-odjeknilo-vec-eksplozij-umrli-najmanj-dve-osebi\/#article","isPartOf":{"@id":"https:\/\/hudo.com\/si\/aktualno\/svet\/v-kijevu-odjeknilo-vec-eksplozij-umrli-najmanj-dve-osebi\/"},"author":{"name":"A. G., STA","@id":"https:\/\/hudo.com\/si\/#\/schema\/person\/2391667a63ea075ba94f2f2dc6b77537"},"headline":"V Kijevu odjeknilo ve\u010d eksplozij, umrli najmanj dve osebi","datePublished":"2022-03-15T09:03:59+00:00","dateModified":"2022-03-15T09:03:59+00:00","mainEntityOfPage":{"@id":"https:\/\/hudo.com\/si\/aktualno\/svet\/v-kijevu-odjeknilo-vec-eksplozij-umrli-najmanj-dve-osebi\/"},"wordCount":309,"publisher":{"@id":"https:\/\/hudo.com\/si\/#organization"},"keywords":["Rusija","ukrajina","vojna"],"articleSection":["Svet"],"inLanguage":"sl-SI"},{"@type":"WebPage","@id":"https:\/\/hudo.com\/si\/aktualno\/svet\/v-kijevu-odjeknilo-vec-eksplozij-umrli-najmanj-dve-osebi\/","url":"https:\/\/hudo.com\/si\/aktualno\/svet\/v-kijevu-odjeknilo-vec-eksplozij-umrli-najmanj-dve-osebi\/","name":"V Kijevu odjeknilo ve\u010d eksplozij, umrli najmanj dve osebi - Hudo Slovenija","isPartOf":{"@id":"https:\/\/hudo.com\/si\/#website"},"datePublished":"2022-03-15T09:03:59+00:00","dateModified":"2022-03-15T09:03:59+00:00","breadcrumb":{"@id":"https:\/\/hudo.com\/si\/aktualno\/svet\/v-kijevu-odjeknilo-vec-eksplozij-umrli-najmanj-dve-osebi\/#breadcrumb"},"inLanguage":"sl-SI","potentialAction":[{"@type":"ReadAction","target":["https:\/\/hudo.com\/si\/aktualno\/svet\/v-kijevu-odjeknilo-vec-eksplozij-umrli-najmanj-dve-osebi\/"]}]},{"@type":"BreadcrumbList","@id":"https:\/\/hudo.com\/si\/aktualno\/svet\/v-kijevu-odjeknilo-vec-eksplozij-umrli-najmanj-dve-osebi\/#breadcrumb","itemListElement":[{"@type":"ListItem","position":1,"name":"Home","item":"https:\/\/hudo.com\/si\/"},{"@type":"ListItem","position":2,"name":"V Kijevu odjeknilo ve\u010d eksplozij, umrli najmanj dve osebi"}]},{"@type":"WebSite","@id":"https:\/\/hudo.com\/si\/#website","url":"https:\/\/hudo.com\/si\/","name":"Hudo Slovenija","description":"Vse novice iz Slovenije in sveta","publisher":{"@id":"https:\/\/hudo.com\/si\/#organization"},"potentialAction":[{"@type":"SearchAction","target":{"@type":"EntryPoint","urlTemplate":"https:\/\/hudo.com\/si\/?s={search_term_string}"},"query-input":"required name=search_term_string"}],"inLanguage":"sl-SI"},{"@type":"Organization","@id":"https:\/\/hudo.com\/si\/#organization","name":"VSN Media","url":"https:\/\/hudo.com\/si\/","logo":{"@type":"ImageObject","inLanguage":"sl-SI","@id":"https:\/\/hudo.com\/si\/#\/schema\/logo\/image\/","url":"https:\/\/hudo.com\/si\/wp-content\/uploads\/sites\/2\/2021\/03\/hudo-app-2.png","contentUrl":"https:\/\/hudo.com\/si\/wp-content\/uploads\/sites\/2\/2021\/03\/hudo-app-2.png","width":2185,"height":2167,"caption":"VSN Media"},"image":{"@id":"https:\/\/hudo.com\/si\/#\/schema\/logo\/image\/"},"sameAs":["https:\/\/www.facebook.com\/hudo.si","https:\/\/twitter.com\/hudo_si"]},{"@type":"Person","@id":"https:\/\/hudo.com\/si\/#\/schema\/person\/2391667a63ea075ba94f2f2dc6b77537","name":"A. G., STA","image":{"@type":"ImageObject","inLanguage":"sl-SI","@id":"https:\/\/hudo.com\/si\/#\/schema\/person\/image\/","url":"https:\/\/secure.gravatar.com\/avatar\/e13d22ac3e442658d5025fbbe6238a79?s=96&d=mm&r=g","contentUrl":"https:\/\/secure.gravatar.com\/avatar\/e13d22ac3e442658d5025fbbe6238a79?s=96&d=mm&r=g","caption":"A. G., STA"},"url":"https:\/\/hudo.com\/si\/author\/alenka\/"}]}},"amp_enabled":true,"_links":{"self":[{"href":"https:\/\/hudo.com\/si\/wp-json\/wp\/v2\/posts\/466256"}],"collection":[{"href":"https:\/\/hudo.com\/si\/wp-json\/wp\/v2\/posts"}],"about":[{"href":"https:\/\/hudo.com\/si\/wp-json\/wp\/v2\/types\/post"}],"author":[{"embeddable":true,"href":"https:\/\/hudo.com\/si\/wp-json\/wp\/v2\/users\/5"}],"replies":[{"embeddable":true,"href":"https:\/\/hudo.com\/si\/wp-json\/wp\/v2\/comments?post=466256"}],"version-history":[{"count":1,"href":"https:\/\/hudo.com\/si\/wp-json\/wp\/v2\/posts\/466256\/revisions"}],"predecessor-version":[{"id":466258,"href":"https:\/\/hudo.com\/si\/wp-json\/wp\/v2\/posts\/466256\/revisions\/466258"}],"wp:featuredmedia":[{"embeddable":true,"href":"https:\/\/hudo.com\/si\/wp-json\/wp\/v2\/media\/466257"}],"wp:attachment":[{"href":"https:\/\/hudo.com\/si\/wp-json\/wp\/v2\/media?parent=466256"}],"wp:term":[{"taxonomy":"category","embeddable":true,"href":"https:\/\/hudo.com\/si\/wp-json\/wp\/v2\/categories?post=466256"},{"taxonomy":"post_tag","embeddable":true,"href":"https:\/\/hudo.com\/si\/wp-json\/wp\/v2\/tags?post=466256"},{"taxonomy":"source","embeddable":true,"href":"https:\/\/hudo.com\/si\/wp-json\/wp\/v2\/source?post=466256"},{"taxonomy":"supertag","embeddable":true,"href":"https:\/\/hudo.com\/si\/wp-json\/wp\/v2\/supertag?post=466256"}],"curies":[{"name":"wp","href":"https:\/\/api.w.org\/{rel}","templated":true}]}}