{"id":466833,"date":"2022-03-31T09:30:01","date_gmt":"2022-03-31T07:30:01","guid":{"rendered":"https:\/\/hudo.com\/si\/?p=466833"},"modified":"2022-03-31T09:30:01","modified_gmt":"2022-03-31T07:30:01","slug":"orban-na-nedeljske-volitve-podpornike-vabi-s-socasno-izvedbo-homofobnega-referenduma","status":"publish","type":"post","link":"https:\/\/hudo.com\/si\/aktualno\/svet\/orban-na-nedeljske-volitve-podpornike-vabi-s-socasno-izvedbo-homofobnega-referenduma\/","title":{"rendered":"Orban na nedeljske volitve podpornike vabi s so\u010dasno izvedbo homofobnega referenduma"},"content":{"rendered":"<h2><b>Po dobrem desetletju prvi\u010d realne mo\u017enosti za zamenjavo Orbanovega re\u017eima<\/b><\/h2>\n<p>Vse od leta 2010 ima Orbanova vlada v parlamentu dvotretjinsko ve\u010dino, ki ji je omogo\u010dila sprejetje nove ustave ter zakoreninjenje neliberalne kr\u0161\u010danske identitetne politike, po mnenju mnogih doma in v tujini pa tudi spodkopavanje neodvisnosti sodstva in medijev ter sprejetje volilne reforme, pisane na roko velikim, ki so \u017ee na oblasti in ho\u010dejo tam ostati.<\/p>\n<p>Volivce Orban in njegova stranka Fidesz od sredine februarja nagovarjata s \u0161tevilnimi plakati, ki med drugim prikazujejo mlado mater, kako pestuje in varuje nedol\u017enega otroka. Z njimi ljudi pozivata, da re\u010dejo ne vsemu, kar bi lahko ogrozilo otroke &#8211; tako propagandi LGBTIQ kot nevarnemu vpletanju v vojno v Ukrajini in posledi\u010dno tudi kandidatom opozicije.<\/p>\n<p>Opozicija, ki je bila dolga leta povsem razklana, tako na osebni ravni kot ideolo\u0161ko, je lani uspela zdru\u017eiti mo\u010di in se je povezala za skupnim kandidatom, nestrankarskim konservativnim \u017eupanom mesta Hodmezovasarhely Petrom Marki-Zayem, ki obljublja ustavne spremembe, obnovo svobode in vladavine prava ter vrnitev Mad\u017earske &#8220;na pravo stran zgodovine&#8221;.<\/p>\n<p>Za Marki-Zayem stoji \u0161est zelo razli\u010dnih strank &#8211; ve\u010dinoma proevropskih in levo-liberalnih, a med njimi je tudi skrajno desni Jobbik. Poznavalci njihovo poenotenje v zavezni\u0161tvo Enotno za Mad\u017earsko ozna\u010dujejo kot klju\u010dno, s \u010dimer se prvi\u010d po desetletju odpirajo realne mo\u017enosti za zamenjavo oblasti.<\/p>\n<h2><b>Orbanov adut za mobilizacijo konservativnih volivcev: Vladni referendum o LGBTIQ<\/b><\/h2>\n<p>Da bi mobiliziral svoje podpornike je Orban julija lani napovedal izvedbo referenduma o za\u0161\u010diti otrok pred propagando LGBTIQ. Kasneje je vlada formalno vlo\u017eila zahtevo za razpis referenduma, ustavno sodi\u0161\u010de mu je pritrdilo, v parlamentu pa je bil sprejet zakon, ki je omogo\u010dil izvedbo referenduma skupaj z nacionalnimi volitvami, kar je bilo pred tem na Mad\u017earskem prepovedano.<\/p>\n<p>Ko se bodo v nedeljo odpravili na voli\u0161\u010da, bodo tako volivci lahko odgovarjali tudi na vpra\u0161anja glede pouka o spolni usmerjenosti v javnih \u0161olah ter omejevanja medijskih vsebin, ki vplivajo na spolni razvoj otrok in jim predstavljajo mo\u017enosti spremembe spola.<\/p>\n<p>Gre za temo, povezano s tradicionalnimi dru\u017einskimi vrednotami in na drugi strani stigmatizacijo skupnosti LGBTIQ ter njenih &#8220;kozmopolitskih zaveznikov&#8221;, ki je tipi\u010dna za populisti\u010dno politiko polariziranja med &#8220;nami&#8221; in &#8220;onimi&#8221;, ocenjuje Renata Uitz s Srednjeevropske univerze (CEU) na Dunaju.<\/p>\n<p>Formalno gledano je referendum povsem nepotreben. Njegov poglaviten namen je mobilizirati konservativne volivce in obenem opozicijo prisiliti v nehvale\u017eno vlogo, ko mora poleg volilne voditi \u0161e kampanjo proti referendumu in v njej ljudi pozivati, naj volijo proti za\u0161\u010diti svojih otrok in vnukov, dodaja Renata Uitz.<\/p>\n<h2><b>Orbanov Fidesz poskrbel tudi za premembe volilnega sistema<\/b><\/h2>\n<p>Kritiki Orbanu o\u010ditajo, da je na oblasti tako dolgo ostal tudi zaradi sprememb volilne zakonodaje, pristranskega spreminjanja mej volilnih okro\u017eij, vladnega obvladovanja medijskega prostora ter \u0161irjenja vpliva nad vsemi klju\u010dnimi institucijami dr\u017eave. Volitve so zato postajale vse manj legitimne.<\/p>\n<p>Temu je tako ob volitvah leta 2014 kot leta 2018 pritrdila Organizacija za varnost in sodelovanje v Evropi (Ovse), letos pa so se ti pomisleki \u0161e okrepili. Urad Ovseja za demokrati\u010dne institucije in \u010dlovekove pravice je zato tokrat na Mad\u017earsko poslal ve\u010d kot 200 mednarodnih opazovalcev.<\/p>\n<p>Opozicija je lani jeseni prvi\u010d po ve\u010d kot desetletju v nekaterih anketah celo prevzela vodstvo pred Fideszem, a so se kasneje razmerja mo\u010di spet izena\u010dila, nato pa se postopoma nagnila v korist vladajo\u010dih &#8211; tudi po krivdi same opozicije, ki ve\u010dkrat ne more skriti razlik in nesoglasij v lastnih vrstah, pi\u0161e Politico.<\/p>\n<p>Za nedeljo se sicer \u0161e vedno napoveduje tesna bitka, a sode\u010d po razli\u010dnih anketah se Fideszu obeta nekaj odstotnih to\u010dk ve\u010d. Zaradi spornih posegov v volilni sistem pa bi opozicija po ocenah strokovnjakov za ve\u010dino v parlamentu potrebovala tri- do \u0161tiriodstotno prednost pred Fideszem, pi\u0161e EUobserver.<\/p>\n<p>Avstrijska tiskovna agencija APA sicer opozarja, da ima opozicija \u0161e velike rezerve med v anketah neodlo\u010denimi volivci in da bi lahko njihova uspe\u0161na mobilizacija bistveno vplivala na kon\u010dni izid.<\/p>\n<p>O tem bo na koncu koncev v nedeljo odlo\u010dalo okoli osem milijonov volilnih upravi\u010dencev, ki bodo izbirali 199 \u010dlanov enodomnega parlamenta. 106 jih bodo izbrali neposredno v volilnih okrajih po ve\u010dinskem sistemu, pri \u010demer je za zmago dovolj \u017ee relativna ve\u010dina glasov, zato ni drugega kroga. Preostale pa bodo izbirali posredno s strankarskih list oziroma po proporcionalnem sistemu.<\/p>\n<p>Kot je zapisal ameri\u0161ki New York Times, je Orbanov vzpon na oblast zaznamoval za\u010detek obdobja avtoritarnega populizma v Evropi in bi lahko, \u010de bo zdaj padel, zaznamoval tudi za\u010detek njegovega konca.<\/p>\n","protected":false},"excerpt":{"rendered":"<p>Nedeljske splo\u0161ne volitve in so\u010dasen referendum o sporni zakonodaji, ki naj bi \u0161\u010ditila otroke pred propagando LGBTIQI, bodo klju\u010den preizkus javne podpore vladanju premierja Viktorja Orbana, ki traja \u017ee tri mandate. Poznavalci jih ocenjujejo kot napet boj nasprotujo\u010dih si vizij prihodnosti Mad\u017earske, katerega finale je zasen\u010dila vojna v Ukrajini.<\/p>\n","protected":false},"author":7,"featured_media":466834,"comment_status":"closed","ping_status":"closed","sticky":false,"template":"","format":"standard","meta":{"footnotes":""},"categories":[18202],"tags":[2534,15764,6130],"source":[4511],"supertag":[],"acf":[],"yoast_head":"<!-- This site is optimized with the Yoast SEO plugin v21.3 - https:\/\/yoast.com\/wordpress\/plugins\/seo\/ -->\n<title>Orban na nedeljske volitve podpornike vabi s so\u010dasno izvedbo homofobnega referenduma - Hudo Slovenija<\/title>\n<meta name=\"robots\" content=\"index, follow, max-snippet:-1, max-image-preview:large, max-video-preview:-1\" \/>\n<link rel=\"canonical\" href=\"https:\/\/hudo.com\/si\/aktualno\/svet\/orban-na-nedeljske-volitve-podpornike-vabi-s-socasno-izvedbo-homofobnega-referenduma\/\" \/>\n<meta property=\"og:locale\" content=\"sl_SI\" \/>\n<meta property=\"og:type\" content=\"article\" \/>\n<meta property=\"og:title\" content=\"Orban na nedeljske volitve podpornike vabi s so\u010dasno izvedbo homofobnega referenduma - Hudo Slovenija\" \/>\n<meta property=\"og:description\" content=\"Nedeljske splo\u0161ne volitve in so\u010dasen referendum o sporni zakonodaji, ki naj bi \u0161\u010ditila otroke pred propagando LGBTIQI, bodo klju\u010den preizkus javne podpore vladanju premierja Viktorja Orbana, ki traja \u017ee tri mandate. Poznavalci jih ocenjujejo kot napet boj nasprotujo\u010dih si vizij prihodnosti Mad\u017earske, katerega finale je zasen\u010dila vojna v Ukrajini.\" \/>\n<meta property=\"og:url\" content=\"https:\/\/hudo.com\/si\/aktualno\/svet\/orban-na-nedeljske-volitve-podpornike-vabi-s-socasno-izvedbo-homofobnega-referenduma\/\" \/>\n<meta property=\"og:site_name\" content=\"Hudo Slovenija\" \/>\n<meta property=\"article:publisher\" content=\"https:\/\/www.facebook.com\/hudo.si\" \/>\n<meta property=\"article:published_time\" content=\"2022-03-31T07:30:01+00:00\" \/>\n<meta property=\"og:image\" content=\"https:\/\/hudo.com\/si\/wp-content\/uploads\/sites\/2\/2022\/03\/profimedia-0673895734.jpg\" \/>\n\t<meta property=\"og:image:width\" content=\"1250\" \/>\n\t<meta property=\"og:image:height\" content=\"833\" \/>\n\t<meta property=\"og:image:type\" content=\"image\/jpeg\" \/>\n<meta name=\"author\" content=\"A. P., STA\" \/>\n<meta name=\"twitter:card\" content=\"summary_large_image\" \/>\n<meta name=\"twitter:creator\" content=\"@hudo_si\" \/>\n<meta name=\"twitter:site\" content=\"@hudo_si\" \/>\n<meta name=\"twitter:label1\" content=\"Written by\" \/>\n\t<meta name=\"twitter:data1\" content=\"A. P., STA\" \/>\n\t<meta name=\"twitter:label2\" content=\"Est. reading time\" \/>\n\t<meta name=\"twitter:data2\" content=\"4 minute\" \/>\n<script type=\"application\/ld+json\" class=\"yoast-schema-graph\">{\"@context\":\"https:\/\/schema.org\",\"@graph\":[{\"@type\":\"Article\",\"@id\":\"https:\/\/hudo.com\/si\/aktualno\/svet\/orban-na-nedeljske-volitve-podpornike-vabi-s-socasno-izvedbo-homofobnega-referenduma\/#article\",\"isPartOf\":{\"@id\":\"https:\/\/hudo.com\/si\/aktualno\/svet\/orban-na-nedeljske-volitve-podpornike-vabi-s-socasno-izvedbo-homofobnega-referenduma\/\"},\"author\":{\"name\":\"A. P., STA\",\"@id\":\"https:\/\/hudo.com\/si\/#\/schema\/person\/18f09c02475ba9e606e941a565b80cff\"},\"headline\":\"Orban na nedeljske volitve podpornike vabi s so\u010dasno izvedbo homofobnega referenduma\",\"datePublished\":\"2022-03-31T07:30:01+00:00\",\"dateModified\":\"2022-03-31T07:30:01+00:00\",\"mainEntityOfPage\":{\"@id\":\"https:\/\/hudo.com\/si\/aktualno\/svet\/orban-na-nedeljske-volitve-podpornike-vabi-s-socasno-izvedbo-homofobnega-referenduma\/\"},\"wordCount\":774,\"publisher\":{\"@id\":\"https:\/\/hudo.com\/si\/#organization\"},\"keywords\":[\"Mad\u017earska\",\"skrajni desni\u010darji\",\"viktor orban\"],\"articleSection\":[\"Svet\"],\"inLanguage\":\"sl-SI\"},{\"@type\":\"WebPage\",\"@id\":\"https:\/\/hudo.com\/si\/aktualno\/svet\/orban-na-nedeljske-volitve-podpornike-vabi-s-socasno-izvedbo-homofobnega-referenduma\/\",\"url\":\"https:\/\/hudo.com\/si\/aktualno\/svet\/orban-na-nedeljske-volitve-podpornike-vabi-s-socasno-izvedbo-homofobnega-referenduma\/\",\"name\":\"Orban na nedeljske volitve podpornike vabi s so\u010dasno izvedbo homofobnega referenduma - Hudo Slovenija\",\"isPartOf\":{\"@id\":\"https:\/\/hudo.com\/si\/#website\"},\"datePublished\":\"2022-03-31T07:30:01+00:00\",\"dateModified\":\"2022-03-31T07:30:01+00:00\",\"breadcrumb\":{\"@id\":\"https:\/\/hudo.com\/si\/aktualno\/svet\/orban-na-nedeljske-volitve-podpornike-vabi-s-socasno-izvedbo-homofobnega-referenduma\/#breadcrumb\"},\"inLanguage\":\"sl-SI\",\"potentialAction\":[{\"@type\":\"ReadAction\",\"target\":[\"https:\/\/hudo.com\/si\/aktualno\/svet\/orban-na-nedeljske-volitve-podpornike-vabi-s-socasno-izvedbo-homofobnega-referenduma\/\"]}]},{\"@type\":\"BreadcrumbList\",\"@id\":\"https:\/\/hudo.com\/si\/aktualno\/svet\/orban-na-nedeljske-volitve-podpornike-vabi-s-socasno-izvedbo-homofobnega-referenduma\/#breadcrumb\",\"itemListElement\":[{\"@type\":\"ListItem\",\"position\":1,\"name\":\"Home\",\"item\":\"https:\/\/hudo.com\/si\/\"},{\"@type\":\"ListItem\",\"position\":2,\"name\":\"Orban na nedeljske volitve podpornike vabi s so\u010dasno izvedbo homofobnega referenduma\"}]},{\"@type\":\"WebSite\",\"@id\":\"https:\/\/hudo.com\/si\/#website\",\"url\":\"https:\/\/hudo.com\/si\/\",\"name\":\"Hudo Slovenija\",\"description\":\"Vse novice iz Slovenije in sveta\",\"publisher\":{\"@id\":\"https:\/\/hudo.com\/si\/#organization\"},\"potentialAction\":[{\"@type\":\"SearchAction\",\"target\":{\"@type\":\"EntryPoint\",\"urlTemplate\":\"https:\/\/hudo.com\/si\/?s={search_term_string}\"},\"query-input\":\"required name=search_term_string\"}],\"inLanguage\":\"sl-SI\"},{\"@type\":\"Organization\",\"@id\":\"https:\/\/hudo.com\/si\/#organization\",\"name\":\"VSN Media\",\"url\":\"https:\/\/hudo.com\/si\/\",\"logo\":{\"@type\":\"ImageObject\",\"inLanguage\":\"sl-SI\",\"@id\":\"https:\/\/hudo.com\/si\/#\/schema\/logo\/image\/\",\"url\":\"https:\/\/hudo.com\/si\/wp-content\/uploads\/sites\/2\/2021\/03\/hudo-app-2.png\",\"contentUrl\":\"https:\/\/hudo.com\/si\/wp-content\/uploads\/sites\/2\/2021\/03\/hudo-app-2.png\",\"width\":2185,\"height\":2167,\"caption\":\"VSN Media\"},\"image\":{\"@id\":\"https:\/\/hudo.com\/si\/#\/schema\/logo\/image\/\"},\"sameAs\":[\"https:\/\/www.facebook.com\/hudo.si\",\"https:\/\/twitter.com\/hudo_si\"]},{\"@type\":\"Person\",\"@id\":\"https:\/\/hudo.com\/si\/#\/schema\/person\/18f09c02475ba9e606e941a565b80cff\",\"name\":\"A. P., STA\",\"image\":{\"@type\":\"ImageObject\",\"inLanguage\":\"sl-SI\",\"@id\":\"https:\/\/hudo.com\/si\/#\/schema\/person\/image\/\",\"url\":\"https:\/\/secure.gravatar.com\/avatar\/03eac8e609f5f04383125d80eaeaaf3e?s=96&d=mm&r=g\",\"contentUrl\":\"https:\/\/secure.gravatar.com\/avatar\/03eac8e609f5f04383125d80eaeaaf3e?s=96&d=mm&r=g\",\"caption\":\"A. P., STA\"},\"url\":\"https:\/\/hudo.com\/si\/author\/lubu\/\"}]}<\/script>\n<!-- \/ Yoast SEO plugin. -->","yoast_head_json":{"title":"Orban na nedeljske volitve podpornike vabi s so\u010dasno izvedbo homofobnega referenduma - Hudo Slovenija","robots":{"index":"index","follow":"follow","max-snippet":"max-snippet:-1","max-image-preview":"max-image-preview:large","max-video-preview":"max-video-preview:-1"},"canonical":"https:\/\/hudo.com\/si\/aktualno\/svet\/orban-na-nedeljske-volitve-podpornike-vabi-s-socasno-izvedbo-homofobnega-referenduma\/","og_locale":"sl_SI","og_type":"article","og_title":"Orban na nedeljske volitve podpornike vabi s so\u010dasno izvedbo homofobnega referenduma - Hudo Slovenija","og_description":"Nedeljske splo\u0161ne volitve in so\u010dasen referendum o sporni zakonodaji, ki naj bi \u0161\u010ditila otroke pred propagando LGBTIQI, bodo klju\u010den preizkus javne podpore vladanju premierja Viktorja Orbana, ki traja \u017ee tri mandate. Poznavalci jih ocenjujejo kot napet boj nasprotujo\u010dih si vizij prihodnosti Mad\u017earske, katerega finale je zasen\u010dila vojna v Ukrajini.","og_url":"https:\/\/hudo.com\/si\/aktualno\/svet\/orban-na-nedeljske-volitve-podpornike-vabi-s-socasno-izvedbo-homofobnega-referenduma\/","og_site_name":"Hudo Slovenija","article_publisher":"https:\/\/www.facebook.com\/hudo.si","article_published_time":"2022-03-31T07:30:01+00:00","og_image":[{"width":1250,"height":833,"url":"https:\/\/hudo.com\/si\/wp-content\/uploads\/sites\/2\/2022\/03\/profimedia-0673895734.jpg","type":"image\/jpeg"}],"author":"A. P., STA","twitter_card":"summary_large_image","twitter_creator":"@hudo_si","twitter_site":"@hudo_si","twitter_misc":{"Written by":"A. P., STA","Est. reading time":"4 minute"},"schema":{"@context":"https:\/\/schema.org","@graph":[{"@type":"Article","@id":"https:\/\/hudo.com\/si\/aktualno\/svet\/orban-na-nedeljske-volitve-podpornike-vabi-s-socasno-izvedbo-homofobnega-referenduma\/#article","isPartOf":{"@id":"https:\/\/hudo.com\/si\/aktualno\/svet\/orban-na-nedeljske-volitve-podpornike-vabi-s-socasno-izvedbo-homofobnega-referenduma\/"},"author":{"name":"A. P., STA","@id":"https:\/\/hudo.com\/si\/#\/schema\/person\/18f09c02475ba9e606e941a565b80cff"},"headline":"Orban na nedeljske volitve podpornike vabi s so\u010dasno izvedbo homofobnega referenduma","datePublished":"2022-03-31T07:30:01+00:00","dateModified":"2022-03-31T07:30:01+00:00","mainEntityOfPage":{"@id":"https:\/\/hudo.com\/si\/aktualno\/svet\/orban-na-nedeljske-volitve-podpornike-vabi-s-socasno-izvedbo-homofobnega-referenduma\/"},"wordCount":774,"publisher":{"@id":"https:\/\/hudo.com\/si\/#organization"},"keywords":["Mad\u017earska","skrajni desni\u010darji","viktor orban"],"articleSection":["Svet"],"inLanguage":"sl-SI"},{"@type":"WebPage","@id":"https:\/\/hudo.com\/si\/aktualno\/svet\/orban-na-nedeljske-volitve-podpornike-vabi-s-socasno-izvedbo-homofobnega-referenduma\/","url":"https:\/\/hudo.com\/si\/aktualno\/svet\/orban-na-nedeljske-volitve-podpornike-vabi-s-socasno-izvedbo-homofobnega-referenduma\/","name":"Orban na nedeljske volitve podpornike vabi s so\u010dasno izvedbo homofobnega referenduma - Hudo Slovenija","isPartOf":{"@id":"https:\/\/hudo.com\/si\/#website"},"datePublished":"2022-03-31T07:30:01+00:00","dateModified":"2022-03-31T07:30:01+00:00","breadcrumb":{"@id":"https:\/\/hudo.com\/si\/aktualno\/svet\/orban-na-nedeljske-volitve-podpornike-vabi-s-socasno-izvedbo-homofobnega-referenduma\/#breadcrumb"},"inLanguage":"sl-SI","potentialAction":[{"@type":"ReadAction","target":["https:\/\/hudo.com\/si\/aktualno\/svet\/orban-na-nedeljske-volitve-podpornike-vabi-s-socasno-izvedbo-homofobnega-referenduma\/"]}]},{"@type":"BreadcrumbList","@id":"https:\/\/hudo.com\/si\/aktualno\/svet\/orban-na-nedeljske-volitve-podpornike-vabi-s-socasno-izvedbo-homofobnega-referenduma\/#breadcrumb","itemListElement":[{"@type":"ListItem","position":1,"name":"Home","item":"https:\/\/hudo.com\/si\/"},{"@type":"ListItem","position":2,"name":"Orban na nedeljske volitve podpornike vabi s so\u010dasno izvedbo homofobnega referenduma"}]},{"@type":"WebSite","@id":"https:\/\/hudo.com\/si\/#website","url":"https:\/\/hudo.com\/si\/","name":"Hudo Slovenija","description":"Vse novice iz Slovenije in sveta","publisher":{"@id":"https:\/\/hudo.com\/si\/#organization"},"potentialAction":[{"@type":"SearchAction","target":{"@type":"EntryPoint","urlTemplate":"https:\/\/hudo.com\/si\/?s={search_term_string}"},"query-input":"required name=search_term_string"}],"inLanguage":"sl-SI"},{"@type":"Organization","@id":"https:\/\/hudo.com\/si\/#organization","name":"VSN Media","url":"https:\/\/hudo.com\/si\/","logo":{"@type":"ImageObject","inLanguage":"sl-SI","@id":"https:\/\/hudo.com\/si\/#\/schema\/logo\/image\/","url":"https:\/\/hudo.com\/si\/wp-content\/uploads\/sites\/2\/2021\/03\/hudo-app-2.png","contentUrl":"https:\/\/hudo.com\/si\/wp-content\/uploads\/sites\/2\/2021\/03\/hudo-app-2.png","width":2185,"height":2167,"caption":"VSN Media"},"image":{"@id":"https:\/\/hudo.com\/si\/#\/schema\/logo\/image\/"},"sameAs":["https:\/\/www.facebook.com\/hudo.si","https:\/\/twitter.com\/hudo_si"]},{"@type":"Person","@id":"https:\/\/hudo.com\/si\/#\/schema\/person\/18f09c02475ba9e606e941a565b80cff","name":"A. P., STA","image":{"@type":"ImageObject","inLanguage":"sl-SI","@id":"https:\/\/hudo.com\/si\/#\/schema\/person\/image\/","url":"https:\/\/secure.gravatar.com\/avatar\/03eac8e609f5f04383125d80eaeaaf3e?s=96&d=mm&r=g","contentUrl":"https:\/\/secure.gravatar.com\/avatar\/03eac8e609f5f04383125d80eaeaaf3e?s=96&d=mm&r=g","caption":"A. P., STA"},"url":"https:\/\/hudo.com\/si\/author\/lubu\/"}]}},"amp_enabled":true,"_links":{"self":[{"href":"https:\/\/hudo.com\/si\/wp-json\/wp\/v2\/posts\/466833"}],"collection":[{"href":"https:\/\/hudo.com\/si\/wp-json\/wp\/v2\/posts"}],"about":[{"href":"https:\/\/hudo.com\/si\/wp-json\/wp\/v2\/types\/post"}],"author":[{"embeddable":true,"href":"https:\/\/hudo.com\/si\/wp-json\/wp\/v2\/users\/7"}],"replies":[{"embeddable":true,"href":"https:\/\/hudo.com\/si\/wp-json\/wp\/v2\/comments?post=466833"}],"version-history":[{"count":1,"href":"https:\/\/hudo.com\/si\/wp-json\/wp\/v2\/posts\/466833\/revisions"}],"predecessor-version":[{"id":466835,"href":"https:\/\/hudo.com\/si\/wp-json\/wp\/v2\/posts\/466833\/revisions\/466835"}],"wp:featuredmedia":[{"embeddable":true,"href":"https:\/\/hudo.com\/si\/wp-json\/wp\/v2\/media\/466834"}],"wp:attachment":[{"href":"https:\/\/hudo.com\/si\/wp-json\/wp\/v2\/media?parent=466833"}],"wp:term":[{"taxonomy":"category","embeddable":true,"href":"https:\/\/hudo.com\/si\/wp-json\/wp\/v2\/categories?post=466833"},{"taxonomy":"post_tag","embeddable":true,"href":"https:\/\/hudo.com\/si\/wp-json\/wp\/v2\/tags?post=466833"},{"taxonomy":"source","embeddable":true,"href":"https:\/\/hudo.com\/si\/wp-json\/wp\/v2\/source?post=466833"},{"taxonomy":"supertag","embeddable":true,"href":"https:\/\/hudo.com\/si\/wp-json\/wp\/v2\/supertag?post=466833"}],"curies":[{"name":"wp","href":"https:\/\/api.w.org\/{rel}","templated":true}]}}