{"id":467010,"date":"2022-04-04T13:05:56","date_gmt":"2022-04-04T11:05:56","guid":{"rendered":"https:\/\/hudo.com\/si\/?p=467010"},"modified":"2022-04-04T13:05:56","modified_gmt":"2022-04-04T11:05:56","slug":"putin-cestital-svojemu-zadnjemu-zavezniku-v-evropi-in-napovedal-nadaljevanje-partnerstva","status":"publish","type":"post","link":"https:\/\/hudo.com\/si\/aktualno\/svet\/putin-cestital-svojemu-zadnjemu-zavezniku-v-evropi-in-napovedal-nadaljevanje-partnerstva\/","title":{"rendered":"Putin \u010destital svojemu zadnjemu zavezniku v Evropi in napovedal nadaljevanje partnerstva"},"content":{"rendered":"<p>Kot so po poro\u010danju tujih tiskovnih agencij pojasnili v Kremlju, je Putin v \u010destitki izpostavil, da &#8220;kljub zapleteni mednarodni situaciji nadaljnji razvoj dvostranskih partnerskih vezi v celoti odgovarja interesom narodov Rusije in Mad\u017earske&#8221;.<\/p>\n<p>Orban je v minulih letih veljal za enega najtesnej\u0161ih Putinovih zaveznikov v Evropi, poleg osebnih in politi\u010dnih pa sta stkala tudi tesne gospodarske vezi, ki so se med drugim odrazile v velikem uvozu ruskega plina na Mad\u017earsko in sodelovanju Rusije pri \u0161iritvi mad\u017earske nuklearke Paks.<\/p>\n<p>Po izbruhu vojne v Ukrajini je Orban sicer obsodil rusko agresijo, odprl vrata ukrajinskim beguncem ter podprl sankcije, ki sta jih proti Rusiji doslej uvedli EU in zveza Nato. A obenem odlo\u010dno nasprotuje dobavi oro\u017eja v Ukrajino in morebitnemu embargo na uvoz ruskih energentov, h kateremu poziva ve\u010d evropskih dr\u017eav.<\/p>\n<p>Pred doma\u010do javnostjo je v lu\u010di volitev izpostavljal, da na ta na\u010din \u0161\u010diti interese in varnost Mad\u017earov, ki so zanj na prvem mestu, saj jih ne \u017eeli vplesti v nevarno vojno, ki bi jim lahko samo \u0161kodila.<\/p>\n<p>A kot opozarjajo \u0161tevilni tuji mediji, osrednji mad\u017earski mediji, ki so izrazito provladni, zadnje tedne \u0161irijo prorusko propagando. Ukrajinski predsednik Volodimir Zelenski je v nedavnem nagovoru voditeljem EU ostro kritiziral Orbana in ga pozval, naj se kon\u010dno resni\u010dno izre\u010de, ali je za Putina ali za Ukrajino in Evropo.<\/p>\n<p>Sode\u010d po uradnih rezultatih, ki sicer \u0161e niso dokon\u010dni, je Fidesz v nedeljo prejel ve\u010dino glasov in si kljub druga\u010dnim napovedim znova zagotovil dvotretjinsko ve\u010dino v parlamentu.<\/p>\n","protected":false},"excerpt":{"rendered":"<p>Ruski predsednik Vladimir Putin, ki je zaradi invazije v Ukrajini postal sovra\u017enik Zahoda \u0161tevilka ena, je danes mad\u017earskemu premierju Viktorju Orbanu \u010destital ob \u017ee \u010detrti zaporedni zmagi njegove stranke Fidesz na parlamentarnih volitvah. Obenem je izrazil upanje, da se bo partnerstvo med njunima dr\u017eavama nadaljevalo.<\/p>\n","protected":false},"author":7,"featured_media":467011,"comment_status":"closed","ping_status":"closed","sticky":false,"template":"","format":"standard","meta":{"footnotes":""},"categories":[18202],"tags":[6130,4219],"source":[4511],"supertag":[],"acf":[],"yoast_head":"<!-- This site is optimized with the Yoast SEO plugin v21.3 - https:\/\/yoast.com\/wordpress\/plugins\/seo\/ -->\n<title>Putin \u010destital svojemu zadnjemu zavezniku v Evropi in napovedal nadaljevanje partnerstva - Hudo Slovenija<\/title>\n<meta name=\"robots\" content=\"index, follow, max-snippet:-1, max-image-preview:large, max-video-preview:-1\" \/>\n<link rel=\"canonical\" href=\"https:\/\/hudo.com\/si\/aktualno\/svet\/putin-cestital-svojemu-zadnjemu-zavezniku-v-evropi-in-napovedal-nadaljevanje-partnerstva\/\" \/>\n<meta property=\"og:locale\" content=\"sl_SI\" \/>\n<meta property=\"og:type\" content=\"article\" \/>\n<meta property=\"og:title\" content=\"Putin \u010destital svojemu zadnjemu zavezniku v Evropi in napovedal nadaljevanje partnerstva - Hudo Slovenija\" \/>\n<meta property=\"og:description\" content=\"Ruski predsednik Vladimir Putin, ki je zaradi invazije v Ukrajini postal sovra\u017enik Zahoda \u0161tevilka ena, je danes mad\u017earskemu premierju Viktorju Orbanu \u010destital ob \u017ee \u010detrti zaporedni zmagi njegove stranke Fidesz na parlamentarnih volitvah. Obenem je izrazil upanje, da se bo partnerstvo med njunima dr\u017eavama nadaljevalo.\" \/>\n<meta property=\"og:url\" content=\"https:\/\/hudo.com\/si\/aktualno\/svet\/putin-cestital-svojemu-zadnjemu-zavezniku-v-evropi-in-napovedal-nadaljevanje-partnerstva\/\" \/>\n<meta property=\"og:site_name\" content=\"Hudo Slovenija\" \/>\n<meta property=\"article:publisher\" content=\"https:\/\/www.facebook.com\/hudo.si\" \/>\n<meta property=\"article:published_time\" content=\"2022-04-04T11:05:56+00:00\" \/>\n<meta property=\"og:image\" content=\"https:\/\/hudo.com\/si\/wp-content\/uploads\/sites\/2\/2022\/04\/profimedia-0480111204-1.jpg\" \/>\n\t<meta property=\"og:image:width\" content=\"1219\" \/>\n\t<meta property=\"og:image:height\" content=\"1024\" \/>\n\t<meta property=\"og:image:type\" content=\"image\/jpeg\" \/>\n<meta name=\"author\" content=\"A. P., STA\" \/>\n<meta name=\"twitter:card\" content=\"summary_large_image\" \/>\n<meta name=\"twitter:creator\" content=\"@hudo_si\" \/>\n<meta name=\"twitter:site\" content=\"@hudo_si\" \/>\n<meta name=\"twitter:label1\" content=\"Written by\" \/>\n\t<meta name=\"twitter:data1\" content=\"A. P., STA\" \/>\n\t<meta name=\"twitter:label2\" content=\"Est. reading time\" \/>\n\t<meta name=\"twitter:data2\" content=\"1 minuta\" \/>\n<script type=\"application\/ld+json\" class=\"yoast-schema-graph\">{\"@context\":\"https:\/\/schema.org\",\"@graph\":[{\"@type\":\"Article\",\"@id\":\"https:\/\/hudo.com\/si\/aktualno\/svet\/putin-cestital-svojemu-zadnjemu-zavezniku-v-evropi-in-napovedal-nadaljevanje-partnerstva\/#article\",\"isPartOf\":{\"@id\":\"https:\/\/hudo.com\/si\/aktualno\/svet\/putin-cestital-svojemu-zadnjemu-zavezniku-v-evropi-in-napovedal-nadaljevanje-partnerstva\/\"},\"author\":{\"name\":\"A. P., STA\",\"@id\":\"https:\/\/hudo.com\/si\/#\/schema\/person\/18f09c02475ba9e606e941a565b80cff\"},\"headline\":\"Putin \u010destital svojemu zadnjemu zavezniku v Evropi in napovedal nadaljevanje partnerstva\",\"datePublished\":\"2022-04-04T11:05:56+00:00\",\"dateModified\":\"2022-04-04T11:05:56+00:00\",\"mainEntityOfPage\":{\"@id\":\"https:\/\/hudo.com\/si\/aktualno\/svet\/putin-cestital-svojemu-zadnjemu-zavezniku-v-evropi-in-napovedal-nadaljevanje-partnerstva\/\"},\"wordCount\":272,\"publisher\":{\"@id\":\"https:\/\/hudo.com\/si\/#organization\"},\"keywords\":[\"viktor orban\",\"Vladimir Putin\"],\"articleSection\":[\"Svet\"],\"inLanguage\":\"sl-SI\"},{\"@type\":\"WebPage\",\"@id\":\"https:\/\/hudo.com\/si\/aktualno\/svet\/putin-cestital-svojemu-zadnjemu-zavezniku-v-evropi-in-napovedal-nadaljevanje-partnerstva\/\",\"url\":\"https:\/\/hudo.com\/si\/aktualno\/svet\/putin-cestital-svojemu-zadnjemu-zavezniku-v-evropi-in-napovedal-nadaljevanje-partnerstva\/\",\"name\":\"Putin \u010destital svojemu zadnjemu zavezniku v Evropi in napovedal nadaljevanje partnerstva - Hudo Slovenija\",\"isPartOf\":{\"@id\":\"https:\/\/hudo.com\/si\/#website\"},\"datePublished\":\"2022-04-04T11:05:56+00:00\",\"dateModified\":\"2022-04-04T11:05:56+00:00\",\"breadcrumb\":{\"@id\":\"https:\/\/hudo.com\/si\/aktualno\/svet\/putin-cestital-svojemu-zadnjemu-zavezniku-v-evropi-in-napovedal-nadaljevanje-partnerstva\/#breadcrumb\"},\"inLanguage\":\"sl-SI\",\"potentialAction\":[{\"@type\":\"ReadAction\",\"target\":[\"https:\/\/hudo.com\/si\/aktualno\/svet\/putin-cestital-svojemu-zadnjemu-zavezniku-v-evropi-in-napovedal-nadaljevanje-partnerstva\/\"]}]},{\"@type\":\"BreadcrumbList\",\"@id\":\"https:\/\/hudo.com\/si\/aktualno\/svet\/putin-cestital-svojemu-zadnjemu-zavezniku-v-evropi-in-napovedal-nadaljevanje-partnerstva\/#breadcrumb\",\"itemListElement\":[{\"@type\":\"ListItem\",\"position\":1,\"name\":\"Home\",\"item\":\"https:\/\/hudo.com\/si\/\"},{\"@type\":\"ListItem\",\"position\":2,\"name\":\"Putin \u010destital svojemu zadnjemu zavezniku v Evropi in napovedal nadaljevanje partnerstva\"}]},{\"@type\":\"WebSite\",\"@id\":\"https:\/\/hudo.com\/si\/#website\",\"url\":\"https:\/\/hudo.com\/si\/\",\"name\":\"Hudo Slovenija\",\"description\":\"Vse novice iz Slovenije in sveta\",\"publisher\":{\"@id\":\"https:\/\/hudo.com\/si\/#organization\"},\"potentialAction\":[{\"@type\":\"SearchAction\",\"target\":{\"@type\":\"EntryPoint\",\"urlTemplate\":\"https:\/\/hudo.com\/si\/?s={search_term_string}\"},\"query-input\":\"required name=search_term_string\"}],\"inLanguage\":\"sl-SI\"},{\"@type\":\"Organization\",\"@id\":\"https:\/\/hudo.com\/si\/#organization\",\"name\":\"VSN Media\",\"url\":\"https:\/\/hudo.com\/si\/\",\"logo\":{\"@type\":\"ImageObject\",\"inLanguage\":\"sl-SI\",\"@id\":\"https:\/\/hudo.com\/si\/#\/schema\/logo\/image\/\",\"url\":\"https:\/\/hudo.com\/si\/wp-content\/uploads\/sites\/2\/2021\/03\/hudo-app-2.png\",\"contentUrl\":\"https:\/\/hudo.com\/si\/wp-content\/uploads\/sites\/2\/2021\/03\/hudo-app-2.png\",\"width\":2185,\"height\":2167,\"caption\":\"VSN Media\"},\"image\":{\"@id\":\"https:\/\/hudo.com\/si\/#\/schema\/logo\/image\/\"},\"sameAs\":[\"https:\/\/www.facebook.com\/hudo.si\",\"https:\/\/twitter.com\/hudo_si\"]},{\"@type\":\"Person\",\"@id\":\"https:\/\/hudo.com\/si\/#\/schema\/person\/18f09c02475ba9e606e941a565b80cff\",\"name\":\"A. P., STA\",\"image\":{\"@type\":\"ImageObject\",\"inLanguage\":\"sl-SI\",\"@id\":\"https:\/\/hudo.com\/si\/#\/schema\/person\/image\/\",\"url\":\"https:\/\/secure.gravatar.com\/avatar\/03eac8e609f5f04383125d80eaeaaf3e?s=96&d=mm&r=g\",\"contentUrl\":\"https:\/\/secure.gravatar.com\/avatar\/03eac8e609f5f04383125d80eaeaaf3e?s=96&d=mm&r=g\",\"caption\":\"A. P., STA\"},\"url\":\"https:\/\/hudo.com\/si\/author\/lubu\/\"}]}<\/script>\n<!-- \/ Yoast SEO plugin. -->","yoast_head_json":{"title":"Putin \u010destital svojemu zadnjemu zavezniku v Evropi in napovedal nadaljevanje partnerstva - Hudo Slovenija","robots":{"index":"index","follow":"follow","max-snippet":"max-snippet:-1","max-image-preview":"max-image-preview:large","max-video-preview":"max-video-preview:-1"},"canonical":"https:\/\/hudo.com\/si\/aktualno\/svet\/putin-cestital-svojemu-zadnjemu-zavezniku-v-evropi-in-napovedal-nadaljevanje-partnerstva\/","og_locale":"sl_SI","og_type":"article","og_title":"Putin \u010destital svojemu zadnjemu zavezniku v Evropi in napovedal nadaljevanje partnerstva - Hudo Slovenija","og_description":"Ruski predsednik Vladimir Putin, ki je zaradi invazije v Ukrajini postal sovra\u017enik Zahoda \u0161tevilka ena, je danes mad\u017earskemu premierju Viktorju Orbanu \u010destital ob \u017ee \u010detrti zaporedni zmagi njegove stranke Fidesz na parlamentarnih volitvah. Obenem je izrazil upanje, da se bo partnerstvo med njunima dr\u017eavama nadaljevalo.","og_url":"https:\/\/hudo.com\/si\/aktualno\/svet\/putin-cestital-svojemu-zadnjemu-zavezniku-v-evropi-in-napovedal-nadaljevanje-partnerstva\/","og_site_name":"Hudo Slovenija","article_publisher":"https:\/\/www.facebook.com\/hudo.si","article_published_time":"2022-04-04T11:05:56+00:00","og_image":[{"width":1219,"height":1024,"url":"https:\/\/hudo.com\/si\/wp-content\/uploads\/sites\/2\/2022\/04\/profimedia-0480111204-1.jpg","type":"image\/jpeg"}],"author":"A. P., STA","twitter_card":"summary_large_image","twitter_creator":"@hudo_si","twitter_site":"@hudo_si","twitter_misc":{"Written by":"A. P., STA","Est. reading time":"1 minuta"},"schema":{"@context":"https:\/\/schema.org","@graph":[{"@type":"Article","@id":"https:\/\/hudo.com\/si\/aktualno\/svet\/putin-cestital-svojemu-zadnjemu-zavezniku-v-evropi-in-napovedal-nadaljevanje-partnerstva\/#article","isPartOf":{"@id":"https:\/\/hudo.com\/si\/aktualno\/svet\/putin-cestital-svojemu-zadnjemu-zavezniku-v-evropi-in-napovedal-nadaljevanje-partnerstva\/"},"author":{"name":"A. P., STA","@id":"https:\/\/hudo.com\/si\/#\/schema\/person\/18f09c02475ba9e606e941a565b80cff"},"headline":"Putin \u010destital svojemu zadnjemu zavezniku v Evropi in napovedal nadaljevanje partnerstva","datePublished":"2022-04-04T11:05:56+00:00","dateModified":"2022-04-04T11:05:56+00:00","mainEntityOfPage":{"@id":"https:\/\/hudo.com\/si\/aktualno\/svet\/putin-cestital-svojemu-zadnjemu-zavezniku-v-evropi-in-napovedal-nadaljevanje-partnerstva\/"},"wordCount":272,"publisher":{"@id":"https:\/\/hudo.com\/si\/#organization"},"keywords":["viktor orban","Vladimir Putin"],"articleSection":["Svet"],"inLanguage":"sl-SI"},{"@type":"WebPage","@id":"https:\/\/hudo.com\/si\/aktualno\/svet\/putin-cestital-svojemu-zadnjemu-zavezniku-v-evropi-in-napovedal-nadaljevanje-partnerstva\/","url":"https:\/\/hudo.com\/si\/aktualno\/svet\/putin-cestital-svojemu-zadnjemu-zavezniku-v-evropi-in-napovedal-nadaljevanje-partnerstva\/","name":"Putin \u010destital svojemu zadnjemu zavezniku v Evropi in napovedal nadaljevanje partnerstva - Hudo Slovenija","isPartOf":{"@id":"https:\/\/hudo.com\/si\/#website"},"datePublished":"2022-04-04T11:05:56+00:00","dateModified":"2022-04-04T11:05:56+00:00","breadcrumb":{"@id":"https:\/\/hudo.com\/si\/aktualno\/svet\/putin-cestital-svojemu-zadnjemu-zavezniku-v-evropi-in-napovedal-nadaljevanje-partnerstva\/#breadcrumb"},"inLanguage":"sl-SI","potentialAction":[{"@type":"ReadAction","target":["https:\/\/hudo.com\/si\/aktualno\/svet\/putin-cestital-svojemu-zadnjemu-zavezniku-v-evropi-in-napovedal-nadaljevanje-partnerstva\/"]}]},{"@type":"BreadcrumbList","@id":"https:\/\/hudo.com\/si\/aktualno\/svet\/putin-cestital-svojemu-zadnjemu-zavezniku-v-evropi-in-napovedal-nadaljevanje-partnerstva\/#breadcrumb","itemListElement":[{"@type":"ListItem","position":1,"name":"Home","item":"https:\/\/hudo.com\/si\/"},{"@type":"ListItem","position":2,"name":"Putin \u010destital svojemu zadnjemu zavezniku v Evropi in napovedal nadaljevanje partnerstva"}]},{"@type":"WebSite","@id":"https:\/\/hudo.com\/si\/#website","url":"https:\/\/hudo.com\/si\/","name":"Hudo Slovenija","description":"Vse novice iz Slovenije in sveta","publisher":{"@id":"https:\/\/hudo.com\/si\/#organization"},"potentialAction":[{"@type":"SearchAction","target":{"@type":"EntryPoint","urlTemplate":"https:\/\/hudo.com\/si\/?s={search_term_string}"},"query-input":"required name=search_term_string"}],"inLanguage":"sl-SI"},{"@type":"Organization","@id":"https:\/\/hudo.com\/si\/#organization","name":"VSN Media","url":"https:\/\/hudo.com\/si\/","logo":{"@type":"ImageObject","inLanguage":"sl-SI","@id":"https:\/\/hudo.com\/si\/#\/schema\/logo\/image\/","url":"https:\/\/hudo.com\/si\/wp-content\/uploads\/sites\/2\/2021\/03\/hudo-app-2.png","contentUrl":"https:\/\/hudo.com\/si\/wp-content\/uploads\/sites\/2\/2021\/03\/hudo-app-2.png","width":2185,"height":2167,"caption":"VSN Media"},"image":{"@id":"https:\/\/hudo.com\/si\/#\/schema\/logo\/image\/"},"sameAs":["https:\/\/www.facebook.com\/hudo.si","https:\/\/twitter.com\/hudo_si"]},{"@type":"Person","@id":"https:\/\/hudo.com\/si\/#\/schema\/person\/18f09c02475ba9e606e941a565b80cff","name":"A. P., STA","image":{"@type":"ImageObject","inLanguage":"sl-SI","@id":"https:\/\/hudo.com\/si\/#\/schema\/person\/image\/","url":"https:\/\/secure.gravatar.com\/avatar\/03eac8e609f5f04383125d80eaeaaf3e?s=96&d=mm&r=g","contentUrl":"https:\/\/secure.gravatar.com\/avatar\/03eac8e609f5f04383125d80eaeaaf3e?s=96&d=mm&r=g","caption":"A. P., STA"},"url":"https:\/\/hudo.com\/si\/author\/lubu\/"}]}},"amp_enabled":true,"_links":{"self":[{"href":"https:\/\/hudo.com\/si\/wp-json\/wp\/v2\/posts\/467010"}],"collection":[{"href":"https:\/\/hudo.com\/si\/wp-json\/wp\/v2\/posts"}],"about":[{"href":"https:\/\/hudo.com\/si\/wp-json\/wp\/v2\/types\/post"}],"author":[{"embeddable":true,"href":"https:\/\/hudo.com\/si\/wp-json\/wp\/v2\/users\/7"}],"replies":[{"embeddable":true,"href":"https:\/\/hudo.com\/si\/wp-json\/wp\/v2\/comments?post=467010"}],"version-history":[{"count":1,"href":"https:\/\/hudo.com\/si\/wp-json\/wp\/v2\/posts\/467010\/revisions"}],"predecessor-version":[{"id":467012,"href":"https:\/\/hudo.com\/si\/wp-json\/wp\/v2\/posts\/467010\/revisions\/467012"}],"wp:featuredmedia":[{"embeddable":true,"href":"https:\/\/hudo.com\/si\/wp-json\/wp\/v2\/media\/467011"}],"wp:attachment":[{"href":"https:\/\/hudo.com\/si\/wp-json\/wp\/v2\/media?parent=467010"}],"wp:term":[{"taxonomy":"category","embeddable":true,"href":"https:\/\/hudo.com\/si\/wp-json\/wp\/v2\/categories?post=467010"},{"taxonomy":"post_tag","embeddable":true,"href":"https:\/\/hudo.com\/si\/wp-json\/wp\/v2\/tags?post=467010"},{"taxonomy":"source","embeddable":true,"href":"https:\/\/hudo.com\/si\/wp-json\/wp\/v2\/source?post=467010"},{"taxonomy":"supertag","embeddable":true,"href":"https:\/\/hudo.com\/si\/wp-json\/wp\/v2\/supertag?post=467010"}],"curies":[{"name":"wp","href":"https:\/\/api.w.org\/{rel}","templated":true}]}}