{"id":467039,"date":"2022-04-05T14:07:11","date_gmt":"2022-04-05T12:07:11","guid":{"rendered":"https:\/\/hudo.com\/si\/?p=467039"},"modified":"2022-04-05T14:09:33","modified_gmt":"2022-04-05T12:09:33","slug":"v-ljubljanskih-osnovnih-solah-za-zdaj-57-ukrajinskih-otrok-otroci-zaenkrat-intgrirani-brez-vecjih-tezav","status":"publish","type":"post","link":"https:\/\/hudo.com\/si\/aktualno\/slovenija\/v-ljubljanskih-osnovnih-solah-za-zdaj-57-ukrajinskih-otrok-otroci-zaenkrat-intgrirani-brez-vecjih-tezav\/","title":{"rendered":"V ljubljanskih osnovnih \u0161olah 57 ukrajinskih otrok, otroci zaenkrat intgrirani brez ve\u010djih te\u017eav"},"content":{"rendered":"<p>Ukrajinske otroke, ki so do zdaj prispeli v Ljubljano, posku\u0161ajo umestiti v najprimernej\u0161i razred, za zdaj pa ni bilo zaznati nobenih prito\u017eb, je na dana\u0161nji novinarski konferenci dejal Jankovi\u0107, ki se je na ponedeljkovem kolegiju sestal tudi z ravnatelji ljubljanskih \u0161ol.<\/p>\n<p>Z nekaj ve\u010d te\u017eavami pa se soo\u010dajo ob vpisu ukrajinskih otrok v vrtec, saj morajo po besedah Jankovi\u0107a posamezniki za to pridobiti ustrezno dokumentacijo. Ko bo tudi vlada uredila postopek pridobivanja potrebne dokumentacije, da bo ta \u010dim kraj\u0161i, pa je pri tem pripravljena pomo\u010d nuditi tudi ob\u010dina, je \u0161e zatrdil.<\/p>\n<p>Sicer pa Jankovi\u0107 \u0161e ocenjuje, da integracija otrok v \u0161ole poteka dobro. Kot je \u0161e spomnil, je ena izmed ljubljanskih \u0161ol, Osnovna \u0161ola Livada v preteklosti tudi \u017ee prejela evropsko jezikovno priznanje za sprejemanje raznolikosti v \u0161olah, pou\u010devali so otroke 35 razli\u010dnih narodnosti.<\/p>\n","protected":false},"excerpt":{"rendered":"<p>Ljubljanske osnovne \u0161ole po podatkih z za\u010detka tega tedna obiskuje 57 ukrajinskih otrok, najve\u010d osnovno \u0161olo Danile Kumar in osnovno \u0161olo Majde Vrhovnik. Po besedah ljubljanskega \u017eupana Zorana Jankovi\u0107a pri integraciji otrok v \u0161ole za zdaj ve\u010djih te\u017eav niso zaznali, posku\u0161ajo pa jih vklju\u010diti tudi v \u010dim ve\u010d popoldanskih aktivnosti.<\/p>\n","protected":false},"author":8,"featured_media":465700,"comment_status":"closed","ping_status":"closed","sticky":false,"template":"","format":"standard","meta":{"footnotes":""},"categories":[18201],"tags":[19846,1595,4900,3673,19793],"source":[4511],"supertag":[5675],"acf":[],"yoast_head":"<!-- This site is optimized with the Yoast SEO plugin v21.3 - https:\/\/yoast.com\/wordpress\/plugins\/seo\/ -->\n<title>V ljubljanskih osnovnih \u0161olah 57 ukrajinskih otrok, otroci zaenkrat intgrirani brez ve\u010djih te\u017eav - Hudo Slovenija<\/title>\n<meta name=\"robots\" content=\"index, follow, max-snippet:-1, max-image-preview:large, max-video-preview:-1\" \/>\n<link rel=\"canonical\" href=\"https:\/\/hudo.com\/si\/aktualno\/slovenija\/v-ljubljanskih-osnovnih-solah-za-zdaj-57-ukrajinskih-otrok-otroci-zaenkrat-intgrirani-brez-vecjih-tezav\/\" \/>\n<meta property=\"og:locale\" content=\"sl_SI\" \/>\n<meta property=\"og:type\" content=\"article\" \/>\n<meta property=\"og:title\" content=\"V ljubljanskih osnovnih \u0161olah 57 ukrajinskih otrok, otroci zaenkrat intgrirani brez ve\u010djih te\u017eav - Hudo Slovenija\" \/>\n<meta property=\"og:description\" content=\"Ljubljanske osnovne \u0161ole po podatkih z za\u010detka tega tedna obiskuje 57 ukrajinskih otrok, najve\u010d osnovno \u0161olo Danile Kumar in osnovno \u0161olo Majde Vrhovnik. Po besedah ljubljanskega \u017eupana Zorana Jankovi\u0107a pri integraciji otrok v \u0161ole za zdaj ve\u010djih te\u017eav niso zaznali, posku\u0161ajo pa jih vklju\u010diti tudi v \u010dim ve\u010d popoldanskih aktivnosti.\" \/>\n<meta property=\"og:url\" content=\"https:\/\/hudo.com\/si\/aktualno\/slovenija\/v-ljubljanskih-osnovnih-solah-za-zdaj-57-ukrajinskih-otrok-otroci-zaenkrat-intgrirani-brez-vecjih-tezav\/\" \/>\n<meta property=\"og:site_name\" content=\"Hudo Slovenija\" \/>\n<meta property=\"article:publisher\" content=\"https:\/\/www.facebook.com\/hudo.si\" \/>\n<meta property=\"article:published_time\" content=\"2022-04-05T12:07:11+00:00\" \/>\n<meta property=\"article:modified_time\" content=\"2022-04-05T12:09:33+00:00\" \/>\n<meta property=\"og:image\" content=\"https:\/\/hudo.com\/si\/wp-content\/uploads\/sites\/2\/2022\/02\/Screenshot-from-2022-02-28-14-09-46.jpg\" \/>\n\t<meta property=\"og:image:width\" content=\"906\" \/>\n\t<meta property=\"og:image:height\" content=\"605\" \/>\n\t<meta property=\"og:image:type\" content=\"image\/jpeg\" \/>\n<meta name=\"author\" content=\"M. N., STA\" \/>\n<meta name=\"twitter:card\" content=\"summary_large_image\" \/>\n<meta name=\"twitter:creator\" content=\"@hudo_si\" \/>\n<meta name=\"twitter:site\" content=\"@hudo_si\" \/>\n<meta name=\"twitter:label1\" content=\"Written by\" \/>\n\t<meta name=\"twitter:data1\" content=\"M. N., STA\" \/>\n\t<meta name=\"twitter:label2\" content=\"Est. reading time\" \/>\n\t<meta name=\"twitter:data2\" content=\"1 minuta\" \/>\n<script type=\"application\/ld+json\" class=\"yoast-schema-graph\">{\"@context\":\"https:\/\/schema.org\",\"@graph\":[{\"@type\":\"Article\",\"@id\":\"https:\/\/hudo.com\/si\/aktualno\/slovenija\/v-ljubljanskih-osnovnih-solah-za-zdaj-57-ukrajinskih-otrok-otroci-zaenkrat-intgrirani-brez-vecjih-tezav\/#article\",\"isPartOf\":{\"@id\":\"https:\/\/hudo.com\/si\/aktualno\/slovenija\/v-ljubljanskih-osnovnih-solah-za-zdaj-57-ukrajinskih-otrok-otroci-zaenkrat-intgrirani-brez-vecjih-tezav\/\"},\"author\":{\"name\":\"M. N., STA\",\"@id\":\"https:\/\/hudo.com\/si\/#\/schema\/person\/c2f10ce65d2e6ede2aeda5be2a0611fa\"},\"headline\":\"V ljubljanskih osnovnih \u0161olah 57 ukrajinskih otrok, otroci zaenkrat intgrirani brez ve\u010djih te\u017eav\",\"datePublished\":\"2022-04-05T12:07:11+00:00\",\"dateModified\":\"2022-04-05T12:09:33+00:00\",\"mainEntityOfPage\":{\"@id\":\"https:\/\/hudo.com\/si\/aktualno\/slovenija\/v-ljubljanskih-osnovnih-solah-za-zdaj-57-ukrajinskih-otrok-otroci-zaenkrat-intgrirani-brez-vecjih-tezav\/\"},\"wordCount\":158,\"publisher\":{\"@id\":\"https:\/\/hudo.com\/si\/#organization\"},\"keywords\":[\"otroci iz ukrajine\",\"Slovenija\",\"\u0161ola\",\"ukrajina\",\"vojna v ukrajini\"],\"articleSection\":[\"Slovenija\"],\"inLanguage\":\"sl-SI\"},{\"@type\":\"WebPage\",\"@id\":\"https:\/\/hudo.com\/si\/aktualno\/slovenija\/v-ljubljanskih-osnovnih-solah-za-zdaj-57-ukrajinskih-otrok-otroci-zaenkrat-intgrirani-brez-vecjih-tezav\/\",\"url\":\"https:\/\/hudo.com\/si\/aktualno\/slovenija\/v-ljubljanskih-osnovnih-solah-za-zdaj-57-ukrajinskih-otrok-otroci-zaenkrat-intgrirani-brez-vecjih-tezav\/\",\"name\":\"V ljubljanskih osnovnih \u0161olah 57 ukrajinskih otrok, otroci zaenkrat intgrirani brez ve\u010djih te\u017eav - Hudo Slovenija\",\"isPartOf\":{\"@id\":\"https:\/\/hudo.com\/si\/#website\"},\"datePublished\":\"2022-04-05T12:07:11+00:00\",\"dateModified\":\"2022-04-05T12:09:33+00:00\",\"breadcrumb\":{\"@id\":\"https:\/\/hudo.com\/si\/aktualno\/slovenija\/v-ljubljanskih-osnovnih-solah-za-zdaj-57-ukrajinskih-otrok-otroci-zaenkrat-intgrirani-brez-vecjih-tezav\/#breadcrumb\"},\"inLanguage\":\"sl-SI\",\"potentialAction\":[{\"@type\":\"ReadAction\",\"target\":[\"https:\/\/hudo.com\/si\/aktualno\/slovenija\/v-ljubljanskih-osnovnih-solah-za-zdaj-57-ukrajinskih-otrok-otroci-zaenkrat-intgrirani-brez-vecjih-tezav\/\"]}]},{\"@type\":\"BreadcrumbList\",\"@id\":\"https:\/\/hudo.com\/si\/aktualno\/slovenija\/v-ljubljanskih-osnovnih-solah-za-zdaj-57-ukrajinskih-otrok-otroci-zaenkrat-intgrirani-brez-vecjih-tezav\/#breadcrumb\",\"itemListElement\":[{\"@type\":\"ListItem\",\"position\":1,\"name\":\"Home\",\"item\":\"https:\/\/hudo.com\/si\/\"},{\"@type\":\"ListItem\",\"position\":2,\"name\":\"V ljubljanskih osnovnih \u0161olah 57 ukrajinskih otrok, otroci zaenkrat intgrirani brez ve\u010djih te\u017eav\"}]},{\"@type\":\"WebSite\",\"@id\":\"https:\/\/hudo.com\/si\/#website\",\"url\":\"https:\/\/hudo.com\/si\/\",\"name\":\"Hudo Slovenija\",\"description\":\"Vse novice iz Slovenije in sveta\",\"publisher\":{\"@id\":\"https:\/\/hudo.com\/si\/#organization\"},\"potentialAction\":[{\"@type\":\"SearchAction\",\"target\":{\"@type\":\"EntryPoint\",\"urlTemplate\":\"https:\/\/hudo.com\/si\/?s={search_term_string}\"},\"query-input\":\"required name=search_term_string\"}],\"inLanguage\":\"sl-SI\"},{\"@type\":\"Organization\",\"@id\":\"https:\/\/hudo.com\/si\/#organization\",\"name\":\"VSN Media\",\"url\":\"https:\/\/hudo.com\/si\/\",\"logo\":{\"@type\":\"ImageObject\",\"inLanguage\":\"sl-SI\",\"@id\":\"https:\/\/hudo.com\/si\/#\/schema\/logo\/image\/\",\"url\":\"https:\/\/hudo.com\/si\/wp-content\/uploads\/sites\/2\/2021\/03\/hudo-app-2.png\",\"contentUrl\":\"https:\/\/hudo.com\/si\/wp-content\/uploads\/sites\/2\/2021\/03\/hudo-app-2.png\",\"width\":2185,\"height\":2167,\"caption\":\"VSN Media\"},\"image\":{\"@id\":\"https:\/\/hudo.com\/si\/#\/schema\/logo\/image\/\"},\"sameAs\":[\"https:\/\/www.facebook.com\/hudo.si\",\"https:\/\/twitter.com\/hudo_si\"]},{\"@type\":\"Person\",\"@id\":\"https:\/\/hudo.com\/si\/#\/schema\/person\/c2f10ce65d2e6ede2aeda5be2a0611fa\",\"name\":\"M. N., STA\",\"image\":{\"@type\":\"ImageObject\",\"inLanguage\":\"sl-SI\",\"@id\":\"https:\/\/hudo.com\/si\/#\/schema\/person\/image\/\",\"url\":\"https:\/\/secure.gravatar.com\/avatar\/f370d38daa10467f755c5c766a4cac20?s=96&d=mm&r=g\",\"contentUrl\":\"https:\/\/secure.gravatar.com\/avatar\/f370d38daa10467f755c5c766a4cac20?s=96&d=mm&r=g\",\"caption\":\"M. N., STA\"},\"url\":\"https:\/\/hudo.com\/si\/author\/mana\/\"}]}<\/script>\n<!-- \/ Yoast SEO plugin. -->","yoast_head_json":{"title":"V ljubljanskih osnovnih \u0161olah 57 ukrajinskih otrok, otroci zaenkrat intgrirani brez ve\u010djih te\u017eav - Hudo Slovenija","robots":{"index":"index","follow":"follow","max-snippet":"max-snippet:-1","max-image-preview":"max-image-preview:large","max-video-preview":"max-video-preview:-1"},"canonical":"https:\/\/hudo.com\/si\/aktualno\/slovenija\/v-ljubljanskih-osnovnih-solah-za-zdaj-57-ukrajinskih-otrok-otroci-zaenkrat-intgrirani-brez-vecjih-tezav\/","og_locale":"sl_SI","og_type":"article","og_title":"V ljubljanskih osnovnih \u0161olah 57 ukrajinskih otrok, otroci zaenkrat intgrirani brez ve\u010djih te\u017eav - Hudo Slovenija","og_description":"Ljubljanske osnovne \u0161ole po podatkih z za\u010detka tega tedna obiskuje 57 ukrajinskih otrok, najve\u010d osnovno \u0161olo Danile Kumar in osnovno \u0161olo Majde Vrhovnik. Po besedah ljubljanskega \u017eupana Zorana Jankovi\u0107a pri integraciji otrok v \u0161ole za zdaj ve\u010djih te\u017eav niso zaznali, posku\u0161ajo pa jih vklju\u010diti tudi v \u010dim ve\u010d popoldanskih aktivnosti.","og_url":"https:\/\/hudo.com\/si\/aktualno\/slovenija\/v-ljubljanskih-osnovnih-solah-za-zdaj-57-ukrajinskih-otrok-otroci-zaenkrat-intgrirani-brez-vecjih-tezav\/","og_site_name":"Hudo Slovenija","article_publisher":"https:\/\/www.facebook.com\/hudo.si","article_published_time":"2022-04-05T12:07:11+00:00","article_modified_time":"2022-04-05T12:09:33+00:00","og_image":[{"width":906,"height":605,"url":"https:\/\/hudo.com\/si\/wp-content\/uploads\/sites\/2\/2022\/02\/Screenshot-from-2022-02-28-14-09-46.jpg","type":"image\/jpeg"}],"author":"M. N., STA","twitter_card":"summary_large_image","twitter_creator":"@hudo_si","twitter_site":"@hudo_si","twitter_misc":{"Written by":"M. N., STA","Est. reading time":"1 minuta"},"schema":{"@context":"https:\/\/schema.org","@graph":[{"@type":"Article","@id":"https:\/\/hudo.com\/si\/aktualno\/slovenija\/v-ljubljanskih-osnovnih-solah-za-zdaj-57-ukrajinskih-otrok-otroci-zaenkrat-intgrirani-brez-vecjih-tezav\/#article","isPartOf":{"@id":"https:\/\/hudo.com\/si\/aktualno\/slovenija\/v-ljubljanskih-osnovnih-solah-za-zdaj-57-ukrajinskih-otrok-otroci-zaenkrat-intgrirani-brez-vecjih-tezav\/"},"author":{"name":"M. N., STA","@id":"https:\/\/hudo.com\/si\/#\/schema\/person\/c2f10ce65d2e6ede2aeda5be2a0611fa"},"headline":"V ljubljanskih osnovnih \u0161olah 57 ukrajinskih otrok, otroci zaenkrat intgrirani brez ve\u010djih te\u017eav","datePublished":"2022-04-05T12:07:11+00:00","dateModified":"2022-04-05T12:09:33+00:00","mainEntityOfPage":{"@id":"https:\/\/hudo.com\/si\/aktualno\/slovenija\/v-ljubljanskih-osnovnih-solah-za-zdaj-57-ukrajinskih-otrok-otroci-zaenkrat-intgrirani-brez-vecjih-tezav\/"},"wordCount":158,"publisher":{"@id":"https:\/\/hudo.com\/si\/#organization"},"keywords":["otroci iz ukrajine","Slovenija","\u0161ola","ukrajina","vojna v ukrajini"],"articleSection":["Slovenija"],"inLanguage":"sl-SI"},{"@type":"WebPage","@id":"https:\/\/hudo.com\/si\/aktualno\/slovenija\/v-ljubljanskih-osnovnih-solah-za-zdaj-57-ukrajinskih-otrok-otroci-zaenkrat-intgrirani-brez-vecjih-tezav\/","url":"https:\/\/hudo.com\/si\/aktualno\/slovenija\/v-ljubljanskih-osnovnih-solah-za-zdaj-57-ukrajinskih-otrok-otroci-zaenkrat-intgrirani-brez-vecjih-tezav\/","name":"V ljubljanskih osnovnih \u0161olah 57 ukrajinskih otrok, otroci zaenkrat intgrirani brez ve\u010djih te\u017eav - Hudo Slovenija","isPartOf":{"@id":"https:\/\/hudo.com\/si\/#website"},"datePublished":"2022-04-05T12:07:11+00:00","dateModified":"2022-04-05T12:09:33+00:00","breadcrumb":{"@id":"https:\/\/hudo.com\/si\/aktualno\/slovenija\/v-ljubljanskih-osnovnih-solah-za-zdaj-57-ukrajinskih-otrok-otroci-zaenkrat-intgrirani-brez-vecjih-tezav\/#breadcrumb"},"inLanguage":"sl-SI","potentialAction":[{"@type":"ReadAction","target":["https:\/\/hudo.com\/si\/aktualno\/slovenija\/v-ljubljanskih-osnovnih-solah-za-zdaj-57-ukrajinskih-otrok-otroci-zaenkrat-intgrirani-brez-vecjih-tezav\/"]}]},{"@type":"BreadcrumbList","@id":"https:\/\/hudo.com\/si\/aktualno\/slovenija\/v-ljubljanskih-osnovnih-solah-za-zdaj-57-ukrajinskih-otrok-otroci-zaenkrat-intgrirani-brez-vecjih-tezav\/#breadcrumb","itemListElement":[{"@type":"ListItem","position":1,"name":"Home","item":"https:\/\/hudo.com\/si\/"},{"@type":"ListItem","position":2,"name":"V ljubljanskih osnovnih \u0161olah 57 ukrajinskih otrok, otroci zaenkrat intgrirani brez ve\u010djih te\u017eav"}]},{"@type":"WebSite","@id":"https:\/\/hudo.com\/si\/#website","url":"https:\/\/hudo.com\/si\/","name":"Hudo Slovenija","description":"Vse novice iz Slovenije in sveta","publisher":{"@id":"https:\/\/hudo.com\/si\/#organization"},"potentialAction":[{"@type":"SearchAction","target":{"@type":"EntryPoint","urlTemplate":"https:\/\/hudo.com\/si\/?s={search_term_string}"},"query-input":"required name=search_term_string"}],"inLanguage":"sl-SI"},{"@type":"Organization","@id":"https:\/\/hudo.com\/si\/#organization","name":"VSN Media","url":"https:\/\/hudo.com\/si\/","logo":{"@type":"ImageObject","inLanguage":"sl-SI","@id":"https:\/\/hudo.com\/si\/#\/schema\/logo\/image\/","url":"https:\/\/hudo.com\/si\/wp-content\/uploads\/sites\/2\/2021\/03\/hudo-app-2.png","contentUrl":"https:\/\/hudo.com\/si\/wp-content\/uploads\/sites\/2\/2021\/03\/hudo-app-2.png","width":2185,"height":2167,"caption":"VSN Media"},"image":{"@id":"https:\/\/hudo.com\/si\/#\/schema\/logo\/image\/"},"sameAs":["https:\/\/www.facebook.com\/hudo.si","https:\/\/twitter.com\/hudo_si"]},{"@type":"Person","@id":"https:\/\/hudo.com\/si\/#\/schema\/person\/c2f10ce65d2e6ede2aeda5be2a0611fa","name":"M. N., STA","image":{"@type":"ImageObject","inLanguage":"sl-SI","@id":"https:\/\/hudo.com\/si\/#\/schema\/person\/image\/","url":"https:\/\/secure.gravatar.com\/avatar\/f370d38daa10467f755c5c766a4cac20?s=96&d=mm&r=g","contentUrl":"https:\/\/secure.gravatar.com\/avatar\/f370d38daa10467f755c5c766a4cac20?s=96&d=mm&r=g","caption":"M. N., STA"},"url":"https:\/\/hudo.com\/si\/author\/mana\/"}]}},"amp_enabled":true,"_links":{"self":[{"href":"https:\/\/hudo.com\/si\/wp-json\/wp\/v2\/posts\/467039"}],"collection":[{"href":"https:\/\/hudo.com\/si\/wp-json\/wp\/v2\/posts"}],"about":[{"href":"https:\/\/hudo.com\/si\/wp-json\/wp\/v2\/types\/post"}],"author":[{"embeddable":true,"href":"https:\/\/hudo.com\/si\/wp-json\/wp\/v2\/users\/8"}],"replies":[{"embeddable":true,"href":"https:\/\/hudo.com\/si\/wp-json\/wp\/v2\/comments?post=467039"}],"version-history":[{"count":2,"href":"https:\/\/hudo.com\/si\/wp-json\/wp\/v2\/posts\/467039\/revisions"}],"predecessor-version":[{"id":467041,"href":"https:\/\/hudo.com\/si\/wp-json\/wp\/v2\/posts\/467039\/revisions\/467041"}],"wp:featuredmedia":[{"embeddable":true,"href":"https:\/\/hudo.com\/si\/wp-json\/wp\/v2\/media\/465700"}],"wp:attachment":[{"href":"https:\/\/hudo.com\/si\/wp-json\/wp\/v2\/media?parent=467039"}],"wp:term":[{"taxonomy":"category","embeddable":true,"href":"https:\/\/hudo.com\/si\/wp-json\/wp\/v2\/categories?post=467039"},{"taxonomy":"post_tag","embeddable":true,"href":"https:\/\/hudo.com\/si\/wp-json\/wp\/v2\/tags?post=467039"},{"taxonomy":"source","embeddable":true,"href":"https:\/\/hudo.com\/si\/wp-json\/wp\/v2\/source?post=467039"},{"taxonomy":"supertag","embeddable":true,"href":"https:\/\/hudo.com\/si\/wp-json\/wp\/v2\/supertag?post=467039"}],"curies":[{"name":"wp","href":"https:\/\/api.w.org\/{rel}","templated":true}]}}