{"id":46827,"date":"2016-05-06T13:16:44","date_gmt":"2016-05-06T11:16:44","guid":{"rendered":"http:\/\/hudo.com\/si\/?p=46827"},"modified":"2016-05-06T15:53:19","modified_gmt":"2016-05-06T13:53:19","slug":"pirc-musarje-poloza-generaln-direktorice-rtvs-2","status":"publish","type":"post","link":"https:\/\/hudo.com\/si\/aktualno\/pirc-musarje-poloza-generaln-direktorice-rtvs-2\/","title":{"rendered":"RTVS se obetajo korenite spremembe"},"content":{"rendered":"<div class=\"text\">\n<div class=\"text\">\n<p>Kot so pojasnili na Radioteleviziji Slovenija (RTVS), torej ne dr\u017eijo informacije, da je bila Nata\u0161a Pirc Musar s sodbo omenjenega sodi\u0161\u010da potrjena za generalno direktorico RTV Slovenija.<\/p>\n<p>&#8220;Skladno z razveljavitvijo sklepa o imenovanju generalnega direktorja je vzpostavljeno stanje na dan pred imenovanjem in je s tem Marko Filli v. d. generalnega direktorja, dokler programski svet RTV Slovenija ne dolo\u010di morebitnega novega v. d. generalnega direktorja,&#8221; so zapisali v sporo\u010dilu za javnost. Naslednja seja programskega sveta bo sicer v ponedeljek, 9. maja 2016.<\/p>\n<p>Nekdanja informacijska poobla\u0161\u010denka Pirc Musarjeva je bila aprila 2014 sprva izbrana za generalno direktorico RTVS, a so pozneje programski svetniki sklenili, da bodo glasovali ponovno. Kmalu se je namre\u010d izkazalo, da programski svetnik Matja\u017e Ster\u017ee ne bi smel biti na tej funkcij, saj je bil leta 2010 \u010dlan sveta Zaresa, zakon o RTV pa tak\u0161no \u010dlanstvo izrecno prepoveduje.<\/p>\n<p>Programski svet je zato obnovil postopek glasovanja, a le za novega generalnega direktorja, ko sta se v zadnji krog uvrstila sedanji direktor Marko Filli in Nata\u0161a Pirc Musar. Pri tem nobeden od njiju ni dobil potrebnih 15 glasov. V ponovljenem glasovanju je ve\u010dino glasov dobil Filli. Pirc Musarjeva je nato odlo\u010ditve spodbijala na sodi\u0161\u010du.<\/p>\n<p>S funkcije predsednika kot \u010dlana nadzornega odbora RTVS je sicer 22. aprila odstopil Domen Trobec, poro\u010da STA.<\/p>\n<\/div>\n<\/div>\n","protected":false},"excerpt":{"rendered":"<p>RTV Slovenija je po prou\u010ditvi sodbe vi\u0161jega delovnega in socialnega sodi\u0161\u010da ugotovila, da je bil sklep o imenovanju Marka Fillija za generalnega direktorja RTV Slovenija res razveljavljen, a sodi\u0161\u010de tudi ni postavilo Nata\u0161e Pirc Musar za generalno direktorico RTV Slovenija, so sporo\u010dili z RTVS. Filli tako ostaja v. d. generalnega direktorja.<\/p>\n","protected":false},"author":5,"featured_media":46902,"comment_status":"closed","ping_status":"closed","sticky":false,"template":"","format":"standard","meta":{"footnotes":""},"categories":[1179],"tags":[5078,5076,5077,4770],"source":[4511],"supertag":[],"acf":[],"yoast_head":"<!-- This site is optimized with the Yoast SEO plugin v21.3 - https:\/\/yoast.com\/wordpress\/plugins\/seo\/ -->\n<title>RTVS se obetajo korenite spremembe - Hudo Slovenija<\/title>\n<meta name=\"robots\" content=\"index, follow, max-snippet:-1, max-image-preview:large, max-video-preview:-1\" \/>\n<link rel=\"canonical\" href=\"https:\/\/hudo.com\/si\/aktualno\/pirc-musarje-poloza-generaln-direktorice-rtvs-2\/\" \/>\n<meta property=\"og:locale\" content=\"sl_SI\" \/>\n<meta property=\"og:type\" content=\"article\" \/>\n<meta property=\"og:title\" content=\"RTVS se obetajo korenite spremembe - Hudo Slovenija\" \/>\n<meta property=\"og:description\" content=\"RTV Slovenija je po prou\u010ditvi sodbe vi\u0161jega delovnega in socialnega sodi\u0161\u010da ugotovila, da je bil sklep o imenovanju Marka Fillija za generalnega direktorja RTV Slovenija res razveljavljen, a sodi\u0161\u010de tudi ni postavilo Nata\u0161e Pirc Musar za generalno direktorico RTV Slovenija, so sporo\u010dili z RTVS. Filli tako ostaja v. d. generalnega direktorja.\" \/>\n<meta property=\"og:url\" content=\"https:\/\/hudo.com\/si\/aktualno\/pirc-musarje-poloza-generaln-direktorice-rtvs-2\/\" \/>\n<meta property=\"og:site_name\" content=\"Hudo Slovenija\" \/>\n<meta property=\"article:publisher\" content=\"https:\/\/www.facebook.com\/hudo.si\" \/>\n<meta property=\"article:published_time\" content=\"2016-05-06T11:16:44+00:00\" \/>\n<meta property=\"article:modified_time\" content=\"2016-05-06T13:53:19+00:00\" \/>\n<meta property=\"og:image\" content=\"https:\/\/hudo.com\/si\/wp-content\/uploads\/sites\/2\/2016\/05\/12998554_1023369097699507_1467724473868127802_n.jpg\" \/>\n\t<meta property=\"og:image:width\" content=\"851\" \/>\n\t<meta property=\"og:image:height\" content=\"315\" \/>\n\t<meta property=\"og:image:type\" content=\"image\/jpeg\" \/>\n<meta name=\"author\" content=\"A. G., STA\" \/>\n<meta name=\"twitter:card\" content=\"summary_large_image\" \/>\n<meta name=\"twitter:creator\" content=\"@hudo_si\" \/>\n<meta name=\"twitter:site\" content=\"@hudo_si\" \/>\n<meta name=\"twitter:label1\" content=\"Written by\" \/>\n\t<meta name=\"twitter:data1\" content=\"A. G., STA\" \/>\n\t<meta name=\"twitter:label2\" content=\"Est. reading time\" \/>\n\t<meta name=\"twitter:data2\" content=\"1 minuta\" \/>\n<script type=\"application\/ld+json\" class=\"yoast-schema-graph\">{\"@context\":\"https:\/\/schema.org\",\"@graph\":[{\"@type\":\"Article\",\"@id\":\"https:\/\/hudo.com\/si\/aktualno\/pirc-musarje-poloza-generaln-direktorice-rtvs-2\/#article\",\"isPartOf\":{\"@id\":\"https:\/\/hudo.com\/si\/aktualno\/pirc-musarje-poloza-generaln-direktorice-rtvs-2\/\"},\"author\":{\"name\":\"A. G., STA\",\"@id\":\"https:\/\/hudo.com\/si\/#\/schema\/person\/2391667a63ea075ba94f2f2dc6b77537\"},\"headline\":\"RTVS se obetajo korenite spremembe\",\"datePublished\":\"2016-05-06T11:16:44+00:00\",\"dateModified\":\"2016-05-06T13:53:19+00:00\",\"mainEntityOfPage\":{\"@id\":\"https:\/\/hudo.com\/si\/aktualno\/pirc-musarje-poloza-generaln-direktorice-rtvs-2\/\"},\"wordCount\":223,\"publisher\":{\"@id\":\"https:\/\/hudo.com\/si\/#organization\"},\"keywords\":[\"imenovanje\",\"Nata\u0161a Pirc Musar\",\"RTV\",\"sodi\u0161\u010de\"],\"articleSection\":[\"Aktualno\"],\"inLanguage\":\"sl-SI\"},{\"@type\":\"WebPage\",\"@id\":\"https:\/\/hudo.com\/si\/aktualno\/pirc-musarje-poloza-generaln-direktorice-rtvs-2\/\",\"url\":\"https:\/\/hudo.com\/si\/aktualno\/pirc-musarje-poloza-generaln-direktorice-rtvs-2\/\",\"name\":\"RTVS se obetajo korenite spremembe - Hudo Slovenija\",\"isPartOf\":{\"@id\":\"https:\/\/hudo.com\/si\/#website\"},\"datePublished\":\"2016-05-06T11:16:44+00:00\",\"dateModified\":\"2016-05-06T13:53:19+00:00\",\"breadcrumb\":{\"@id\":\"https:\/\/hudo.com\/si\/aktualno\/pirc-musarje-poloza-generaln-direktorice-rtvs-2\/#breadcrumb\"},\"inLanguage\":\"sl-SI\",\"potentialAction\":[{\"@type\":\"ReadAction\",\"target\":[\"https:\/\/hudo.com\/si\/aktualno\/pirc-musarje-poloza-generaln-direktorice-rtvs-2\/\"]}]},{\"@type\":\"BreadcrumbList\",\"@id\":\"https:\/\/hudo.com\/si\/aktualno\/pirc-musarje-poloza-generaln-direktorice-rtvs-2\/#breadcrumb\",\"itemListElement\":[{\"@type\":\"ListItem\",\"position\":1,\"name\":\"Home\",\"item\":\"https:\/\/hudo.com\/si\/\"},{\"@type\":\"ListItem\",\"position\":2,\"name\":\"RTVS se obetajo korenite spremembe\"}]},{\"@type\":\"WebSite\",\"@id\":\"https:\/\/hudo.com\/si\/#website\",\"url\":\"https:\/\/hudo.com\/si\/\",\"name\":\"Hudo Slovenija\",\"description\":\"Vse novice iz Slovenije in sveta\",\"publisher\":{\"@id\":\"https:\/\/hudo.com\/si\/#organization\"},\"potentialAction\":[{\"@type\":\"SearchAction\",\"target\":{\"@type\":\"EntryPoint\",\"urlTemplate\":\"https:\/\/hudo.com\/si\/?s={search_term_string}\"},\"query-input\":\"required name=search_term_string\"}],\"inLanguage\":\"sl-SI\"},{\"@type\":\"Organization\",\"@id\":\"https:\/\/hudo.com\/si\/#organization\",\"name\":\"VSN Media\",\"url\":\"https:\/\/hudo.com\/si\/\",\"logo\":{\"@type\":\"ImageObject\",\"inLanguage\":\"sl-SI\",\"@id\":\"https:\/\/hudo.com\/si\/#\/schema\/logo\/image\/\",\"url\":\"https:\/\/hudo.com\/si\/wp-content\/uploads\/sites\/2\/2021\/03\/hudo-app-2.png\",\"contentUrl\":\"https:\/\/hudo.com\/si\/wp-content\/uploads\/sites\/2\/2021\/03\/hudo-app-2.png\",\"width\":2185,\"height\":2167,\"caption\":\"VSN Media\"},\"image\":{\"@id\":\"https:\/\/hudo.com\/si\/#\/schema\/logo\/image\/\"},\"sameAs\":[\"https:\/\/www.facebook.com\/hudo.si\",\"https:\/\/twitter.com\/hudo_si\"]},{\"@type\":\"Person\",\"@id\":\"https:\/\/hudo.com\/si\/#\/schema\/person\/2391667a63ea075ba94f2f2dc6b77537\",\"name\":\"A. G., STA\",\"image\":{\"@type\":\"ImageObject\",\"inLanguage\":\"sl-SI\",\"@id\":\"https:\/\/hudo.com\/si\/#\/schema\/person\/image\/\",\"url\":\"https:\/\/secure.gravatar.com\/avatar\/e13d22ac3e442658d5025fbbe6238a79?s=96&d=mm&r=g\",\"contentUrl\":\"https:\/\/secure.gravatar.com\/avatar\/e13d22ac3e442658d5025fbbe6238a79?s=96&d=mm&r=g\",\"caption\":\"A. G., STA\"},\"url\":\"https:\/\/hudo.com\/si\/author\/alenka\/\"}]}<\/script>\n<!-- \/ Yoast SEO plugin. -->","yoast_head_json":{"title":"RTVS se obetajo korenite spremembe - Hudo Slovenija","robots":{"index":"index","follow":"follow","max-snippet":"max-snippet:-1","max-image-preview":"max-image-preview:large","max-video-preview":"max-video-preview:-1"},"canonical":"https:\/\/hudo.com\/si\/aktualno\/pirc-musarje-poloza-generaln-direktorice-rtvs-2\/","og_locale":"sl_SI","og_type":"article","og_title":"RTVS se obetajo korenite spremembe - Hudo Slovenija","og_description":"RTV Slovenija je po prou\u010ditvi sodbe vi\u0161jega delovnega in socialnega sodi\u0161\u010da ugotovila, da je bil sklep o imenovanju Marka Fillija za generalnega direktorja RTV Slovenija res razveljavljen, a sodi\u0161\u010de tudi ni postavilo Nata\u0161e Pirc Musar za generalno direktorico RTV Slovenija, so sporo\u010dili z RTVS. Filli tako ostaja v. d. generalnega direktorja.","og_url":"https:\/\/hudo.com\/si\/aktualno\/pirc-musarje-poloza-generaln-direktorice-rtvs-2\/","og_site_name":"Hudo Slovenija","article_publisher":"https:\/\/www.facebook.com\/hudo.si","article_published_time":"2016-05-06T11:16:44+00:00","article_modified_time":"2016-05-06T13:53:19+00:00","og_image":[{"width":851,"height":315,"url":"https:\/\/hudo.com\/si\/wp-content\/uploads\/sites\/2\/2016\/05\/12998554_1023369097699507_1467724473868127802_n.jpg","type":"image\/jpeg"}],"author":"A. G., STA","twitter_card":"summary_large_image","twitter_creator":"@hudo_si","twitter_site":"@hudo_si","twitter_misc":{"Written by":"A. G., STA","Est. reading time":"1 minuta"},"schema":{"@context":"https:\/\/schema.org","@graph":[{"@type":"Article","@id":"https:\/\/hudo.com\/si\/aktualno\/pirc-musarje-poloza-generaln-direktorice-rtvs-2\/#article","isPartOf":{"@id":"https:\/\/hudo.com\/si\/aktualno\/pirc-musarje-poloza-generaln-direktorice-rtvs-2\/"},"author":{"name":"A. G., STA","@id":"https:\/\/hudo.com\/si\/#\/schema\/person\/2391667a63ea075ba94f2f2dc6b77537"},"headline":"RTVS se obetajo korenite spremembe","datePublished":"2016-05-06T11:16:44+00:00","dateModified":"2016-05-06T13:53:19+00:00","mainEntityOfPage":{"@id":"https:\/\/hudo.com\/si\/aktualno\/pirc-musarje-poloza-generaln-direktorice-rtvs-2\/"},"wordCount":223,"publisher":{"@id":"https:\/\/hudo.com\/si\/#organization"},"keywords":["imenovanje","Nata\u0161a Pirc Musar","RTV","sodi\u0161\u010de"],"articleSection":["Aktualno"],"inLanguage":"sl-SI"},{"@type":"WebPage","@id":"https:\/\/hudo.com\/si\/aktualno\/pirc-musarje-poloza-generaln-direktorice-rtvs-2\/","url":"https:\/\/hudo.com\/si\/aktualno\/pirc-musarje-poloza-generaln-direktorice-rtvs-2\/","name":"RTVS se obetajo korenite spremembe - Hudo Slovenija","isPartOf":{"@id":"https:\/\/hudo.com\/si\/#website"},"datePublished":"2016-05-06T11:16:44+00:00","dateModified":"2016-05-06T13:53:19+00:00","breadcrumb":{"@id":"https:\/\/hudo.com\/si\/aktualno\/pirc-musarje-poloza-generaln-direktorice-rtvs-2\/#breadcrumb"},"inLanguage":"sl-SI","potentialAction":[{"@type":"ReadAction","target":["https:\/\/hudo.com\/si\/aktualno\/pirc-musarje-poloza-generaln-direktorice-rtvs-2\/"]}]},{"@type":"BreadcrumbList","@id":"https:\/\/hudo.com\/si\/aktualno\/pirc-musarje-poloza-generaln-direktorice-rtvs-2\/#breadcrumb","itemListElement":[{"@type":"ListItem","position":1,"name":"Home","item":"https:\/\/hudo.com\/si\/"},{"@type":"ListItem","position":2,"name":"RTVS se obetajo korenite spremembe"}]},{"@type":"WebSite","@id":"https:\/\/hudo.com\/si\/#website","url":"https:\/\/hudo.com\/si\/","name":"Hudo Slovenija","description":"Vse novice iz Slovenije in sveta","publisher":{"@id":"https:\/\/hudo.com\/si\/#organization"},"potentialAction":[{"@type":"SearchAction","target":{"@type":"EntryPoint","urlTemplate":"https:\/\/hudo.com\/si\/?s={search_term_string}"},"query-input":"required name=search_term_string"}],"inLanguage":"sl-SI"},{"@type":"Organization","@id":"https:\/\/hudo.com\/si\/#organization","name":"VSN Media","url":"https:\/\/hudo.com\/si\/","logo":{"@type":"ImageObject","inLanguage":"sl-SI","@id":"https:\/\/hudo.com\/si\/#\/schema\/logo\/image\/","url":"https:\/\/hudo.com\/si\/wp-content\/uploads\/sites\/2\/2021\/03\/hudo-app-2.png","contentUrl":"https:\/\/hudo.com\/si\/wp-content\/uploads\/sites\/2\/2021\/03\/hudo-app-2.png","width":2185,"height":2167,"caption":"VSN Media"},"image":{"@id":"https:\/\/hudo.com\/si\/#\/schema\/logo\/image\/"},"sameAs":["https:\/\/www.facebook.com\/hudo.si","https:\/\/twitter.com\/hudo_si"]},{"@type":"Person","@id":"https:\/\/hudo.com\/si\/#\/schema\/person\/2391667a63ea075ba94f2f2dc6b77537","name":"A. G., STA","image":{"@type":"ImageObject","inLanguage":"sl-SI","@id":"https:\/\/hudo.com\/si\/#\/schema\/person\/image\/","url":"https:\/\/secure.gravatar.com\/avatar\/e13d22ac3e442658d5025fbbe6238a79?s=96&d=mm&r=g","contentUrl":"https:\/\/secure.gravatar.com\/avatar\/e13d22ac3e442658d5025fbbe6238a79?s=96&d=mm&r=g","caption":"A. G., STA"},"url":"https:\/\/hudo.com\/si\/author\/alenka\/"}]}},"amp_enabled":true,"_links":{"self":[{"href":"https:\/\/hudo.com\/si\/wp-json\/wp\/v2\/posts\/46827"}],"collection":[{"href":"https:\/\/hudo.com\/si\/wp-json\/wp\/v2\/posts"}],"about":[{"href":"https:\/\/hudo.com\/si\/wp-json\/wp\/v2\/types\/post"}],"author":[{"embeddable":true,"href":"https:\/\/hudo.com\/si\/wp-json\/wp\/v2\/users\/5"}],"replies":[{"embeddable":true,"href":"https:\/\/hudo.com\/si\/wp-json\/wp\/v2\/comments?post=46827"}],"version-history":[{"count":7,"href":"https:\/\/hudo.com\/si\/wp-json\/wp\/v2\/posts\/46827\/revisions"}],"predecessor-version":[{"id":46984,"href":"https:\/\/hudo.com\/si\/wp-json\/wp\/v2\/posts\/46827\/revisions\/46984"}],"wp:featuredmedia":[{"embeddable":true,"href":"https:\/\/hudo.com\/si\/wp-json\/wp\/v2\/media\/46902"}],"wp:attachment":[{"href":"https:\/\/hudo.com\/si\/wp-json\/wp\/v2\/media?parent=46827"}],"wp:term":[{"taxonomy":"category","embeddable":true,"href":"https:\/\/hudo.com\/si\/wp-json\/wp\/v2\/categories?post=46827"},{"taxonomy":"post_tag","embeddable":true,"href":"https:\/\/hudo.com\/si\/wp-json\/wp\/v2\/tags?post=46827"},{"taxonomy":"source","embeddable":true,"href":"https:\/\/hudo.com\/si\/wp-json\/wp\/v2\/source?post=46827"},{"taxonomy":"supertag","embeddable":true,"href":"https:\/\/hudo.com\/si\/wp-json\/wp\/v2\/supertag?post=46827"}],"curies":[{"name":"wp","href":"https:\/\/api.w.org\/{rel}","templated":true}]}}