{"id":46831,"date":"2016-05-06T12:20:23","date_gmt":"2016-05-06T10:20:23","guid":{"rendered":"http:\/\/hudo.com\/si\/?p=46831"},"modified":"2016-05-06T12:20:23","modified_gmt":"2016-05-06T10:20:23","slug":"katerim-znamkam-avtomobilov-zaupamo-slovenci","status":"publish","type":"post","link":"https:\/\/hudo.com\/si\/aktualno\/katerim-znamkam-avtomobilov-zaupamo-slovenci\/","title":{"rendered":"Katerim znamkam avtomobilov zaupamo Slovenci?"},"content":{"rendered":"<div class=\"text\">\n<p>Pri osebnih vozilih je med blagovnimi znamkami aprila prvo mesto zasedel Volkswagen z 854 prodanimi vozili, sledili so Renault (743 vozil), \u0160koda (530 vozil), Opel (391 vozil), Hyundai (281 vozil) in Ford (279 vozil).<\/p>\n<p>Aprila so prodali najve\u010d Renaultovih cliov (366 vozil), Volkswagnovih golfov (246 vozil) in Volkswagnovih polov (210 vozil). Med lahkimi gospodarskimi vozili so jih najve\u010d prodali Renault (209 vozil), Volkswagen (172 vozil) in Ford (132 vozil).<\/p>\n<p>Med elektri\u010dnimi in hibridnimi vozili jih je bilo aprila prodanih 28, med njimi najve\u010d Toyotinih aurisov (osem) ter Toyotinih RAV4 in yarisov (po \u0161tirje).<\/p>\n<p>\u0160tevilo prvi\u010d registriranih osebnih avtomobilov se je aprila na letni ravni zvi\u0161alo za 124 oz. 2,32 odstotka na 5472, medtem ko se je \u0161tevilo prvi\u010d registriranih lahkih gospodarskih vozil zvi\u0161alo za 226 ali 35,99 odstotka na 854, so sporo\u010dili iz sekcije za osebna motorna vozila pri Trgovinski zbornici Slovenije.<\/p>\n<p>V prvih \u0161tirih mesecih je bilo prvi\u010d registriranih 25.517 osebnih in lahkih gospodarskih vozil, kar je 2193 vozil oz. 9,40 odstotka ve\u010d kot v enakem obdobju lani. Osebnih vozil je bilo 22.163, kar je 5,56 odstotka ve\u010d, gospodarskih pa 3354 ali 44,01 odstotka ve\u010d.<\/p>\n<\/div>\n","protected":false},"excerpt":{"rendered":"<p>V Sloveniji je bilo aprila prvi\u010d registriranih 6326 osebnih in lahkih gospodarskih vozil, kar je 350 vozil oz. 5,86 odstotka ve\u010d kot aprila lani. Med osebnimi vozili je bilo prodanih najve\u010d Renaultovih cliov ter Volkswagnovih golfov in polov, med gospodarskimi vozili je bil na vrhu Renault.<\/p>\n","protected":false},"author":5,"featured_media":46835,"comment_status":"closed","ping_status":"closed","sticky":false,"template":"","format":"standard","meta":{"footnotes":""},"categories":[1179],"tags":[3593,5079,4505],"source":[4511],"supertag":[7541],"acf":[],"yoast_head":"<!-- This site is optimized with the Yoast SEO plugin v21.3 - https:\/\/yoast.com\/wordpress\/plugins\/seo\/ -->\n<title>Katerim znamkam avtomobilov zaupamo Slovenci? - Hudo Slovenija<\/title>\n<meta name=\"robots\" content=\"index, follow, max-snippet:-1, max-image-preview:large, max-video-preview:-1\" \/>\n<link rel=\"canonical\" href=\"https:\/\/hudo.com\/si\/aktualno\/katerim-znamkam-avtomobilov-zaupamo-slovenci\/\" \/>\n<meta property=\"og:locale\" content=\"sl_SI\" \/>\n<meta property=\"og:type\" content=\"article\" \/>\n<meta property=\"og:title\" content=\"Katerim znamkam avtomobilov zaupamo Slovenci? - Hudo Slovenija\" \/>\n<meta property=\"og:description\" content=\"V Sloveniji je bilo aprila prvi\u010d registriranih 6326 osebnih in lahkih gospodarskih vozil, kar je 350 vozil oz. 5,86 odstotka ve\u010d kot aprila lani. Med osebnimi vozili je bilo prodanih najve\u010d Renaultovih cliov ter Volkswagnovih golfov in polov, med gospodarskimi vozili je bil na vrhu Renault.\" \/>\n<meta property=\"og:url\" content=\"https:\/\/hudo.com\/si\/aktualno\/katerim-znamkam-avtomobilov-zaupamo-slovenci\/\" \/>\n<meta property=\"og:site_name\" content=\"Hudo Slovenija\" \/>\n<meta property=\"article:publisher\" content=\"https:\/\/www.facebook.com\/hudo.si\" \/>\n<meta property=\"article:published_time\" content=\"2016-05-06T10:20:23+00:00\" \/>\n<meta property=\"og:image\" content=\"https:\/\/hudo.com\/si\/wp-content\/uploads\/sites\/2\/2016\/05\/ThinkstockPhotos-495593934.jpg\" \/>\n\t<meta property=\"og:image:width\" content=\"2124\" \/>\n\t<meta property=\"og:image:height\" content=\"1416\" \/>\n\t<meta property=\"og:image:type\" content=\"image\/jpeg\" \/>\n<meta name=\"author\" content=\"A. G., STA\" \/>\n<meta name=\"twitter:card\" content=\"summary_large_image\" \/>\n<meta name=\"twitter:creator\" content=\"@hudo_si\" \/>\n<meta name=\"twitter:site\" content=\"@hudo_si\" \/>\n<meta name=\"twitter:label1\" content=\"Written by\" \/>\n\t<meta name=\"twitter:data1\" content=\"A. G., STA\" \/>\n\t<meta name=\"twitter:label2\" content=\"Est. reading time\" \/>\n\t<meta name=\"twitter:data2\" content=\"1 minuta\" \/>\n<script type=\"application\/ld+json\" class=\"yoast-schema-graph\">{\"@context\":\"https:\/\/schema.org\",\"@graph\":[{\"@type\":\"Article\",\"@id\":\"https:\/\/hudo.com\/si\/aktualno\/katerim-znamkam-avtomobilov-zaupamo-slovenci\/#article\",\"isPartOf\":{\"@id\":\"https:\/\/hudo.com\/si\/aktualno\/katerim-znamkam-avtomobilov-zaupamo-slovenci\/\"},\"author\":{\"name\":\"A. G., STA\",\"@id\":\"https:\/\/hudo.com\/si\/#\/schema\/person\/2391667a63ea075ba94f2f2dc6b77537\"},\"headline\":\"Katerim znamkam avtomobilov zaupamo Slovenci?\",\"datePublished\":\"2016-05-06T10:20:23+00:00\",\"dateModified\":\"2016-05-06T10:20:23+00:00\",\"mainEntityOfPage\":{\"@id\":\"https:\/\/hudo.com\/si\/aktualno\/katerim-znamkam-avtomobilov-zaupamo-slovenci\/\"},\"wordCount\":169,\"publisher\":{\"@id\":\"https:\/\/hudo.com\/si\/#organization\"},\"keywords\":[\"avto\",\"prodaja\",\"statistika\"],\"articleSection\":[\"Aktualno\"],\"inLanguage\":\"sl-SI\"},{\"@type\":\"WebPage\",\"@id\":\"https:\/\/hudo.com\/si\/aktualno\/katerim-znamkam-avtomobilov-zaupamo-slovenci\/\",\"url\":\"https:\/\/hudo.com\/si\/aktualno\/katerim-znamkam-avtomobilov-zaupamo-slovenci\/\",\"name\":\"Katerim znamkam avtomobilov zaupamo Slovenci? - Hudo Slovenija\",\"isPartOf\":{\"@id\":\"https:\/\/hudo.com\/si\/#website\"},\"datePublished\":\"2016-05-06T10:20:23+00:00\",\"dateModified\":\"2016-05-06T10:20:23+00:00\",\"breadcrumb\":{\"@id\":\"https:\/\/hudo.com\/si\/aktualno\/katerim-znamkam-avtomobilov-zaupamo-slovenci\/#breadcrumb\"},\"inLanguage\":\"sl-SI\",\"potentialAction\":[{\"@type\":\"ReadAction\",\"target\":[\"https:\/\/hudo.com\/si\/aktualno\/katerim-znamkam-avtomobilov-zaupamo-slovenci\/\"]}]},{\"@type\":\"BreadcrumbList\",\"@id\":\"https:\/\/hudo.com\/si\/aktualno\/katerim-znamkam-avtomobilov-zaupamo-slovenci\/#breadcrumb\",\"itemListElement\":[{\"@type\":\"ListItem\",\"position\":1,\"name\":\"Home\",\"item\":\"https:\/\/hudo.com\/si\/\"},{\"@type\":\"ListItem\",\"position\":2,\"name\":\"Katerim znamkam avtomobilov zaupamo Slovenci?\"}]},{\"@type\":\"WebSite\",\"@id\":\"https:\/\/hudo.com\/si\/#website\",\"url\":\"https:\/\/hudo.com\/si\/\",\"name\":\"Hudo Slovenija\",\"description\":\"Vse novice iz Slovenije in sveta\",\"publisher\":{\"@id\":\"https:\/\/hudo.com\/si\/#organization\"},\"potentialAction\":[{\"@type\":\"SearchAction\",\"target\":{\"@type\":\"EntryPoint\",\"urlTemplate\":\"https:\/\/hudo.com\/si\/?s={search_term_string}\"},\"query-input\":\"required name=search_term_string\"}],\"inLanguage\":\"sl-SI\"},{\"@type\":\"Organization\",\"@id\":\"https:\/\/hudo.com\/si\/#organization\",\"name\":\"VSN Media\",\"url\":\"https:\/\/hudo.com\/si\/\",\"logo\":{\"@type\":\"ImageObject\",\"inLanguage\":\"sl-SI\",\"@id\":\"https:\/\/hudo.com\/si\/#\/schema\/logo\/image\/\",\"url\":\"https:\/\/hudo.com\/si\/wp-content\/uploads\/sites\/2\/2021\/03\/hudo-app-2.png\",\"contentUrl\":\"https:\/\/hudo.com\/si\/wp-content\/uploads\/sites\/2\/2021\/03\/hudo-app-2.png\",\"width\":2185,\"height\":2167,\"caption\":\"VSN Media\"},\"image\":{\"@id\":\"https:\/\/hudo.com\/si\/#\/schema\/logo\/image\/\"},\"sameAs\":[\"https:\/\/www.facebook.com\/hudo.si\",\"https:\/\/twitter.com\/hudo_si\"]},{\"@type\":\"Person\",\"@id\":\"https:\/\/hudo.com\/si\/#\/schema\/person\/2391667a63ea075ba94f2f2dc6b77537\",\"name\":\"A. G., STA\",\"image\":{\"@type\":\"ImageObject\",\"inLanguage\":\"sl-SI\",\"@id\":\"https:\/\/hudo.com\/si\/#\/schema\/person\/image\/\",\"url\":\"https:\/\/secure.gravatar.com\/avatar\/e13d22ac3e442658d5025fbbe6238a79?s=96&d=mm&r=g\",\"contentUrl\":\"https:\/\/secure.gravatar.com\/avatar\/e13d22ac3e442658d5025fbbe6238a79?s=96&d=mm&r=g\",\"caption\":\"A. G., STA\"},\"url\":\"https:\/\/hudo.com\/si\/author\/alenka\/\"}]}<\/script>\n<!-- \/ Yoast SEO plugin. -->","yoast_head_json":{"title":"Katerim znamkam avtomobilov zaupamo Slovenci? - Hudo Slovenija","robots":{"index":"index","follow":"follow","max-snippet":"max-snippet:-1","max-image-preview":"max-image-preview:large","max-video-preview":"max-video-preview:-1"},"canonical":"https:\/\/hudo.com\/si\/aktualno\/katerim-znamkam-avtomobilov-zaupamo-slovenci\/","og_locale":"sl_SI","og_type":"article","og_title":"Katerim znamkam avtomobilov zaupamo Slovenci? - Hudo Slovenija","og_description":"V Sloveniji je bilo aprila prvi\u010d registriranih 6326 osebnih in lahkih gospodarskih vozil, kar je 350 vozil oz. 5,86 odstotka ve\u010d kot aprila lani. Med osebnimi vozili je bilo prodanih najve\u010d Renaultovih cliov ter Volkswagnovih golfov in polov, med gospodarskimi vozili je bil na vrhu Renault.","og_url":"https:\/\/hudo.com\/si\/aktualno\/katerim-znamkam-avtomobilov-zaupamo-slovenci\/","og_site_name":"Hudo Slovenija","article_publisher":"https:\/\/www.facebook.com\/hudo.si","article_published_time":"2016-05-06T10:20:23+00:00","og_image":[{"width":2124,"height":1416,"url":"https:\/\/hudo.com\/si\/wp-content\/uploads\/sites\/2\/2016\/05\/ThinkstockPhotos-495593934.jpg","type":"image\/jpeg"}],"author":"A. G., STA","twitter_card":"summary_large_image","twitter_creator":"@hudo_si","twitter_site":"@hudo_si","twitter_misc":{"Written by":"A. G., STA","Est. reading time":"1 minuta"},"schema":{"@context":"https:\/\/schema.org","@graph":[{"@type":"Article","@id":"https:\/\/hudo.com\/si\/aktualno\/katerim-znamkam-avtomobilov-zaupamo-slovenci\/#article","isPartOf":{"@id":"https:\/\/hudo.com\/si\/aktualno\/katerim-znamkam-avtomobilov-zaupamo-slovenci\/"},"author":{"name":"A. G., STA","@id":"https:\/\/hudo.com\/si\/#\/schema\/person\/2391667a63ea075ba94f2f2dc6b77537"},"headline":"Katerim znamkam avtomobilov zaupamo Slovenci?","datePublished":"2016-05-06T10:20:23+00:00","dateModified":"2016-05-06T10:20:23+00:00","mainEntityOfPage":{"@id":"https:\/\/hudo.com\/si\/aktualno\/katerim-znamkam-avtomobilov-zaupamo-slovenci\/"},"wordCount":169,"publisher":{"@id":"https:\/\/hudo.com\/si\/#organization"},"keywords":["avto","prodaja","statistika"],"articleSection":["Aktualno"],"inLanguage":"sl-SI"},{"@type":"WebPage","@id":"https:\/\/hudo.com\/si\/aktualno\/katerim-znamkam-avtomobilov-zaupamo-slovenci\/","url":"https:\/\/hudo.com\/si\/aktualno\/katerim-znamkam-avtomobilov-zaupamo-slovenci\/","name":"Katerim znamkam avtomobilov zaupamo Slovenci? - Hudo Slovenija","isPartOf":{"@id":"https:\/\/hudo.com\/si\/#website"},"datePublished":"2016-05-06T10:20:23+00:00","dateModified":"2016-05-06T10:20:23+00:00","breadcrumb":{"@id":"https:\/\/hudo.com\/si\/aktualno\/katerim-znamkam-avtomobilov-zaupamo-slovenci\/#breadcrumb"},"inLanguage":"sl-SI","potentialAction":[{"@type":"ReadAction","target":["https:\/\/hudo.com\/si\/aktualno\/katerim-znamkam-avtomobilov-zaupamo-slovenci\/"]}]},{"@type":"BreadcrumbList","@id":"https:\/\/hudo.com\/si\/aktualno\/katerim-znamkam-avtomobilov-zaupamo-slovenci\/#breadcrumb","itemListElement":[{"@type":"ListItem","position":1,"name":"Home","item":"https:\/\/hudo.com\/si\/"},{"@type":"ListItem","position":2,"name":"Katerim znamkam avtomobilov zaupamo Slovenci?"}]},{"@type":"WebSite","@id":"https:\/\/hudo.com\/si\/#website","url":"https:\/\/hudo.com\/si\/","name":"Hudo Slovenija","description":"Vse novice iz Slovenije in sveta","publisher":{"@id":"https:\/\/hudo.com\/si\/#organization"},"potentialAction":[{"@type":"SearchAction","target":{"@type":"EntryPoint","urlTemplate":"https:\/\/hudo.com\/si\/?s={search_term_string}"},"query-input":"required name=search_term_string"}],"inLanguage":"sl-SI"},{"@type":"Organization","@id":"https:\/\/hudo.com\/si\/#organization","name":"VSN Media","url":"https:\/\/hudo.com\/si\/","logo":{"@type":"ImageObject","inLanguage":"sl-SI","@id":"https:\/\/hudo.com\/si\/#\/schema\/logo\/image\/","url":"https:\/\/hudo.com\/si\/wp-content\/uploads\/sites\/2\/2021\/03\/hudo-app-2.png","contentUrl":"https:\/\/hudo.com\/si\/wp-content\/uploads\/sites\/2\/2021\/03\/hudo-app-2.png","width":2185,"height":2167,"caption":"VSN Media"},"image":{"@id":"https:\/\/hudo.com\/si\/#\/schema\/logo\/image\/"},"sameAs":["https:\/\/www.facebook.com\/hudo.si","https:\/\/twitter.com\/hudo_si"]},{"@type":"Person","@id":"https:\/\/hudo.com\/si\/#\/schema\/person\/2391667a63ea075ba94f2f2dc6b77537","name":"A. G., STA","image":{"@type":"ImageObject","inLanguage":"sl-SI","@id":"https:\/\/hudo.com\/si\/#\/schema\/person\/image\/","url":"https:\/\/secure.gravatar.com\/avatar\/e13d22ac3e442658d5025fbbe6238a79?s=96&d=mm&r=g","contentUrl":"https:\/\/secure.gravatar.com\/avatar\/e13d22ac3e442658d5025fbbe6238a79?s=96&d=mm&r=g","caption":"A. G., STA"},"url":"https:\/\/hudo.com\/si\/author\/alenka\/"}]}},"amp_enabled":true,"_links":{"self":[{"href":"https:\/\/hudo.com\/si\/wp-json\/wp\/v2\/posts\/46831"}],"collection":[{"href":"https:\/\/hudo.com\/si\/wp-json\/wp\/v2\/posts"}],"about":[{"href":"https:\/\/hudo.com\/si\/wp-json\/wp\/v2\/types\/post"}],"author":[{"embeddable":true,"href":"https:\/\/hudo.com\/si\/wp-json\/wp\/v2\/users\/5"}],"replies":[{"embeddable":true,"href":"https:\/\/hudo.com\/si\/wp-json\/wp\/v2\/comments?post=46831"}],"version-history":[{"count":1,"href":"https:\/\/hudo.com\/si\/wp-json\/wp\/v2\/posts\/46831\/revisions"}],"predecessor-version":[{"id":46836,"href":"https:\/\/hudo.com\/si\/wp-json\/wp\/v2\/posts\/46831\/revisions\/46836"}],"wp:featuredmedia":[{"embeddable":true,"href":"https:\/\/hudo.com\/si\/wp-json\/wp\/v2\/media\/46835"}],"wp:attachment":[{"href":"https:\/\/hudo.com\/si\/wp-json\/wp\/v2\/media?parent=46831"}],"wp:term":[{"taxonomy":"category","embeddable":true,"href":"https:\/\/hudo.com\/si\/wp-json\/wp\/v2\/categories?post=46831"},{"taxonomy":"post_tag","embeddable":true,"href":"https:\/\/hudo.com\/si\/wp-json\/wp\/v2\/tags?post=46831"},{"taxonomy":"source","embeddable":true,"href":"https:\/\/hudo.com\/si\/wp-json\/wp\/v2\/source?post=46831"},{"taxonomy":"supertag","embeddable":true,"href":"https:\/\/hudo.com\/si\/wp-json\/wp\/v2\/supertag?post=46831"}],"curies":[{"name":"wp","href":"https:\/\/api.w.org\/{rel}","templated":true}]}}