{"id":468489,"date":"2022-05-16T13:27:23","date_gmt":"2022-05-16T11:27:23","guid":{"rendered":"https:\/\/hudo.com\/si\/?p=468489"},"modified":"2022-05-16T13:27:23","modified_gmt":"2022-05-16T11:27:23","slug":"italijo-je-zajel-prvi-letosnji-vrocinski-val","status":"publish","type":"post","link":"https:\/\/hudo.com\/si\/aktualno\/svet\/italijo-je-zajel-prvi-letosnji-vrocinski-val\/","title":{"rendered":"Italijo je zajel prvi leto\u0161nji vro\u010dinski val"},"content":{"rendered":"<p>Tak\u0161ne vremenske razmere so nenavadne za maj, lahko pa povzro\u010dijo dolgotrajne vro\u010dinske valove. Sredi maja se povpre\u010dne najvi\u0161je temperature v ve\u010djih italijanskih mestih obi\u010dajno gibljejo med 20 in 24 stopinjami Celzija. Meteorologi pri\u010dakujejo, da bo tokratni vro\u010dinski val dosegel vrhunec konec tedna z najvi\u0161jimi temperaturami do 34 stopinj Celzija.<\/p>\n<p>Tak\u0161na vro\u010dina \u0161e posebej obremenjuje prebivalce ve\u010djih mest na severu dr\u017eave, kot so Torino, Milano in Bologna, ter regij ob Tirenskem morju, kot sta Toskana in Lacij, \u0161e poro\u010da Ansa.<\/p>\n","protected":false},"excerpt":{"rendered":"<p>Zaradi obmo\u010dja visokega zra\u010dnega tlaka nad severno Afriko, ki so ga meteorologi poimenovali Hanibal, ta teden pri\u010dakujejo temperature do 34 stopinj. Obmo\u010dje visokega zra\u010dnega tlaka se zaradi pritiska toplih zra\u010dnih mas vse bolj \u0161iri v Italijo, pi\u0161e italijanska tiskovna agencija Ansa.<\/p>\n","protected":false},"author":8,"featured_media":184087,"comment_status":"closed","ping_status":"closed","sticky":false,"template":"","format":"standard","meta":{"footnotes":""},"categories":[18202],"tags":[1760,5270],"source":[4511],"supertag":[],"acf":[],"yoast_head":"<!-- This site is optimized with the Yoast SEO plugin v21.3 - https:\/\/yoast.com\/wordpress\/plugins\/seo\/ -->\n<title>Italijo je zajel prvi leto\u0161nji vro\u010dinski val - Hudo Slovenija<\/title>\n<meta name=\"robots\" content=\"index, follow, max-snippet:-1, max-image-preview:large, max-video-preview:-1\" \/>\n<link rel=\"canonical\" href=\"https:\/\/hudo.com\/si\/aktualno\/svet\/italijo-je-zajel-prvi-letosnji-vrocinski-val\/\" \/>\n<meta property=\"og:locale\" content=\"sl_SI\" \/>\n<meta property=\"og:type\" content=\"article\" \/>\n<meta property=\"og:title\" content=\"Italijo je zajel prvi leto\u0161nji vro\u010dinski val - Hudo Slovenija\" \/>\n<meta property=\"og:description\" content=\"Zaradi obmo\u010dja visokega zra\u010dnega tlaka nad severno Afriko, ki so ga meteorologi poimenovali Hanibal, ta teden pri\u010dakujejo temperature do 34 stopinj. Obmo\u010dje visokega zra\u010dnega tlaka se zaradi pritiska toplih zra\u010dnih mas vse bolj \u0161iri v Italijo, pi\u0161e italijanska tiskovna agencija Ansa.\" \/>\n<meta property=\"og:url\" content=\"https:\/\/hudo.com\/si\/aktualno\/svet\/italijo-je-zajel-prvi-letosnji-vrocinski-val\/\" \/>\n<meta property=\"og:site_name\" content=\"Hudo Slovenija\" \/>\n<meta property=\"article:publisher\" content=\"https:\/\/www.facebook.com\/hudo.si\" \/>\n<meta property=\"article:published_time\" content=\"2022-05-16T11:27:23+00:00\" \/>\n<meta property=\"og:image\" content=\"https:\/\/hudo.com\/si\/wp-content\/uploads\/sites\/2\/2017\/01\/profimedia-0194870733.jpg\" \/>\n\t<meta property=\"og:image:width\" content=\"1250\" \/>\n\t<meta property=\"og:image:height\" content=\"831\" \/>\n\t<meta property=\"og:image:type\" content=\"image\/jpeg\" \/>\n<meta name=\"author\" content=\"M. N., STA\" \/>\n<meta name=\"twitter:card\" content=\"summary_large_image\" \/>\n<meta name=\"twitter:creator\" content=\"@hudo_si\" \/>\n<meta name=\"twitter:site\" content=\"@hudo_si\" \/>\n<meta name=\"twitter:label1\" content=\"Written by\" \/>\n\t<meta name=\"twitter:data1\" content=\"M. N., STA\" \/>\n<script type=\"application\/ld+json\" class=\"yoast-schema-graph\">{\"@context\":\"https:\/\/schema.org\",\"@graph\":[{\"@type\":\"Article\",\"@id\":\"https:\/\/hudo.com\/si\/aktualno\/svet\/italijo-je-zajel-prvi-letosnji-vrocinski-val\/#article\",\"isPartOf\":{\"@id\":\"https:\/\/hudo.com\/si\/aktualno\/svet\/italijo-je-zajel-prvi-letosnji-vrocinski-val\/\"},\"author\":{\"name\":\"M. N., STA\",\"@id\":\"https:\/\/hudo.com\/si\/#\/schema\/person\/c2f10ce65d2e6ede2aeda5be2a0611fa\"},\"headline\":\"Italijo je zajel prvi leto\u0161nji vro\u010dinski val\",\"datePublished\":\"2022-05-16T11:27:23+00:00\",\"dateModified\":\"2022-05-16T11:27:23+00:00\",\"mainEntityOfPage\":{\"@id\":\"https:\/\/hudo.com\/si\/aktualno\/svet\/italijo-je-zajel-prvi-letosnji-vrocinski-val\/\"},\"wordCount\":100,\"publisher\":{\"@id\":\"https:\/\/hudo.com\/si\/#organization\"},\"keywords\":[\"italija\",\"vro\u010dinski val\"],\"articleSection\":[\"Svet\"],\"inLanguage\":\"sl-SI\"},{\"@type\":\"WebPage\",\"@id\":\"https:\/\/hudo.com\/si\/aktualno\/svet\/italijo-je-zajel-prvi-letosnji-vrocinski-val\/\",\"url\":\"https:\/\/hudo.com\/si\/aktualno\/svet\/italijo-je-zajel-prvi-letosnji-vrocinski-val\/\",\"name\":\"Italijo je zajel prvi leto\u0161nji vro\u010dinski val - Hudo Slovenija\",\"isPartOf\":{\"@id\":\"https:\/\/hudo.com\/si\/#website\"},\"datePublished\":\"2022-05-16T11:27:23+00:00\",\"dateModified\":\"2022-05-16T11:27:23+00:00\",\"breadcrumb\":{\"@id\":\"https:\/\/hudo.com\/si\/aktualno\/svet\/italijo-je-zajel-prvi-letosnji-vrocinski-val\/#breadcrumb\"},\"inLanguage\":\"sl-SI\",\"potentialAction\":[{\"@type\":\"ReadAction\",\"target\":[\"https:\/\/hudo.com\/si\/aktualno\/svet\/italijo-je-zajel-prvi-letosnji-vrocinski-val\/\"]}]},{\"@type\":\"BreadcrumbList\",\"@id\":\"https:\/\/hudo.com\/si\/aktualno\/svet\/italijo-je-zajel-prvi-letosnji-vrocinski-val\/#breadcrumb\",\"itemListElement\":[{\"@type\":\"ListItem\",\"position\":1,\"name\":\"Home\",\"item\":\"https:\/\/hudo.com\/si\/\"},{\"@type\":\"ListItem\",\"position\":2,\"name\":\"Italijo je zajel prvi leto\u0161nji vro\u010dinski val\"}]},{\"@type\":\"WebSite\",\"@id\":\"https:\/\/hudo.com\/si\/#website\",\"url\":\"https:\/\/hudo.com\/si\/\",\"name\":\"Hudo Slovenija\",\"description\":\"Vse novice iz Slovenije in sveta\",\"publisher\":{\"@id\":\"https:\/\/hudo.com\/si\/#organization\"},\"potentialAction\":[{\"@type\":\"SearchAction\",\"target\":{\"@type\":\"EntryPoint\",\"urlTemplate\":\"https:\/\/hudo.com\/si\/?s={search_term_string}\"},\"query-input\":\"required name=search_term_string\"}],\"inLanguage\":\"sl-SI\"},{\"@type\":\"Organization\",\"@id\":\"https:\/\/hudo.com\/si\/#organization\",\"name\":\"VSN Media\",\"url\":\"https:\/\/hudo.com\/si\/\",\"logo\":{\"@type\":\"ImageObject\",\"inLanguage\":\"sl-SI\",\"@id\":\"https:\/\/hudo.com\/si\/#\/schema\/logo\/image\/\",\"url\":\"https:\/\/hudo.com\/si\/wp-content\/uploads\/sites\/2\/2021\/03\/hudo-app-2.png\",\"contentUrl\":\"https:\/\/hudo.com\/si\/wp-content\/uploads\/sites\/2\/2021\/03\/hudo-app-2.png\",\"width\":2185,\"height\":2167,\"caption\":\"VSN Media\"},\"image\":{\"@id\":\"https:\/\/hudo.com\/si\/#\/schema\/logo\/image\/\"},\"sameAs\":[\"https:\/\/www.facebook.com\/hudo.si\",\"https:\/\/twitter.com\/hudo_si\"]},{\"@type\":\"Person\",\"@id\":\"https:\/\/hudo.com\/si\/#\/schema\/person\/c2f10ce65d2e6ede2aeda5be2a0611fa\",\"name\":\"M. N., STA\",\"image\":{\"@type\":\"ImageObject\",\"inLanguage\":\"sl-SI\",\"@id\":\"https:\/\/hudo.com\/si\/#\/schema\/person\/image\/\",\"url\":\"https:\/\/secure.gravatar.com\/avatar\/f370d38daa10467f755c5c766a4cac20?s=96&d=mm&r=g\",\"contentUrl\":\"https:\/\/secure.gravatar.com\/avatar\/f370d38daa10467f755c5c766a4cac20?s=96&d=mm&r=g\",\"caption\":\"M. N., STA\"},\"url\":\"https:\/\/hudo.com\/si\/author\/mana\/\"}]}<\/script>\n<!-- \/ Yoast SEO plugin. -->","yoast_head_json":{"title":"Italijo je zajel prvi leto\u0161nji vro\u010dinski val - Hudo Slovenija","robots":{"index":"index","follow":"follow","max-snippet":"max-snippet:-1","max-image-preview":"max-image-preview:large","max-video-preview":"max-video-preview:-1"},"canonical":"https:\/\/hudo.com\/si\/aktualno\/svet\/italijo-je-zajel-prvi-letosnji-vrocinski-val\/","og_locale":"sl_SI","og_type":"article","og_title":"Italijo je zajel prvi leto\u0161nji vro\u010dinski val - Hudo Slovenija","og_description":"Zaradi obmo\u010dja visokega zra\u010dnega tlaka nad severno Afriko, ki so ga meteorologi poimenovali Hanibal, ta teden pri\u010dakujejo temperature do 34 stopinj. Obmo\u010dje visokega zra\u010dnega tlaka se zaradi pritiska toplih zra\u010dnih mas vse bolj \u0161iri v Italijo, pi\u0161e italijanska tiskovna agencija Ansa.","og_url":"https:\/\/hudo.com\/si\/aktualno\/svet\/italijo-je-zajel-prvi-letosnji-vrocinski-val\/","og_site_name":"Hudo Slovenija","article_publisher":"https:\/\/www.facebook.com\/hudo.si","article_published_time":"2022-05-16T11:27:23+00:00","og_image":[{"width":1250,"height":831,"url":"https:\/\/hudo.com\/si\/wp-content\/uploads\/sites\/2\/2017\/01\/profimedia-0194870733.jpg","type":"image\/jpeg"}],"author":"M. N., STA","twitter_card":"summary_large_image","twitter_creator":"@hudo_si","twitter_site":"@hudo_si","twitter_misc":{"Written by":"M. N., STA"},"schema":{"@context":"https:\/\/schema.org","@graph":[{"@type":"Article","@id":"https:\/\/hudo.com\/si\/aktualno\/svet\/italijo-je-zajel-prvi-letosnji-vrocinski-val\/#article","isPartOf":{"@id":"https:\/\/hudo.com\/si\/aktualno\/svet\/italijo-je-zajel-prvi-letosnji-vrocinski-val\/"},"author":{"name":"M. N., STA","@id":"https:\/\/hudo.com\/si\/#\/schema\/person\/c2f10ce65d2e6ede2aeda5be2a0611fa"},"headline":"Italijo je zajel prvi leto\u0161nji vro\u010dinski val","datePublished":"2022-05-16T11:27:23+00:00","dateModified":"2022-05-16T11:27:23+00:00","mainEntityOfPage":{"@id":"https:\/\/hudo.com\/si\/aktualno\/svet\/italijo-je-zajel-prvi-letosnji-vrocinski-val\/"},"wordCount":100,"publisher":{"@id":"https:\/\/hudo.com\/si\/#organization"},"keywords":["italija","vro\u010dinski val"],"articleSection":["Svet"],"inLanguage":"sl-SI"},{"@type":"WebPage","@id":"https:\/\/hudo.com\/si\/aktualno\/svet\/italijo-je-zajel-prvi-letosnji-vrocinski-val\/","url":"https:\/\/hudo.com\/si\/aktualno\/svet\/italijo-je-zajel-prvi-letosnji-vrocinski-val\/","name":"Italijo je zajel prvi leto\u0161nji vro\u010dinski val - Hudo Slovenija","isPartOf":{"@id":"https:\/\/hudo.com\/si\/#website"},"datePublished":"2022-05-16T11:27:23+00:00","dateModified":"2022-05-16T11:27:23+00:00","breadcrumb":{"@id":"https:\/\/hudo.com\/si\/aktualno\/svet\/italijo-je-zajel-prvi-letosnji-vrocinski-val\/#breadcrumb"},"inLanguage":"sl-SI","potentialAction":[{"@type":"ReadAction","target":["https:\/\/hudo.com\/si\/aktualno\/svet\/italijo-je-zajel-prvi-letosnji-vrocinski-val\/"]}]},{"@type":"BreadcrumbList","@id":"https:\/\/hudo.com\/si\/aktualno\/svet\/italijo-je-zajel-prvi-letosnji-vrocinski-val\/#breadcrumb","itemListElement":[{"@type":"ListItem","position":1,"name":"Home","item":"https:\/\/hudo.com\/si\/"},{"@type":"ListItem","position":2,"name":"Italijo je zajel prvi leto\u0161nji vro\u010dinski val"}]},{"@type":"WebSite","@id":"https:\/\/hudo.com\/si\/#website","url":"https:\/\/hudo.com\/si\/","name":"Hudo Slovenija","description":"Vse novice iz Slovenije in sveta","publisher":{"@id":"https:\/\/hudo.com\/si\/#organization"},"potentialAction":[{"@type":"SearchAction","target":{"@type":"EntryPoint","urlTemplate":"https:\/\/hudo.com\/si\/?s={search_term_string}"},"query-input":"required name=search_term_string"}],"inLanguage":"sl-SI"},{"@type":"Organization","@id":"https:\/\/hudo.com\/si\/#organization","name":"VSN Media","url":"https:\/\/hudo.com\/si\/","logo":{"@type":"ImageObject","inLanguage":"sl-SI","@id":"https:\/\/hudo.com\/si\/#\/schema\/logo\/image\/","url":"https:\/\/hudo.com\/si\/wp-content\/uploads\/sites\/2\/2021\/03\/hudo-app-2.png","contentUrl":"https:\/\/hudo.com\/si\/wp-content\/uploads\/sites\/2\/2021\/03\/hudo-app-2.png","width":2185,"height":2167,"caption":"VSN Media"},"image":{"@id":"https:\/\/hudo.com\/si\/#\/schema\/logo\/image\/"},"sameAs":["https:\/\/www.facebook.com\/hudo.si","https:\/\/twitter.com\/hudo_si"]},{"@type":"Person","@id":"https:\/\/hudo.com\/si\/#\/schema\/person\/c2f10ce65d2e6ede2aeda5be2a0611fa","name":"M. N., STA","image":{"@type":"ImageObject","inLanguage":"sl-SI","@id":"https:\/\/hudo.com\/si\/#\/schema\/person\/image\/","url":"https:\/\/secure.gravatar.com\/avatar\/f370d38daa10467f755c5c766a4cac20?s=96&d=mm&r=g","contentUrl":"https:\/\/secure.gravatar.com\/avatar\/f370d38daa10467f755c5c766a4cac20?s=96&d=mm&r=g","caption":"M. N., STA"},"url":"https:\/\/hudo.com\/si\/author\/mana\/"}]}},"amp_enabled":true,"_links":{"self":[{"href":"https:\/\/hudo.com\/si\/wp-json\/wp\/v2\/posts\/468489"}],"collection":[{"href":"https:\/\/hudo.com\/si\/wp-json\/wp\/v2\/posts"}],"about":[{"href":"https:\/\/hudo.com\/si\/wp-json\/wp\/v2\/types\/post"}],"author":[{"embeddable":true,"href":"https:\/\/hudo.com\/si\/wp-json\/wp\/v2\/users\/8"}],"replies":[{"embeddable":true,"href":"https:\/\/hudo.com\/si\/wp-json\/wp\/v2\/comments?post=468489"}],"version-history":[{"count":1,"href":"https:\/\/hudo.com\/si\/wp-json\/wp\/v2\/posts\/468489\/revisions"}],"predecessor-version":[{"id":468492,"href":"https:\/\/hudo.com\/si\/wp-json\/wp\/v2\/posts\/468489\/revisions\/468492"}],"wp:featuredmedia":[{"embeddable":true,"href":"https:\/\/hudo.com\/si\/wp-json\/wp\/v2\/media\/184087"}],"wp:attachment":[{"href":"https:\/\/hudo.com\/si\/wp-json\/wp\/v2\/media?parent=468489"}],"wp:term":[{"taxonomy":"category","embeddable":true,"href":"https:\/\/hudo.com\/si\/wp-json\/wp\/v2\/categories?post=468489"},{"taxonomy":"post_tag","embeddable":true,"href":"https:\/\/hudo.com\/si\/wp-json\/wp\/v2\/tags?post=468489"},{"taxonomy":"source","embeddable":true,"href":"https:\/\/hudo.com\/si\/wp-json\/wp\/v2\/source?post=468489"},{"taxonomy":"supertag","embeddable":true,"href":"https:\/\/hudo.com\/si\/wp-json\/wp\/v2\/supertag?post=468489"}],"curies":[{"name":"wp","href":"https:\/\/api.w.org\/{rel}","templated":true}]}}