{"id":468598,"date":"2022-05-19T10:32:59","date_gmt":"2022-05-19T08:32:59","guid":{"rendered":"https:\/\/hudo.com\/si\/?p=468598"},"modified":"2022-05-19T10:32:59","modified_gmt":"2022-05-19T08:32:59","slug":"se-tudi-avstraliji-koncno-obeta-zasuk-v-levo","status":"publish","type":"post","link":"https:\/\/hudo.com\/si\/aktualno\/svet\/se-tudi-avstraliji-koncno-obeta-zasuk-v-levo\/","title":{"rendered":"Se tudi Avstraliji kon\u010dno obeta zasuk v levo?"},"content":{"rendered":"<p>Ve\u010dina zadnjih anket po navedbah francoske tiskovne agencije AFP ka\u017ee, da naj bi Levosredinska laburisti\u010dna stranka, ki jo vodi izku\u0161eni politik Albanese, na prihajajo\u010dih volitvah prehitela konservativno koalicijo Liberalne in Nacionalne stranke pod vodstvom aktualnega premierja Scotta Morrisona. Glede na javnomnenjsko raziskavo Newspoll za \u010dasnik The Australian naj bi laburisti v soboto prejeli okrog 54 odstotkov glasov, konservativci pa okrog 46 odstotkov glasov.<\/p>\n<p>Morrison se sicer ne predaja in napoveduje, da bo te napovedi anket obrnil in na koncu zmagal. Zaostanek je v zadnjih dneh \u017ee zmanj\u0161al s poudarjanjem gospodarskega okrevanje po pandemiji in nizke brezposelnosti, tako da ponovitev njegovega &#8220;\u010dude\u017enega rezultata&#8221; iz leta 2019 ni izklju\u010dena.<\/p>\n<p>Vendar ima trenutna vlada te\u017eave tudi na gospodarskem podro\u010dju. Inflacija je v Avstraliji na najvi\u0161jem nivoju v zadnjih 20 letih, cene na bencinskih \u010drpalkah, v trgovinah in na stanovanjskem trgu pa strmo nara\u0161\u010dajo.<\/p>\n<p>Po navedbah AFP se bo volilna bitka v Avstraliji bila predvsem na petih glavnih podro\u010djih &#8211; nara\u0161\u010danje cen, podnebne spremembe in naravne katastrofe, pandemija covida-19, zaupanje v politiko in korupcija.<\/p>\n<p>V televizijskem soo\u010denju ob koncu volilne kampanje sta kandidata za polo\u017eaj predsednika vlade nekoliko zaostrila retoriko in si izmenjala tudi nekaj &#8220;udarcev&#8221; na osebni ravni.<\/p>\n<p>Albanese je imel namre\u010d nekaj te\u017eav pri klju\u010dnih ekonomskih kazalnikih in pojasnjevanju dolo\u010denih politik svoje stranke. &#8220;Ko gre za gospodarstvo, je nezanesljiv. Stvari si izmi\u0161ljuje sproti,&#8221; mu o\u010dita Morrison.<\/p>\n<p>Albanese je nato vrnil \u017eogico in Morrisona obto\u017eil, da se izogiba odgovornosti. Izpostavil je te\u017eave vlade pri upravljanju kriznih razmer med pandemijo, uni\u010dujo\u010dimi gozdnimi po\u017eari in poplavami na avstralski vzhodni obali. &#8220;Ko se trenutni predsednik vlade soo\u010di s kakr\u0161nim koli izzivom, za to krivi zvezne oblasti ali posameznike, vedno okrivi nekoga drugega,&#8221; je dejal vodja opozicije.<\/p>\n<p>V lu\u010di vseh kriz, ki so prizadele Avstralijo v treh letih pod vodstvom Scotta Morrisona, tudi javnomnenjske raziskave ka\u017eejo na precej\u0161njo mero razo\u010daranja in jeze med prebivalstvom zaradi ravnanja vlade ob naravnih nesre\u010dah in nepripravljenosti na odmik od fosilnih goriv.<\/p>\n<p>Po navedbah AFP se glede na ankete pribli\u017eno 70 odstotkov Avstralcev zavzema za bolj odlo\u010dne ukrepe na podro\u010dju boja proti podnebnim spremembam, vendar je Morrison ve\u010dkrat zavrnil pozive k bolj ambicioznim podnebnim ciljem ali omejevanju obse\u017ene premogovni\u0161ke industrije.<\/p>\n<p>Tudi Albanese je dejal, da je Morrisonova koalicija popustila v boju proti podnebnim spremembam. Medtem pa laburisti obljubljajo ve\u010d konkretnih ukrepov na tem podro\u010dju.<\/p>\n<p>Vodja opozicije je aktualnega premierja obto\u017eil tudi, da je ob sklepanju varnostnega zavezni\u0161tva AUKUS, v katerega je Avstralija lani vstopila skupaj z Zdru\u017eenim kraljestvom in ZDA, ravnal na lastno pest in se prepozno posvetoval z opozicijo. &#8220;Trenutnega predsednika vlade vedno zanimajo le delitve, zato mu ne moremo zaupati, ko pravi, da se lahko vse spremeni,&#8221; je dejal Albanese.<\/p>\n<p>Albanese sicer ni edini, ki Morrisonu o\u010dita, da ni vreden zaupanja. Med njimi je na primer tudi francoski predsednik Emmanuel Macron. Ko so ga vpra\u0161ali, \u010de meni, da mu je Morrison lagal glede pogodbe za nakup francoskih podmornic, od katere je Avstralija ob vstopu v AUKUS nenadoma odstopila, je odgovoril: &#8220;Ne, da mislim. Vem.&#8221;<\/p>\n<p>Morrison je sicer po navedbah AFP priznal, da &#8220;ni vedno \u0161lo vse po na\u010drtih&#8221; in da se je med pandemijo &#8220;ob\u010dasno vedel kot buldo\u017eer&#8221;. Dejal je, da je moral v \u010dasu krize sprejemati nepriljubljene odlo\u010ditve in hitro ukrepati. Zdaj je obljubil, da bo v primeru zmage njegova nova vlada pokazala ve\u010d empatije.<\/p>\n<p>Nekateri analitiki sicer to ocenjujejo kot Morrisonove poskuse iz obupa, da bi v zadnjem trenutku obrnil rezultate anket in si podobno kot leta 2019 vendarle zagotovil zmago.<\/p>\n<p>&#8220;Podatki, ki jih imamo trenutno na voljo, ka\u017eejo, da so Avstralci razpolo\u017eeni za zamenjavo vlade. Vpra\u0161anje je, ali je opozicija storila dovolj, da bi ljudi prepri\u010dala, da je sprememba prava mo\u017enost,&#8221; je dejal Mark Kenny, profesor na Avstralski nacionalni univerzi v Canberri. Ankete sicer nakazujejo tudi, da so Avstralci naveli\u010dani obeh najve\u010djih strank in bi morda na volitvah raje izbrali koga tretjega, \u010de bi imeli izbiro.<\/p>\n<p>Na volitvah v soboto, 21. maja, se bodo kandidati potegovali za 151 sede\u017eev v spodnjem domu avstralskega parlamenta in za 40 od 76 senatorskih sede\u017eev. Parlament ima triletni mandat, senat pa \u0161estletnega.<\/p>\n<p>Na volitve se bo podalo pribli\u017eno 17 milijonov volilnih upravi\u010dencev. Udele\u017eba je v Avstraliji na volitvah obvezna, ob oddaji glasu pa razvrstijo kandidate po prednostnem vrstnem redu, s \u010dimer se nepredvidljivost izida \u0161e dodatno pove\u010da.<\/p>\n","protected":false},"excerpt":{"rendered":"<p>V Avstraliji bodo v soboto izbirali nov parlament in s tem novo vlado. Konservativci pod vodstvom premierja Scotta Morrisona se sicer borijo za nov mandat, a v javnomnenjskih raziskavah zaostajajo za laburisti, ki jih vodi Anthony Albanese. Tako se po skoraj desetih letih konservativne vlade v Avstraliji obeta zasuk v levo.<\/p>\n","protected":false},"author":7,"featured_media":468599,"comment_status":"closed","ping_status":"closed","sticky":false,"template":"","format":"standard","meta":{"footnotes":""},"categories":[18202],"tags":[1906,4919],"source":[4511],"supertag":[6103],"acf":[],"yoast_head":"<!-- This site is optimized with the Yoast SEO plugin v21.3 - https:\/\/yoast.com\/wordpress\/plugins\/seo\/ -->\n<title>Se tudi Avstraliji kon\u010dno obeta zasuk v levo? - Hudo Slovenija<\/title>\n<meta name=\"robots\" content=\"index, follow, max-snippet:-1, max-image-preview:large, max-video-preview:-1\" \/>\n<link rel=\"canonical\" href=\"https:\/\/hudo.com\/si\/aktualno\/svet\/se-tudi-avstraliji-koncno-obeta-zasuk-v-levo\/\" \/>\n<meta property=\"og:locale\" content=\"sl_SI\" \/>\n<meta property=\"og:type\" content=\"article\" \/>\n<meta property=\"og:title\" content=\"Se tudi Avstraliji kon\u010dno obeta zasuk v levo? - Hudo Slovenija\" \/>\n<meta property=\"og:description\" content=\"V Avstraliji bodo v soboto izbirali nov parlament in s tem novo vlado. Konservativci pod vodstvom premierja Scotta Morrisona se sicer borijo za nov mandat, a v javnomnenjskih raziskavah zaostajajo za laburisti, ki jih vodi Anthony Albanese. Tako se po skoraj desetih letih konservativne vlade v Avstraliji obeta zasuk v levo.\" \/>\n<meta property=\"og:url\" content=\"https:\/\/hudo.com\/si\/aktualno\/svet\/se-tudi-avstraliji-koncno-obeta-zasuk-v-levo\/\" \/>\n<meta property=\"og:site_name\" content=\"Hudo Slovenija\" \/>\n<meta property=\"article:publisher\" content=\"https:\/\/www.facebook.com\/hudo.si\" \/>\n<meta property=\"article:published_time\" content=\"2022-05-19T08:32:59+00:00\" \/>\n<meta property=\"og:image\" content=\"https:\/\/hudo.com\/si\/wp-content\/uploads\/sites\/2\/2022\/05\/profimedia-0692584712.jpg\" \/>\n\t<meta property=\"og:image:width\" content=\"1250\" \/>\n\t<meta property=\"og:image:height\" content=\"800\" \/>\n\t<meta property=\"og:image:type\" content=\"image\/jpeg\" \/>\n<meta name=\"author\" content=\"A. P., STA\" \/>\n<meta name=\"twitter:card\" content=\"summary_large_image\" \/>\n<meta name=\"twitter:creator\" content=\"@hudo_si\" \/>\n<meta name=\"twitter:site\" content=\"@hudo_si\" \/>\n<meta name=\"twitter:label1\" content=\"Written by\" \/>\n\t<meta name=\"twitter:data1\" content=\"A. P., STA\" \/>\n\t<meta name=\"twitter:label2\" content=\"Est. reading time\" \/>\n\t<meta name=\"twitter:data2\" content=\"4 minute\" \/>\n<script type=\"application\/ld+json\" class=\"yoast-schema-graph\">{\"@context\":\"https:\/\/schema.org\",\"@graph\":[{\"@type\":\"Article\",\"@id\":\"https:\/\/hudo.com\/si\/aktualno\/svet\/se-tudi-avstraliji-koncno-obeta-zasuk-v-levo\/#article\",\"isPartOf\":{\"@id\":\"https:\/\/hudo.com\/si\/aktualno\/svet\/se-tudi-avstraliji-koncno-obeta-zasuk-v-levo\/\"},\"author\":{\"name\":\"A. P., STA\",\"@id\":\"https:\/\/hudo.com\/si\/#\/schema\/person\/18f09c02475ba9e606e941a565b80cff\"},\"headline\":\"Se tudi Avstraliji kon\u010dno obeta zasuk v levo?\",\"datePublished\":\"2022-05-19T08:32:59+00:00\",\"dateModified\":\"2022-05-19T08:32:59+00:00\",\"mainEntityOfPage\":{\"@id\":\"https:\/\/hudo.com\/si\/aktualno\/svet\/se-tudi-avstraliji-koncno-obeta-zasuk-v-levo\/\"},\"wordCount\":766,\"publisher\":{\"@id\":\"https:\/\/hudo.com\/si\/#organization\"},\"keywords\":[\"avstralija\",\"volitve\"],\"articleSection\":[\"Svet\"],\"inLanguage\":\"sl-SI\"},{\"@type\":\"WebPage\",\"@id\":\"https:\/\/hudo.com\/si\/aktualno\/svet\/se-tudi-avstraliji-koncno-obeta-zasuk-v-levo\/\",\"url\":\"https:\/\/hudo.com\/si\/aktualno\/svet\/se-tudi-avstraliji-koncno-obeta-zasuk-v-levo\/\",\"name\":\"Se tudi Avstraliji kon\u010dno obeta zasuk v levo? - Hudo Slovenija\",\"isPartOf\":{\"@id\":\"https:\/\/hudo.com\/si\/#website\"},\"datePublished\":\"2022-05-19T08:32:59+00:00\",\"dateModified\":\"2022-05-19T08:32:59+00:00\",\"breadcrumb\":{\"@id\":\"https:\/\/hudo.com\/si\/aktualno\/svet\/se-tudi-avstraliji-koncno-obeta-zasuk-v-levo\/#breadcrumb\"},\"inLanguage\":\"sl-SI\",\"potentialAction\":[{\"@type\":\"ReadAction\",\"target\":[\"https:\/\/hudo.com\/si\/aktualno\/svet\/se-tudi-avstraliji-koncno-obeta-zasuk-v-levo\/\"]}]},{\"@type\":\"BreadcrumbList\",\"@id\":\"https:\/\/hudo.com\/si\/aktualno\/svet\/se-tudi-avstraliji-koncno-obeta-zasuk-v-levo\/#breadcrumb\",\"itemListElement\":[{\"@type\":\"ListItem\",\"position\":1,\"name\":\"Home\",\"item\":\"https:\/\/hudo.com\/si\/\"},{\"@type\":\"ListItem\",\"position\":2,\"name\":\"Se tudi Avstraliji kon\u010dno obeta zasuk v levo?\"}]},{\"@type\":\"WebSite\",\"@id\":\"https:\/\/hudo.com\/si\/#website\",\"url\":\"https:\/\/hudo.com\/si\/\",\"name\":\"Hudo Slovenija\",\"description\":\"Vse novice iz Slovenije in sveta\",\"publisher\":{\"@id\":\"https:\/\/hudo.com\/si\/#organization\"},\"potentialAction\":[{\"@type\":\"SearchAction\",\"target\":{\"@type\":\"EntryPoint\",\"urlTemplate\":\"https:\/\/hudo.com\/si\/?s={search_term_string}\"},\"query-input\":\"required name=search_term_string\"}],\"inLanguage\":\"sl-SI\"},{\"@type\":\"Organization\",\"@id\":\"https:\/\/hudo.com\/si\/#organization\",\"name\":\"VSN Media\",\"url\":\"https:\/\/hudo.com\/si\/\",\"logo\":{\"@type\":\"ImageObject\",\"inLanguage\":\"sl-SI\",\"@id\":\"https:\/\/hudo.com\/si\/#\/schema\/logo\/image\/\",\"url\":\"https:\/\/hudo.com\/si\/wp-content\/uploads\/sites\/2\/2021\/03\/hudo-app-2.png\",\"contentUrl\":\"https:\/\/hudo.com\/si\/wp-content\/uploads\/sites\/2\/2021\/03\/hudo-app-2.png\",\"width\":2185,\"height\":2167,\"caption\":\"VSN Media\"},\"image\":{\"@id\":\"https:\/\/hudo.com\/si\/#\/schema\/logo\/image\/\"},\"sameAs\":[\"https:\/\/www.facebook.com\/hudo.si\",\"https:\/\/twitter.com\/hudo_si\"]},{\"@type\":\"Person\",\"@id\":\"https:\/\/hudo.com\/si\/#\/schema\/person\/18f09c02475ba9e606e941a565b80cff\",\"name\":\"A. P., STA\",\"image\":{\"@type\":\"ImageObject\",\"inLanguage\":\"sl-SI\",\"@id\":\"https:\/\/hudo.com\/si\/#\/schema\/person\/image\/\",\"url\":\"https:\/\/secure.gravatar.com\/avatar\/03eac8e609f5f04383125d80eaeaaf3e?s=96&d=mm&r=g\",\"contentUrl\":\"https:\/\/secure.gravatar.com\/avatar\/03eac8e609f5f04383125d80eaeaaf3e?s=96&d=mm&r=g\",\"caption\":\"A. P., STA\"},\"url\":\"https:\/\/hudo.com\/si\/author\/lubu\/\"}]}<\/script>\n<!-- \/ Yoast SEO plugin. -->","yoast_head_json":{"title":"Se tudi Avstraliji kon\u010dno obeta zasuk v levo? - Hudo Slovenija","robots":{"index":"index","follow":"follow","max-snippet":"max-snippet:-1","max-image-preview":"max-image-preview:large","max-video-preview":"max-video-preview:-1"},"canonical":"https:\/\/hudo.com\/si\/aktualno\/svet\/se-tudi-avstraliji-koncno-obeta-zasuk-v-levo\/","og_locale":"sl_SI","og_type":"article","og_title":"Se tudi Avstraliji kon\u010dno obeta zasuk v levo? - Hudo Slovenija","og_description":"V Avstraliji bodo v soboto izbirali nov parlament in s tem novo vlado. Konservativci pod vodstvom premierja Scotta Morrisona se sicer borijo za nov mandat, a v javnomnenjskih raziskavah zaostajajo za laburisti, ki jih vodi Anthony Albanese. Tako se po skoraj desetih letih konservativne vlade v Avstraliji obeta zasuk v levo.","og_url":"https:\/\/hudo.com\/si\/aktualno\/svet\/se-tudi-avstraliji-koncno-obeta-zasuk-v-levo\/","og_site_name":"Hudo Slovenija","article_publisher":"https:\/\/www.facebook.com\/hudo.si","article_published_time":"2022-05-19T08:32:59+00:00","og_image":[{"width":1250,"height":800,"url":"https:\/\/hudo.com\/si\/wp-content\/uploads\/sites\/2\/2022\/05\/profimedia-0692584712.jpg","type":"image\/jpeg"}],"author":"A. P., STA","twitter_card":"summary_large_image","twitter_creator":"@hudo_si","twitter_site":"@hudo_si","twitter_misc":{"Written by":"A. P., STA","Est. reading time":"4 minute"},"schema":{"@context":"https:\/\/schema.org","@graph":[{"@type":"Article","@id":"https:\/\/hudo.com\/si\/aktualno\/svet\/se-tudi-avstraliji-koncno-obeta-zasuk-v-levo\/#article","isPartOf":{"@id":"https:\/\/hudo.com\/si\/aktualno\/svet\/se-tudi-avstraliji-koncno-obeta-zasuk-v-levo\/"},"author":{"name":"A. P., STA","@id":"https:\/\/hudo.com\/si\/#\/schema\/person\/18f09c02475ba9e606e941a565b80cff"},"headline":"Se tudi Avstraliji kon\u010dno obeta zasuk v levo?","datePublished":"2022-05-19T08:32:59+00:00","dateModified":"2022-05-19T08:32:59+00:00","mainEntityOfPage":{"@id":"https:\/\/hudo.com\/si\/aktualno\/svet\/se-tudi-avstraliji-koncno-obeta-zasuk-v-levo\/"},"wordCount":766,"publisher":{"@id":"https:\/\/hudo.com\/si\/#organization"},"keywords":["avstralija","volitve"],"articleSection":["Svet"],"inLanguage":"sl-SI"},{"@type":"WebPage","@id":"https:\/\/hudo.com\/si\/aktualno\/svet\/se-tudi-avstraliji-koncno-obeta-zasuk-v-levo\/","url":"https:\/\/hudo.com\/si\/aktualno\/svet\/se-tudi-avstraliji-koncno-obeta-zasuk-v-levo\/","name":"Se tudi Avstraliji kon\u010dno obeta zasuk v levo? - Hudo Slovenija","isPartOf":{"@id":"https:\/\/hudo.com\/si\/#website"},"datePublished":"2022-05-19T08:32:59+00:00","dateModified":"2022-05-19T08:32:59+00:00","breadcrumb":{"@id":"https:\/\/hudo.com\/si\/aktualno\/svet\/se-tudi-avstraliji-koncno-obeta-zasuk-v-levo\/#breadcrumb"},"inLanguage":"sl-SI","potentialAction":[{"@type":"ReadAction","target":["https:\/\/hudo.com\/si\/aktualno\/svet\/se-tudi-avstraliji-koncno-obeta-zasuk-v-levo\/"]}]},{"@type":"BreadcrumbList","@id":"https:\/\/hudo.com\/si\/aktualno\/svet\/se-tudi-avstraliji-koncno-obeta-zasuk-v-levo\/#breadcrumb","itemListElement":[{"@type":"ListItem","position":1,"name":"Home","item":"https:\/\/hudo.com\/si\/"},{"@type":"ListItem","position":2,"name":"Se tudi Avstraliji kon\u010dno obeta zasuk v levo?"}]},{"@type":"WebSite","@id":"https:\/\/hudo.com\/si\/#website","url":"https:\/\/hudo.com\/si\/","name":"Hudo Slovenija","description":"Vse novice iz Slovenije in sveta","publisher":{"@id":"https:\/\/hudo.com\/si\/#organization"},"potentialAction":[{"@type":"SearchAction","target":{"@type":"EntryPoint","urlTemplate":"https:\/\/hudo.com\/si\/?s={search_term_string}"},"query-input":"required name=search_term_string"}],"inLanguage":"sl-SI"},{"@type":"Organization","@id":"https:\/\/hudo.com\/si\/#organization","name":"VSN Media","url":"https:\/\/hudo.com\/si\/","logo":{"@type":"ImageObject","inLanguage":"sl-SI","@id":"https:\/\/hudo.com\/si\/#\/schema\/logo\/image\/","url":"https:\/\/hudo.com\/si\/wp-content\/uploads\/sites\/2\/2021\/03\/hudo-app-2.png","contentUrl":"https:\/\/hudo.com\/si\/wp-content\/uploads\/sites\/2\/2021\/03\/hudo-app-2.png","width":2185,"height":2167,"caption":"VSN Media"},"image":{"@id":"https:\/\/hudo.com\/si\/#\/schema\/logo\/image\/"},"sameAs":["https:\/\/www.facebook.com\/hudo.si","https:\/\/twitter.com\/hudo_si"]},{"@type":"Person","@id":"https:\/\/hudo.com\/si\/#\/schema\/person\/18f09c02475ba9e606e941a565b80cff","name":"A. P., STA","image":{"@type":"ImageObject","inLanguage":"sl-SI","@id":"https:\/\/hudo.com\/si\/#\/schema\/person\/image\/","url":"https:\/\/secure.gravatar.com\/avatar\/03eac8e609f5f04383125d80eaeaaf3e?s=96&d=mm&r=g","contentUrl":"https:\/\/secure.gravatar.com\/avatar\/03eac8e609f5f04383125d80eaeaaf3e?s=96&d=mm&r=g","caption":"A. P., STA"},"url":"https:\/\/hudo.com\/si\/author\/lubu\/"}]}},"amp_enabled":true,"_links":{"self":[{"href":"https:\/\/hudo.com\/si\/wp-json\/wp\/v2\/posts\/468598"}],"collection":[{"href":"https:\/\/hudo.com\/si\/wp-json\/wp\/v2\/posts"}],"about":[{"href":"https:\/\/hudo.com\/si\/wp-json\/wp\/v2\/types\/post"}],"author":[{"embeddable":true,"href":"https:\/\/hudo.com\/si\/wp-json\/wp\/v2\/users\/7"}],"replies":[{"embeddable":true,"href":"https:\/\/hudo.com\/si\/wp-json\/wp\/v2\/comments?post=468598"}],"version-history":[{"count":1,"href":"https:\/\/hudo.com\/si\/wp-json\/wp\/v2\/posts\/468598\/revisions"}],"predecessor-version":[{"id":468601,"href":"https:\/\/hudo.com\/si\/wp-json\/wp\/v2\/posts\/468598\/revisions\/468601"}],"wp:featuredmedia":[{"embeddable":true,"href":"https:\/\/hudo.com\/si\/wp-json\/wp\/v2\/media\/468599"}],"wp:attachment":[{"href":"https:\/\/hudo.com\/si\/wp-json\/wp\/v2\/media?parent=468598"}],"wp:term":[{"taxonomy":"category","embeddable":true,"href":"https:\/\/hudo.com\/si\/wp-json\/wp\/v2\/categories?post=468598"},{"taxonomy":"post_tag","embeddable":true,"href":"https:\/\/hudo.com\/si\/wp-json\/wp\/v2\/tags?post=468598"},{"taxonomy":"source","embeddable":true,"href":"https:\/\/hudo.com\/si\/wp-json\/wp\/v2\/source?post=468598"},{"taxonomy":"supertag","embeddable":true,"href":"https:\/\/hudo.com\/si\/wp-json\/wp\/v2\/supertag?post=468598"}],"curies":[{"name":"wp","href":"https:\/\/api.w.org\/{rel}","templated":true}]}}