{"id":468709,"date":"2022-05-22T09:31:08","date_gmt":"2022-05-22T07:31:08","guid":{"rendered":"https:\/\/hudo.com\/si\/?p=468709"},"modified":"2022-05-22T09:31:08","modified_gmt":"2022-05-22T07:31:08","slug":"vreme-zjasnilo-se-bo-7","status":"publish","type":"post","link":"https:\/\/hudo.com\/si\/vreme\/vreme-zjasnilo-se-bo-7\/","title":{"rendered":"Vreme: Zjasnilo se bo"},"content":{"rendered":"<p>Najvi\u0161je dnevne temperature bodo od 24 do 29 stopinj Celzija. V ponedeljek bo deloma son\u010dno z ob\u010dasno pove\u010dano obla\u010dnostjo, ki jo bo ve\u010d dopoldne. Nastala bo kak\u0161na ploha, popoldne ali zve\u010der tudi nevihta. Najni\u017eje jutranje temperature bodo od 12 do 17, najvi\u0161je dnevne od 24 do 28 stopinj Celzija.<\/p>\n<p>Obeti: V torek bo son\u010dno, pihal bo jugozahodni veter. V sredo bo dokaj son\u010dno vreme, popoldne bo nekaj ploh in neviht.<\/p>\n<p>Vremenska slika: Nad Skandinavijo, srednjo Evropo in osrednjim Sredozemljem je \u0161ibko obmo\u010dje visokega zra\u010dnega tlaka. Prek Alp in na\u0161ih krajev valovi nad Balkan oslabljena vremenska motnja, ki na vreme pri nas vpliva s pove\u010dano obla\u010dnostjo.<\/p>\n<p>Napoved za sosednje pokrajine: Danes bo dokaj son\u010dno, najve\u010d sonca bo ob severnem Jadranu. Popoldne bo predvsem v Alpah nastala kak\u0161na ploha ali nevihta. V ponedeljek bo spremenljivo obla\u010dno, najve\u010d sonca bo ob severnem Jadranu. Mo\u017ene bodo kratkotrajne plohe, v Alpah popoldne tudi nevihte.<\/p>\n<p>Biovreme: V nedeljo bo vremenski vpliv za ve\u010dino ljudi ugoden. V ponedeljek bo vremenski vpliv zmerno obremenilen.<\/p>\n","protected":false},"excerpt":{"rendered":"<p>Danes bo na Primorskem prete\u017eno jasno, predvsem v notranjosti Primorske bo dopoldne pihala \u0161ibka burja. Drugod se bo dopoldne po\u010dasi jasnilo, mo\u017ena bo \u0161e kak\u0161na ploha. \u010cez dan bo pove\u010dini son\u010dno, popoldne in zve\u010der bo predvsem na severu mo\u017ena kak\u0161na nevihta, je zapisano na spletnih straneh Agencije RS za okolje.<\/p>\n","protected":false},"author":7,"featured_media":452908,"comment_status":"closed","ping_status":"closed","sticky":false,"template":"","format":"standard","meta":{"footnotes":""},"categories":[18175],"tags":[7416],"source":[4511],"supertag":[12922],"acf":[],"yoast_head":"<!-- This site is optimized with the Yoast SEO plugin v21.3 - https:\/\/yoast.com\/wordpress\/plugins\/seo\/ -->\n<title>Vreme: Zjasnilo se bo - Hudo Slovenija<\/title>\n<meta name=\"robots\" content=\"index, follow, max-snippet:-1, max-image-preview:large, max-video-preview:-1\" \/>\n<link rel=\"canonical\" href=\"https:\/\/hudo.com\/si\/vreme\/vreme-zjasnilo-se-bo-7\/\" \/>\n<meta property=\"og:locale\" content=\"sl_SI\" \/>\n<meta property=\"og:type\" content=\"article\" \/>\n<meta property=\"og:title\" content=\"Vreme: Zjasnilo se bo - Hudo Slovenija\" \/>\n<meta property=\"og:description\" content=\"Danes bo na Primorskem prete\u017eno jasno, predvsem v notranjosti Primorske bo dopoldne pihala \u0161ibka burja. Drugod se bo dopoldne po\u010dasi jasnilo, mo\u017ena bo \u0161e kak\u0161na ploha. \u010cez dan bo pove\u010dini son\u010dno, popoldne in zve\u010der bo predvsem na severu mo\u017ena kak\u0161na nevihta, je zapisano na spletnih straneh Agencije RS za okolje.\" \/>\n<meta property=\"og:url\" content=\"https:\/\/hudo.com\/si\/vreme\/vreme-zjasnilo-se-bo-7\/\" \/>\n<meta property=\"og:site_name\" content=\"Hudo Slovenija\" \/>\n<meta property=\"article:publisher\" content=\"https:\/\/www.facebook.com\/hudo.si\" \/>\n<meta property=\"article:published_time\" content=\"2022-05-22T07:31:08+00:00\" \/>\n<meta property=\"og:image\" content=\"https:\/\/hudo.com\/si\/wp-content\/uploads\/sites\/2\/2021\/06\/profimedia-0159904501.jpg\" \/>\n\t<meta property=\"og:image:width\" content=\"1250\" \/>\n\t<meta property=\"og:image:height\" content=\"937\" \/>\n\t<meta property=\"og:image:type\" content=\"image\/jpeg\" \/>\n<meta name=\"author\" content=\"A. P., STA\" \/>\n<meta name=\"twitter:card\" content=\"summary_large_image\" \/>\n<meta name=\"twitter:creator\" content=\"@hudo_si\" \/>\n<meta name=\"twitter:site\" content=\"@hudo_si\" \/>\n<meta name=\"twitter:label1\" content=\"Written by\" \/>\n\t<meta name=\"twitter:data1\" content=\"A. P., STA\" \/>\n\t<meta name=\"twitter:label2\" content=\"Est. reading time\" \/>\n\t<meta name=\"twitter:data2\" content=\"1 minuta\" \/>\n<script type=\"application\/ld+json\" class=\"yoast-schema-graph\">{\"@context\":\"https:\/\/schema.org\",\"@graph\":[{\"@type\":\"Article\",\"@id\":\"https:\/\/hudo.com\/si\/vreme\/vreme-zjasnilo-se-bo-7\/#article\",\"isPartOf\":{\"@id\":\"https:\/\/hudo.com\/si\/vreme\/vreme-zjasnilo-se-bo-7\/\"},\"author\":{\"name\":\"A. P., STA\",\"@id\":\"https:\/\/hudo.com\/si\/#\/schema\/person\/18f09c02475ba9e606e941a565b80cff\"},\"headline\":\"Vreme: Zjasnilo se bo\",\"datePublished\":\"2022-05-22T07:31:08+00:00\",\"dateModified\":\"2022-05-22T07:31:08+00:00\",\"mainEntityOfPage\":{\"@id\":\"https:\/\/hudo.com\/si\/vreme\/vreme-zjasnilo-se-bo-7\/\"},\"wordCount\":185,\"publisher\":{\"@id\":\"https:\/\/hudo.com\/si\/#organization\"},\"keywords\":[\"vremenska napoved\"],\"articleSection\":[\"Vreme\"],\"inLanguage\":\"sl-SI\"},{\"@type\":\"WebPage\",\"@id\":\"https:\/\/hudo.com\/si\/vreme\/vreme-zjasnilo-se-bo-7\/\",\"url\":\"https:\/\/hudo.com\/si\/vreme\/vreme-zjasnilo-se-bo-7\/\",\"name\":\"Vreme: Zjasnilo se bo - Hudo Slovenija\",\"isPartOf\":{\"@id\":\"https:\/\/hudo.com\/si\/#website\"},\"datePublished\":\"2022-05-22T07:31:08+00:00\",\"dateModified\":\"2022-05-22T07:31:08+00:00\",\"breadcrumb\":{\"@id\":\"https:\/\/hudo.com\/si\/vreme\/vreme-zjasnilo-se-bo-7\/#breadcrumb\"},\"inLanguage\":\"sl-SI\",\"potentialAction\":[{\"@type\":\"ReadAction\",\"target\":[\"https:\/\/hudo.com\/si\/vreme\/vreme-zjasnilo-se-bo-7\/\"]}]},{\"@type\":\"BreadcrumbList\",\"@id\":\"https:\/\/hudo.com\/si\/vreme\/vreme-zjasnilo-se-bo-7\/#breadcrumb\",\"itemListElement\":[{\"@type\":\"ListItem\",\"position\":1,\"name\":\"Home\",\"item\":\"https:\/\/hudo.com\/si\/\"},{\"@type\":\"ListItem\",\"position\":2,\"name\":\"Vreme: Zjasnilo se bo\"}]},{\"@type\":\"WebSite\",\"@id\":\"https:\/\/hudo.com\/si\/#website\",\"url\":\"https:\/\/hudo.com\/si\/\",\"name\":\"Hudo Slovenija\",\"description\":\"Vse novice iz Slovenije in sveta\",\"publisher\":{\"@id\":\"https:\/\/hudo.com\/si\/#organization\"},\"potentialAction\":[{\"@type\":\"SearchAction\",\"target\":{\"@type\":\"EntryPoint\",\"urlTemplate\":\"https:\/\/hudo.com\/si\/?s={search_term_string}\"},\"query-input\":\"required name=search_term_string\"}],\"inLanguage\":\"sl-SI\"},{\"@type\":\"Organization\",\"@id\":\"https:\/\/hudo.com\/si\/#organization\",\"name\":\"VSN Media\",\"url\":\"https:\/\/hudo.com\/si\/\",\"logo\":{\"@type\":\"ImageObject\",\"inLanguage\":\"sl-SI\",\"@id\":\"https:\/\/hudo.com\/si\/#\/schema\/logo\/image\/\",\"url\":\"https:\/\/hudo.com\/si\/wp-content\/uploads\/sites\/2\/2021\/03\/hudo-app-2.png\",\"contentUrl\":\"https:\/\/hudo.com\/si\/wp-content\/uploads\/sites\/2\/2021\/03\/hudo-app-2.png\",\"width\":2185,\"height\":2167,\"caption\":\"VSN Media\"},\"image\":{\"@id\":\"https:\/\/hudo.com\/si\/#\/schema\/logo\/image\/\"},\"sameAs\":[\"https:\/\/www.facebook.com\/hudo.si\",\"https:\/\/twitter.com\/hudo_si\"]},{\"@type\":\"Person\",\"@id\":\"https:\/\/hudo.com\/si\/#\/schema\/person\/18f09c02475ba9e606e941a565b80cff\",\"name\":\"A. P., STA\",\"image\":{\"@type\":\"ImageObject\",\"inLanguage\":\"sl-SI\",\"@id\":\"https:\/\/hudo.com\/si\/#\/schema\/person\/image\/\",\"url\":\"https:\/\/secure.gravatar.com\/avatar\/03eac8e609f5f04383125d80eaeaaf3e?s=96&d=mm&r=g\",\"contentUrl\":\"https:\/\/secure.gravatar.com\/avatar\/03eac8e609f5f04383125d80eaeaaf3e?s=96&d=mm&r=g\",\"caption\":\"A. P., STA\"},\"url\":\"https:\/\/hudo.com\/si\/author\/lubu\/\"}]}<\/script>\n<!-- \/ Yoast SEO plugin. -->","yoast_head_json":{"title":"Vreme: Zjasnilo se bo - Hudo Slovenija","robots":{"index":"index","follow":"follow","max-snippet":"max-snippet:-1","max-image-preview":"max-image-preview:large","max-video-preview":"max-video-preview:-1"},"canonical":"https:\/\/hudo.com\/si\/vreme\/vreme-zjasnilo-se-bo-7\/","og_locale":"sl_SI","og_type":"article","og_title":"Vreme: Zjasnilo se bo - Hudo Slovenija","og_description":"Danes bo na Primorskem prete\u017eno jasno, predvsem v notranjosti Primorske bo dopoldne pihala \u0161ibka burja. Drugod se bo dopoldne po\u010dasi jasnilo, mo\u017ena bo \u0161e kak\u0161na ploha. \u010cez dan bo pove\u010dini son\u010dno, popoldne in zve\u010der bo predvsem na severu mo\u017ena kak\u0161na nevihta, je zapisano na spletnih straneh Agencije RS za okolje.","og_url":"https:\/\/hudo.com\/si\/vreme\/vreme-zjasnilo-se-bo-7\/","og_site_name":"Hudo Slovenija","article_publisher":"https:\/\/www.facebook.com\/hudo.si","article_published_time":"2022-05-22T07:31:08+00:00","og_image":[{"width":1250,"height":937,"url":"https:\/\/hudo.com\/si\/wp-content\/uploads\/sites\/2\/2021\/06\/profimedia-0159904501.jpg","type":"image\/jpeg"}],"author":"A. P., STA","twitter_card":"summary_large_image","twitter_creator":"@hudo_si","twitter_site":"@hudo_si","twitter_misc":{"Written by":"A. P., STA","Est. reading time":"1 minuta"},"schema":{"@context":"https:\/\/schema.org","@graph":[{"@type":"Article","@id":"https:\/\/hudo.com\/si\/vreme\/vreme-zjasnilo-se-bo-7\/#article","isPartOf":{"@id":"https:\/\/hudo.com\/si\/vreme\/vreme-zjasnilo-se-bo-7\/"},"author":{"name":"A. P., STA","@id":"https:\/\/hudo.com\/si\/#\/schema\/person\/18f09c02475ba9e606e941a565b80cff"},"headline":"Vreme: Zjasnilo se bo","datePublished":"2022-05-22T07:31:08+00:00","dateModified":"2022-05-22T07:31:08+00:00","mainEntityOfPage":{"@id":"https:\/\/hudo.com\/si\/vreme\/vreme-zjasnilo-se-bo-7\/"},"wordCount":185,"publisher":{"@id":"https:\/\/hudo.com\/si\/#organization"},"keywords":["vremenska napoved"],"articleSection":["Vreme"],"inLanguage":"sl-SI"},{"@type":"WebPage","@id":"https:\/\/hudo.com\/si\/vreme\/vreme-zjasnilo-se-bo-7\/","url":"https:\/\/hudo.com\/si\/vreme\/vreme-zjasnilo-se-bo-7\/","name":"Vreme: Zjasnilo se bo - Hudo Slovenija","isPartOf":{"@id":"https:\/\/hudo.com\/si\/#website"},"datePublished":"2022-05-22T07:31:08+00:00","dateModified":"2022-05-22T07:31:08+00:00","breadcrumb":{"@id":"https:\/\/hudo.com\/si\/vreme\/vreme-zjasnilo-se-bo-7\/#breadcrumb"},"inLanguage":"sl-SI","potentialAction":[{"@type":"ReadAction","target":["https:\/\/hudo.com\/si\/vreme\/vreme-zjasnilo-se-bo-7\/"]}]},{"@type":"BreadcrumbList","@id":"https:\/\/hudo.com\/si\/vreme\/vreme-zjasnilo-se-bo-7\/#breadcrumb","itemListElement":[{"@type":"ListItem","position":1,"name":"Home","item":"https:\/\/hudo.com\/si\/"},{"@type":"ListItem","position":2,"name":"Vreme: Zjasnilo se bo"}]},{"@type":"WebSite","@id":"https:\/\/hudo.com\/si\/#website","url":"https:\/\/hudo.com\/si\/","name":"Hudo Slovenija","description":"Vse novice iz Slovenije in sveta","publisher":{"@id":"https:\/\/hudo.com\/si\/#organization"},"potentialAction":[{"@type":"SearchAction","target":{"@type":"EntryPoint","urlTemplate":"https:\/\/hudo.com\/si\/?s={search_term_string}"},"query-input":"required name=search_term_string"}],"inLanguage":"sl-SI"},{"@type":"Organization","@id":"https:\/\/hudo.com\/si\/#organization","name":"VSN Media","url":"https:\/\/hudo.com\/si\/","logo":{"@type":"ImageObject","inLanguage":"sl-SI","@id":"https:\/\/hudo.com\/si\/#\/schema\/logo\/image\/","url":"https:\/\/hudo.com\/si\/wp-content\/uploads\/sites\/2\/2021\/03\/hudo-app-2.png","contentUrl":"https:\/\/hudo.com\/si\/wp-content\/uploads\/sites\/2\/2021\/03\/hudo-app-2.png","width":2185,"height":2167,"caption":"VSN Media"},"image":{"@id":"https:\/\/hudo.com\/si\/#\/schema\/logo\/image\/"},"sameAs":["https:\/\/www.facebook.com\/hudo.si","https:\/\/twitter.com\/hudo_si"]},{"@type":"Person","@id":"https:\/\/hudo.com\/si\/#\/schema\/person\/18f09c02475ba9e606e941a565b80cff","name":"A. P., STA","image":{"@type":"ImageObject","inLanguage":"sl-SI","@id":"https:\/\/hudo.com\/si\/#\/schema\/person\/image\/","url":"https:\/\/secure.gravatar.com\/avatar\/03eac8e609f5f04383125d80eaeaaf3e?s=96&d=mm&r=g","contentUrl":"https:\/\/secure.gravatar.com\/avatar\/03eac8e609f5f04383125d80eaeaaf3e?s=96&d=mm&r=g","caption":"A. P., STA"},"url":"https:\/\/hudo.com\/si\/author\/lubu\/"}]}},"amp_enabled":true,"_links":{"self":[{"href":"https:\/\/hudo.com\/si\/wp-json\/wp\/v2\/posts\/468709"}],"collection":[{"href":"https:\/\/hudo.com\/si\/wp-json\/wp\/v2\/posts"}],"about":[{"href":"https:\/\/hudo.com\/si\/wp-json\/wp\/v2\/types\/post"}],"author":[{"embeddable":true,"href":"https:\/\/hudo.com\/si\/wp-json\/wp\/v2\/users\/7"}],"replies":[{"embeddable":true,"href":"https:\/\/hudo.com\/si\/wp-json\/wp\/v2\/comments?post=468709"}],"version-history":[{"count":1,"href":"https:\/\/hudo.com\/si\/wp-json\/wp\/v2\/posts\/468709\/revisions"}],"predecessor-version":[{"id":468710,"href":"https:\/\/hudo.com\/si\/wp-json\/wp\/v2\/posts\/468709\/revisions\/468710"}],"wp:featuredmedia":[{"embeddable":true,"href":"https:\/\/hudo.com\/si\/wp-json\/wp\/v2\/media\/452908"}],"wp:attachment":[{"href":"https:\/\/hudo.com\/si\/wp-json\/wp\/v2\/media?parent=468709"}],"wp:term":[{"taxonomy":"category","embeddable":true,"href":"https:\/\/hudo.com\/si\/wp-json\/wp\/v2\/categories?post=468709"},{"taxonomy":"post_tag","embeddable":true,"href":"https:\/\/hudo.com\/si\/wp-json\/wp\/v2\/tags?post=468709"},{"taxonomy":"source","embeddable":true,"href":"https:\/\/hudo.com\/si\/wp-json\/wp\/v2\/source?post=468709"},{"taxonomy":"supertag","embeddable":true,"href":"https:\/\/hudo.com\/si\/wp-json\/wp\/v2\/supertag?post=468709"}],"curies":[{"name":"wp","href":"https:\/\/api.w.org\/{rel}","templated":true}]}}