{"id":468732,"date":"2022-05-23T10:02:38","date_gmt":"2022-05-23T08:02:38","guid":{"rendered":"https:\/\/hudo.com\/si\/?p=468732"},"modified":"2022-05-23T10:02:38","modified_gmt":"2022-05-23T08:02:38","slug":"vreme-popoldne-se-bo-delno-razjasnilo-mozna-bo-kaksna-ploha-ali-nevihta","status":"publish","type":"post","link":"https:\/\/hudo.com\/si\/vreme\/vreme-popoldne-se-bo-delno-razjasnilo-mozna-bo-kaksna-ploha-ali-nevihta\/","title":{"rendered":"Vreme: Popoldne se bo delno razjasnilo, mo\u017ena bo kak\u0161na ploha ali nevihta"},"content":{"rendered":"<p>V torek bo son\u010dno, zjutraj bo ponekod po ni\u017einah mo\u017ena megla. \u010cez dan bo zapihal jugozahodni veter, ob morju jugo. Najni\u017eje jutranje temperature bodo od 10 do 16, ob morju 18, najvi\u0161je dnevne od 23 do 28, na vzhodu okoli 30 stopinj Celzija.<\/p>\n<p><strong>Obeti:<\/strong> V sredo bo sprva precej jasno, popoldne bodo krajevne plohe in nevihte spet nekoliko pogostej\u0161e. V \u010detrtek bo zjutraj prete\u017eno obla\u010dno, \u010dez dan se bo jasnilo. Nastalo bo \u0161e nekaj ploh ali neviht.<\/p>\n<p><strong>Vremenska slika:<\/strong> Iznad severnega Atlantika sega do Alp obmo\u010dje nizkega zra\u010dnega tlaka. Nad zahodno Evropo se zadr\u017eujeta dve vremenski fronti. Od zahoda doteka k nam razmeroma vla\u017een zrak.<\/p>\n<p><strong>Napoved za sosednje pokrajine:<\/strong> Danes bo spremenljivo obla\u010dno, najve\u010d sonca bo ob severnem Jadranu. Mo\u017ene bodo kratkotrajne plohe, v Alpah popoldne tudi nevihte. V torek bo son\u010dno, popoldne ali zve\u010der bo v Alpah nekaj neviht.<\/p>\n<p><strong>Biovreme:<\/strong> Danes in v torek bo vremenski vpliv zmerno obremenilen. Vremensko ob\u010dutljivi ljudje bodo lahko imeli manj\u0161e, vremensko pogojene te\u017eave.<\/p>\n","protected":false},"excerpt":{"rendered":"<p>Danes dopoldne bo zmerno do prete\u017eno obla\u010dno, nastalo bo nekaj ploh. Popoldne se bo delno razjasnilo, mo\u017ena bo kak\u0161na ploha ali nevihta. Najvi\u0161je dnevne temperature bodo od 22 do 26, na Primorskem do 28 stopinj Celzija, je zapisano na spletnih straneh Agencije RS za okolje.<\/p>\n","protected":false},"author":8,"featured_media":456548,"comment_status":"closed","ping_status":"closed","sticky":false,"template":"","format":"standard","meta":{"footnotes":""},"categories":[18175],"tags":[1595,2149],"source":[4511],"supertag":[5675,12922],"acf":[],"yoast_head":"<!-- This site is optimized with the Yoast SEO plugin v21.3 - https:\/\/yoast.com\/wordpress\/plugins\/seo\/ -->\n<title>Vreme: Popoldne se bo delno razjasnilo, mo\u017ena bo kak\u0161na ploha ali nevihta - Hudo Slovenija<\/title>\n<meta name=\"robots\" content=\"index, follow, max-snippet:-1, max-image-preview:large, max-video-preview:-1\" \/>\n<link rel=\"canonical\" href=\"https:\/\/hudo.com\/si\/vreme\/vreme-popoldne-se-bo-delno-razjasnilo-mozna-bo-kaksna-ploha-ali-nevihta\/\" \/>\n<meta property=\"og:locale\" content=\"sl_SI\" \/>\n<meta property=\"og:type\" content=\"article\" \/>\n<meta property=\"og:title\" content=\"Vreme: Popoldne se bo delno razjasnilo, mo\u017ena bo kak\u0161na ploha ali nevihta - Hudo Slovenija\" \/>\n<meta property=\"og:description\" content=\"Danes dopoldne bo zmerno do prete\u017eno obla\u010dno, nastalo bo nekaj ploh. Popoldne se bo delno razjasnilo, mo\u017ena bo kak\u0161na ploha ali nevihta. Najvi\u0161je dnevne temperature bodo od 22 do 26, na Primorskem do 28 stopinj Celzija, je zapisano na spletnih straneh Agencije RS za okolje.\" \/>\n<meta property=\"og:url\" content=\"https:\/\/hudo.com\/si\/vreme\/vreme-popoldne-se-bo-delno-razjasnilo-mozna-bo-kaksna-ploha-ali-nevihta\/\" \/>\n<meta property=\"og:site_name\" content=\"Hudo Slovenija\" \/>\n<meta property=\"article:publisher\" content=\"https:\/\/www.facebook.com\/hudo.si\" \/>\n<meta property=\"article:published_time\" content=\"2022-05-23T08:02:38+00:00\" \/>\n<meta property=\"og:image\" content=\"https:\/\/hudo.com\/si\/wp-content\/uploads\/sites\/2\/2021\/08\/profimedia-0169736824.jpg\" \/>\n\t<meta property=\"og:image:width\" content=\"1250\" \/>\n\t<meta property=\"og:image:height\" content=\"832\" \/>\n\t<meta property=\"og:image:type\" content=\"image\/jpeg\" \/>\n<meta name=\"author\" content=\"M. N., STA\" \/>\n<meta name=\"twitter:card\" content=\"summary_large_image\" \/>\n<meta name=\"twitter:creator\" content=\"@hudo_si\" \/>\n<meta name=\"twitter:site\" content=\"@hudo_si\" \/>\n<meta name=\"twitter:label1\" content=\"Written by\" \/>\n\t<meta name=\"twitter:data1\" content=\"M. N., STA\" \/>\n\t<meta name=\"twitter:label2\" content=\"Est. reading time\" \/>\n\t<meta name=\"twitter:data2\" content=\"1 minuta\" \/>\n<script type=\"application\/ld+json\" class=\"yoast-schema-graph\">{\"@context\":\"https:\/\/schema.org\",\"@graph\":[{\"@type\":\"Article\",\"@id\":\"https:\/\/hudo.com\/si\/vreme\/vreme-popoldne-se-bo-delno-razjasnilo-mozna-bo-kaksna-ploha-ali-nevihta\/#article\",\"isPartOf\":{\"@id\":\"https:\/\/hudo.com\/si\/vreme\/vreme-popoldne-se-bo-delno-razjasnilo-mozna-bo-kaksna-ploha-ali-nevihta\/\"},\"author\":{\"name\":\"M. N., STA\",\"@id\":\"https:\/\/hudo.com\/si\/#\/schema\/person\/c2f10ce65d2e6ede2aeda5be2a0611fa\"},\"headline\":\"Vreme: Popoldne se bo delno razjasnilo, mo\u017ena bo kak\u0161na ploha ali nevihta\",\"datePublished\":\"2022-05-23T08:02:38+00:00\",\"dateModified\":\"2022-05-23T08:02:38+00:00\",\"mainEntityOfPage\":{\"@id\":\"https:\/\/hudo.com\/si\/vreme\/vreme-popoldne-se-bo-delno-razjasnilo-mozna-bo-kaksna-ploha-ali-nevihta\/\"},\"wordCount\":187,\"publisher\":{\"@id\":\"https:\/\/hudo.com\/si\/#organization\"},\"keywords\":[\"Slovenija\",\"vreme\"],\"articleSection\":[\"Vreme\"],\"inLanguage\":\"sl-SI\"},{\"@type\":\"WebPage\",\"@id\":\"https:\/\/hudo.com\/si\/vreme\/vreme-popoldne-se-bo-delno-razjasnilo-mozna-bo-kaksna-ploha-ali-nevihta\/\",\"url\":\"https:\/\/hudo.com\/si\/vreme\/vreme-popoldne-se-bo-delno-razjasnilo-mozna-bo-kaksna-ploha-ali-nevihta\/\",\"name\":\"Vreme: Popoldne se bo delno razjasnilo, mo\u017ena bo kak\u0161na ploha ali nevihta - Hudo Slovenija\",\"isPartOf\":{\"@id\":\"https:\/\/hudo.com\/si\/#website\"},\"datePublished\":\"2022-05-23T08:02:38+00:00\",\"dateModified\":\"2022-05-23T08:02:38+00:00\",\"breadcrumb\":{\"@id\":\"https:\/\/hudo.com\/si\/vreme\/vreme-popoldne-se-bo-delno-razjasnilo-mozna-bo-kaksna-ploha-ali-nevihta\/#breadcrumb\"},\"inLanguage\":\"sl-SI\",\"potentialAction\":[{\"@type\":\"ReadAction\",\"target\":[\"https:\/\/hudo.com\/si\/vreme\/vreme-popoldne-se-bo-delno-razjasnilo-mozna-bo-kaksna-ploha-ali-nevihta\/\"]}]},{\"@type\":\"BreadcrumbList\",\"@id\":\"https:\/\/hudo.com\/si\/vreme\/vreme-popoldne-se-bo-delno-razjasnilo-mozna-bo-kaksna-ploha-ali-nevihta\/#breadcrumb\",\"itemListElement\":[{\"@type\":\"ListItem\",\"position\":1,\"name\":\"Home\",\"item\":\"https:\/\/hudo.com\/si\/\"},{\"@type\":\"ListItem\",\"position\":2,\"name\":\"Vreme: Popoldne se bo delno razjasnilo, mo\u017ena bo kak\u0161na ploha ali nevihta\"}]},{\"@type\":\"WebSite\",\"@id\":\"https:\/\/hudo.com\/si\/#website\",\"url\":\"https:\/\/hudo.com\/si\/\",\"name\":\"Hudo Slovenija\",\"description\":\"Vse novice iz Slovenije in sveta\",\"publisher\":{\"@id\":\"https:\/\/hudo.com\/si\/#organization\"},\"potentialAction\":[{\"@type\":\"SearchAction\",\"target\":{\"@type\":\"EntryPoint\",\"urlTemplate\":\"https:\/\/hudo.com\/si\/?s={search_term_string}\"},\"query-input\":\"required name=search_term_string\"}],\"inLanguage\":\"sl-SI\"},{\"@type\":\"Organization\",\"@id\":\"https:\/\/hudo.com\/si\/#organization\",\"name\":\"VSN Media\",\"url\":\"https:\/\/hudo.com\/si\/\",\"logo\":{\"@type\":\"ImageObject\",\"inLanguage\":\"sl-SI\",\"@id\":\"https:\/\/hudo.com\/si\/#\/schema\/logo\/image\/\",\"url\":\"https:\/\/hudo.com\/si\/wp-content\/uploads\/sites\/2\/2021\/03\/hudo-app-2.png\",\"contentUrl\":\"https:\/\/hudo.com\/si\/wp-content\/uploads\/sites\/2\/2021\/03\/hudo-app-2.png\",\"width\":2185,\"height\":2167,\"caption\":\"VSN Media\"},\"image\":{\"@id\":\"https:\/\/hudo.com\/si\/#\/schema\/logo\/image\/\"},\"sameAs\":[\"https:\/\/www.facebook.com\/hudo.si\",\"https:\/\/twitter.com\/hudo_si\"]},{\"@type\":\"Person\",\"@id\":\"https:\/\/hudo.com\/si\/#\/schema\/person\/c2f10ce65d2e6ede2aeda5be2a0611fa\",\"name\":\"M. N., STA\",\"image\":{\"@type\":\"ImageObject\",\"inLanguage\":\"sl-SI\",\"@id\":\"https:\/\/hudo.com\/si\/#\/schema\/person\/image\/\",\"url\":\"https:\/\/secure.gravatar.com\/avatar\/f370d38daa10467f755c5c766a4cac20?s=96&d=mm&r=g\",\"contentUrl\":\"https:\/\/secure.gravatar.com\/avatar\/f370d38daa10467f755c5c766a4cac20?s=96&d=mm&r=g\",\"caption\":\"M. N., STA\"},\"url\":\"https:\/\/hudo.com\/si\/author\/mana\/\"}]}<\/script>\n<!-- \/ Yoast SEO plugin. -->","yoast_head_json":{"title":"Vreme: Popoldne se bo delno razjasnilo, mo\u017ena bo kak\u0161na ploha ali nevihta - Hudo Slovenija","robots":{"index":"index","follow":"follow","max-snippet":"max-snippet:-1","max-image-preview":"max-image-preview:large","max-video-preview":"max-video-preview:-1"},"canonical":"https:\/\/hudo.com\/si\/vreme\/vreme-popoldne-se-bo-delno-razjasnilo-mozna-bo-kaksna-ploha-ali-nevihta\/","og_locale":"sl_SI","og_type":"article","og_title":"Vreme: Popoldne se bo delno razjasnilo, mo\u017ena bo kak\u0161na ploha ali nevihta - Hudo Slovenija","og_description":"Danes dopoldne bo zmerno do prete\u017eno obla\u010dno, nastalo bo nekaj ploh. Popoldne se bo delno razjasnilo, mo\u017ena bo kak\u0161na ploha ali nevihta. Najvi\u0161je dnevne temperature bodo od 22 do 26, na Primorskem do 28 stopinj Celzija, je zapisano na spletnih straneh Agencije RS za okolje.","og_url":"https:\/\/hudo.com\/si\/vreme\/vreme-popoldne-se-bo-delno-razjasnilo-mozna-bo-kaksna-ploha-ali-nevihta\/","og_site_name":"Hudo Slovenija","article_publisher":"https:\/\/www.facebook.com\/hudo.si","article_published_time":"2022-05-23T08:02:38+00:00","og_image":[{"width":1250,"height":832,"url":"https:\/\/hudo.com\/si\/wp-content\/uploads\/sites\/2\/2021\/08\/profimedia-0169736824.jpg","type":"image\/jpeg"}],"author":"M. N., STA","twitter_card":"summary_large_image","twitter_creator":"@hudo_si","twitter_site":"@hudo_si","twitter_misc":{"Written by":"M. N., STA","Est. reading time":"1 minuta"},"schema":{"@context":"https:\/\/schema.org","@graph":[{"@type":"Article","@id":"https:\/\/hudo.com\/si\/vreme\/vreme-popoldne-se-bo-delno-razjasnilo-mozna-bo-kaksna-ploha-ali-nevihta\/#article","isPartOf":{"@id":"https:\/\/hudo.com\/si\/vreme\/vreme-popoldne-se-bo-delno-razjasnilo-mozna-bo-kaksna-ploha-ali-nevihta\/"},"author":{"name":"M. N., STA","@id":"https:\/\/hudo.com\/si\/#\/schema\/person\/c2f10ce65d2e6ede2aeda5be2a0611fa"},"headline":"Vreme: Popoldne se bo delno razjasnilo, mo\u017ena bo kak\u0161na ploha ali nevihta","datePublished":"2022-05-23T08:02:38+00:00","dateModified":"2022-05-23T08:02:38+00:00","mainEntityOfPage":{"@id":"https:\/\/hudo.com\/si\/vreme\/vreme-popoldne-se-bo-delno-razjasnilo-mozna-bo-kaksna-ploha-ali-nevihta\/"},"wordCount":187,"publisher":{"@id":"https:\/\/hudo.com\/si\/#organization"},"keywords":["Slovenija","vreme"],"articleSection":["Vreme"],"inLanguage":"sl-SI"},{"@type":"WebPage","@id":"https:\/\/hudo.com\/si\/vreme\/vreme-popoldne-se-bo-delno-razjasnilo-mozna-bo-kaksna-ploha-ali-nevihta\/","url":"https:\/\/hudo.com\/si\/vreme\/vreme-popoldne-se-bo-delno-razjasnilo-mozna-bo-kaksna-ploha-ali-nevihta\/","name":"Vreme: Popoldne se bo delno razjasnilo, mo\u017ena bo kak\u0161na ploha ali nevihta - Hudo Slovenija","isPartOf":{"@id":"https:\/\/hudo.com\/si\/#website"},"datePublished":"2022-05-23T08:02:38+00:00","dateModified":"2022-05-23T08:02:38+00:00","breadcrumb":{"@id":"https:\/\/hudo.com\/si\/vreme\/vreme-popoldne-se-bo-delno-razjasnilo-mozna-bo-kaksna-ploha-ali-nevihta\/#breadcrumb"},"inLanguage":"sl-SI","potentialAction":[{"@type":"ReadAction","target":["https:\/\/hudo.com\/si\/vreme\/vreme-popoldne-se-bo-delno-razjasnilo-mozna-bo-kaksna-ploha-ali-nevihta\/"]}]},{"@type":"BreadcrumbList","@id":"https:\/\/hudo.com\/si\/vreme\/vreme-popoldne-se-bo-delno-razjasnilo-mozna-bo-kaksna-ploha-ali-nevihta\/#breadcrumb","itemListElement":[{"@type":"ListItem","position":1,"name":"Home","item":"https:\/\/hudo.com\/si\/"},{"@type":"ListItem","position":2,"name":"Vreme: Popoldne se bo delno razjasnilo, mo\u017ena bo kak\u0161na ploha ali nevihta"}]},{"@type":"WebSite","@id":"https:\/\/hudo.com\/si\/#website","url":"https:\/\/hudo.com\/si\/","name":"Hudo Slovenija","description":"Vse novice iz Slovenije in sveta","publisher":{"@id":"https:\/\/hudo.com\/si\/#organization"},"potentialAction":[{"@type":"SearchAction","target":{"@type":"EntryPoint","urlTemplate":"https:\/\/hudo.com\/si\/?s={search_term_string}"},"query-input":"required name=search_term_string"}],"inLanguage":"sl-SI"},{"@type":"Organization","@id":"https:\/\/hudo.com\/si\/#organization","name":"VSN Media","url":"https:\/\/hudo.com\/si\/","logo":{"@type":"ImageObject","inLanguage":"sl-SI","@id":"https:\/\/hudo.com\/si\/#\/schema\/logo\/image\/","url":"https:\/\/hudo.com\/si\/wp-content\/uploads\/sites\/2\/2021\/03\/hudo-app-2.png","contentUrl":"https:\/\/hudo.com\/si\/wp-content\/uploads\/sites\/2\/2021\/03\/hudo-app-2.png","width":2185,"height":2167,"caption":"VSN Media"},"image":{"@id":"https:\/\/hudo.com\/si\/#\/schema\/logo\/image\/"},"sameAs":["https:\/\/www.facebook.com\/hudo.si","https:\/\/twitter.com\/hudo_si"]},{"@type":"Person","@id":"https:\/\/hudo.com\/si\/#\/schema\/person\/c2f10ce65d2e6ede2aeda5be2a0611fa","name":"M. N., STA","image":{"@type":"ImageObject","inLanguage":"sl-SI","@id":"https:\/\/hudo.com\/si\/#\/schema\/person\/image\/","url":"https:\/\/secure.gravatar.com\/avatar\/f370d38daa10467f755c5c766a4cac20?s=96&d=mm&r=g","contentUrl":"https:\/\/secure.gravatar.com\/avatar\/f370d38daa10467f755c5c766a4cac20?s=96&d=mm&r=g","caption":"M. N., STA"},"url":"https:\/\/hudo.com\/si\/author\/mana\/"}]}},"amp_enabled":true,"_links":{"self":[{"href":"https:\/\/hudo.com\/si\/wp-json\/wp\/v2\/posts\/468732"}],"collection":[{"href":"https:\/\/hudo.com\/si\/wp-json\/wp\/v2\/posts"}],"about":[{"href":"https:\/\/hudo.com\/si\/wp-json\/wp\/v2\/types\/post"}],"author":[{"embeddable":true,"href":"https:\/\/hudo.com\/si\/wp-json\/wp\/v2\/users\/8"}],"replies":[{"embeddable":true,"href":"https:\/\/hudo.com\/si\/wp-json\/wp\/v2\/comments?post=468732"}],"version-history":[{"count":1,"href":"https:\/\/hudo.com\/si\/wp-json\/wp\/v2\/posts\/468732\/revisions"}],"predecessor-version":[{"id":468733,"href":"https:\/\/hudo.com\/si\/wp-json\/wp\/v2\/posts\/468732\/revisions\/468733"}],"wp:featuredmedia":[{"embeddable":true,"href":"https:\/\/hudo.com\/si\/wp-json\/wp\/v2\/media\/456548"}],"wp:attachment":[{"href":"https:\/\/hudo.com\/si\/wp-json\/wp\/v2\/media?parent=468732"}],"wp:term":[{"taxonomy":"category","embeddable":true,"href":"https:\/\/hudo.com\/si\/wp-json\/wp\/v2\/categories?post=468732"},{"taxonomy":"post_tag","embeddable":true,"href":"https:\/\/hudo.com\/si\/wp-json\/wp\/v2\/tags?post=468732"},{"taxonomy":"source","embeddable":true,"href":"https:\/\/hudo.com\/si\/wp-json\/wp\/v2\/source?post=468732"},{"taxonomy":"supertag","embeddable":true,"href":"https:\/\/hudo.com\/si\/wp-json\/wp\/v2\/supertag?post=468732"}],"curies":[{"name":"wp","href":"https:\/\/api.w.org\/{rel}","templated":true}]}}