{"id":468738,"date":"2022-05-23T11:46:46","date_gmt":"2022-05-23T09:46:46","guid":{"rendered":"https:\/\/hudo.com\/si\/?p=468738"},"modified":"2022-05-23T11:46:46","modified_gmt":"2022-05-23T09:46:46","slug":"kaksen-raj-poglejte-kako-izgleda-vila-stjepana-hauserja-ta-posnetek-jemlje-dih-foto","status":"publish","type":"post","link":"https:\/\/hudo.com\/si\/vip\/kaksen-raj-poglejte-kako-izgleda-vila-stjepana-hauserja-ta-posnetek-jemlje-dih-foto\/","title":{"rendered":"KAK\u0160EN RAJ! Poglejte, kako izgleda VILA Stjepana Hauserja, ta posnetek jemlje dih (FOTO)"},"content":{"rendered":"<p>Dom Stjepana Hauserja, kamor se je glasbenik preselil pred nekaj leti, je pravi raj na zemlji. V novo luksuzno hi\u0161o blizu Pulja se je vselil maja pred skoraj \u0161tirimi leti, obo\u017eevalcem pa je dovolil, da pokukajo v njegov dom.<\/p>\n<h2>Dom Stjepana Hauserja je neverjetno razko\u0161en<\/h2>\n<p>Po \u0161tevilnih svetovnih poslovnih dogodiv\u0161\u010dinah je Stjepan do\u010dakal vrnitev v idili\u010dno okolje svojega glamuroznega doma, nato pa je na Instagramu objavil dih jemajo\u010do fotografijo hi\u0161e. Pozornost sta \u0161e posebej pritegnila \u010dudovit bazen in igri\u0161\u010de za odbojko, najbolj pa izstopa razgled, ki je neverjeten.<\/p>\n<blockquote class=\"instagram-media\" style=\"background: #FFF; border: 0; border-radius: 3px; box-shadow: 0 0 1px 0 rgba(0,0,0,0.5),0 1px 10px 0 rgba(0,0,0,0.15); margin: 1px; max-width: 540px; min-width: 326px; padding: 0; width: calc(100% - 2px);\" data-instgrm-permalink=\"https:\/\/www.instagram.com\/p\/BuWbU0FHxZO\/?utm_source=ig_embed&amp;utm_campaign=loading\" data-instgrm-version=\"14\">\n<div style=\"padding: 16px;\">\n<p>&nbsp;<\/p>\n<div style=\"display: flex; flex-direction: row; align-items: center;\">\n<div style=\"background-color: #f4f4f4; border-radius: 50%; flex-grow: 0; height: 40px; margin-right: 14px; width: 40px;\"><\/div>\n<div style=\"display: flex; flex-direction: column; flex-grow: 1; justify-content: center;\">\n<div style=\"background-color: #f4f4f4; border-radius: 4px; flex-grow: 0; height: 14px; margin-bottom: 6px; width: 100px;\"><\/div>\n<div style=\"background-color: #f4f4f4; border-radius: 4px; flex-grow: 0; height: 14px; width: 60px;\"><\/div>\n<\/div>\n<\/div>\n<div style=\"padding: 19% 0;\"><\/div>\n<div style=\"display: block; height: 50px; margin: 0 auto 12px; width: 50px;\"><\/div>\n<div style=\"padding-top: 8px;\">\n<div style=\"color: #3897f0; font-family: Arial,sans-serif; font-size: 14px; font-style: normal; font-weight: 550; line-height: 18px;\">View this post on Instagram<\/div>\n<\/div>\n<div style=\"padding: 12.5% 0;\"><\/div>\n<div style=\"display: flex; flex-direction: row; margin-bottom: 14px; align-items: center;\">\n<div>\n<div style=\"background-color: #f4f4f4; border-radius: 50%; height: 12.5px; width: 12.5px; transform: translateX(0px) translateY(7px);\"><\/div>\n<div style=\"background-color: #f4f4f4; height: 12.5px; transform: rotate(-45deg) translateX(3px) translateY(1px); width: 12.5px; flex-grow: 0; margin-right: 14px; margin-left: 2px;\"><\/div>\n<div style=\"background-color: #f4f4f4; border-radius: 50%; height: 12.5px; width: 12.5px; transform: translateX(9px) translateY(-18px);\"><\/div>\n<\/div>\n<div style=\"margin-left: 8px;\">\n<div style=\"background-color: #f4f4f4; border-radius: 50%; flex-grow: 0; height: 20px; width: 20px;\"><\/div>\n<div style=\"width: 0; height: 0; border-top: 2px solid transparent; border-left: 6px solid #f4f4f4; border-bottom: 2px solid transparent; transform: translateX(16px) translateY(-4px) rotate(30deg);\"><\/div>\n<\/div>\n<div style=\"margin-left: auto;\">\n<div style=\"width: 0px; border-top: 8px solid #F4F4F4; border-right: 8px solid transparent; transform: translateY(16px);\"><\/div>\n<div style=\"background-color: #f4f4f4; flex-grow: 0; height: 12px; width: 16px; transform: translateY(-4px);\"><\/div>\n<div style=\"width: 0; height: 0; border-top: 8px solid #F4F4F4; border-left: 8px solid transparent; transform: translateY(-4px) translateX(8px);\"><\/div>\n<\/div>\n<\/div>\n<div style=\"display: flex; flex-direction: column; flex-grow: 1; justify-content: center; margin-bottom: 24px;\">\n<div style=\"background-color: #f4f4f4; border-radius: 4px; flex-grow: 0; height: 14px; margin-bottom: 6px; width: 224px;\"><\/div>\n<div style=\"background-color: #f4f4f4; border-radius: 4px; flex-grow: 0; height: 14px; width: 144px;\"><\/div>\n<\/div>\n<p>&nbsp;<\/p>\n<p style=\"color: #c9c8cd; font-family: Arial,sans-serif; font-size: 14px; line-height: 17px; margin-bottom: 0; margin-top: 8px; overflow: hidden; padding: 8px 0 7px; text-align: center; text-overflow: ellipsis; white-space: nowrap;\"><a style=\"color: #c9c8cd; font-family: Arial,sans-serif; font-size: 14px; font-style: normal; font-weight: normal; line-height: 17px; text-decoration: none;\" href=\"https:\/\/www.instagram.com\/p\/BuWbU0FHxZO\/?utm_source=ig_embed&amp;utm_campaign=loading\" target=\"_blank\" rel=\"noopener noreferrer\">A post shared by HAUSER (@hausercello)<\/a><\/p>\n<\/div>\n<\/blockquote>\n<p><div class=\"embed-notice\">Za ogled vstavljene vsebine morate omogo\u010diti <a href=\"#\" onclick=\"Optanon.ToggleInfoDisplay()\">shranjevanje pi\u0161kotkov v napravi<\/a><\/div><script async type=\"text\/plain\" class=\"optanon-category-C0002-C0003-C0004\" optanon-src=\"\/\/www.instagram.com\/embed.js\"><\/script><\/p>\n<p>Vilo je opremil po svojem okusu, v njej pa pre\u017eivlja \u010das in u\u017eiva v razli\u010dnih aktivnostih s prijatelji. Na posnetke njegovega doma nih\u010de ni ostal imun, saj so bili vsi o\u010darani nad zasnovo in celostnim videzom luksuzne vile.<\/p>\n<h2>Poslovilni koncert 2CELLOS v Ljubljani<\/h2>\n<p>Svetovno znani glasbeni dvojec 2CELLOS, ki ga sestavljata slovenski \u010delist Luka \u0160uli\u0107 in hrva\u0161ki \u010delist Stjepan Hauser, pa bo \u017ee v sredo, 25. maja nastopil na razprodanem koncertu v Sto\u017eicah, obenem pa bo to njuno zadnje skupno dejanje, saj se poslavljata. Priljubljena glasbenika, ki sta pred desetimi leti s svojimi uspe\u0161nicami za\u010dela osvajati svet, kar bosta proslavila s svetovno turnejo, bodo njuni obo\u017eevalci tako \u0161e zadnji\u010d lahko videli skupaj na velikih odrih.<\/p>\n","protected":false},"excerpt":{"rendered":"<p>Dom Stjepana Hauserja je veli\u010dastna zgradba &#8230;<\/p>\n","protected":false},"author":6,"featured_media":468741,"comment_status":"closed","ping_status":"closed","sticky":false,"template":"","format":"standard","meta":{"footnotes":""},"categories":[1093],"tags":[5062,8196],"source":[4511],"supertag":[],"acf":[],"yoast_head":"<!-- This site is optimized with the Yoast SEO plugin v21.3 - https:\/\/yoast.com\/wordpress\/plugins\/seo\/ -->\n<title>KAK\u0160EN RAJ! Poglejte, kako izgleda VILA Stjepana Hauserja, ta posnetek jemlje dih (FOTO) - Hudo Slovenija<\/title>\n<meta name=\"robots\" content=\"index, follow, max-snippet:-1, max-image-preview:large, max-video-preview:-1\" \/>\n<link rel=\"canonical\" href=\"https:\/\/hudo.com\/si\/vip\/kaksen-raj-poglejte-kako-izgleda-vila-stjepana-hauserja-ta-posnetek-jemlje-dih-foto\/\" \/>\n<meta property=\"og:locale\" content=\"sl_SI\" \/>\n<meta property=\"og:type\" content=\"article\" \/>\n<meta property=\"og:title\" content=\"KAK\u0160EN RAJ! Poglejte, kako izgleda VILA Stjepana Hauserja, ta posnetek jemlje dih (FOTO) - Hudo Slovenija\" \/>\n<meta property=\"og:description\" content=\"Dom Stjepana Hauserja je veli\u010dastna zgradba ...\" \/>\n<meta property=\"og:url\" content=\"https:\/\/hudo.com\/si\/vip\/kaksen-raj-poglejte-kako-izgleda-vila-stjepana-hauserja-ta-posnetek-jemlje-dih-foto\/\" \/>\n<meta property=\"og:site_name\" content=\"Hudo Slovenija\" \/>\n<meta property=\"article:publisher\" content=\"https:\/\/www.facebook.com\/hudo.si\" \/>\n<meta property=\"article:published_time\" content=\"2022-05-23T09:46:46+00:00\" \/>\n<meta property=\"og:image\" content=\"https:\/\/hudo.com\/si\/wp-content\/uploads\/sites\/2\/2022\/05\/Screenshot-from-2022-05-23-11-36-42.jpg\" \/>\n\t<meta property=\"og:image:width\" content=\"910\" \/>\n\t<meta property=\"og:image:height\" content=\"603\" \/>\n\t<meta property=\"og:image:type\" content=\"image\/jpeg\" \/>\n<meta name=\"author\" content=\"A. G.\" \/>\n<meta name=\"twitter:card\" content=\"summary_large_image\" \/>\n<meta name=\"twitter:creator\" content=\"@hudo_si\" \/>\n<meta name=\"twitter:site\" content=\"@hudo_si\" \/>\n<meta name=\"twitter:label1\" content=\"Written by\" \/>\n\t<meta name=\"twitter:data1\" content=\"A. G.\" \/>\n\t<meta name=\"twitter:label2\" content=\"Est. reading time\" \/>\n\t<meta name=\"twitter:data2\" content=\"1 minuta\" \/>\n<script type=\"application\/ld+json\" class=\"yoast-schema-graph\">{\"@context\":\"https:\/\/schema.org\",\"@graph\":[{\"@type\":\"Article\",\"@id\":\"https:\/\/hudo.com\/si\/vip\/kaksen-raj-poglejte-kako-izgleda-vila-stjepana-hauserja-ta-posnetek-jemlje-dih-foto\/#article\",\"isPartOf\":{\"@id\":\"https:\/\/hudo.com\/si\/vip\/kaksen-raj-poglejte-kako-izgleda-vila-stjepana-hauserja-ta-posnetek-jemlje-dih-foto\/\"},\"author\":{\"name\":\"A. G.\",\"@id\":\"https:\/\/hudo.com\/si\/#\/schema\/person\/f95639a66e0dd2c682b0568634e85b8b\"},\"headline\":\"KAK\u0160EN RAJ! Poglejte, kako izgleda VILA Stjepana Hauserja, ta posnetek jemlje dih (FOTO)\",\"datePublished\":\"2022-05-23T09:46:46+00:00\",\"dateModified\":\"2022-05-23T09:46:46+00:00\",\"mainEntityOfPage\":{\"@id\":\"https:\/\/hudo.com\/si\/vip\/kaksen-raj-poglejte-kako-izgleda-vila-stjepana-hauserja-ta-posnetek-jemlje-dih-foto\/\"},\"wordCount\":248,\"publisher\":{\"@id\":\"https:\/\/hudo.com\/si\/#organization\"},\"keywords\":[\"2Cellos\",\"Stjepan Hauser\"],\"articleSection\":[\"VIP\"],\"inLanguage\":\"sl-SI\"},{\"@type\":\"WebPage\",\"@id\":\"https:\/\/hudo.com\/si\/vip\/kaksen-raj-poglejte-kako-izgleda-vila-stjepana-hauserja-ta-posnetek-jemlje-dih-foto\/\",\"url\":\"https:\/\/hudo.com\/si\/vip\/kaksen-raj-poglejte-kako-izgleda-vila-stjepana-hauserja-ta-posnetek-jemlje-dih-foto\/\",\"name\":\"KAK\u0160EN RAJ! Poglejte, kako izgleda VILA Stjepana Hauserja, ta posnetek jemlje dih (FOTO) - Hudo Slovenija\",\"isPartOf\":{\"@id\":\"https:\/\/hudo.com\/si\/#website\"},\"datePublished\":\"2022-05-23T09:46:46+00:00\",\"dateModified\":\"2022-05-23T09:46:46+00:00\",\"breadcrumb\":{\"@id\":\"https:\/\/hudo.com\/si\/vip\/kaksen-raj-poglejte-kako-izgleda-vila-stjepana-hauserja-ta-posnetek-jemlje-dih-foto\/#breadcrumb\"},\"inLanguage\":\"sl-SI\",\"potentialAction\":[{\"@type\":\"ReadAction\",\"target\":[\"https:\/\/hudo.com\/si\/vip\/kaksen-raj-poglejte-kako-izgleda-vila-stjepana-hauserja-ta-posnetek-jemlje-dih-foto\/\"]}]},{\"@type\":\"BreadcrumbList\",\"@id\":\"https:\/\/hudo.com\/si\/vip\/kaksen-raj-poglejte-kako-izgleda-vila-stjepana-hauserja-ta-posnetek-jemlje-dih-foto\/#breadcrumb\",\"itemListElement\":[{\"@type\":\"ListItem\",\"position\":1,\"name\":\"Home\",\"item\":\"https:\/\/hudo.com\/si\/\"},{\"@type\":\"ListItem\",\"position\":2,\"name\":\"KAK\u0160EN RAJ! Poglejte, kako izgleda VILA Stjepana Hauserja, ta posnetek jemlje dih (FOTO)\"}]},{\"@type\":\"WebSite\",\"@id\":\"https:\/\/hudo.com\/si\/#website\",\"url\":\"https:\/\/hudo.com\/si\/\",\"name\":\"Hudo Slovenija\",\"description\":\"Vse novice iz Slovenije in sveta\",\"publisher\":{\"@id\":\"https:\/\/hudo.com\/si\/#organization\"},\"potentialAction\":[{\"@type\":\"SearchAction\",\"target\":{\"@type\":\"EntryPoint\",\"urlTemplate\":\"https:\/\/hudo.com\/si\/?s={search_term_string}\"},\"query-input\":\"required name=search_term_string\"}],\"inLanguage\":\"sl-SI\"},{\"@type\":\"Organization\",\"@id\":\"https:\/\/hudo.com\/si\/#organization\",\"name\":\"VSN Media\",\"url\":\"https:\/\/hudo.com\/si\/\",\"logo\":{\"@type\":\"ImageObject\",\"inLanguage\":\"sl-SI\",\"@id\":\"https:\/\/hudo.com\/si\/#\/schema\/logo\/image\/\",\"url\":\"https:\/\/hudo.com\/si\/wp-content\/uploads\/sites\/2\/2021\/03\/hudo-app-2.png\",\"contentUrl\":\"https:\/\/hudo.com\/si\/wp-content\/uploads\/sites\/2\/2021\/03\/hudo-app-2.png\",\"width\":2185,\"height\":2167,\"caption\":\"VSN Media\"},\"image\":{\"@id\":\"https:\/\/hudo.com\/si\/#\/schema\/logo\/image\/\"},\"sameAs\":[\"https:\/\/www.facebook.com\/hudo.si\",\"https:\/\/twitter.com\/hudo_si\"]},{\"@type\":\"Person\",\"@id\":\"https:\/\/hudo.com\/si\/#\/schema\/person\/f95639a66e0dd2c682b0568634e85b8b\",\"name\":\"A. G.\",\"image\":{\"@type\":\"ImageObject\",\"inLanguage\":\"sl-SI\",\"@id\":\"https:\/\/hudo.com\/si\/#\/schema\/person\/image\/\",\"url\":\"https:\/\/secure.gravatar.com\/avatar\/9f44de561c70d5d80348d3ed0f4b142d?s=96&d=mm&r=g\",\"contentUrl\":\"https:\/\/secure.gravatar.com\/avatar\/9f44de561c70d5d80348d3ed0f4b142d?s=96&d=mm&r=g\",\"caption\":\"A. G.\"},\"url\":\"https:\/\/hudo.com\/si\/author\/alenkagrmek\/\"}]}<\/script>\n<!-- \/ Yoast SEO plugin. -->","yoast_head_json":{"title":"KAK\u0160EN RAJ! Poglejte, kako izgleda VILA Stjepana Hauserja, ta posnetek jemlje dih (FOTO) - Hudo Slovenija","robots":{"index":"index","follow":"follow","max-snippet":"max-snippet:-1","max-image-preview":"max-image-preview:large","max-video-preview":"max-video-preview:-1"},"canonical":"https:\/\/hudo.com\/si\/vip\/kaksen-raj-poglejte-kako-izgleda-vila-stjepana-hauserja-ta-posnetek-jemlje-dih-foto\/","og_locale":"sl_SI","og_type":"article","og_title":"KAK\u0160EN RAJ! Poglejte, kako izgleda VILA Stjepana Hauserja, ta posnetek jemlje dih (FOTO) - Hudo Slovenija","og_description":"Dom Stjepana Hauserja je veli\u010dastna zgradba ...","og_url":"https:\/\/hudo.com\/si\/vip\/kaksen-raj-poglejte-kako-izgleda-vila-stjepana-hauserja-ta-posnetek-jemlje-dih-foto\/","og_site_name":"Hudo Slovenija","article_publisher":"https:\/\/www.facebook.com\/hudo.si","article_published_time":"2022-05-23T09:46:46+00:00","og_image":[{"width":910,"height":603,"url":"https:\/\/hudo.com\/si\/wp-content\/uploads\/sites\/2\/2022\/05\/Screenshot-from-2022-05-23-11-36-42.jpg","type":"image\/jpeg"}],"author":"A. G.","twitter_card":"summary_large_image","twitter_creator":"@hudo_si","twitter_site":"@hudo_si","twitter_misc":{"Written by":"A. G.","Est. reading time":"1 minuta"},"schema":{"@context":"https:\/\/schema.org","@graph":[{"@type":"Article","@id":"https:\/\/hudo.com\/si\/vip\/kaksen-raj-poglejte-kako-izgleda-vila-stjepana-hauserja-ta-posnetek-jemlje-dih-foto\/#article","isPartOf":{"@id":"https:\/\/hudo.com\/si\/vip\/kaksen-raj-poglejte-kako-izgleda-vila-stjepana-hauserja-ta-posnetek-jemlje-dih-foto\/"},"author":{"name":"A. G.","@id":"https:\/\/hudo.com\/si\/#\/schema\/person\/f95639a66e0dd2c682b0568634e85b8b"},"headline":"KAK\u0160EN RAJ! Poglejte, kako izgleda VILA Stjepana Hauserja, ta posnetek jemlje dih (FOTO)","datePublished":"2022-05-23T09:46:46+00:00","dateModified":"2022-05-23T09:46:46+00:00","mainEntityOfPage":{"@id":"https:\/\/hudo.com\/si\/vip\/kaksen-raj-poglejte-kako-izgleda-vila-stjepana-hauserja-ta-posnetek-jemlje-dih-foto\/"},"wordCount":248,"publisher":{"@id":"https:\/\/hudo.com\/si\/#organization"},"keywords":["2Cellos","Stjepan Hauser"],"articleSection":["VIP"],"inLanguage":"sl-SI"},{"@type":"WebPage","@id":"https:\/\/hudo.com\/si\/vip\/kaksen-raj-poglejte-kako-izgleda-vila-stjepana-hauserja-ta-posnetek-jemlje-dih-foto\/","url":"https:\/\/hudo.com\/si\/vip\/kaksen-raj-poglejte-kako-izgleda-vila-stjepana-hauserja-ta-posnetek-jemlje-dih-foto\/","name":"KAK\u0160EN RAJ! Poglejte, kako izgleda VILA Stjepana Hauserja, ta posnetek jemlje dih (FOTO) - Hudo Slovenija","isPartOf":{"@id":"https:\/\/hudo.com\/si\/#website"},"datePublished":"2022-05-23T09:46:46+00:00","dateModified":"2022-05-23T09:46:46+00:00","breadcrumb":{"@id":"https:\/\/hudo.com\/si\/vip\/kaksen-raj-poglejte-kako-izgleda-vila-stjepana-hauserja-ta-posnetek-jemlje-dih-foto\/#breadcrumb"},"inLanguage":"sl-SI","potentialAction":[{"@type":"ReadAction","target":["https:\/\/hudo.com\/si\/vip\/kaksen-raj-poglejte-kako-izgleda-vila-stjepana-hauserja-ta-posnetek-jemlje-dih-foto\/"]}]},{"@type":"BreadcrumbList","@id":"https:\/\/hudo.com\/si\/vip\/kaksen-raj-poglejte-kako-izgleda-vila-stjepana-hauserja-ta-posnetek-jemlje-dih-foto\/#breadcrumb","itemListElement":[{"@type":"ListItem","position":1,"name":"Home","item":"https:\/\/hudo.com\/si\/"},{"@type":"ListItem","position":2,"name":"KAK\u0160EN RAJ! Poglejte, kako izgleda VILA Stjepana Hauserja, ta posnetek jemlje dih (FOTO)"}]},{"@type":"WebSite","@id":"https:\/\/hudo.com\/si\/#website","url":"https:\/\/hudo.com\/si\/","name":"Hudo Slovenija","description":"Vse novice iz Slovenije in sveta","publisher":{"@id":"https:\/\/hudo.com\/si\/#organization"},"potentialAction":[{"@type":"SearchAction","target":{"@type":"EntryPoint","urlTemplate":"https:\/\/hudo.com\/si\/?s={search_term_string}"},"query-input":"required name=search_term_string"}],"inLanguage":"sl-SI"},{"@type":"Organization","@id":"https:\/\/hudo.com\/si\/#organization","name":"VSN Media","url":"https:\/\/hudo.com\/si\/","logo":{"@type":"ImageObject","inLanguage":"sl-SI","@id":"https:\/\/hudo.com\/si\/#\/schema\/logo\/image\/","url":"https:\/\/hudo.com\/si\/wp-content\/uploads\/sites\/2\/2021\/03\/hudo-app-2.png","contentUrl":"https:\/\/hudo.com\/si\/wp-content\/uploads\/sites\/2\/2021\/03\/hudo-app-2.png","width":2185,"height":2167,"caption":"VSN Media"},"image":{"@id":"https:\/\/hudo.com\/si\/#\/schema\/logo\/image\/"},"sameAs":["https:\/\/www.facebook.com\/hudo.si","https:\/\/twitter.com\/hudo_si"]},{"@type":"Person","@id":"https:\/\/hudo.com\/si\/#\/schema\/person\/f95639a66e0dd2c682b0568634e85b8b","name":"A. G.","image":{"@type":"ImageObject","inLanguage":"sl-SI","@id":"https:\/\/hudo.com\/si\/#\/schema\/person\/image\/","url":"https:\/\/secure.gravatar.com\/avatar\/9f44de561c70d5d80348d3ed0f4b142d?s=96&d=mm&r=g","contentUrl":"https:\/\/secure.gravatar.com\/avatar\/9f44de561c70d5d80348d3ed0f4b142d?s=96&d=mm&r=g","caption":"A. G."},"url":"https:\/\/hudo.com\/si\/author\/alenkagrmek\/"}]}},"amp_enabled":true,"_links":{"self":[{"href":"https:\/\/hudo.com\/si\/wp-json\/wp\/v2\/posts\/468738"}],"collection":[{"href":"https:\/\/hudo.com\/si\/wp-json\/wp\/v2\/posts"}],"about":[{"href":"https:\/\/hudo.com\/si\/wp-json\/wp\/v2\/types\/post"}],"author":[{"embeddable":true,"href":"https:\/\/hudo.com\/si\/wp-json\/wp\/v2\/users\/6"}],"replies":[{"embeddable":true,"href":"https:\/\/hudo.com\/si\/wp-json\/wp\/v2\/comments?post=468738"}],"version-history":[{"count":3,"href":"https:\/\/hudo.com\/si\/wp-json\/wp\/v2\/posts\/468738\/revisions"}],"predecessor-version":[{"id":468747,"href":"https:\/\/hudo.com\/si\/wp-json\/wp\/v2\/posts\/468738\/revisions\/468747"}],"wp:featuredmedia":[{"embeddable":true,"href":"https:\/\/hudo.com\/si\/wp-json\/wp\/v2\/media\/468741"}],"wp:attachment":[{"href":"https:\/\/hudo.com\/si\/wp-json\/wp\/v2\/media?parent=468738"}],"wp:term":[{"taxonomy":"category","embeddable":true,"href":"https:\/\/hudo.com\/si\/wp-json\/wp\/v2\/categories?post=468738"},{"taxonomy":"post_tag","embeddable":true,"href":"https:\/\/hudo.com\/si\/wp-json\/wp\/v2\/tags?post=468738"},{"taxonomy":"source","embeddable":true,"href":"https:\/\/hudo.com\/si\/wp-json\/wp\/v2\/source?post=468738"},{"taxonomy":"supertag","embeddable":true,"href":"https:\/\/hudo.com\/si\/wp-json\/wp\/v2\/supertag?post=468738"}],"curies":[{"name":"wp","href":"https:\/\/api.w.org\/{rel}","templated":true}]}}