{"id":468779,"date":"2022-05-24T10:35:34","date_gmt":"2022-05-24T08:35:34","guid":{"rendered":"https:\/\/hudo.com\/si\/?p=468779"},"modified":"2022-05-24T10:35:34","modified_gmt":"2022-05-24T08:35:34","slug":"danes-bo-vecinoma-soncno-6","status":"publish","type":"post","link":"https:\/\/hudo.com\/si\/vreme\/danes-bo-vecinoma-soncno-6\/","title":{"rendered":"Danes bo ve\u010dinoma son\u010dno"},"content":{"rendered":"<p>Pono\u010di bo v severnih krajih spremenljivo obla\u010dno, mo\u017ene bodo posamezne nevihte. Drugod bo deloma jasno. Najni\u017eje jutranje temperature bodo od 11 do 17, ob morju okoli 19 stopinj Celzija.<\/p>\n<p>V sredo bo na severu spremenljivo do prete\u017eno obla\u010dno, drugod dopoldne dokaj son\u010dno. Popoldne bodo nastajale krajevne plohe in nevihte, ki se bodo ponekod nadaljevale tudi v no\u010d na \u010detrtek. Najvi\u0161je dnevne temperature bodo v severni Sloveniji od 22 do 27, drugod od 28 do 31 stopinj Celzija.<\/p>\n<p><strong>Obeti:<\/strong> V \u010detrtek bo sprva prete\u017eno obla\u010dno, \u010dez dan se bo delno zjasnilo.<\/p>\n<p>V petek bo dokaj son\u010dno z nekaj spremenljive obla\u010dnosti. Predvsem v hribovitem svetu bo popoldne lahko nastala kak\u0161na ploha ali nevihta.<\/p>\n<p><strong>Vremenska slika:<\/strong> Nad severnim delom Evrope je ciklonsko obmo\u010dje. Vremenska fronta se zadr\u017euje nad srednjo Evropo in Alpami. Pred njo od jugozahoda doteka k nam razmeroma topel in suh zrak.<\/p>\n<p><strong>Napoved za sosednje pokrajine:<\/strong> Danes bo pove\u010dini son\u010dno. Popoldne in zve\u010der bo v Alpah nekaj neviht, ki se bodo v krajih severno od nas nadaljevale tudi v no\u010d. Ob severnem Jadranu bo pihal jugo.<\/p>\n<p>V sredo bo sprva delno jasno, ve\u010d obla\u010dnosti bo severno in zahodno od nas. Popoldne bodo na obmo\u010dju Alp za\u010dele nastajati plohe in nevihte, ki se bodo zve\u010der \u0161irile proti vzhodu.<\/p>\n<p><strong>Biovreme:<\/strong> Danes in v sredo bo vremenski vpliv zmerno obremenilen. Vremensko ob\u010dutljivi ljudje bodo lahko imeli manj\u0161e, vremensko pogojene te\u017eave.<\/p>\n","protected":false},"excerpt":{"rendered":"<p>\u010cez dan bo zapihal jugozahodni veter, ob morju jugo. Najvi\u0161je dnevne temperature bodo od 23 do 28, na vzhodu okoli 30 stopinj Celzija, je zapisano na spletnih straneh Agencije RS za okolje.<\/p>\n","protected":false},"author":8,"featured_media":401434,"comment_status":"closed","ping_status":"closed","sticky":false,"template":"","format":"standard","meta":{"footnotes":""},"categories":[18175],"tags":[1595,2149],"source":[4511],"supertag":[5675,12922],"acf":[],"yoast_head":"<!-- This site is optimized with the Yoast SEO plugin v21.3 - https:\/\/yoast.com\/wordpress\/plugins\/seo\/ -->\n<title>Danes bo ve\u010dinoma son\u010dno - Hudo Slovenija<\/title>\n<meta name=\"robots\" content=\"index, follow, max-snippet:-1, max-image-preview:large, max-video-preview:-1\" \/>\n<link rel=\"canonical\" href=\"https:\/\/hudo.com\/si\/vreme\/danes-bo-vecinoma-soncno-6\/\" \/>\n<meta property=\"og:locale\" content=\"sl_SI\" \/>\n<meta property=\"og:type\" content=\"article\" \/>\n<meta property=\"og:title\" content=\"Danes bo ve\u010dinoma son\u010dno - Hudo Slovenija\" \/>\n<meta property=\"og:description\" content=\"\u010cez dan bo zapihal jugozahodni veter, ob morju jugo. Najvi\u0161je dnevne temperature bodo od 23 do 28, na vzhodu okoli 30 stopinj Celzija, je zapisano na spletnih straneh Agencije RS za okolje.\" \/>\n<meta property=\"og:url\" content=\"https:\/\/hudo.com\/si\/vreme\/danes-bo-vecinoma-soncno-6\/\" \/>\n<meta property=\"og:site_name\" content=\"Hudo Slovenija\" \/>\n<meta property=\"article:publisher\" content=\"https:\/\/www.facebook.com\/hudo.si\" \/>\n<meta property=\"article:published_time\" content=\"2022-05-24T08:35:34+00:00\" \/>\n<meta property=\"og:image\" content=\"https:\/\/hudo.com\/si\/wp-content\/uploads\/sites\/2\/2019\/06\/profimedia-0425315310.jpg\" \/>\n\t<meta property=\"og:image:width\" content=\"1250\" \/>\n\t<meta property=\"og:image:height\" content=\"833\" \/>\n\t<meta property=\"og:image:type\" content=\"image\/jpeg\" \/>\n<meta name=\"author\" content=\"M. N., STA\" \/>\n<meta name=\"twitter:card\" content=\"summary_large_image\" \/>\n<meta name=\"twitter:creator\" content=\"@hudo_si\" \/>\n<meta name=\"twitter:site\" content=\"@hudo_si\" \/>\n<meta name=\"twitter:label1\" content=\"Written by\" \/>\n\t<meta name=\"twitter:data1\" content=\"M. N., STA\" \/>\n\t<meta name=\"twitter:label2\" content=\"Est. reading time\" \/>\n\t<meta name=\"twitter:data2\" content=\"1 minuta\" \/>\n<script type=\"application\/ld+json\" class=\"yoast-schema-graph\">{\"@context\":\"https:\/\/schema.org\",\"@graph\":[{\"@type\":\"Article\",\"@id\":\"https:\/\/hudo.com\/si\/vreme\/danes-bo-vecinoma-soncno-6\/#article\",\"isPartOf\":{\"@id\":\"https:\/\/hudo.com\/si\/vreme\/danes-bo-vecinoma-soncno-6\/\"},\"author\":{\"name\":\"M. N., STA\",\"@id\":\"https:\/\/hudo.com\/si\/#\/schema\/person\/c2f10ce65d2e6ede2aeda5be2a0611fa\"},\"headline\":\"Danes bo ve\u010dinoma son\u010dno\",\"datePublished\":\"2022-05-24T08:35:34+00:00\",\"dateModified\":\"2022-05-24T08:35:34+00:00\",\"mainEntityOfPage\":{\"@id\":\"https:\/\/hudo.com\/si\/vreme\/danes-bo-vecinoma-soncno-6\/\"},\"wordCount\":250,\"publisher\":{\"@id\":\"https:\/\/hudo.com\/si\/#organization\"},\"keywords\":[\"Slovenija\",\"vreme\"],\"articleSection\":[\"Vreme\"],\"inLanguage\":\"sl-SI\"},{\"@type\":\"WebPage\",\"@id\":\"https:\/\/hudo.com\/si\/vreme\/danes-bo-vecinoma-soncno-6\/\",\"url\":\"https:\/\/hudo.com\/si\/vreme\/danes-bo-vecinoma-soncno-6\/\",\"name\":\"Danes bo ve\u010dinoma son\u010dno - Hudo Slovenija\",\"isPartOf\":{\"@id\":\"https:\/\/hudo.com\/si\/#website\"},\"datePublished\":\"2022-05-24T08:35:34+00:00\",\"dateModified\":\"2022-05-24T08:35:34+00:00\",\"breadcrumb\":{\"@id\":\"https:\/\/hudo.com\/si\/vreme\/danes-bo-vecinoma-soncno-6\/#breadcrumb\"},\"inLanguage\":\"sl-SI\",\"potentialAction\":[{\"@type\":\"ReadAction\",\"target\":[\"https:\/\/hudo.com\/si\/vreme\/danes-bo-vecinoma-soncno-6\/\"]}]},{\"@type\":\"BreadcrumbList\",\"@id\":\"https:\/\/hudo.com\/si\/vreme\/danes-bo-vecinoma-soncno-6\/#breadcrumb\",\"itemListElement\":[{\"@type\":\"ListItem\",\"position\":1,\"name\":\"Home\",\"item\":\"https:\/\/hudo.com\/si\/\"},{\"@type\":\"ListItem\",\"position\":2,\"name\":\"Danes bo ve\u010dinoma son\u010dno\"}]},{\"@type\":\"WebSite\",\"@id\":\"https:\/\/hudo.com\/si\/#website\",\"url\":\"https:\/\/hudo.com\/si\/\",\"name\":\"Hudo Slovenija\",\"description\":\"Vse novice iz Slovenije in sveta\",\"publisher\":{\"@id\":\"https:\/\/hudo.com\/si\/#organization\"},\"potentialAction\":[{\"@type\":\"SearchAction\",\"target\":{\"@type\":\"EntryPoint\",\"urlTemplate\":\"https:\/\/hudo.com\/si\/?s={search_term_string}\"},\"query-input\":\"required name=search_term_string\"}],\"inLanguage\":\"sl-SI\"},{\"@type\":\"Organization\",\"@id\":\"https:\/\/hudo.com\/si\/#organization\",\"name\":\"VSN Media\",\"url\":\"https:\/\/hudo.com\/si\/\",\"logo\":{\"@type\":\"ImageObject\",\"inLanguage\":\"sl-SI\",\"@id\":\"https:\/\/hudo.com\/si\/#\/schema\/logo\/image\/\",\"url\":\"https:\/\/hudo.com\/si\/wp-content\/uploads\/sites\/2\/2021\/03\/hudo-app-2.png\",\"contentUrl\":\"https:\/\/hudo.com\/si\/wp-content\/uploads\/sites\/2\/2021\/03\/hudo-app-2.png\",\"width\":2185,\"height\":2167,\"caption\":\"VSN Media\"},\"image\":{\"@id\":\"https:\/\/hudo.com\/si\/#\/schema\/logo\/image\/\"},\"sameAs\":[\"https:\/\/www.facebook.com\/hudo.si\",\"https:\/\/twitter.com\/hudo_si\"]},{\"@type\":\"Person\",\"@id\":\"https:\/\/hudo.com\/si\/#\/schema\/person\/c2f10ce65d2e6ede2aeda5be2a0611fa\",\"name\":\"M. N., STA\",\"image\":{\"@type\":\"ImageObject\",\"inLanguage\":\"sl-SI\",\"@id\":\"https:\/\/hudo.com\/si\/#\/schema\/person\/image\/\",\"url\":\"https:\/\/secure.gravatar.com\/avatar\/f370d38daa10467f755c5c766a4cac20?s=96&d=mm&r=g\",\"contentUrl\":\"https:\/\/secure.gravatar.com\/avatar\/f370d38daa10467f755c5c766a4cac20?s=96&d=mm&r=g\",\"caption\":\"M. N., STA\"},\"url\":\"https:\/\/hudo.com\/si\/author\/mana\/\"}]}<\/script>\n<!-- \/ Yoast SEO plugin. -->","yoast_head_json":{"title":"Danes bo ve\u010dinoma son\u010dno - Hudo Slovenija","robots":{"index":"index","follow":"follow","max-snippet":"max-snippet:-1","max-image-preview":"max-image-preview:large","max-video-preview":"max-video-preview:-1"},"canonical":"https:\/\/hudo.com\/si\/vreme\/danes-bo-vecinoma-soncno-6\/","og_locale":"sl_SI","og_type":"article","og_title":"Danes bo ve\u010dinoma son\u010dno - Hudo Slovenija","og_description":"\u010cez dan bo zapihal jugozahodni veter, ob morju jugo. Najvi\u0161je dnevne temperature bodo od 23 do 28, na vzhodu okoli 30 stopinj Celzija, je zapisano na spletnih straneh Agencije RS za okolje.","og_url":"https:\/\/hudo.com\/si\/vreme\/danes-bo-vecinoma-soncno-6\/","og_site_name":"Hudo Slovenija","article_publisher":"https:\/\/www.facebook.com\/hudo.si","article_published_time":"2022-05-24T08:35:34+00:00","og_image":[{"width":1250,"height":833,"url":"https:\/\/hudo.com\/si\/wp-content\/uploads\/sites\/2\/2019\/06\/profimedia-0425315310.jpg","type":"image\/jpeg"}],"author":"M. N., STA","twitter_card":"summary_large_image","twitter_creator":"@hudo_si","twitter_site":"@hudo_si","twitter_misc":{"Written by":"M. N., STA","Est. reading time":"1 minuta"},"schema":{"@context":"https:\/\/schema.org","@graph":[{"@type":"Article","@id":"https:\/\/hudo.com\/si\/vreme\/danes-bo-vecinoma-soncno-6\/#article","isPartOf":{"@id":"https:\/\/hudo.com\/si\/vreme\/danes-bo-vecinoma-soncno-6\/"},"author":{"name":"M. N., STA","@id":"https:\/\/hudo.com\/si\/#\/schema\/person\/c2f10ce65d2e6ede2aeda5be2a0611fa"},"headline":"Danes bo ve\u010dinoma son\u010dno","datePublished":"2022-05-24T08:35:34+00:00","dateModified":"2022-05-24T08:35:34+00:00","mainEntityOfPage":{"@id":"https:\/\/hudo.com\/si\/vreme\/danes-bo-vecinoma-soncno-6\/"},"wordCount":250,"publisher":{"@id":"https:\/\/hudo.com\/si\/#organization"},"keywords":["Slovenija","vreme"],"articleSection":["Vreme"],"inLanguage":"sl-SI"},{"@type":"WebPage","@id":"https:\/\/hudo.com\/si\/vreme\/danes-bo-vecinoma-soncno-6\/","url":"https:\/\/hudo.com\/si\/vreme\/danes-bo-vecinoma-soncno-6\/","name":"Danes bo ve\u010dinoma son\u010dno - Hudo Slovenija","isPartOf":{"@id":"https:\/\/hudo.com\/si\/#website"},"datePublished":"2022-05-24T08:35:34+00:00","dateModified":"2022-05-24T08:35:34+00:00","breadcrumb":{"@id":"https:\/\/hudo.com\/si\/vreme\/danes-bo-vecinoma-soncno-6\/#breadcrumb"},"inLanguage":"sl-SI","potentialAction":[{"@type":"ReadAction","target":["https:\/\/hudo.com\/si\/vreme\/danes-bo-vecinoma-soncno-6\/"]}]},{"@type":"BreadcrumbList","@id":"https:\/\/hudo.com\/si\/vreme\/danes-bo-vecinoma-soncno-6\/#breadcrumb","itemListElement":[{"@type":"ListItem","position":1,"name":"Home","item":"https:\/\/hudo.com\/si\/"},{"@type":"ListItem","position":2,"name":"Danes bo ve\u010dinoma son\u010dno"}]},{"@type":"WebSite","@id":"https:\/\/hudo.com\/si\/#website","url":"https:\/\/hudo.com\/si\/","name":"Hudo Slovenija","description":"Vse novice iz Slovenije in sveta","publisher":{"@id":"https:\/\/hudo.com\/si\/#organization"},"potentialAction":[{"@type":"SearchAction","target":{"@type":"EntryPoint","urlTemplate":"https:\/\/hudo.com\/si\/?s={search_term_string}"},"query-input":"required name=search_term_string"}],"inLanguage":"sl-SI"},{"@type":"Organization","@id":"https:\/\/hudo.com\/si\/#organization","name":"VSN Media","url":"https:\/\/hudo.com\/si\/","logo":{"@type":"ImageObject","inLanguage":"sl-SI","@id":"https:\/\/hudo.com\/si\/#\/schema\/logo\/image\/","url":"https:\/\/hudo.com\/si\/wp-content\/uploads\/sites\/2\/2021\/03\/hudo-app-2.png","contentUrl":"https:\/\/hudo.com\/si\/wp-content\/uploads\/sites\/2\/2021\/03\/hudo-app-2.png","width":2185,"height":2167,"caption":"VSN Media"},"image":{"@id":"https:\/\/hudo.com\/si\/#\/schema\/logo\/image\/"},"sameAs":["https:\/\/www.facebook.com\/hudo.si","https:\/\/twitter.com\/hudo_si"]},{"@type":"Person","@id":"https:\/\/hudo.com\/si\/#\/schema\/person\/c2f10ce65d2e6ede2aeda5be2a0611fa","name":"M. N., STA","image":{"@type":"ImageObject","inLanguage":"sl-SI","@id":"https:\/\/hudo.com\/si\/#\/schema\/person\/image\/","url":"https:\/\/secure.gravatar.com\/avatar\/f370d38daa10467f755c5c766a4cac20?s=96&d=mm&r=g","contentUrl":"https:\/\/secure.gravatar.com\/avatar\/f370d38daa10467f755c5c766a4cac20?s=96&d=mm&r=g","caption":"M. N., STA"},"url":"https:\/\/hudo.com\/si\/author\/mana\/"}]}},"amp_enabled":true,"_links":{"self":[{"href":"https:\/\/hudo.com\/si\/wp-json\/wp\/v2\/posts\/468779"}],"collection":[{"href":"https:\/\/hudo.com\/si\/wp-json\/wp\/v2\/posts"}],"about":[{"href":"https:\/\/hudo.com\/si\/wp-json\/wp\/v2\/types\/post"}],"author":[{"embeddable":true,"href":"https:\/\/hudo.com\/si\/wp-json\/wp\/v2\/users\/8"}],"replies":[{"embeddable":true,"href":"https:\/\/hudo.com\/si\/wp-json\/wp\/v2\/comments?post=468779"}],"version-history":[{"count":1,"href":"https:\/\/hudo.com\/si\/wp-json\/wp\/v2\/posts\/468779\/revisions"}],"predecessor-version":[{"id":468780,"href":"https:\/\/hudo.com\/si\/wp-json\/wp\/v2\/posts\/468779\/revisions\/468780"}],"wp:featuredmedia":[{"embeddable":true,"href":"https:\/\/hudo.com\/si\/wp-json\/wp\/v2\/media\/401434"}],"wp:attachment":[{"href":"https:\/\/hudo.com\/si\/wp-json\/wp\/v2\/media?parent=468779"}],"wp:term":[{"taxonomy":"category","embeddable":true,"href":"https:\/\/hudo.com\/si\/wp-json\/wp\/v2\/categories?post=468779"},{"taxonomy":"post_tag","embeddable":true,"href":"https:\/\/hudo.com\/si\/wp-json\/wp\/v2\/tags?post=468779"},{"taxonomy":"source","embeddable":true,"href":"https:\/\/hudo.com\/si\/wp-json\/wp\/v2\/source?post=468779"},{"taxonomy":"supertag","embeddable":true,"href":"https:\/\/hudo.com\/si\/wp-json\/wp\/v2\/supertag?post=468779"}],"curies":[{"name":"wp","href":"https:\/\/api.w.org\/{rel}","templated":true}]}}