{"id":468789,"date":"2022-05-24T14:15:07","date_gmt":"2022-05-24T12:15:07","guid":{"rendered":"https:\/\/hudo.com\/si\/?p=468789"},"modified":"2022-05-24T15:15:20","modified_gmt":"2022-05-24T13:15:20","slug":"epilog-sojenja-jansi-ni-uspelo-taksno-kazen-je-dobil","status":"publish","type":"post","link":"https:\/\/hudo.com\/si\/aktualno\/slovenija\/epilog-sojenja-jansi-ni-uspelo-taksno-kazen-je-dobil\/","title":{"rendered":"Epilog sojenja: Jan\u0161i ni uspelo, tak\u0161no kazen je dobil"},"content":{"rendered":"<p>Celjsko vi\u0161je sodi\u0161\u010de je danes potrdilo sodbo prvostopenjskega sodi\u0161\u010da, ki je premierja v odhodu in predsednika SDS Janeza Jan\u0161o spoznalo za krivega dveh kaznivih dejanj raz\u017ealitve novinark TV Slovenija Mojce \u0160etinc Pa\u0161ek in Eugenije Carl. Dosodilo mu je tri mesece pogojne zaporne kazni s preizkusno dobo enega leta. Jan\u0161e danes ni bilo na sodi\u0161\u010du.<\/p>\n<p>Kot je v obrazlo\u017eitvi povedal sodnik poro\u010devalec Andrej Pavlina, je Jan\u0161a, ki mora poravnati tudi sodno takso za vlo\u017eeno prito\u017ebo, na Twitterju zapisal grobo in seksisti\u010dno izjavo. \u0160lo je za politi\u010dno izra\u017eanje Jan\u0161e, je dejal Pavlina. Dodal je tudi, da so Jan\u0161evo prito\u017ebo zavrnili kot neutemeljeno, sodba prvostopenjskega sodi\u0161\u010da pa je tako postala pravnomo\u010dna.<\/p>\n<p>Jan\u0161ev zagovornik Franci Matoz pa je napovedal vlo\u017eitev zahteve za varstvo zakonitosti na vrhovno sodi\u0161\u010de. Matoz, ki se je prito\u017eil na sodbo prvostopenjskega sodi\u0161\u010da, je na dana\u0161nji prito\u017ebeni seji ocenil, da je prvostopenjsko sodi\u0161\u010de bistveno kr\u0161ilo kazenski zakonik ter da senat celjskega okro\u017enega sodi\u0161\u010da, ki je Jan\u0161o spoznal za krivega, ni bil nepristranski. Dejal je, da iz spornega tvita, ki ga je Jan\u0161a objavil na Twitterju, ni bilo mo\u010d zaznati, da gre za omenjeni novinarki.<\/p>\n<p>Po Matozovem mnenju je celjsko okro\u017eno sodi\u0161\u010de preve\u010d lahkotno sprejelo sodbo zoper Jan\u0161o. Po njegovih podatkih pa je kazenska zadeva zoper Jan\u0161o v ponedeljek zastarala. Vse navedbe Matoza so celjski vi\u0161ji sodniki zavrnili in poudarili, da bi zadeva zastarala v sredo.<\/p>\n<p>V izjavi za medije je Matoz dejal, da se je ves \u010das brez potrebe \u0161irila neka la\u017ena novica, da njegova stranka ne dviguje po\u0161te in zavla\u010duje sodni postopek, ker ni bilo res. &#8220;V tem postopku je bila prva razveljavitev sodbe zaradi jasne kr\u0161itve pri postavljanju porote, kar je zadevo podalj\u0161alo za dve leti. Midva nisva sogla\u0161ala, da bi zadeva zastarala, to nikdar ni bil najin namen. \u017deleli smo si vsebinske odlo\u010ditve, zdaj pa bomo zadevo peljali na vrhovno sodi\u0161\u010de, kjer so v civilnem sporu zadeve \u017ee bile, in sem prepri\u010dan, da bomo na koncu uspeli,&#8221; \u0161e pravi Matoz.<\/p>\n<p>Zadovoljen je, da je pri\u0161lo do vsebinske odlo\u010ditve, ni pa zadovoljen z odlo\u010ditvijo vi\u0161jega sodi\u0161\u010da, ker da je napa\u010dna, saj po njegovi oceni raz\u017ealitve novinark ni bilo.<\/p>\n<p>Za zagovornico omenjenih novinark odvetnico Katjo Zdol\u0161ek pa je bilo klju\u010dno vpra\u0161anje, ali je bila Jan\u0161eva izjava na Twitterju \u017ealjiva ali ne. Pri tem je ocenila, da je bila Jan\u0161eva izjava vulgarna, seksisti\u010dna in \u017ealjiva. &#8220;Izjava je bila premi\u0161ljeno napisana,&#8221; je dejala Zdol\u0161kova. Povedala je tudi, da je pri\u010dakovala vlo\u017eitev omenjene zahteve na vrhovno sodi\u0161\u010de. Po njenih besedah \u017eivimo v dr\u017eavi, kjer ni dovoljeno zmerjati \u017eenske z besedami odslu\u017eeni prostitutki, samo zato, ker gredo pri opravljanju svojega dela nekomu na \u017eivce.<\/p>\n<p>\u0160etinc Pa\u0161kova je vesela, da je vi\u0161je sodi\u0161\u010de uspelo v zelo kratkem \u010dasu sodbo pripeljati do sklepnega dejanja. Pri\u010dakovala je, da bo Jan\u0161a spoznan za krivega zaradi \u017ealjivega tvita, ki je po njeni oceni gnusen, grd in \u017ealjiv. Na tak\u0161en \u017ealjiv tvit v na\u0161i dru\u017ebi ne moremo pristati, je \u0161e dejala \u0160etinc Pa\u0161kova.<\/p>\n<p>Vi\u0161ja sodnica Zinka Stra\u0161ek je pojasnila, da so Jan\u0161i vabilo za prito\u017ebeno sejo ve\u010dkrat sku\u0161ali vro\u010diti prek detektiva, a neuspe\u0161no. Zato so celjski vi\u0161ji sodniki danes najprej sprejeli sklep, da se seja ne opravi. Ko je Matoz povedal, da je Jan\u0161o osebno seznanil s tem, da bo danes prito\u017ebena seja, so sodniki prvotni sklep preklicali in prito\u017ebeno sejo vendarle opravili.<\/p>\n<p>Jan\u0161a se je na sodi\u0161\u010du zna\u0161el zaradi tvita iz marca 2016, v katerem je med drugim zapisal, da na &#8220;neki Facebook strani javne hi\u0161e ponujajo poceni usluge odslu\u017eenih prostitutk Evgenije C. in Mojce P. \u0160.&#8221;.<\/p>\n<p>Celjsko okro\u017eno sodi\u0161\u010de je Jan\u0161o v prvem postopku nepravnomo\u010dno obsodilo na tri mesece enotne pogojne zaporne kazni s preizkusno dobo enega leta ter mu nalo\u017eilo pla\u010dilo stro\u0161kov sodnega postopka v zvezi z \u017ealjivim tvitom na ra\u010dun novinark. Nato pa je vi\u0161je sodi\u0161\u010de sodbo razveljavilo. Februarja letos pa je do\u010dakal novo sodbo na prvi stopnji.<\/p>\n","protected":false},"excerpt":{"rendered":"<p>Vi\u0161je sodi\u0161\u010de je potrdilo obsodbo Jan\u0161e zaradi \u017ealjivega tvita o novinarkah.<\/p>\n","protected":false},"author":5,"featured_media":447609,"comment_status":"closed","ping_status":"closed","sticky":false,"template":"","format":"standard","meta":{"footnotes":""},"categories":[18201],"tags":[5845,5397,1595,4770],"source":[4511],"supertag":[5675],"acf":[],"yoast_head":"<!-- This site is optimized with the Yoast SEO plugin v21.3 - https:\/\/yoast.com\/wordpress\/plugins\/seo\/ -->\n<title>Epilog sojenja: Jan\u0161i ni uspelo, tak\u0161no kazen je dobil - Hudo Slovenija<\/title>\n<meta name=\"robots\" content=\"index, follow, max-snippet:-1, max-image-preview:large, max-video-preview:-1\" \/>\n<link rel=\"canonical\" href=\"https:\/\/hudo.com\/si\/aktualno\/slovenija\/epilog-sojenja-jansi-ni-uspelo-taksno-kazen-je-dobil\/\" \/>\n<meta property=\"og:locale\" content=\"sl_SI\" \/>\n<meta property=\"og:type\" content=\"article\" \/>\n<meta property=\"og:title\" content=\"Epilog sojenja: Jan\u0161i ni uspelo, tak\u0161no kazen je dobil - Hudo Slovenija\" \/>\n<meta property=\"og:description\" content=\"Vi\u0161je sodi\u0161\u010de je potrdilo obsodbo Jan\u0161e zaradi \u017ealjivega tvita o novinarkah.\" \/>\n<meta property=\"og:url\" content=\"https:\/\/hudo.com\/si\/aktualno\/slovenija\/epilog-sojenja-jansi-ni-uspelo-taksno-kazen-je-dobil\/\" \/>\n<meta property=\"og:site_name\" content=\"Hudo Slovenija\" \/>\n<meta property=\"article:publisher\" content=\"https:\/\/www.facebook.com\/hudo.si\" \/>\n<meta property=\"article:published_time\" content=\"2022-05-24T12:15:07+00:00\" \/>\n<meta property=\"article:modified_time\" content=\"2022-05-24T13:15:20+00:00\" \/>\n<meta property=\"og:image\" content=\"https:\/\/hudo.com\/si\/wp-content\/uploads\/sites\/2\/2021\/03\/profimedia-0574964945.jpg\" \/>\n\t<meta property=\"og:image:width\" content=\"1250\" \/>\n\t<meta property=\"og:image:height\" content=\"833\" \/>\n\t<meta property=\"og:image:type\" content=\"image\/jpeg\" \/>\n<meta name=\"author\" content=\"A. G., STA\" \/>\n<meta name=\"twitter:card\" content=\"summary_large_image\" \/>\n<meta name=\"twitter:creator\" content=\"@hudo_si\" \/>\n<meta name=\"twitter:site\" content=\"@hudo_si\" \/>\n<meta name=\"twitter:label1\" content=\"Written by\" \/>\n\t<meta name=\"twitter:data1\" content=\"A. G., STA\" \/>\n\t<meta name=\"twitter:label2\" content=\"Est. reading time\" \/>\n\t<meta name=\"twitter:data2\" content=\"4 minute\" \/>\n<script type=\"application\/ld+json\" class=\"yoast-schema-graph\">{\"@context\":\"https:\/\/schema.org\",\"@graph\":[{\"@type\":\"Article\",\"@id\":\"https:\/\/hudo.com\/si\/aktualno\/slovenija\/epilog-sojenja-jansi-ni-uspelo-taksno-kazen-je-dobil\/#article\",\"isPartOf\":{\"@id\":\"https:\/\/hudo.com\/si\/aktualno\/slovenija\/epilog-sojenja-jansi-ni-uspelo-taksno-kazen-je-dobil\/\"},\"author\":{\"name\":\"A. G., STA\",\"@id\":\"https:\/\/hudo.com\/si\/#\/schema\/person\/2391667a63ea075ba94f2f2dc6b77537\"},\"headline\":\"Epilog sojenja: Jan\u0161i ni uspelo, tak\u0161no kazen je dobil\",\"datePublished\":\"2022-05-24T12:15:07+00:00\",\"dateModified\":\"2022-05-24T13:15:20+00:00\",\"mainEntityOfPage\":{\"@id\":\"https:\/\/hudo.com\/si\/aktualno\/slovenija\/epilog-sojenja-jansi-ni-uspelo-taksno-kazen-je-dobil\/\"},\"wordCount\":746,\"publisher\":{\"@id\":\"https:\/\/hudo.com\/si\/#organization\"},\"keywords\":[\"janez jan\u0161a\",\"novinarstvo\",\"Slovenija\",\"sodi\u0161\u010de\"],\"articleSection\":[\"Slovenija\"],\"inLanguage\":\"sl-SI\"},{\"@type\":\"WebPage\",\"@id\":\"https:\/\/hudo.com\/si\/aktualno\/slovenija\/epilog-sojenja-jansi-ni-uspelo-taksno-kazen-je-dobil\/\",\"url\":\"https:\/\/hudo.com\/si\/aktualno\/slovenija\/epilog-sojenja-jansi-ni-uspelo-taksno-kazen-je-dobil\/\",\"name\":\"Epilog sojenja: Jan\u0161i ni uspelo, tak\u0161no kazen je dobil - Hudo Slovenija\",\"isPartOf\":{\"@id\":\"https:\/\/hudo.com\/si\/#website\"},\"datePublished\":\"2022-05-24T12:15:07+00:00\",\"dateModified\":\"2022-05-24T13:15:20+00:00\",\"breadcrumb\":{\"@id\":\"https:\/\/hudo.com\/si\/aktualno\/slovenija\/epilog-sojenja-jansi-ni-uspelo-taksno-kazen-je-dobil\/#breadcrumb\"},\"inLanguage\":\"sl-SI\",\"potentialAction\":[{\"@type\":\"ReadAction\",\"target\":[\"https:\/\/hudo.com\/si\/aktualno\/slovenija\/epilog-sojenja-jansi-ni-uspelo-taksno-kazen-je-dobil\/\"]}]},{\"@type\":\"BreadcrumbList\",\"@id\":\"https:\/\/hudo.com\/si\/aktualno\/slovenija\/epilog-sojenja-jansi-ni-uspelo-taksno-kazen-je-dobil\/#breadcrumb\",\"itemListElement\":[{\"@type\":\"ListItem\",\"position\":1,\"name\":\"Home\",\"item\":\"https:\/\/hudo.com\/si\/\"},{\"@type\":\"ListItem\",\"position\":2,\"name\":\"Epilog sojenja: Jan\u0161i ni uspelo, tak\u0161no kazen je dobil\"}]},{\"@type\":\"WebSite\",\"@id\":\"https:\/\/hudo.com\/si\/#website\",\"url\":\"https:\/\/hudo.com\/si\/\",\"name\":\"Hudo Slovenija\",\"description\":\"Vse novice iz Slovenije in sveta\",\"publisher\":{\"@id\":\"https:\/\/hudo.com\/si\/#organization\"},\"potentialAction\":[{\"@type\":\"SearchAction\",\"target\":{\"@type\":\"EntryPoint\",\"urlTemplate\":\"https:\/\/hudo.com\/si\/?s={search_term_string}\"},\"query-input\":\"required name=search_term_string\"}],\"inLanguage\":\"sl-SI\"},{\"@type\":\"Organization\",\"@id\":\"https:\/\/hudo.com\/si\/#organization\",\"name\":\"VSN Media\",\"url\":\"https:\/\/hudo.com\/si\/\",\"logo\":{\"@type\":\"ImageObject\",\"inLanguage\":\"sl-SI\",\"@id\":\"https:\/\/hudo.com\/si\/#\/schema\/logo\/image\/\",\"url\":\"https:\/\/hudo.com\/si\/wp-content\/uploads\/sites\/2\/2021\/03\/hudo-app-2.png\",\"contentUrl\":\"https:\/\/hudo.com\/si\/wp-content\/uploads\/sites\/2\/2021\/03\/hudo-app-2.png\",\"width\":2185,\"height\":2167,\"caption\":\"VSN Media\"},\"image\":{\"@id\":\"https:\/\/hudo.com\/si\/#\/schema\/logo\/image\/\"},\"sameAs\":[\"https:\/\/www.facebook.com\/hudo.si\",\"https:\/\/twitter.com\/hudo_si\"]},{\"@type\":\"Person\",\"@id\":\"https:\/\/hudo.com\/si\/#\/schema\/person\/2391667a63ea075ba94f2f2dc6b77537\",\"name\":\"A. G., STA\",\"image\":{\"@type\":\"ImageObject\",\"inLanguage\":\"sl-SI\",\"@id\":\"https:\/\/hudo.com\/si\/#\/schema\/person\/image\/\",\"url\":\"https:\/\/secure.gravatar.com\/avatar\/e13d22ac3e442658d5025fbbe6238a79?s=96&d=mm&r=g\",\"contentUrl\":\"https:\/\/secure.gravatar.com\/avatar\/e13d22ac3e442658d5025fbbe6238a79?s=96&d=mm&r=g\",\"caption\":\"A. G., STA\"},\"url\":\"https:\/\/hudo.com\/si\/author\/alenka\/\"}]}<\/script>\n<!-- \/ Yoast SEO plugin. -->","yoast_head_json":{"title":"Epilog sojenja: Jan\u0161i ni uspelo, tak\u0161no kazen je dobil - Hudo Slovenija","robots":{"index":"index","follow":"follow","max-snippet":"max-snippet:-1","max-image-preview":"max-image-preview:large","max-video-preview":"max-video-preview:-1"},"canonical":"https:\/\/hudo.com\/si\/aktualno\/slovenija\/epilog-sojenja-jansi-ni-uspelo-taksno-kazen-je-dobil\/","og_locale":"sl_SI","og_type":"article","og_title":"Epilog sojenja: Jan\u0161i ni uspelo, tak\u0161no kazen je dobil - Hudo Slovenija","og_description":"Vi\u0161je sodi\u0161\u010de je potrdilo obsodbo Jan\u0161e zaradi \u017ealjivega tvita o novinarkah.","og_url":"https:\/\/hudo.com\/si\/aktualno\/slovenija\/epilog-sojenja-jansi-ni-uspelo-taksno-kazen-je-dobil\/","og_site_name":"Hudo Slovenija","article_publisher":"https:\/\/www.facebook.com\/hudo.si","article_published_time":"2022-05-24T12:15:07+00:00","article_modified_time":"2022-05-24T13:15:20+00:00","og_image":[{"width":1250,"height":833,"url":"https:\/\/hudo.com\/si\/wp-content\/uploads\/sites\/2\/2021\/03\/profimedia-0574964945.jpg","type":"image\/jpeg"}],"author":"A. G., STA","twitter_card":"summary_large_image","twitter_creator":"@hudo_si","twitter_site":"@hudo_si","twitter_misc":{"Written by":"A. G., STA","Est. reading time":"4 minute"},"schema":{"@context":"https:\/\/schema.org","@graph":[{"@type":"Article","@id":"https:\/\/hudo.com\/si\/aktualno\/slovenija\/epilog-sojenja-jansi-ni-uspelo-taksno-kazen-je-dobil\/#article","isPartOf":{"@id":"https:\/\/hudo.com\/si\/aktualno\/slovenija\/epilog-sojenja-jansi-ni-uspelo-taksno-kazen-je-dobil\/"},"author":{"name":"A. G., STA","@id":"https:\/\/hudo.com\/si\/#\/schema\/person\/2391667a63ea075ba94f2f2dc6b77537"},"headline":"Epilog sojenja: Jan\u0161i ni uspelo, tak\u0161no kazen je dobil","datePublished":"2022-05-24T12:15:07+00:00","dateModified":"2022-05-24T13:15:20+00:00","mainEntityOfPage":{"@id":"https:\/\/hudo.com\/si\/aktualno\/slovenija\/epilog-sojenja-jansi-ni-uspelo-taksno-kazen-je-dobil\/"},"wordCount":746,"publisher":{"@id":"https:\/\/hudo.com\/si\/#organization"},"keywords":["janez jan\u0161a","novinarstvo","Slovenija","sodi\u0161\u010de"],"articleSection":["Slovenija"],"inLanguage":"sl-SI"},{"@type":"WebPage","@id":"https:\/\/hudo.com\/si\/aktualno\/slovenija\/epilog-sojenja-jansi-ni-uspelo-taksno-kazen-je-dobil\/","url":"https:\/\/hudo.com\/si\/aktualno\/slovenija\/epilog-sojenja-jansi-ni-uspelo-taksno-kazen-je-dobil\/","name":"Epilog sojenja: Jan\u0161i ni uspelo, tak\u0161no kazen je dobil - Hudo Slovenija","isPartOf":{"@id":"https:\/\/hudo.com\/si\/#website"},"datePublished":"2022-05-24T12:15:07+00:00","dateModified":"2022-05-24T13:15:20+00:00","breadcrumb":{"@id":"https:\/\/hudo.com\/si\/aktualno\/slovenija\/epilog-sojenja-jansi-ni-uspelo-taksno-kazen-je-dobil\/#breadcrumb"},"inLanguage":"sl-SI","potentialAction":[{"@type":"ReadAction","target":["https:\/\/hudo.com\/si\/aktualno\/slovenija\/epilog-sojenja-jansi-ni-uspelo-taksno-kazen-je-dobil\/"]}]},{"@type":"BreadcrumbList","@id":"https:\/\/hudo.com\/si\/aktualno\/slovenija\/epilog-sojenja-jansi-ni-uspelo-taksno-kazen-je-dobil\/#breadcrumb","itemListElement":[{"@type":"ListItem","position":1,"name":"Home","item":"https:\/\/hudo.com\/si\/"},{"@type":"ListItem","position":2,"name":"Epilog sojenja: Jan\u0161i ni uspelo, tak\u0161no kazen je dobil"}]},{"@type":"WebSite","@id":"https:\/\/hudo.com\/si\/#website","url":"https:\/\/hudo.com\/si\/","name":"Hudo Slovenija","description":"Vse novice iz Slovenije in sveta","publisher":{"@id":"https:\/\/hudo.com\/si\/#organization"},"potentialAction":[{"@type":"SearchAction","target":{"@type":"EntryPoint","urlTemplate":"https:\/\/hudo.com\/si\/?s={search_term_string}"},"query-input":"required name=search_term_string"}],"inLanguage":"sl-SI"},{"@type":"Organization","@id":"https:\/\/hudo.com\/si\/#organization","name":"VSN Media","url":"https:\/\/hudo.com\/si\/","logo":{"@type":"ImageObject","inLanguage":"sl-SI","@id":"https:\/\/hudo.com\/si\/#\/schema\/logo\/image\/","url":"https:\/\/hudo.com\/si\/wp-content\/uploads\/sites\/2\/2021\/03\/hudo-app-2.png","contentUrl":"https:\/\/hudo.com\/si\/wp-content\/uploads\/sites\/2\/2021\/03\/hudo-app-2.png","width":2185,"height":2167,"caption":"VSN Media"},"image":{"@id":"https:\/\/hudo.com\/si\/#\/schema\/logo\/image\/"},"sameAs":["https:\/\/www.facebook.com\/hudo.si","https:\/\/twitter.com\/hudo_si"]},{"@type":"Person","@id":"https:\/\/hudo.com\/si\/#\/schema\/person\/2391667a63ea075ba94f2f2dc6b77537","name":"A. G., STA","image":{"@type":"ImageObject","inLanguage":"sl-SI","@id":"https:\/\/hudo.com\/si\/#\/schema\/person\/image\/","url":"https:\/\/secure.gravatar.com\/avatar\/e13d22ac3e442658d5025fbbe6238a79?s=96&d=mm&r=g","contentUrl":"https:\/\/secure.gravatar.com\/avatar\/e13d22ac3e442658d5025fbbe6238a79?s=96&d=mm&r=g","caption":"A. G., STA"},"url":"https:\/\/hudo.com\/si\/author\/alenka\/"}]}},"amp_enabled":true,"_links":{"self":[{"href":"https:\/\/hudo.com\/si\/wp-json\/wp\/v2\/posts\/468789"}],"collection":[{"href":"https:\/\/hudo.com\/si\/wp-json\/wp\/v2\/posts"}],"about":[{"href":"https:\/\/hudo.com\/si\/wp-json\/wp\/v2\/types\/post"}],"author":[{"embeddable":true,"href":"https:\/\/hudo.com\/si\/wp-json\/wp\/v2\/users\/5"}],"replies":[{"embeddable":true,"href":"https:\/\/hudo.com\/si\/wp-json\/wp\/v2\/comments?post=468789"}],"version-history":[{"count":2,"href":"https:\/\/hudo.com\/si\/wp-json\/wp\/v2\/posts\/468789\/revisions"}],"predecessor-version":[{"id":468796,"href":"https:\/\/hudo.com\/si\/wp-json\/wp\/v2\/posts\/468789\/revisions\/468796"}],"wp:featuredmedia":[{"embeddable":true,"href":"https:\/\/hudo.com\/si\/wp-json\/wp\/v2\/media\/447609"}],"wp:attachment":[{"href":"https:\/\/hudo.com\/si\/wp-json\/wp\/v2\/media?parent=468789"}],"wp:term":[{"taxonomy":"category","embeddable":true,"href":"https:\/\/hudo.com\/si\/wp-json\/wp\/v2\/categories?post=468789"},{"taxonomy":"post_tag","embeddable":true,"href":"https:\/\/hudo.com\/si\/wp-json\/wp\/v2\/tags?post=468789"},{"taxonomy":"source","embeddable":true,"href":"https:\/\/hudo.com\/si\/wp-json\/wp\/v2\/source?post=468789"},{"taxonomy":"supertag","embeddable":true,"href":"https:\/\/hudo.com\/si\/wp-json\/wp\/v2\/supertag?post=468789"}],"curies":[{"name":"wp","href":"https:\/\/api.w.org\/{rel}","templated":true}]}}