{"id":468811,"date":"2022-05-25T10:58:18","date_gmt":"2022-05-25T08:58:18","guid":{"rendered":"https:\/\/hudo.com\/si\/?p=468811"},"modified":"2022-05-25T10:58:18","modified_gmt":"2022-05-25T08:58:18","slug":"vreme-dokaj-soncno","status":"publish","type":"post","link":"https:\/\/hudo.com\/si\/vreme\/vreme-dokaj-soncno\/","title":{"rendered":"Vreme: Dokaj son\u010dno"},"content":{"rendered":"<p>V \u010detrtek bo na Primorskem ob \u0161ibki burji deloma son\u010dno. Drugod bo sprva prete\u017eno obla\u010dno, predvsem na Gorenjskem bo ponekod rahlo de\u017eevalo. \u010cez dan se bo delno zjasnilo. Najni\u017eje jutranje temperature bodo od 10 do 16, ob morju okoli 18, najvi\u0161je dnevne od 22 do 26, na Primorskem okoli 28 stopinj Celzija.<\/p>\n<p>Opozorilo: Danes popoldne, zve\u010der in v no\u010di na \u010detrtek so v severovzhodni Sloveniji zelo verjetna krajevna neurja s to\u010do, sunki vetra in nalivi.<\/p>\n<p>Obeti: V petek bo dokaj son\u010dno z nekaj spremenljive obla\u010dnosti. Predvsem v hribovitem svetu bo popoldne lahko nastala kak\u0161na ploha ali nevihta. V soboto ka\u017ee na de\u017e in ohladitev.<\/p>\n<p>Vremenska slika: Nad severnim Sredozemljem je plitvo ciklonsko obmo\u010dje. Vremenska fronta se zadr\u017euje na obmo\u010dju Alp in bo v ve\u010dernem \u010dasu vplivala tudi na vreme pri nas.<\/p>\n<p>Napoved za sosednje pokrajine: Danes bo sprva delno jasno, ve\u010d obla\u010dnosti bo severno in zahodno od nas, kjer bo \u017ee dopoldne mo\u017ena kak\u0161na ploha. Popoldne bodo na obmo\u010dju Alp za\u010dele nastajati nevihte, ki se bodo zve\u010der \u0161irile proti jugovzhodu. V \u010detrtek bo ob severnem Jadranu pove\u010dini son\u010dno s \u0161ibko burjo. Drugod bo sprva bolj obla\u010dno, a se bo \u010dez dan delno razjasnilo. V Alpah bodo popoldne mo\u017ene posamezne plohe ali nevihte.<\/p>\n<p>Biovreme: V sredo bo vremenski vpliv zmerno obremenilen, obremenitev se bo nekoliko pove\u010dala v ve\u010dernem \u010dasu. V \u010detrtek bo vpliv vremena na po\u010dutje pove\u010dini ugoden.<\/p>\n","protected":false},"excerpt":{"rendered":"<p>Danes dopoldne bo na severu spremenljivo obla\u010dno, drugod dokaj son\u010dno. Popoldne bo povsod ve\u010d obla\u010dnosti, nastajale bodo plohe in nevihte, ki se bodo ponekod nadaljevale tudi v no\u010d na \u010detrtek. Najvi\u0161je dnevne temperature bodo od 22 do 28, na jugovzhodu do 30 stopinj Celzija, je zapisano na spletnih straneh Agencije RS za okolje.<\/p>\n","protected":false},"author":7,"featured_media":434561,"comment_status":"closed","ping_status":"closed","sticky":false,"template":"","format":"standard","meta":{"footnotes":""},"categories":[18175],"tags":[7416],"source":[4511],"supertag":[12922],"acf":[],"yoast_head":"<!-- This site is optimized with the Yoast SEO plugin v21.3 - https:\/\/yoast.com\/wordpress\/plugins\/seo\/ -->\n<title>Vreme: Dokaj son\u010dno - Hudo Slovenija<\/title>\n<meta name=\"robots\" content=\"index, follow, max-snippet:-1, max-image-preview:large, max-video-preview:-1\" \/>\n<link rel=\"canonical\" href=\"https:\/\/hudo.com\/si\/vreme\/vreme-dokaj-soncno\/\" \/>\n<meta property=\"og:locale\" content=\"sl_SI\" \/>\n<meta property=\"og:type\" content=\"article\" \/>\n<meta property=\"og:title\" content=\"Vreme: Dokaj son\u010dno - Hudo Slovenija\" \/>\n<meta property=\"og:description\" content=\"Danes dopoldne bo na severu spremenljivo obla\u010dno, drugod dokaj son\u010dno. Popoldne bo povsod ve\u010d obla\u010dnosti, nastajale bodo plohe in nevihte, ki se bodo ponekod nadaljevale tudi v no\u010d na \u010detrtek. Najvi\u0161je dnevne temperature bodo od 22 do 28, na jugovzhodu do 30 stopinj Celzija, je zapisano na spletnih straneh Agencije RS za okolje.\" \/>\n<meta property=\"og:url\" content=\"https:\/\/hudo.com\/si\/vreme\/vreme-dokaj-soncno\/\" \/>\n<meta property=\"og:site_name\" content=\"Hudo Slovenija\" \/>\n<meta property=\"article:publisher\" content=\"https:\/\/www.facebook.com\/hudo.si\" \/>\n<meta property=\"article:published_time\" content=\"2022-05-25T08:58:18+00:00\" \/>\n<meta property=\"og:image\" content=\"https:\/\/hudo.com\/si\/wp-content\/uploads\/sites\/2\/2020\/10\/profimedia-0522878266.jpg\" \/>\n\t<meta property=\"og:image:width\" content=\"1250\" \/>\n\t<meta property=\"og:image:height\" content=\"836\" \/>\n\t<meta property=\"og:image:type\" content=\"image\/jpeg\" \/>\n<meta name=\"author\" content=\"A. P., STA\" \/>\n<meta name=\"twitter:card\" content=\"summary_large_image\" \/>\n<meta name=\"twitter:creator\" content=\"@hudo_si\" \/>\n<meta name=\"twitter:site\" content=\"@hudo_si\" \/>\n<meta name=\"twitter:label1\" content=\"Written by\" \/>\n\t<meta name=\"twitter:data1\" content=\"A. P., STA\" \/>\n\t<meta name=\"twitter:label2\" content=\"Est. reading time\" \/>\n\t<meta name=\"twitter:data2\" content=\"1 minuta\" \/>\n<script type=\"application\/ld+json\" class=\"yoast-schema-graph\">{\"@context\":\"https:\/\/schema.org\",\"@graph\":[{\"@type\":\"Article\",\"@id\":\"https:\/\/hudo.com\/si\/vreme\/vreme-dokaj-soncno\/#article\",\"isPartOf\":{\"@id\":\"https:\/\/hudo.com\/si\/vreme\/vreme-dokaj-soncno\/\"},\"author\":{\"name\":\"A. P., STA\",\"@id\":\"https:\/\/hudo.com\/si\/#\/schema\/person\/18f09c02475ba9e606e941a565b80cff\"},\"headline\":\"Vreme: Dokaj son\u010dno\",\"datePublished\":\"2022-05-25T08:58:18+00:00\",\"dateModified\":\"2022-05-25T08:58:18+00:00\",\"mainEntityOfPage\":{\"@id\":\"https:\/\/hudo.com\/si\/vreme\/vreme-dokaj-soncno\/\"},\"wordCount\":256,\"publisher\":{\"@id\":\"https:\/\/hudo.com\/si\/#organization\"},\"keywords\":[\"vremenska napoved\"],\"articleSection\":[\"Vreme\"],\"inLanguage\":\"sl-SI\"},{\"@type\":\"WebPage\",\"@id\":\"https:\/\/hudo.com\/si\/vreme\/vreme-dokaj-soncno\/\",\"url\":\"https:\/\/hudo.com\/si\/vreme\/vreme-dokaj-soncno\/\",\"name\":\"Vreme: Dokaj son\u010dno - Hudo Slovenija\",\"isPartOf\":{\"@id\":\"https:\/\/hudo.com\/si\/#website\"},\"datePublished\":\"2022-05-25T08:58:18+00:00\",\"dateModified\":\"2022-05-25T08:58:18+00:00\",\"breadcrumb\":{\"@id\":\"https:\/\/hudo.com\/si\/vreme\/vreme-dokaj-soncno\/#breadcrumb\"},\"inLanguage\":\"sl-SI\",\"potentialAction\":[{\"@type\":\"ReadAction\",\"target\":[\"https:\/\/hudo.com\/si\/vreme\/vreme-dokaj-soncno\/\"]}]},{\"@type\":\"BreadcrumbList\",\"@id\":\"https:\/\/hudo.com\/si\/vreme\/vreme-dokaj-soncno\/#breadcrumb\",\"itemListElement\":[{\"@type\":\"ListItem\",\"position\":1,\"name\":\"Home\",\"item\":\"https:\/\/hudo.com\/si\/\"},{\"@type\":\"ListItem\",\"position\":2,\"name\":\"Vreme: Dokaj son\u010dno\"}]},{\"@type\":\"WebSite\",\"@id\":\"https:\/\/hudo.com\/si\/#website\",\"url\":\"https:\/\/hudo.com\/si\/\",\"name\":\"Hudo Slovenija\",\"description\":\"Vse novice iz Slovenije in sveta\",\"publisher\":{\"@id\":\"https:\/\/hudo.com\/si\/#organization\"},\"potentialAction\":[{\"@type\":\"SearchAction\",\"target\":{\"@type\":\"EntryPoint\",\"urlTemplate\":\"https:\/\/hudo.com\/si\/?s={search_term_string}\"},\"query-input\":\"required name=search_term_string\"}],\"inLanguage\":\"sl-SI\"},{\"@type\":\"Organization\",\"@id\":\"https:\/\/hudo.com\/si\/#organization\",\"name\":\"VSN Media\",\"url\":\"https:\/\/hudo.com\/si\/\",\"logo\":{\"@type\":\"ImageObject\",\"inLanguage\":\"sl-SI\",\"@id\":\"https:\/\/hudo.com\/si\/#\/schema\/logo\/image\/\",\"url\":\"https:\/\/hudo.com\/si\/wp-content\/uploads\/sites\/2\/2021\/03\/hudo-app-2.png\",\"contentUrl\":\"https:\/\/hudo.com\/si\/wp-content\/uploads\/sites\/2\/2021\/03\/hudo-app-2.png\",\"width\":2185,\"height\":2167,\"caption\":\"VSN Media\"},\"image\":{\"@id\":\"https:\/\/hudo.com\/si\/#\/schema\/logo\/image\/\"},\"sameAs\":[\"https:\/\/www.facebook.com\/hudo.si\",\"https:\/\/twitter.com\/hudo_si\"]},{\"@type\":\"Person\",\"@id\":\"https:\/\/hudo.com\/si\/#\/schema\/person\/18f09c02475ba9e606e941a565b80cff\",\"name\":\"A. P., STA\",\"image\":{\"@type\":\"ImageObject\",\"inLanguage\":\"sl-SI\",\"@id\":\"https:\/\/hudo.com\/si\/#\/schema\/person\/image\/\",\"url\":\"https:\/\/secure.gravatar.com\/avatar\/03eac8e609f5f04383125d80eaeaaf3e?s=96&d=mm&r=g\",\"contentUrl\":\"https:\/\/secure.gravatar.com\/avatar\/03eac8e609f5f04383125d80eaeaaf3e?s=96&d=mm&r=g\",\"caption\":\"A. P., STA\"},\"url\":\"https:\/\/hudo.com\/si\/author\/lubu\/\"}]}<\/script>\n<!-- \/ Yoast SEO plugin. -->","yoast_head_json":{"title":"Vreme: Dokaj son\u010dno - Hudo Slovenija","robots":{"index":"index","follow":"follow","max-snippet":"max-snippet:-1","max-image-preview":"max-image-preview:large","max-video-preview":"max-video-preview:-1"},"canonical":"https:\/\/hudo.com\/si\/vreme\/vreme-dokaj-soncno\/","og_locale":"sl_SI","og_type":"article","og_title":"Vreme: Dokaj son\u010dno - Hudo Slovenija","og_description":"Danes dopoldne bo na severu spremenljivo obla\u010dno, drugod dokaj son\u010dno. Popoldne bo povsod ve\u010d obla\u010dnosti, nastajale bodo plohe in nevihte, ki se bodo ponekod nadaljevale tudi v no\u010d na \u010detrtek. Najvi\u0161je dnevne temperature bodo od 22 do 28, na jugovzhodu do 30 stopinj Celzija, je zapisano na spletnih straneh Agencije RS za okolje.","og_url":"https:\/\/hudo.com\/si\/vreme\/vreme-dokaj-soncno\/","og_site_name":"Hudo Slovenija","article_publisher":"https:\/\/www.facebook.com\/hudo.si","article_published_time":"2022-05-25T08:58:18+00:00","og_image":[{"width":1250,"height":836,"url":"https:\/\/hudo.com\/si\/wp-content\/uploads\/sites\/2\/2020\/10\/profimedia-0522878266.jpg","type":"image\/jpeg"}],"author":"A. P., STA","twitter_card":"summary_large_image","twitter_creator":"@hudo_si","twitter_site":"@hudo_si","twitter_misc":{"Written by":"A. P., STA","Est. reading time":"1 minuta"},"schema":{"@context":"https:\/\/schema.org","@graph":[{"@type":"Article","@id":"https:\/\/hudo.com\/si\/vreme\/vreme-dokaj-soncno\/#article","isPartOf":{"@id":"https:\/\/hudo.com\/si\/vreme\/vreme-dokaj-soncno\/"},"author":{"name":"A. P., STA","@id":"https:\/\/hudo.com\/si\/#\/schema\/person\/18f09c02475ba9e606e941a565b80cff"},"headline":"Vreme: Dokaj son\u010dno","datePublished":"2022-05-25T08:58:18+00:00","dateModified":"2022-05-25T08:58:18+00:00","mainEntityOfPage":{"@id":"https:\/\/hudo.com\/si\/vreme\/vreme-dokaj-soncno\/"},"wordCount":256,"publisher":{"@id":"https:\/\/hudo.com\/si\/#organization"},"keywords":["vremenska napoved"],"articleSection":["Vreme"],"inLanguage":"sl-SI"},{"@type":"WebPage","@id":"https:\/\/hudo.com\/si\/vreme\/vreme-dokaj-soncno\/","url":"https:\/\/hudo.com\/si\/vreme\/vreme-dokaj-soncno\/","name":"Vreme: Dokaj son\u010dno - Hudo Slovenija","isPartOf":{"@id":"https:\/\/hudo.com\/si\/#website"},"datePublished":"2022-05-25T08:58:18+00:00","dateModified":"2022-05-25T08:58:18+00:00","breadcrumb":{"@id":"https:\/\/hudo.com\/si\/vreme\/vreme-dokaj-soncno\/#breadcrumb"},"inLanguage":"sl-SI","potentialAction":[{"@type":"ReadAction","target":["https:\/\/hudo.com\/si\/vreme\/vreme-dokaj-soncno\/"]}]},{"@type":"BreadcrumbList","@id":"https:\/\/hudo.com\/si\/vreme\/vreme-dokaj-soncno\/#breadcrumb","itemListElement":[{"@type":"ListItem","position":1,"name":"Home","item":"https:\/\/hudo.com\/si\/"},{"@type":"ListItem","position":2,"name":"Vreme: Dokaj son\u010dno"}]},{"@type":"WebSite","@id":"https:\/\/hudo.com\/si\/#website","url":"https:\/\/hudo.com\/si\/","name":"Hudo Slovenija","description":"Vse novice iz Slovenije in sveta","publisher":{"@id":"https:\/\/hudo.com\/si\/#organization"},"potentialAction":[{"@type":"SearchAction","target":{"@type":"EntryPoint","urlTemplate":"https:\/\/hudo.com\/si\/?s={search_term_string}"},"query-input":"required name=search_term_string"}],"inLanguage":"sl-SI"},{"@type":"Organization","@id":"https:\/\/hudo.com\/si\/#organization","name":"VSN Media","url":"https:\/\/hudo.com\/si\/","logo":{"@type":"ImageObject","inLanguage":"sl-SI","@id":"https:\/\/hudo.com\/si\/#\/schema\/logo\/image\/","url":"https:\/\/hudo.com\/si\/wp-content\/uploads\/sites\/2\/2021\/03\/hudo-app-2.png","contentUrl":"https:\/\/hudo.com\/si\/wp-content\/uploads\/sites\/2\/2021\/03\/hudo-app-2.png","width":2185,"height":2167,"caption":"VSN Media"},"image":{"@id":"https:\/\/hudo.com\/si\/#\/schema\/logo\/image\/"},"sameAs":["https:\/\/www.facebook.com\/hudo.si","https:\/\/twitter.com\/hudo_si"]},{"@type":"Person","@id":"https:\/\/hudo.com\/si\/#\/schema\/person\/18f09c02475ba9e606e941a565b80cff","name":"A. P., STA","image":{"@type":"ImageObject","inLanguage":"sl-SI","@id":"https:\/\/hudo.com\/si\/#\/schema\/person\/image\/","url":"https:\/\/secure.gravatar.com\/avatar\/03eac8e609f5f04383125d80eaeaaf3e?s=96&d=mm&r=g","contentUrl":"https:\/\/secure.gravatar.com\/avatar\/03eac8e609f5f04383125d80eaeaaf3e?s=96&d=mm&r=g","caption":"A. P., STA"},"url":"https:\/\/hudo.com\/si\/author\/lubu\/"}]}},"amp_enabled":true,"_links":{"self":[{"href":"https:\/\/hudo.com\/si\/wp-json\/wp\/v2\/posts\/468811"}],"collection":[{"href":"https:\/\/hudo.com\/si\/wp-json\/wp\/v2\/posts"}],"about":[{"href":"https:\/\/hudo.com\/si\/wp-json\/wp\/v2\/types\/post"}],"author":[{"embeddable":true,"href":"https:\/\/hudo.com\/si\/wp-json\/wp\/v2\/users\/7"}],"replies":[{"embeddable":true,"href":"https:\/\/hudo.com\/si\/wp-json\/wp\/v2\/comments?post=468811"}],"version-history":[{"count":1,"href":"https:\/\/hudo.com\/si\/wp-json\/wp\/v2\/posts\/468811\/revisions"}],"predecessor-version":[{"id":468812,"href":"https:\/\/hudo.com\/si\/wp-json\/wp\/v2\/posts\/468811\/revisions\/468812"}],"wp:featuredmedia":[{"embeddable":true,"href":"https:\/\/hudo.com\/si\/wp-json\/wp\/v2\/media\/434561"}],"wp:attachment":[{"href":"https:\/\/hudo.com\/si\/wp-json\/wp\/v2\/media?parent=468811"}],"wp:term":[{"taxonomy":"category","embeddable":true,"href":"https:\/\/hudo.com\/si\/wp-json\/wp\/v2\/categories?post=468811"},{"taxonomy":"post_tag","embeddable":true,"href":"https:\/\/hudo.com\/si\/wp-json\/wp\/v2\/tags?post=468811"},{"taxonomy":"source","embeddable":true,"href":"https:\/\/hudo.com\/si\/wp-json\/wp\/v2\/source?post=468811"},{"taxonomy":"supertag","embeddable":true,"href":"https:\/\/hudo.com\/si\/wp-json\/wp\/v2\/supertag?post=468811"}],"curies":[{"name":"wp","href":"https:\/\/api.w.org\/{rel}","templated":true}]}}